{"id":6747,"date":"2018-10-12T03:21:25","date_gmt":"2018-10-12T03:21:25","guid":{"rendered":"http:\/\/quehacerpolitico.mx\/persecucion-de-pelicula-policias-de-la-cdmx-frustran-secuestro-y-atrapan-a-delincuentes-video\/"},"modified":"2018-10-12T03:21:25","modified_gmt":"2018-10-12T03:21:25","slug":"persecucion-de-pelicula-policias-de-la-cdmx-frustran-secuestro-y-atrapan-a-delincuentes-video","status":"publish","type":"post","link":"https:\/\/quehacerpolitico.mx\/?p=6747","title":{"rendered":"Persecuci\u00f3n de pel\u00edcula: polic\u00edas de la CdMx frustran secuestro y atrapan a delincuentes (VIDEO)"},"content":{"rendered":"<h3><strong>Polic\u00edas de la Ciudad de M\u00e9xico notaron algo extra\u00f1o en un veh\u00edculo y se implement\u00f3 un cerco de videovigilancia. La persona que hab\u00eda sido secuestrada fue rescatada.\u00a0<\/strong><\/h3>\n<p><iframe loading=\"lazy\" title=\"Intento de secuestro en la alcald\u00eda Gustavo A. Madero.\" width=\"640\" height=\"360\" src=\"https:\/\/www.youtube.com\/embed\/r0q2sMSRJEU?feature=oembed\" frameborder=\"0\" allow=\"accelerometer; autoplay; clipboard-write; encrypted-media; gyroscope; picture-in-picture; web-share\" referrerpolicy=\"strict-origin-when-cross-origin\" allowfullscreen><\/iframe><\/p>\n<p><strong>Autoridades de la Ciudad de M\u00e9xico<\/strong> lograron frustrar un <strong>secuestro<\/strong> que se desarrollaba en calles de la Alcald\u00eda <strong>Gustavo A. Madero<\/strong>.<\/p>\n<blockquote>\n<p>El <strong>Centro de Comando, Control, C\u00f3mputo, Comunicaciones y Contacto Ciudadano<\/strong> de la capital comparti\u00f3 un video en el que se muestra el momento exacto en el que uniformados aprehenden a los plagiarios, quienes circulaban en la <strong>demarcaci\u00f3n referida<\/strong>.<\/p>\n<p>\u201cPor frecuencia de radio, elementos de la polic\u00eda reportaron que los tripulantes de un taxi que circulaba por la alcald\u00eda Gustavo A. Madero estaban\u00a0forcejeando y que al notar la presencia de los oficiales, el chofer aceler\u00f3 de manera inusual para escapar del lugar\u201d, inform\u00f3 el C5.<\/p>\n<blockquote>\n<p>\u201cDe manera inmediata, se implement\u00f3 un cerco de videovigilancia con el que fue ubicado el autom\u00f3vil. Los despachadores siguieron el veh\u00edculo y coordinaron con despachadores de la Secretar\u00eda de Seguridad P\u00fablica (SSP-CdMx), quienes comenzaron la persecuci\u00f3n\u201d, detall\u00f3.<\/p>\n<\/blockquote>\n<p>Momentos despu\u00e9s, polic\u00edas le cerraron el paso al autom\u00f3vil y se percataron que a bordo llevaban a una persona amagada, a la cual hab\u00edan privado de su libertad.<\/p>\n<p>Los criminales fueron aprehendidos.\u00a0A los detenidos se les encontr\u00f3 un arma de fuego y seis cartuchos \u00fatiles.<\/p>\n<p>Uno de los detenidos cuenta con antecedentes por el delito de robo.<\/p>\n<\/blockquote>\n","protected":false},"excerpt":{"rendered":"<p>Persecuci\u00f3n de pel\u00edcula: polic\u00edas de la CdMx frustran secuestro y atrapan a delincuentes (VIDEO)<br \/>\nPor Redacci\u00f3n QP<\/p>\n","protected":false},"author":2,"featured_media":6746,"comment_status":"open","ping_status":"open","sticky":false,"template":"","format":"standard","meta":{"_monsterinsights_skip_tracking":false,"_monsterinsights_sitenote_active":false,"_monsterinsights_sitenote_note":"","_monsterinsights_sitenote_category":0,"footnotes":""},"categories":[55],"tags":[],"class_list":["post-6747","post","type-post","status-publish","format-standard","has-post-thumbnail","hentry","category-cdmx"],"yoast_head":"<!-- This site is optimized with the Yoast SEO plugin v27.3 - https:\/\/yoast.com\/product\/yoast-seo-wordpress\/ -->\n<title>Persecuci\u00f3n de pel\u00edcula: polic\u00edas de la CdMx frustran secuestro y atrapan a delincuentes (VIDEO) -<\/title>\n<meta name=\"robots\" content=\"index, follow, max-snippet:-1, max-image-preview:large, max-video-preview:-1\" \/>\n<link rel=\"canonical\" href=\"https:\/\/quehacerpolitico.mx\/?p=6747\" \/>\n<meta property=\"og:locale\" content=\"es_MX\" \/>\n<meta property=\"og:type\" content=\"article\" \/>\n<meta property=\"og:title\" content=\"Persecuci\u00f3n de pel\u00edcula: polic\u00edas de la CdMx frustran secuestro y atrapan a delincuentes (VIDEO) -\" \/>\n<meta property=\"og:description\" content=\"Persecuci\u00f3n de pel\u00edcula: polic\u00edas de la CdMx frustran secuestro y atrapan a delincuentes (VIDEO) Por Redacci\u00f3n QP\" \/>\n<meta property=\"og:url\" content=\"https:\/\/quehacerpolitico.mx\/?p=6747\" \/>\n<meta property=\"article:published_time\" content=\"2018-10-12T03:21:25+00:00\" \/>\n<meta name=\"author\" content=\"Redacci\u00f3n QP\" \/>\n<meta name=\"twitter:card\" content=\"summary_large_image\" \/>\n<meta name=\"twitter:label1\" content=\"Escrito por\" \/>\n\t<meta name=\"twitter:data1\" content=\"Redacci\u00f3n QP\" \/>\n\t<meta name=\"twitter:label2\" content=\"Tiempo de lectura\" \/>\n\t<meta name=\"twitter:data2\" content=\"1 minuto\" \/>\n<script type=\"application\/ld+json\" class=\"yoast-schema-graph\">{\"@context\":\"https:\\\/\\\/schema.org\",\"@graph\":[{\"@type\":\"Article\",\"@id\":\"https:\\\/\\\/quehacerpolitico.mx\\\/?p=6747#article\",\"isPartOf\":{\"@id\":\"https:\\\/\\\/quehacerpolitico.mx\\\/?p=6747\"},\"author\":{\"name\":\"Redacci\u00f3n QP\",\"@id\":\"https:\\\/\\\/quehacerpolitico.mx\\\/#\\\/schema\\\/person\\\/496d8ad2d1d3f8036101dca7ee39e585\"},\"headline\":\"Persecuci\u00f3n de pel\u00edcula: polic\u00edas de la CdMx frustran secuestro y atrapan a delincuentes (VIDEO)\",\"datePublished\":\"2018-10-12T03:21:25+00:00\",\"mainEntityOfPage\":{\"@id\":\"https:\\\/\\\/quehacerpolitico.mx\\\/?p=6747\"},\"wordCount\":271,\"commentCount\":0,\"image\":{\"@id\":\"https:\\\/\\\/quehacerpolitico.mx\\\/?p=6747#primaryimage\"},\"thumbnailUrl\":\"\",\"articleSection\":[\"CDMX\"],\"inLanguage\":\"es\",\"potentialAction\":[{\"@type\":\"CommentAction\",\"name\":\"Comment\",\"target\":[\"https:\\\/\\\/quehacerpolitico.mx\\\/?p=6747#respond\"]}]},{\"@type\":\"WebPage\",\"@id\":\"https:\\\/\\\/quehacerpolitico.mx\\\/?p=6747\",\"url\":\"https:\\\/\\\/quehacerpolitico.mx\\\/?p=6747\",\"name\":\"Persecuci\u00f3n de pel\u00edcula: polic\u00edas de la CdMx frustran secuestro y atrapan a delincuentes (VIDEO) -\",\"isPartOf\":{\"@id\":\"https:\\\/\\\/quehacerpolitico.mx\\\/#website\"},\"primaryImageOfPage\":{\"@id\":\"https:\\\/\\\/quehacerpolitico.mx\\\/?p=6747#primaryimage\"},\"image\":{\"@id\":\"https:\\\/\\\/quehacerpolitico.mx\\\/?p=6747#primaryimage\"},\"thumbnailUrl\":\"\",\"datePublished\":\"2018-10-12T03:21:25+00:00\",\"author\":{\"@id\":\"https:\\\/\\\/quehacerpolitico.mx\\\/#\\\/schema\\\/person\\\/496d8ad2d1d3f8036101dca7ee39e585\"},\"breadcrumb\":{\"@id\":\"https:\\\/\\\/quehacerpolitico.mx\\\/?p=6747#breadcrumb\"},\"inLanguage\":\"es\",\"potentialAction\":[{\"@type\":\"ReadAction\",\"target\":[\"https:\\\/\\\/quehacerpolitico.mx\\\/?p=6747\"]}]},{\"@type\":\"ImageObject\",\"inLanguage\":\"es\",\"@id\":\"https:\\\/\\\/quehacerpolitico.mx\\\/?p=6747#primaryimage\",\"url\":\"\",\"contentUrl\":\"\"},{\"@type\":\"BreadcrumbList\",\"@id\":\"https:\\\/\\\/quehacerpolitico.mx\\\/?p=6747#breadcrumb\",\"itemListElement\":[{\"@type\":\"ListItem\",\"position\":1,\"name\":\"Inicio\",\"item\":\"https:\\\/\\\/quehacerpolitico.mx\\\/\"},{\"@type\":\"ListItem\",\"position\":2,\"name\":\"Persecuci\u00f3n de pel\u00edcula: polic\u00edas de la CdMx frustran secuestro y atrapan a delincuentes (VIDEO)\"}]},{\"@type\":\"WebSite\",\"@id\":\"https:\\\/\\\/quehacerpolitico.mx\\\/#website\",\"url\":\"https:\\\/\\\/quehacerpolitico.mx\\\/\",\"name\":\"\",\"description\":\"\",\"potentialAction\":[{\"@type\":\"SearchAction\",\"target\":{\"@type\":\"EntryPoint\",\"urlTemplate\":\"https:\\\/\\\/quehacerpolitico.mx\\\/?s={search_term_string}\"},\"query-input\":{\"@type\":\"PropertyValueSpecification\",\"valueRequired\":true,\"valueName\":\"search_term_string\"}}],\"inLanguage\":\"es\"},{\"@type\":\"Person\",\"@id\":\"https:\\\/\\\/quehacerpolitico.mx\\\/#\\\/schema\\\/person\\\/496d8ad2d1d3f8036101dca7ee39e585\",\"name\":\"Redacci\u00f3n QP\",\"image\":{\"@type\":\"ImageObject\",\"inLanguage\":\"es\",\"@id\":\"https:\\\/\\\/secure.gravatar.com\\\/avatar\\\/c7164ed6fdec453195284ad24a5ae5b6e1eed2b848477fa2a4787ba9adf39a41?s=96&d=mm&r=g\",\"url\":\"https:\\\/\\\/secure.gravatar.com\\\/avatar\\\/c7164ed6fdec453195284ad24a5ae5b6e1eed2b848477fa2a4787ba9adf39a41?s=96&d=mm&r=g\",\"contentUrl\":\"https:\\\/\\\/secure.gravatar.com\\\/avatar\\\/c7164ed6fdec453195284ad24a5ae5b6e1eed2b848477fa2a4787ba9adf39a41?s=96&d=mm&r=g\",\"caption\":\"Redacci\u00f3n QP\"},\"url\":\"https:\\\/\\\/quehacerpolitico.mx\\\/?author=2\"}]}<\/script>\n<!-- \/ Yoast SEO plugin. -->","yoast_head_json":{"title":"Persecuci\u00f3n de pel\u00edcula: polic\u00edas de la CdMx frustran secuestro y atrapan a delincuentes (VIDEO) -","robots":{"index":"index","follow":"follow","max-snippet":"max-snippet:-1","max-image-preview":"max-image-preview:large","max-video-preview":"max-video-preview:-1"},"canonical":"https:\/\/quehacerpolitico.mx\/?p=6747","og_locale":"es_MX","og_type":"article","og_title":"Persecuci\u00f3n de pel\u00edcula: polic\u00edas de la CdMx frustran secuestro y atrapan a delincuentes (VIDEO) -","og_description":"Persecuci\u00f3n de pel\u00edcula: polic\u00edas de la CdMx frustran secuestro y atrapan a delincuentes (VIDEO) Por Redacci\u00f3n QP","og_url":"https:\/\/quehacerpolitico.mx\/?p=6747","article_published_time":"2018-10-12T03:21:25+00:00","author":"Redacci\u00f3n QP","twitter_card":"summary_large_image","twitter_misc":{"Escrito por":"Redacci\u00f3n QP","Tiempo de lectura":"1 minuto"},"schema":{"@context":"https:\/\/schema.org","@graph":[{"@type":"Article","@id":"https:\/\/quehacerpolitico.mx\/?p=6747#article","isPartOf":{"@id":"https:\/\/quehacerpolitico.mx\/?p=6747"},"author":{"name":"Redacci\u00f3n QP","@id":"https:\/\/quehacerpolitico.mx\/#\/schema\/person\/496d8ad2d1d3f8036101dca7ee39e585"},"headline":"Persecuci\u00f3n de pel\u00edcula: polic\u00edas de la CdMx frustran secuestro y atrapan a delincuentes (VIDEO)","datePublished":"2018-10-12T03:21:25+00:00","mainEntityOfPage":{"@id":"https:\/\/quehacerpolitico.mx\/?p=6747"},"wordCount":271,"commentCount":0,"image":{"@id":"https:\/\/quehacerpolitico.mx\/?p=6747#primaryimage"},"thumbnailUrl":"","articleSection":["CDMX"],"inLanguage":"es","potentialAction":[{"@type":"CommentAction","name":"Comment","target":["https:\/\/quehacerpolitico.mx\/?p=6747#respond"]}]},{"@type":"WebPage","@id":"https:\/\/quehacerpolitico.mx\/?p=6747","url":"https:\/\/quehacerpolitico.mx\/?p=6747","name":"Persecuci\u00f3n de pel\u00edcula: polic\u00edas de la CdMx frustran secuestro y atrapan a delincuentes (VIDEO) -","isPartOf":{"@id":"https:\/\/quehacerpolitico.mx\/#website"},"primaryImageOfPage":{"@id":"https:\/\/quehacerpolitico.mx\/?p=6747#primaryimage"},"image":{"@id":"https:\/\/quehacerpolitico.mx\/?p=6747#primaryimage"},"thumbnailUrl":"","datePublished":"2018-10-12T03:21:25+00:00","author":{"@id":"https:\/\/quehacerpolitico.mx\/#\/schema\/person\/496d8ad2d1d3f8036101dca7ee39e585"},"breadcrumb":{"@id":"https:\/\/quehacerpolitico.mx\/?p=6747#breadcrumb"},"inLanguage":"es","potentialAction":[{"@type":"ReadAction","target":["https:\/\/quehacerpolitico.mx\/?p=6747"]}]},{"@type":"ImageObject","inLanguage":"es","@id":"https:\/\/quehacerpolitico.mx\/?p=6747#primaryimage","url":"","contentUrl":""},{"@type":"BreadcrumbList","@id":"https:\/\/quehacerpolitico.mx\/?p=6747#breadcrumb","itemListElement":[{"@type":"ListItem","position":1,"name":"Inicio","item":"https:\/\/quehacerpolitico.mx\/"},{"@type":"ListItem","position":2,"name":"Persecuci\u00f3n de pel\u00edcula: polic\u00edas de la CdMx frustran secuestro y atrapan a delincuentes (VIDEO)"}]},{"@type":"WebSite","@id":"https:\/\/quehacerpolitico.mx\/#website","url":"https:\/\/quehacerpolitico.mx\/","name":"","description":"","potentialAction":[{"@type":"SearchAction","target":{"@type":"EntryPoint","urlTemplate":"https:\/\/quehacerpolitico.mx\/?s={search_term_string}"},"query-input":{"@type":"PropertyValueSpecification","valueRequired":true,"valueName":"search_term_string"}}],"inLanguage":"es"},{"@type":"Person","@id":"https:\/\/quehacerpolitico.mx\/#\/schema\/person\/496d8ad2d1d3f8036101dca7ee39e585","name":"Redacci\u00f3n QP","image":{"@type":"ImageObject","inLanguage":"es","@id":"https:\/\/secure.gravatar.com\/avatar\/c7164ed6fdec453195284ad24a5ae5b6e1eed2b848477fa2a4787ba9adf39a41?s=96&d=mm&r=g","url":"https:\/\/secure.gravatar.com\/avatar\/c7164ed6fdec453195284ad24a5ae5b6e1eed2b848477fa2a4787ba9adf39a41?s=96&d=mm&r=g","contentUrl":"https:\/\/secure.gravatar.com\/avatar\/c7164ed6fdec453195284ad24a5ae5b6e1eed2b848477fa2a4787ba9adf39a41?s=96&d=mm&r=g","caption":"Redacci\u00f3n QP"},"url":"https:\/\/quehacerpolitico.mx\/?author=2"}]}},"featured_image_urls":{"full":"","thumbnail":"","medium":"","medium_large":"","large":"","1536x1536":"","2048x2048":"","covernews-featured":"","covernews-medium":""},"author_info":{"display_name":"Redacci\u00f3n QP","author_link":"https:\/\/quehacerpolitico.mx\/?author=2"},"category_info":"<a href=\"https:\/\/quehacerpolitico.mx\/?cat=55\" rel=\"category\">CDMX<\/a>","tag_info":"CDMX","comment_count":"0","_links":{"self":[{"href":"https:\/\/quehacerpolitico.mx\/index.php?rest_route=\/wp\/v2\/posts\/6747","targetHints":{"allow":["GET"]}}],"collection":[{"href":"https:\/\/quehacerpolitico.mx\/index.php?rest_route=\/wp\/v2\/posts"}],"about":[{"href":"https:\/\/quehacerpolitico.mx\/index.php?rest_route=\/wp\/v2\/types\/post"}],"author":[{"embeddable":true,"href":"https:\/\/quehacerpolitico.mx\/index.php?rest_route=\/wp\/v2\/users\/2"}],"replies":[{"embeddable":true,"href":"https:\/\/quehacerpolitico.mx\/index.php?rest_route=%2Fwp%2Fv2%2Fcomments&post=6747"}],"version-history":[{"count":0,"href":"https:\/\/quehacerpolitico.mx\/index.php?rest_route=\/wp\/v2\/posts\/6747\/revisions"}],"wp:featuredmedia":[{"embeddable":true,"href":"https:\/\/quehacerpolitico.mx\/index.php?rest_route=\/"}],"wp:attachment":[{"href":"https:\/\/quehacerpolitico.mx\/index.php?rest_route=%2Fwp%2Fv2%2Fmedia&parent=6747"}],"wp:term":[{"taxonomy":"category","embeddable":true,"href":"https:\/\/quehacerpolitico.mx\/index.php?rest_route=%2Fwp%2Fv2%2Fcategories&post=6747"},{"taxonomy":"post_tag","embeddable":true,"href":"https:\/\/quehacerpolitico.mx\/index.php?rest_route=%2Fwp%2Fv2%2Ftags&post=6747"}],"curies":[{"name":"wp","href":"https:\/\/api.w.org\/{rel}","templated":true}]}}