{"id":6718,"date":"2018-10-11T22:38:17","date_gmt":"2018-10-11T22:38:17","guid":{"rendered":"http:\/\/quehacerpolitico.mx\/el-rector-de-la-unam-es-reconocido-por-la-universidad-de-san-carlos-en-guatemala\/"},"modified":"2018-10-11T22:38:17","modified_gmt":"2018-10-11T22:38:17","slug":"el-rector-de-la-unam-es-reconocido-por-la-universidad-de-san-carlos-en-guatemala","status":"publish","type":"post","link":"https:\/\/quehacerpolitico.mx\/?p=6718","title":{"rendered":"El rector de la UNAM es reconocido por la Universidad de San Carlos en Guatemala"},"content":{"rendered":"<p>El<strong> rector de la UNAM<\/strong>, Enrique Graue Wiechers, recibi\u00f3 un <strong>reconocimiento<\/strong> de la <strong>Universidad de San Carlos (USAC)<\/strong>, de <strong>Guatemala<\/strong> por su destacada labor acad\u00e9mica y a favor de la salud de la poblaci\u00f3n mexicana.<\/p>\n<p>En comunicado, la UNAM inform\u00f3 que el rector de esa casa de estudios guatemalteca, Murphy Paiz Recinos, entreg\u00f3 la distinci\u00f3n tras destacar que Graue es integrante de organismos internacionales como la <strong>Asociaci\u00f3n Panamericana de Oftalmolog\u00eda<\/strong>y Miembro Honorario Extranjero de la Academia Nacional de Cirug\u00eda de Francia, adem\u00e1s de haber recibido la Condecoraci\u00f3n \u201cEduardo Liceaga\u201d 2018, por sus contribuciones a las ciencias m\u00e9dicas y la administraci\u00f3n sanitaria asistencial.<\/p>\n<h3>Autonom\u00eda de las universidades<\/h3>\n<p>Previamente, el rector de la UNAM dict\u00f3 la conferencia \u201cConmemoraci\u00f3n del Centenario de la Reforma de C\u00f3rdoba: Renovaci\u00f3n Acad\u00e9mica de la Universidad en Am\u00e9rica Latina\u201d, en la que afirm\u00f3 que la<strong> autonom\u00eda de las universidades<\/strong> es la voluntad inequ\u00edvoca de determinar su rumbo acad\u00e9mico y brindar educaci\u00f3n sin distinci\u00f3n de clases, g\u00e9nero e ideolog\u00edas.<\/p>\n<p>Es tambi\u00e9n, prosigui\u00f3, realizar investigaci\u00f3n que contribuya al desarrollo de nuestras naciones y al avance universal del conocimiento. Es la autogesti\u00f3n independiente con compromiso social, transparencia y rendici\u00f3n de cuentas de cara a la sociedad.<\/p>\n<blockquote>\n<p>\u201cLa autonom\u00eda es la historia de las relaciones de las universidades frente al Estado en distintos contextos hist\u00f3ricos y la determinaci\u00f3n de que \u00e9stas deben ser libres, plurales y diversas\u201d, expuso.<\/p>\n<\/blockquote>\n<h3>Brindar formaci\u00f3n universal a los estudiantes<\/h3>\n<p>A 100 a\u00f1os de la reforma universitaria de la Universidad Nacional de C\u00f3rdoba, <strong>la primera en obtener su autonom\u00eda en el continente americano<\/strong>, el rector Graue subray\u00f3 que las instituciones de educaci\u00f3n superior deben ejercer esta facultad brindando una formaci\u00f3n universal, tolerante y diversa a sus estudiantes, a fin de que adquieran una capacidad innovadora y adaptativa a las diversas tareas que habr\u00e1n de enfrentar.<\/p>\n<p>Las universidades p\u00fablicas nacionales, a\u00f1adi\u00f3, son actores centrales del cambio social en nuestros pa\u00edses, y para ejercer su autodeterminaci\u00f3n se requiere tambi\u00e9n del reconocimiento de que el financiamiento a la educaci\u00f3n superior es responsabilidad del Estado.<\/p>\n<p>En el auditorio de la Facultad de Ciencias Jur\u00eddicas y Sociales\u00a0 de la USAC, Graue Wiechers remarc\u00f3 que la <strong>educaci\u00f3n es motor de desarrollo social y obligaci\u00f3n del Estado<\/strong>, pues al tener mejor nivel de estudios, sus ciudadanos tienen mayores ingresos y capacidades de desarrollo social, y m\u00e1s posibilidad de entender y tolerar las diversidades.<\/p>\n<blockquote>\n<p>\u201cHay mayor seguridad, posibilidades de vivir en un mundo sustentable, mejor capacidad de desarrollarnos como naci\u00f3n y tener un futuro equitativo y justo\u201d, concluy\u00f3.<\/p>\n<\/blockquote>\n","protected":false},"excerpt":{"rendered":"<p>El rector de la UNAM es reconocido por la Universidad de San Carlos en Guatemala<br \/>\nPor Redacci\u00f3n QP<\/p>\n","protected":false},"author":2,"featured_media":6717,"comment_status":"open","ping_status":"open","sticky":false,"template":"","format":"standard","meta":{"_monsterinsights_skip_tracking":false,"_monsterinsights_sitenote_active":false,"_monsterinsights_sitenote_note":"","_monsterinsights_sitenote_category":0,"footnotes":""},"categories":[2],"tags":[],"class_list":["post-6718","post","type-post","status-publish","format-standard","has-post-thumbnail","hentry","category-noticias"],"yoast_head":"<!-- This site is optimized with the Yoast SEO plugin v27.3 - https:\/\/yoast.com\/product\/yoast-seo-wordpress\/ -->\n<title>El rector de la UNAM es reconocido por la Universidad de San Carlos en Guatemala -<\/title>\n<meta name=\"robots\" content=\"index, follow, max-snippet:-1, max-image-preview:large, max-video-preview:-1\" \/>\n<link rel=\"canonical\" href=\"https:\/\/quehacerpolitico.mx\/?p=6718\" \/>\n<meta property=\"og:locale\" content=\"es_MX\" \/>\n<meta property=\"og:type\" content=\"article\" \/>\n<meta property=\"og:title\" content=\"El rector de la UNAM es reconocido por la Universidad de San Carlos en Guatemala -\" \/>\n<meta property=\"og:description\" content=\"El rector de la UNAM es reconocido por la Universidad de San Carlos en Guatemala Por Redacci\u00f3n QP\" \/>\n<meta property=\"og:url\" content=\"https:\/\/quehacerpolitico.mx\/?p=6718\" \/>\n<meta property=\"article:published_time\" content=\"2018-10-11T22:38:17+00:00\" \/>\n<meta name=\"author\" content=\"Redacci\u00f3n QP\" \/>\n<meta name=\"twitter:card\" content=\"summary_large_image\" \/>\n<meta name=\"twitter:label1\" content=\"Escrito por\" \/>\n\t<meta name=\"twitter:data1\" content=\"Redacci\u00f3n QP\" \/>\n\t<meta name=\"twitter:label2\" content=\"Tiempo de lectura\" \/>\n\t<meta name=\"twitter:data2\" content=\"2 minutos\" \/>\n<script type=\"application\/ld+json\" class=\"yoast-schema-graph\">{\"@context\":\"https:\\\/\\\/schema.org\",\"@graph\":[{\"@type\":\"Article\",\"@id\":\"https:\\\/\\\/quehacerpolitico.mx\\\/?p=6718#article\",\"isPartOf\":{\"@id\":\"https:\\\/\\\/quehacerpolitico.mx\\\/?p=6718\"},\"author\":{\"name\":\"Redacci\u00f3n QP\",\"@id\":\"https:\\\/\\\/quehacerpolitico.mx\\\/#\\\/schema\\\/person\\\/496d8ad2d1d3f8036101dca7ee39e585\"},\"headline\":\"El rector de la UNAM es reconocido por la Universidad de San Carlos en Guatemala\",\"datePublished\":\"2018-10-11T22:38:17+00:00\",\"mainEntityOfPage\":{\"@id\":\"https:\\\/\\\/quehacerpolitico.mx\\\/?p=6718\"},\"wordCount\":473,\"commentCount\":0,\"image\":{\"@id\":\"https:\\\/\\\/quehacerpolitico.mx\\\/?p=6718#primaryimage\"},\"thumbnailUrl\":\"\",\"articleSection\":[\"Noticias\"],\"inLanguage\":\"es\",\"potentialAction\":[{\"@type\":\"CommentAction\",\"name\":\"Comment\",\"target\":[\"https:\\\/\\\/quehacerpolitico.mx\\\/?p=6718#respond\"]}]},{\"@type\":\"WebPage\",\"@id\":\"https:\\\/\\\/quehacerpolitico.mx\\\/?p=6718\",\"url\":\"https:\\\/\\\/quehacerpolitico.mx\\\/?p=6718\",\"name\":\"El rector de la UNAM es reconocido por la Universidad de San Carlos en Guatemala -\",\"isPartOf\":{\"@id\":\"https:\\\/\\\/quehacerpolitico.mx\\\/#website\"},\"primaryImageOfPage\":{\"@id\":\"https:\\\/\\\/quehacerpolitico.mx\\\/?p=6718#primaryimage\"},\"image\":{\"@id\":\"https:\\\/\\\/quehacerpolitico.mx\\\/?p=6718#primaryimage\"},\"thumbnailUrl\":\"\",\"datePublished\":\"2018-10-11T22:38:17+00:00\",\"author\":{\"@id\":\"https:\\\/\\\/quehacerpolitico.mx\\\/#\\\/schema\\\/person\\\/496d8ad2d1d3f8036101dca7ee39e585\"},\"breadcrumb\":{\"@id\":\"https:\\\/\\\/quehacerpolitico.mx\\\/?p=6718#breadcrumb\"},\"inLanguage\":\"es\",\"potentialAction\":[{\"@type\":\"ReadAction\",\"target\":[\"https:\\\/\\\/quehacerpolitico.mx\\\/?p=6718\"]}]},{\"@type\":\"ImageObject\",\"inLanguage\":\"es\",\"@id\":\"https:\\\/\\\/quehacerpolitico.mx\\\/?p=6718#primaryimage\",\"url\":\"\",\"contentUrl\":\"\"},{\"@type\":\"BreadcrumbList\",\"@id\":\"https:\\\/\\\/quehacerpolitico.mx\\\/?p=6718#breadcrumb\",\"itemListElement\":[{\"@type\":\"ListItem\",\"position\":1,\"name\":\"Inicio\",\"item\":\"https:\\\/\\\/quehacerpolitico.mx\\\/\"},{\"@type\":\"ListItem\",\"position\":2,\"name\":\"El rector de la UNAM es reconocido por la Universidad de San Carlos en Guatemala\"}]},{\"@type\":\"WebSite\",\"@id\":\"https:\\\/\\\/quehacerpolitico.mx\\\/#website\",\"url\":\"https:\\\/\\\/quehacerpolitico.mx\\\/\",\"name\":\"\",\"description\":\"\",\"potentialAction\":[{\"@type\":\"SearchAction\",\"target\":{\"@type\":\"EntryPoint\",\"urlTemplate\":\"https:\\\/\\\/quehacerpolitico.mx\\\/?s={search_term_string}\"},\"query-input\":{\"@type\":\"PropertyValueSpecification\",\"valueRequired\":true,\"valueName\":\"search_term_string\"}}],\"inLanguage\":\"es\"},{\"@type\":\"Person\",\"@id\":\"https:\\\/\\\/quehacerpolitico.mx\\\/#\\\/schema\\\/person\\\/496d8ad2d1d3f8036101dca7ee39e585\",\"name\":\"Redacci\u00f3n QP\",\"image\":{\"@type\":\"ImageObject\",\"inLanguage\":\"es\",\"@id\":\"https:\\\/\\\/secure.gravatar.com\\\/avatar\\\/c7164ed6fdec453195284ad24a5ae5b6e1eed2b848477fa2a4787ba9adf39a41?s=96&d=mm&r=g\",\"url\":\"https:\\\/\\\/secure.gravatar.com\\\/avatar\\\/c7164ed6fdec453195284ad24a5ae5b6e1eed2b848477fa2a4787ba9adf39a41?s=96&d=mm&r=g\",\"contentUrl\":\"https:\\\/\\\/secure.gravatar.com\\\/avatar\\\/c7164ed6fdec453195284ad24a5ae5b6e1eed2b848477fa2a4787ba9adf39a41?s=96&d=mm&r=g\",\"caption\":\"Redacci\u00f3n QP\"},\"url\":\"https:\\\/\\\/quehacerpolitico.mx\\\/?author=2\"}]}<\/script>\n<!-- \/ Yoast SEO plugin. -->","yoast_head_json":{"title":"El rector de la UNAM es reconocido por la Universidad de San Carlos en Guatemala -","robots":{"index":"index","follow":"follow","max-snippet":"max-snippet:-1","max-image-preview":"max-image-preview:large","max-video-preview":"max-video-preview:-1"},"canonical":"https:\/\/quehacerpolitico.mx\/?p=6718","og_locale":"es_MX","og_type":"article","og_title":"El rector de la UNAM es reconocido por la Universidad de San Carlos en Guatemala -","og_description":"El rector de la UNAM es reconocido por la Universidad de San Carlos en Guatemala Por Redacci\u00f3n QP","og_url":"https:\/\/quehacerpolitico.mx\/?p=6718","article_published_time":"2018-10-11T22:38:17+00:00","author":"Redacci\u00f3n QP","twitter_card":"summary_large_image","twitter_misc":{"Escrito por":"Redacci\u00f3n QP","Tiempo de lectura":"2 minutos"},"schema":{"@context":"https:\/\/schema.org","@graph":[{"@type":"Article","@id":"https:\/\/quehacerpolitico.mx\/?p=6718#article","isPartOf":{"@id":"https:\/\/quehacerpolitico.mx\/?p=6718"},"author":{"name":"Redacci\u00f3n QP","@id":"https:\/\/quehacerpolitico.mx\/#\/schema\/person\/496d8ad2d1d3f8036101dca7ee39e585"},"headline":"El rector de la UNAM es reconocido por la Universidad de San Carlos en Guatemala","datePublished":"2018-10-11T22:38:17+00:00","mainEntityOfPage":{"@id":"https:\/\/quehacerpolitico.mx\/?p=6718"},"wordCount":473,"commentCount":0,"image":{"@id":"https:\/\/quehacerpolitico.mx\/?p=6718#primaryimage"},"thumbnailUrl":"","articleSection":["Noticias"],"inLanguage":"es","potentialAction":[{"@type":"CommentAction","name":"Comment","target":["https:\/\/quehacerpolitico.mx\/?p=6718#respond"]}]},{"@type":"WebPage","@id":"https:\/\/quehacerpolitico.mx\/?p=6718","url":"https:\/\/quehacerpolitico.mx\/?p=6718","name":"El rector de la UNAM es reconocido por la Universidad de San Carlos en Guatemala -","isPartOf":{"@id":"https:\/\/quehacerpolitico.mx\/#website"},"primaryImageOfPage":{"@id":"https:\/\/quehacerpolitico.mx\/?p=6718#primaryimage"},"image":{"@id":"https:\/\/quehacerpolitico.mx\/?p=6718#primaryimage"},"thumbnailUrl":"","datePublished":"2018-10-11T22:38:17+00:00","author":{"@id":"https:\/\/quehacerpolitico.mx\/#\/schema\/person\/496d8ad2d1d3f8036101dca7ee39e585"},"breadcrumb":{"@id":"https:\/\/quehacerpolitico.mx\/?p=6718#breadcrumb"},"inLanguage":"es","potentialAction":[{"@type":"ReadAction","target":["https:\/\/quehacerpolitico.mx\/?p=6718"]}]},{"@type":"ImageObject","inLanguage":"es","@id":"https:\/\/quehacerpolitico.mx\/?p=6718#primaryimage","url":"","contentUrl":""},{"@type":"BreadcrumbList","@id":"https:\/\/quehacerpolitico.mx\/?p=6718#breadcrumb","itemListElement":[{"@type":"ListItem","position":1,"name":"Inicio","item":"https:\/\/quehacerpolitico.mx\/"},{"@type":"ListItem","position":2,"name":"El rector de la UNAM es reconocido por la Universidad de San Carlos en Guatemala"}]},{"@type":"WebSite","@id":"https:\/\/quehacerpolitico.mx\/#website","url":"https:\/\/quehacerpolitico.mx\/","name":"","description":"","potentialAction":[{"@type":"SearchAction","target":{"@type":"EntryPoint","urlTemplate":"https:\/\/quehacerpolitico.mx\/?s={search_term_string}"},"query-input":{"@type":"PropertyValueSpecification","valueRequired":true,"valueName":"search_term_string"}}],"inLanguage":"es"},{"@type":"Person","@id":"https:\/\/quehacerpolitico.mx\/#\/schema\/person\/496d8ad2d1d3f8036101dca7ee39e585","name":"Redacci\u00f3n QP","image":{"@type":"ImageObject","inLanguage":"es","@id":"https:\/\/secure.gravatar.com\/avatar\/c7164ed6fdec453195284ad24a5ae5b6e1eed2b848477fa2a4787ba9adf39a41?s=96&d=mm&r=g","url":"https:\/\/secure.gravatar.com\/avatar\/c7164ed6fdec453195284ad24a5ae5b6e1eed2b848477fa2a4787ba9adf39a41?s=96&d=mm&r=g","contentUrl":"https:\/\/secure.gravatar.com\/avatar\/c7164ed6fdec453195284ad24a5ae5b6e1eed2b848477fa2a4787ba9adf39a41?s=96&d=mm&r=g","caption":"Redacci\u00f3n QP"},"url":"https:\/\/quehacerpolitico.mx\/?author=2"}]}},"featured_image_urls":{"full":"","thumbnail":"","medium":"","medium_large":"","large":"","1536x1536":"","2048x2048":"","covernews-featured":"","covernews-medium":""},"author_info":{"display_name":"Redacci\u00f3n QP","author_link":"https:\/\/quehacerpolitico.mx\/?author=2"},"category_info":"<a href=\"https:\/\/quehacerpolitico.mx\/?cat=2\" rel=\"category\">Noticias<\/a>","tag_info":"Noticias","comment_count":"0","_links":{"self":[{"href":"https:\/\/quehacerpolitico.mx\/index.php?rest_route=\/wp\/v2\/posts\/6718","targetHints":{"allow":["GET"]}}],"collection":[{"href":"https:\/\/quehacerpolitico.mx\/index.php?rest_route=\/wp\/v2\/posts"}],"about":[{"href":"https:\/\/quehacerpolitico.mx\/index.php?rest_route=\/wp\/v2\/types\/post"}],"author":[{"embeddable":true,"href":"https:\/\/quehacerpolitico.mx\/index.php?rest_route=\/wp\/v2\/users\/2"}],"replies":[{"embeddable":true,"href":"https:\/\/quehacerpolitico.mx\/index.php?rest_route=%2Fwp%2Fv2%2Fcomments&post=6718"}],"version-history":[{"count":0,"href":"https:\/\/quehacerpolitico.mx\/index.php?rest_route=\/wp\/v2\/posts\/6718\/revisions"}],"wp:featuredmedia":[{"embeddable":true,"href":"https:\/\/quehacerpolitico.mx\/index.php?rest_route=\/"}],"wp:attachment":[{"href":"https:\/\/quehacerpolitico.mx\/index.php?rest_route=%2Fwp%2Fv2%2Fmedia&parent=6718"}],"wp:term":[{"taxonomy":"category","embeddable":true,"href":"https:\/\/quehacerpolitico.mx\/index.php?rest_route=%2Fwp%2Fv2%2Fcategories&post=6718"},{"taxonomy":"post_tag","embeddable":true,"href":"https:\/\/quehacerpolitico.mx\/index.php?rest_route=%2Fwp%2Fv2%2Ftags&post=6718"}],"curies":[{"name":"wp","href":"https:\/\/api.w.org\/{rel}","templated":true}]}}