{"id":6714,"date":"2018-10-11T21:37:47","date_gmt":"2018-10-11T21:37:47","guid":{"rendered":"http:\/\/quehacerpolitico.mx\/amlo-tiene-razon-investigacion-en-mi-contra-es-un-circo-javier-duarte\/"},"modified":"2018-10-11T21:37:47","modified_gmt":"2018-10-11T21:37:47","slug":"amlo-tiene-razon-investigacion-en-mi-contra-es-un-circo-javier-duarte","status":"publish","type":"post","link":"https:\/\/quehacerpolitico.mx\/?p=6714","title":{"rendered":"AMLO tiene raz\u00f3n, investigaci\u00f3n en mi contra es un circo: Javier Duarte"},"content":{"rendered":"<p><strong>Javier Duarte<\/strong>, ex gobernador de <strong>Veracruz<\/strong>, afirm\u00f3 que todo el proceso que se le sigue es un \u201cshow medi\u00e1tico\u201d orquestado por el gobierno Federal.<br \/>Al referirse a la sonrisa que prevaleci\u00f3 en su rostro desde el momento de su detenci\u00f3n, \u00e9ste responde:<\/p>\n<blockquote>\n<p>\u201cEs muy simple, porque sab\u00eda que todo era un circo, un montaje, un espect\u00e1culo medi\u00e1tico, un show, y sab\u00eda que las autoridades no ten\u00edan, ni tienen ninguna prueba en mi contra, ya que nunca hice nada ilegal; por lo tanto, era imposible que me condenaran por algo que no hice\u201d, concluy\u00f3.<\/p>\n<\/blockquote>\n<p>A trav\u00e9s de una carta de 15 p\u00e1ginas que env\u00edo a <strong>Imagen Noticias<\/strong> asegur\u00f3 que se declar\u00f3 culpable porque no ten\u00eda probabilidades de ganar el<br \/>juicio.<\/p>\n<p>Asimismo, afirm\u00f3 que el que mejor ha descrito lo que est\u00e1 pasando es el actual presidente electo de M\u00e9xico, Andres Manuel L\u00f3pez Obrador, quien afirm\u00f3: \u201cal decir con toda raz\u00f3n que esto es puro show\u201d.<\/p>\n<h3>-Investigaci\u00f3n-<\/h3>\n<p>Tambi\u00e9n se refiri\u00f3 a la investigaci\u00f3n que le sigue la PGR y a la cual la calific\u00f3 de \u201cmuy mala\u201d.<\/p>\n<p><strong>Duarte<\/strong> dedica un p\u00e1rrafo a hablar de lo que considera muy mala investigaci\u00f3n de la PGR. Que para \u00e9l y sus abogados es una sopresa que a pesar de que se gir\u00f3 una orden de aprehensi\u00f3n en su contra a pesar de que hay una investigaci\u00f3n muy mal llevada.<\/p>\n<p>Afirma que las acusaciones en su contra est\u00e1n por los dichos de<strong> delincuentes confesos que obtuvieron beneficios por acusarlo.<\/strong><\/p>\n<p>Asegura que en su caso, no existe una sola prueba documental donde aparezca su nombre o el de alguien se su familia; que no existe ninguna cuenta bancaria ni ninguna transferencia de recursos en su favor o de alguien de su familia, que no hay ninguna propiedad mobiliaria o inmobiliaria de la que sea due\u00f1o, y que tampoco se le pudo probar aumento de su patrimonio durante el tiempo en que fue gobernador de <strong>Veracruz.<\/strong><\/p>\n","protected":false},"excerpt":{"rendered":"<p>AMLO tiene raz\u00f3n, investigaci\u00f3n en mi contra es un circo: Javier Duarte<br \/>\nPor Redacci\u00f3n QP<\/p>\n","protected":false},"author":2,"featured_media":6713,"comment_status":"open","ping_status":"open","sticky":false,"template":"","format":"standard","meta":{"_monsterinsights_skip_tracking":false,"_monsterinsights_sitenote_active":false,"_monsterinsights_sitenote_note":"","_monsterinsights_sitenote_category":0,"footnotes":""},"categories":[2],"tags":[],"class_list":["post-6714","post","type-post","status-publish","format-standard","has-post-thumbnail","hentry","category-noticias"],"yoast_head":"<!-- This site is optimized with the Yoast SEO plugin v27.3 - https:\/\/yoast.com\/product\/yoast-seo-wordpress\/ -->\n<title>AMLO tiene raz\u00f3n, investigaci\u00f3n en mi contra es un circo: Javier Duarte -<\/title>\n<meta name=\"robots\" content=\"index, follow, max-snippet:-1, max-image-preview:large, max-video-preview:-1\" \/>\n<link rel=\"canonical\" href=\"https:\/\/quehacerpolitico.mx\/?p=6714\" \/>\n<meta property=\"og:locale\" content=\"es_MX\" \/>\n<meta property=\"og:type\" content=\"article\" \/>\n<meta property=\"og:title\" content=\"AMLO tiene raz\u00f3n, investigaci\u00f3n en mi contra es un circo: Javier Duarte -\" \/>\n<meta property=\"og:description\" content=\"AMLO tiene raz\u00f3n, investigaci\u00f3n en mi contra es un circo: Javier Duarte Por Redacci\u00f3n QP\" \/>\n<meta property=\"og:url\" content=\"https:\/\/quehacerpolitico.mx\/?p=6714\" \/>\n<meta property=\"article:published_time\" content=\"2018-10-11T21:37:47+00:00\" \/>\n<meta name=\"author\" content=\"Redacci\u00f3n QP\" \/>\n<meta name=\"twitter:card\" content=\"summary_large_image\" \/>\n<meta name=\"twitter:label1\" content=\"Escrito por\" \/>\n\t<meta name=\"twitter:data1\" content=\"Redacci\u00f3n QP\" \/>\n\t<meta name=\"twitter:label2\" content=\"Tiempo de lectura\" \/>\n\t<meta name=\"twitter:data2\" content=\"2 minutos\" \/>\n<script type=\"application\/ld+json\" class=\"yoast-schema-graph\">{\"@context\":\"https:\\\/\\\/schema.org\",\"@graph\":[{\"@type\":\"Article\",\"@id\":\"https:\\\/\\\/quehacerpolitico.mx\\\/?p=6714#article\",\"isPartOf\":{\"@id\":\"https:\\\/\\\/quehacerpolitico.mx\\\/?p=6714\"},\"author\":{\"name\":\"Redacci\u00f3n QP\",\"@id\":\"https:\\\/\\\/quehacerpolitico.mx\\\/#\\\/schema\\\/person\\\/496d8ad2d1d3f8036101dca7ee39e585\"},\"headline\":\"AMLO tiene raz\u00f3n, investigaci\u00f3n en mi contra es un circo: Javier Duarte\",\"datePublished\":\"2018-10-11T21:37:47+00:00\",\"mainEntityOfPage\":{\"@id\":\"https:\\\/\\\/quehacerpolitico.mx\\\/?p=6714\"},\"wordCount\":353,\"commentCount\":0,\"image\":{\"@id\":\"https:\\\/\\\/quehacerpolitico.mx\\\/?p=6714#primaryimage\"},\"thumbnailUrl\":\"\",\"articleSection\":[\"Noticias\"],\"inLanguage\":\"es\",\"potentialAction\":[{\"@type\":\"CommentAction\",\"name\":\"Comment\",\"target\":[\"https:\\\/\\\/quehacerpolitico.mx\\\/?p=6714#respond\"]}]},{\"@type\":\"WebPage\",\"@id\":\"https:\\\/\\\/quehacerpolitico.mx\\\/?p=6714\",\"url\":\"https:\\\/\\\/quehacerpolitico.mx\\\/?p=6714\",\"name\":\"AMLO tiene raz\u00f3n, investigaci\u00f3n en mi contra es un circo: Javier Duarte -\",\"isPartOf\":{\"@id\":\"https:\\\/\\\/quehacerpolitico.mx\\\/#website\"},\"primaryImageOfPage\":{\"@id\":\"https:\\\/\\\/quehacerpolitico.mx\\\/?p=6714#primaryimage\"},\"image\":{\"@id\":\"https:\\\/\\\/quehacerpolitico.mx\\\/?p=6714#primaryimage\"},\"thumbnailUrl\":\"\",\"datePublished\":\"2018-10-11T21:37:47+00:00\",\"author\":{\"@id\":\"https:\\\/\\\/quehacerpolitico.mx\\\/#\\\/schema\\\/person\\\/496d8ad2d1d3f8036101dca7ee39e585\"},\"breadcrumb\":{\"@id\":\"https:\\\/\\\/quehacerpolitico.mx\\\/?p=6714#breadcrumb\"},\"inLanguage\":\"es\",\"potentialAction\":[{\"@type\":\"ReadAction\",\"target\":[\"https:\\\/\\\/quehacerpolitico.mx\\\/?p=6714\"]}]},{\"@type\":\"ImageObject\",\"inLanguage\":\"es\",\"@id\":\"https:\\\/\\\/quehacerpolitico.mx\\\/?p=6714#primaryimage\",\"url\":\"\",\"contentUrl\":\"\"},{\"@type\":\"BreadcrumbList\",\"@id\":\"https:\\\/\\\/quehacerpolitico.mx\\\/?p=6714#breadcrumb\",\"itemListElement\":[{\"@type\":\"ListItem\",\"position\":1,\"name\":\"Inicio\",\"item\":\"https:\\\/\\\/quehacerpolitico.mx\\\/\"},{\"@type\":\"ListItem\",\"position\":2,\"name\":\"AMLO tiene raz\u00f3n, investigaci\u00f3n en mi contra es un circo: Javier Duarte\"}]},{\"@type\":\"WebSite\",\"@id\":\"https:\\\/\\\/quehacerpolitico.mx\\\/#website\",\"url\":\"https:\\\/\\\/quehacerpolitico.mx\\\/\",\"name\":\"\",\"description\":\"\",\"potentialAction\":[{\"@type\":\"SearchAction\",\"target\":{\"@type\":\"EntryPoint\",\"urlTemplate\":\"https:\\\/\\\/quehacerpolitico.mx\\\/?s={search_term_string}\"},\"query-input\":{\"@type\":\"PropertyValueSpecification\",\"valueRequired\":true,\"valueName\":\"search_term_string\"}}],\"inLanguage\":\"es\"},{\"@type\":\"Person\",\"@id\":\"https:\\\/\\\/quehacerpolitico.mx\\\/#\\\/schema\\\/person\\\/496d8ad2d1d3f8036101dca7ee39e585\",\"name\":\"Redacci\u00f3n QP\",\"image\":{\"@type\":\"ImageObject\",\"inLanguage\":\"es\",\"@id\":\"https:\\\/\\\/secure.gravatar.com\\\/avatar\\\/c7164ed6fdec453195284ad24a5ae5b6e1eed2b848477fa2a4787ba9adf39a41?s=96&d=mm&r=g\",\"url\":\"https:\\\/\\\/secure.gravatar.com\\\/avatar\\\/c7164ed6fdec453195284ad24a5ae5b6e1eed2b848477fa2a4787ba9adf39a41?s=96&d=mm&r=g\",\"contentUrl\":\"https:\\\/\\\/secure.gravatar.com\\\/avatar\\\/c7164ed6fdec453195284ad24a5ae5b6e1eed2b848477fa2a4787ba9adf39a41?s=96&d=mm&r=g\",\"caption\":\"Redacci\u00f3n QP\"},\"url\":\"https:\\\/\\\/quehacerpolitico.mx\\\/?author=2\"}]}<\/script>\n<!-- \/ Yoast SEO plugin. -->","yoast_head_json":{"title":"AMLO tiene raz\u00f3n, investigaci\u00f3n en mi contra es un circo: Javier Duarte -","robots":{"index":"index","follow":"follow","max-snippet":"max-snippet:-1","max-image-preview":"max-image-preview:large","max-video-preview":"max-video-preview:-1"},"canonical":"https:\/\/quehacerpolitico.mx\/?p=6714","og_locale":"es_MX","og_type":"article","og_title":"AMLO tiene raz\u00f3n, investigaci\u00f3n en mi contra es un circo: Javier Duarte -","og_description":"AMLO tiene raz\u00f3n, investigaci\u00f3n en mi contra es un circo: Javier Duarte Por Redacci\u00f3n QP","og_url":"https:\/\/quehacerpolitico.mx\/?p=6714","article_published_time":"2018-10-11T21:37:47+00:00","author":"Redacci\u00f3n QP","twitter_card":"summary_large_image","twitter_misc":{"Escrito por":"Redacci\u00f3n QP","Tiempo de lectura":"2 minutos"},"schema":{"@context":"https:\/\/schema.org","@graph":[{"@type":"Article","@id":"https:\/\/quehacerpolitico.mx\/?p=6714#article","isPartOf":{"@id":"https:\/\/quehacerpolitico.mx\/?p=6714"},"author":{"name":"Redacci\u00f3n QP","@id":"https:\/\/quehacerpolitico.mx\/#\/schema\/person\/496d8ad2d1d3f8036101dca7ee39e585"},"headline":"AMLO tiene raz\u00f3n, investigaci\u00f3n en mi contra es un circo: Javier Duarte","datePublished":"2018-10-11T21:37:47+00:00","mainEntityOfPage":{"@id":"https:\/\/quehacerpolitico.mx\/?p=6714"},"wordCount":353,"commentCount":0,"image":{"@id":"https:\/\/quehacerpolitico.mx\/?p=6714#primaryimage"},"thumbnailUrl":"","articleSection":["Noticias"],"inLanguage":"es","potentialAction":[{"@type":"CommentAction","name":"Comment","target":["https:\/\/quehacerpolitico.mx\/?p=6714#respond"]}]},{"@type":"WebPage","@id":"https:\/\/quehacerpolitico.mx\/?p=6714","url":"https:\/\/quehacerpolitico.mx\/?p=6714","name":"AMLO tiene raz\u00f3n, investigaci\u00f3n en mi contra es un circo: Javier Duarte -","isPartOf":{"@id":"https:\/\/quehacerpolitico.mx\/#website"},"primaryImageOfPage":{"@id":"https:\/\/quehacerpolitico.mx\/?p=6714#primaryimage"},"image":{"@id":"https:\/\/quehacerpolitico.mx\/?p=6714#primaryimage"},"thumbnailUrl":"","datePublished":"2018-10-11T21:37:47+00:00","author":{"@id":"https:\/\/quehacerpolitico.mx\/#\/schema\/person\/496d8ad2d1d3f8036101dca7ee39e585"},"breadcrumb":{"@id":"https:\/\/quehacerpolitico.mx\/?p=6714#breadcrumb"},"inLanguage":"es","potentialAction":[{"@type":"ReadAction","target":["https:\/\/quehacerpolitico.mx\/?p=6714"]}]},{"@type":"ImageObject","inLanguage":"es","@id":"https:\/\/quehacerpolitico.mx\/?p=6714#primaryimage","url":"","contentUrl":""},{"@type":"BreadcrumbList","@id":"https:\/\/quehacerpolitico.mx\/?p=6714#breadcrumb","itemListElement":[{"@type":"ListItem","position":1,"name":"Inicio","item":"https:\/\/quehacerpolitico.mx\/"},{"@type":"ListItem","position":2,"name":"AMLO tiene raz\u00f3n, investigaci\u00f3n en mi contra es un circo: Javier Duarte"}]},{"@type":"WebSite","@id":"https:\/\/quehacerpolitico.mx\/#website","url":"https:\/\/quehacerpolitico.mx\/","name":"","description":"","potentialAction":[{"@type":"SearchAction","target":{"@type":"EntryPoint","urlTemplate":"https:\/\/quehacerpolitico.mx\/?s={search_term_string}"},"query-input":{"@type":"PropertyValueSpecification","valueRequired":true,"valueName":"search_term_string"}}],"inLanguage":"es"},{"@type":"Person","@id":"https:\/\/quehacerpolitico.mx\/#\/schema\/person\/496d8ad2d1d3f8036101dca7ee39e585","name":"Redacci\u00f3n QP","image":{"@type":"ImageObject","inLanguage":"es","@id":"https:\/\/secure.gravatar.com\/avatar\/c7164ed6fdec453195284ad24a5ae5b6e1eed2b848477fa2a4787ba9adf39a41?s=96&d=mm&r=g","url":"https:\/\/secure.gravatar.com\/avatar\/c7164ed6fdec453195284ad24a5ae5b6e1eed2b848477fa2a4787ba9adf39a41?s=96&d=mm&r=g","contentUrl":"https:\/\/secure.gravatar.com\/avatar\/c7164ed6fdec453195284ad24a5ae5b6e1eed2b848477fa2a4787ba9adf39a41?s=96&d=mm&r=g","caption":"Redacci\u00f3n QP"},"url":"https:\/\/quehacerpolitico.mx\/?author=2"}]}},"featured_image_urls":{"full":"","thumbnail":"","medium":"","medium_large":"","large":"","1536x1536":"","2048x2048":"","covernews-featured":"","covernews-medium":""},"author_info":{"display_name":"Redacci\u00f3n QP","author_link":"https:\/\/quehacerpolitico.mx\/?author=2"},"category_info":"<a href=\"https:\/\/quehacerpolitico.mx\/?cat=2\" rel=\"category\">Noticias<\/a>","tag_info":"Noticias","comment_count":"0","_links":{"self":[{"href":"https:\/\/quehacerpolitico.mx\/index.php?rest_route=\/wp\/v2\/posts\/6714","targetHints":{"allow":["GET"]}}],"collection":[{"href":"https:\/\/quehacerpolitico.mx\/index.php?rest_route=\/wp\/v2\/posts"}],"about":[{"href":"https:\/\/quehacerpolitico.mx\/index.php?rest_route=\/wp\/v2\/types\/post"}],"author":[{"embeddable":true,"href":"https:\/\/quehacerpolitico.mx\/index.php?rest_route=\/wp\/v2\/users\/2"}],"replies":[{"embeddable":true,"href":"https:\/\/quehacerpolitico.mx\/index.php?rest_route=%2Fwp%2Fv2%2Fcomments&post=6714"}],"version-history":[{"count":0,"href":"https:\/\/quehacerpolitico.mx\/index.php?rest_route=\/wp\/v2\/posts\/6714\/revisions"}],"wp:featuredmedia":[{"embeddable":true,"href":"https:\/\/quehacerpolitico.mx\/index.php?rest_route=\/"}],"wp:attachment":[{"href":"https:\/\/quehacerpolitico.mx\/index.php?rest_route=%2Fwp%2Fv2%2Fmedia&parent=6714"}],"wp:term":[{"taxonomy":"category","embeddable":true,"href":"https:\/\/quehacerpolitico.mx\/index.php?rest_route=%2Fwp%2Fv2%2Fcategories&post=6714"},{"taxonomy":"post_tag","embeddable":true,"href":"https:\/\/quehacerpolitico.mx\/index.php?rest_route=%2Fwp%2Fv2%2Ftags&post=6714"}],"curies":[{"name":"wp","href":"https:\/\/api.w.org\/{rel}","templated":true}]}}