{"id":67123,"date":"2020-10-18T13:08:40","date_gmt":"2020-10-18T18:08:40","guid":{"rendered":"http:\/\/quehacerpolitico.mx\/?p=67123"},"modified":"2020-10-18T13:08:40","modified_gmt":"2020-10-18T18:08:40","slug":"internacionales-carolina-alonso-romei-manifestantes-protestan-contra-el-gobierno-de-tailandia","status":"publish","type":"post","link":"https:\/\/quehacerpolitico.mx\/?p=67123","title":{"rendered":"Internacionales\/\/\/Carolina Alonso Romei\/\/\/Manifestantes protestan contra el gobierno de Tailandia"},"content":{"rendered":"<h1 class=\"amp-wp-title\">Manifestantes protestan contra el gobierno de Tailandia<br \/>\nPor Carolina Alonso Romei<\/h1>\n<p>Internacionalista<\/p>\n<p>Miles de <strong>manifestantes<\/strong> tomaron en cuesti\u00f3n de minutos algunas de las <strong>principales calles de Bangkok<\/strong> para proseguir con sus demandas de <strong>reformas democr\u00e1ticas<\/strong> en el pa\u00eds y su desaf\u00edo al <strong>gobierno de Tailandia<\/strong>, al que exigen la dimisi\u00f3n.<\/p>\n<p>La <strong>Polic\u00eda<\/strong> orden\u00f3 pasado el mediod\u00eda el <strong>cierre de al menos 20 estaciones de la red de transporte p\u00fablico<\/strong> que vertebra la capital para tratar de impedir una nueva jornada de protestas masivas, la quinta consecutiva.<\/p>\n<p>Las autoridades cerraron todas las l\u00edneas, invocaron el decreto de emergencia \u201csevera\u201d, aprobado el jueves por el Gobierno, como medida \u201cpara mantener la seguridad\u201d del Estado y el pueblo frente al \u201ctrastorno\u201d que causan las protestas.<\/p>\n<p><iframe loading=\"lazy\" title=\"Manifestantes tailandeses exigen la renuncia del primer ministro Prayut Chan-ocha\" width=\"640\" height=\"360\" src=\"https:\/\/www.youtube.com\/embed\/p2xiGjyqKsg?feature=oembed\" frameborder=\"0\" allow=\"accelerometer; autoplay; clipboard-write; encrypted-media; gyroscope; picture-in-picture; web-share\" referrerpolicy=\"strict-origin-when-cross-origin\" allowfullscreen><\/iframe><\/p>\n<p>Pero una vez m\u00e1s, los organizadores de las marchas que discurren de manera completamente pac\u00edfica lograron eludir el bloqueo policial y mostraron de nuevo su m\u00fasculo e inmenso poder de convocatoria coordinados a trav\u00e9s de las redes sociales y las aplicaciones de mensajer\u00eda m\u00f3vil.<\/p>\n<blockquote><p>\u201cSi cierras la ciudad, nos vamos a las afueras. Si cierras las afueras, nos vamos a la ciudad. Te has metido con la generaci\u00f3n equivocada\u201d, public\u00f3 el grupo estudiantil ThammasatUFDT en claro desafi\u00f3 al Gobierno.<\/p><\/blockquote>\n<p>Con carteles de los <strong>rostros de los l\u00edderes de las manifestaciones detenidos por la polic\u00eda<\/strong>, los asistentes en la rotonda del Monumento de la Victoria reclamaron \u201clibertad para nuestros amigos\u201d y gritaron \u201cfuera Tu\u201d, en referencia al primer ministro, Prayut Chan-ocha, quien lider\u00f3 el golpe de Estado militar de 2014 y retuvo el cargo en 2019 a trav\u00e9s de unas controvertidas elecciones.<\/p>\n<p>Adem\u00e1s de que en <strong>Bangkok<\/strong>, donde decenas de miles de <strong>manifestantes se congregaron en dos zonas de la capital<\/strong>, las protestas tambi\u00e9n se desarrollaron con una gran asistencia en unas 20 de provincias como<strong> Chiang Mai, Ubon Ratchathani, Samut Prakan, Nonthaburi o Hua Hin.<\/strong><\/p>\n<p>Actos de <strong>solidaridad<\/strong> con los <strong>manifestantes<\/strong>tambi\u00e9n se <strong>celebraron en Taiwan, Estados Unidos, Canad\u00e1, Suecia o Francia.<\/strong><\/p>\n<h2><strong>Detenciones por decreto de emergencia<\/strong><\/h2>\n<blockquote><p>\u201cEstoy alarmada por las informaciones de esta semana en Tailandia sobre detenciones y el uso de leyes draconianas contra defensores de los derechos humanos que ejerc\u00edan su derecho a asamblea pac\u00edfica y expresar sus opiniones\u201d, apunt\u00f3 en Twitter la relatora especial de la ONU Mary Lawlor.<\/p><\/blockquote>\n<p>Desde el martes, las autoridades han detenido a m\u00e1s de 70 manifestantes, entre ellos casi todos los principales l\u00edderes del movimiento estudiantil prodemocr\u00e1tico, la mayor\u00eda por desafiar el decreto de emergencia que proh\u00edbe las reuniones de car\u00e1cter pol\u00edtico de cinco o m\u00e1s personas.<\/p>\n<p>La <strong>orden de emergencia<\/strong> fue aprobada la madrugada del jueves y tiene vigencia hasta el 13 de noviembre con el objetivo de sofocar el <strong>movimiento antigubernamental<\/strong> e impedir la publicaci\u00f3n de noticias que afecten a la seguridad nacional, entre otras medidas.<\/p>\n<p>Las autoridades, que han preparado un campamento militar en la provincia de Chonburi como centro de detenci\u00f3n, pueden arrestar por hasta 30 d\u00edas sin presentar cargos a cualquier persona que vulnere el decreto de emergencia.<\/p>\n<p>Pero la orden no ha amedrentado al movimiento prodemocracia al igual que la dura represi\u00f3n policial del viernes, cuando los antidisturbios cargaron y usaron ca\u00f1ones de agua contra la desarmada y pac\u00edfica muchedumbre.<\/p>\n<p>El <strong>gobierno decret\u00f3 el estado de emergencia \u201csevero\u201d<\/strong> despu\u00e9s de que una <strong>protesta masiva<\/strong>desafiara y se plantara el mi\u00e9rcoles a escasos metros de la caravana de coches donde viajaban la <strong>reina Suthida y el pr\u00edncipe Dipangkorn<\/strong>, un gesto de rebeld\u00eda in\u00e9dito en la naci\u00f3n.<\/p>\n<p>La principal <strong>demanda del movimiento estudiantil,<\/strong>que comenz\u00f3 en julio y cobr\u00f3 fuerza, es la dimisi\u00f3n <strong>Prayut<\/strong>, la disoluci\u00f3n del <strong>Parlamento y una nueva Constituci\u00f3n<\/strong>, ya que la actual fue redactada por la extinta junta militar (2014-2019), adem\u00e1s de reducir la influencia del Ej\u00e9rcito y la monarqu\u00eda en la pol\u00edtica.<\/p>\n<p>Con informaci\u00f3n de EFE<\/p>\n","protected":false},"excerpt":{"rendered":"<p>Manifestantes protestan contra el gobierno de Tailandia Por Carolina Alonso Romei Internacionalista Miles de manifestantes&#8230;<\/p>\n","protected":false},"author":2,"featured_media":67124,"comment_status":"open","ping_status":"open","sticky":false,"template":"","format":"standard","meta":{"_monsterinsights_skip_tracking":false,"_monsterinsights_sitenote_active":false,"_monsterinsights_sitenote_note":"","_monsterinsights_sitenote_category":0,"footnotes":""},"categories":[1],"tags":[],"class_list":["post-67123","post","type-post","status-publish","format-standard","has-post-thumbnail","hentry","category-sin-categoria"],"yoast_head":"<!-- This site is optimized with the Yoast SEO plugin v27.3 - https:\/\/yoast.com\/product\/yoast-seo-wordpress\/ -->\n<title>Internacionales\/\/\/Carolina Alonso Romei\/\/\/Manifestantes protestan contra el gobierno de Tailandia -<\/title>\n<meta name=\"robots\" content=\"index, follow, max-snippet:-1, max-image-preview:large, max-video-preview:-1\" \/>\n<link rel=\"canonical\" href=\"https:\/\/quehacerpolitico.mx\/?p=67123\" \/>\n<meta property=\"og:locale\" content=\"es_MX\" \/>\n<meta property=\"og:type\" content=\"article\" \/>\n<meta property=\"og:title\" content=\"Internacionales\/\/\/Carolina Alonso Romei\/\/\/Manifestantes protestan contra el gobierno de Tailandia -\" \/>\n<meta property=\"og:description\" content=\"Manifestantes protestan contra el gobierno de Tailandia Por Carolina Alonso Romei Internacionalista Miles de manifestantes...\" \/>\n<meta property=\"og:url\" content=\"https:\/\/quehacerpolitico.mx\/?p=67123\" \/>\n<meta property=\"article:published_time\" content=\"2020-10-18T18:08:40+00:00\" \/>\n<meta property=\"og:image\" content=\"https:\/\/quehacerpolitico.mx\/wp-content\/uploads\/2020\/10\/0F7E3C25-6658-4434-BD55-E857AA3EC9EB.jpeg\" \/>\n\t<meta property=\"og:image:width\" content=\"640\" \/>\n\t<meta property=\"og:image:height\" content=\"360\" \/>\n\t<meta property=\"og:image:type\" content=\"image\/jpeg\" \/>\n<meta name=\"author\" content=\"Redacci\u00f3n QP\" \/>\n<meta name=\"twitter:card\" content=\"summary_large_image\" \/>\n<meta name=\"twitter:label1\" content=\"Escrito por\" \/>\n\t<meta name=\"twitter:data1\" content=\"Redacci\u00f3n QP\" \/>\n\t<meta name=\"twitter:label2\" content=\"Tiempo de lectura\" \/>\n\t<meta name=\"twitter:data2\" content=\"3 minutos\" \/>\n<script type=\"application\/ld+json\" class=\"yoast-schema-graph\">{\"@context\":\"https:\\\/\\\/schema.org\",\"@graph\":[{\"@type\":\"Article\",\"@id\":\"https:\\\/\\\/quehacerpolitico.mx\\\/?p=67123#article\",\"isPartOf\":{\"@id\":\"https:\\\/\\\/quehacerpolitico.mx\\\/?p=67123\"},\"author\":{\"name\":\"Redacci\u00f3n QP\",\"@id\":\"https:\\\/\\\/quehacerpolitico.mx\\\/#\\\/schema\\\/person\\\/496d8ad2d1d3f8036101dca7ee39e585\"},\"headline\":\"Internacionales\\\/\\\/\\\/Carolina Alonso Romei\\\/\\\/\\\/Manifestantes protestan contra el gobierno de Tailandia\",\"datePublished\":\"2020-10-18T18:08:40+00:00\",\"mainEntityOfPage\":{\"@id\":\"https:\\\/\\\/quehacerpolitico.mx\\\/?p=67123\"},\"wordCount\":685,\"commentCount\":0,\"image\":{\"@id\":\"https:\\\/\\\/quehacerpolitico.mx\\\/?p=67123#primaryimage\"},\"thumbnailUrl\":\"https:\\\/\\\/quehacerpolitico.mx\\\/wp-content\\\/uploads\\\/2020\\\/10\\\/0F7E3C25-6658-4434-BD55-E857AA3EC9EB.jpeg\",\"articleSection\":[\"Internacionales\"],\"inLanguage\":\"es\",\"potentialAction\":[{\"@type\":\"CommentAction\",\"name\":\"Comment\",\"target\":[\"https:\\\/\\\/quehacerpolitico.mx\\\/?p=67123#respond\"]}]},{\"@type\":\"WebPage\",\"@id\":\"https:\\\/\\\/quehacerpolitico.mx\\\/?p=67123\",\"url\":\"https:\\\/\\\/quehacerpolitico.mx\\\/?p=67123\",\"name\":\"Internacionales\\\/\\\/\\\/Carolina Alonso Romei\\\/\\\/\\\/Manifestantes protestan contra el gobierno de Tailandia -\",\"isPartOf\":{\"@id\":\"https:\\\/\\\/quehacerpolitico.mx\\\/#website\"},\"primaryImageOfPage\":{\"@id\":\"https:\\\/\\\/quehacerpolitico.mx\\\/?p=67123#primaryimage\"},\"image\":{\"@id\":\"https:\\\/\\\/quehacerpolitico.mx\\\/?p=67123#primaryimage\"},\"thumbnailUrl\":\"https:\\\/\\\/quehacerpolitico.mx\\\/wp-content\\\/uploads\\\/2020\\\/10\\\/0F7E3C25-6658-4434-BD55-E857AA3EC9EB.jpeg\",\"datePublished\":\"2020-10-18T18:08:40+00:00\",\"author\":{\"@id\":\"https:\\\/\\\/quehacerpolitico.mx\\\/#\\\/schema\\\/person\\\/496d8ad2d1d3f8036101dca7ee39e585\"},\"breadcrumb\":{\"@id\":\"https:\\\/\\\/quehacerpolitico.mx\\\/?p=67123#breadcrumb\"},\"inLanguage\":\"es\",\"potentialAction\":[{\"@type\":\"ReadAction\",\"target\":[\"https:\\\/\\\/quehacerpolitico.mx\\\/?p=67123\"]}]},{\"@type\":\"ImageObject\",\"inLanguage\":\"es\",\"@id\":\"https:\\\/\\\/quehacerpolitico.mx\\\/?p=67123#primaryimage\",\"url\":\"https:\\\/\\\/quehacerpolitico.mx\\\/wp-content\\\/uploads\\\/2020\\\/10\\\/0F7E3C25-6658-4434-BD55-E857AA3EC9EB.jpeg\",\"contentUrl\":\"https:\\\/\\\/quehacerpolitico.mx\\\/wp-content\\\/uploads\\\/2020\\\/10\\\/0F7E3C25-6658-4434-BD55-E857AA3EC9EB.jpeg\",\"width\":640,\"height\":360},{\"@type\":\"BreadcrumbList\",\"@id\":\"https:\\\/\\\/quehacerpolitico.mx\\\/?p=67123#breadcrumb\",\"itemListElement\":[{\"@type\":\"ListItem\",\"position\":1,\"name\":\"Inicio\",\"item\":\"https:\\\/\\\/quehacerpolitico.mx\\\/\"},{\"@type\":\"ListItem\",\"position\":2,\"name\":\"Internacionales\\\/\\\/\\\/Carolina Alonso Romei\\\/\\\/\\\/Manifestantes protestan contra el gobierno de Tailandia\"}]},{\"@type\":\"WebSite\",\"@id\":\"https:\\\/\\\/quehacerpolitico.mx\\\/#website\",\"url\":\"https:\\\/\\\/quehacerpolitico.mx\\\/\",\"name\":\"\",\"description\":\"\",\"potentialAction\":[{\"@type\":\"SearchAction\",\"target\":{\"@type\":\"EntryPoint\",\"urlTemplate\":\"https:\\\/\\\/quehacerpolitico.mx\\\/?s={search_term_string}\"},\"query-input\":{\"@type\":\"PropertyValueSpecification\",\"valueRequired\":true,\"valueName\":\"search_term_string\"}}],\"inLanguage\":\"es\"},{\"@type\":\"Person\",\"@id\":\"https:\\\/\\\/quehacerpolitico.mx\\\/#\\\/schema\\\/person\\\/496d8ad2d1d3f8036101dca7ee39e585\",\"name\":\"Redacci\u00f3n QP\",\"image\":{\"@type\":\"ImageObject\",\"inLanguage\":\"es\",\"@id\":\"https:\\\/\\\/secure.gravatar.com\\\/avatar\\\/c7164ed6fdec453195284ad24a5ae5b6e1eed2b848477fa2a4787ba9adf39a41?s=96&d=mm&r=g\",\"url\":\"https:\\\/\\\/secure.gravatar.com\\\/avatar\\\/c7164ed6fdec453195284ad24a5ae5b6e1eed2b848477fa2a4787ba9adf39a41?s=96&d=mm&r=g\",\"contentUrl\":\"https:\\\/\\\/secure.gravatar.com\\\/avatar\\\/c7164ed6fdec453195284ad24a5ae5b6e1eed2b848477fa2a4787ba9adf39a41?s=96&d=mm&r=g\",\"caption\":\"Redacci\u00f3n QP\"},\"url\":\"https:\\\/\\\/quehacerpolitico.mx\\\/?author=2\"}]}<\/script>\n<!-- \/ Yoast SEO plugin. -->","yoast_head_json":{"title":"Internacionales\/\/\/Carolina Alonso Romei\/\/\/Manifestantes protestan contra el gobierno de Tailandia -","robots":{"index":"index","follow":"follow","max-snippet":"max-snippet:-1","max-image-preview":"max-image-preview:large","max-video-preview":"max-video-preview:-1"},"canonical":"https:\/\/quehacerpolitico.mx\/?p=67123","og_locale":"es_MX","og_type":"article","og_title":"Internacionales\/\/\/Carolina Alonso Romei\/\/\/Manifestantes protestan contra el gobierno de Tailandia -","og_description":"Manifestantes protestan contra el gobierno de Tailandia Por Carolina Alonso Romei Internacionalista Miles de manifestantes...","og_url":"https:\/\/quehacerpolitico.mx\/?p=67123","article_published_time":"2020-10-18T18:08:40+00:00","og_image":[{"width":640,"height":360,"url":"https:\/\/quehacerpolitico.mx\/wp-content\/uploads\/2020\/10\/0F7E3C25-6658-4434-BD55-E857AA3EC9EB.jpeg","type":"image\/jpeg"}],"author":"Redacci\u00f3n QP","twitter_card":"summary_large_image","twitter_misc":{"Escrito por":"Redacci\u00f3n QP","Tiempo de lectura":"3 minutos"},"schema":{"@context":"https:\/\/schema.org","@graph":[{"@type":"Article","@id":"https:\/\/quehacerpolitico.mx\/?p=67123#article","isPartOf":{"@id":"https:\/\/quehacerpolitico.mx\/?p=67123"},"author":{"name":"Redacci\u00f3n QP","@id":"https:\/\/quehacerpolitico.mx\/#\/schema\/person\/496d8ad2d1d3f8036101dca7ee39e585"},"headline":"Internacionales\/\/\/Carolina Alonso Romei\/\/\/Manifestantes protestan contra el gobierno de Tailandia","datePublished":"2020-10-18T18:08:40+00:00","mainEntityOfPage":{"@id":"https:\/\/quehacerpolitico.mx\/?p=67123"},"wordCount":685,"commentCount":0,"image":{"@id":"https:\/\/quehacerpolitico.mx\/?p=67123#primaryimage"},"thumbnailUrl":"https:\/\/quehacerpolitico.mx\/wp-content\/uploads\/2020\/10\/0F7E3C25-6658-4434-BD55-E857AA3EC9EB.jpeg","articleSection":["Internacionales"],"inLanguage":"es","potentialAction":[{"@type":"CommentAction","name":"Comment","target":["https:\/\/quehacerpolitico.mx\/?p=67123#respond"]}]},{"@type":"WebPage","@id":"https:\/\/quehacerpolitico.mx\/?p=67123","url":"https:\/\/quehacerpolitico.mx\/?p=67123","name":"Internacionales\/\/\/Carolina Alonso Romei\/\/\/Manifestantes protestan contra el gobierno de Tailandia -","isPartOf":{"@id":"https:\/\/quehacerpolitico.mx\/#website"},"primaryImageOfPage":{"@id":"https:\/\/quehacerpolitico.mx\/?p=67123#primaryimage"},"image":{"@id":"https:\/\/quehacerpolitico.mx\/?p=67123#primaryimage"},"thumbnailUrl":"https:\/\/quehacerpolitico.mx\/wp-content\/uploads\/2020\/10\/0F7E3C25-6658-4434-BD55-E857AA3EC9EB.jpeg","datePublished":"2020-10-18T18:08:40+00:00","author":{"@id":"https:\/\/quehacerpolitico.mx\/#\/schema\/person\/496d8ad2d1d3f8036101dca7ee39e585"},"breadcrumb":{"@id":"https:\/\/quehacerpolitico.mx\/?p=67123#breadcrumb"},"inLanguage":"es","potentialAction":[{"@type":"ReadAction","target":["https:\/\/quehacerpolitico.mx\/?p=67123"]}]},{"@type":"ImageObject","inLanguage":"es","@id":"https:\/\/quehacerpolitico.mx\/?p=67123#primaryimage","url":"https:\/\/quehacerpolitico.mx\/wp-content\/uploads\/2020\/10\/0F7E3C25-6658-4434-BD55-E857AA3EC9EB.jpeg","contentUrl":"https:\/\/quehacerpolitico.mx\/wp-content\/uploads\/2020\/10\/0F7E3C25-6658-4434-BD55-E857AA3EC9EB.jpeg","width":640,"height":360},{"@type":"BreadcrumbList","@id":"https:\/\/quehacerpolitico.mx\/?p=67123#breadcrumb","itemListElement":[{"@type":"ListItem","position":1,"name":"Inicio","item":"https:\/\/quehacerpolitico.mx\/"},{"@type":"ListItem","position":2,"name":"Internacionales\/\/\/Carolina Alonso Romei\/\/\/Manifestantes protestan contra el gobierno de Tailandia"}]},{"@type":"WebSite","@id":"https:\/\/quehacerpolitico.mx\/#website","url":"https:\/\/quehacerpolitico.mx\/","name":"","description":"","potentialAction":[{"@type":"SearchAction","target":{"@type":"EntryPoint","urlTemplate":"https:\/\/quehacerpolitico.mx\/?s={search_term_string}"},"query-input":{"@type":"PropertyValueSpecification","valueRequired":true,"valueName":"search_term_string"}}],"inLanguage":"es"},{"@type":"Person","@id":"https:\/\/quehacerpolitico.mx\/#\/schema\/person\/496d8ad2d1d3f8036101dca7ee39e585","name":"Redacci\u00f3n QP","image":{"@type":"ImageObject","inLanguage":"es","@id":"https:\/\/secure.gravatar.com\/avatar\/c7164ed6fdec453195284ad24a5ae5b6e1eed2b848477fa2a4787ba9adf39a41?s=96&d=mm&r=g","url":"https:\/\/secure.gravatar.com\/avatar\/c7164ed6fdec453195284ad24a5ae5b6e1eed2b848477fa2a4787ba9adf39a41?s=96&d=mm&r=g","contentUrl":"https:\/\/secure.gravatar.com\/avatar\/c7164ed6fdec453195284ad24a5ae5b6e1eed2b848477fa2a4787ba9adf39a41?s=96&d=mm&r=g","caption":"Redacci\u00f3n QP"},"url":"https:\/\/quehacerpolitico.mx\/?author=2"}]}},"featured_image_urls":{"full":["https:\/\/quehacerpolitico.mx\/wp-content\/uploads\/2020\/10\/0F7E3C25-6658-4434-BD55-E857AA3EC9EB.jpeg",640,360,false],"thumbnail":["https:\/\/quehacerpolitico.mx\/wp-content\/uploads\/2020\/10\/0F7E3C25-6658-4434-BD55-E857AA3EC9EB-150x150.jpeg",150,150,true],"medium":["https:\/\/quehacerpolitico.mx\/wp-content\/uploads\/2020\/10\/0F7E3C25-6658-4434-BD55-E857AA3EC9EB-300x169.jpeg",300,169,true],"medium_large":["https:\/\/quehacerpolitico.mx\/wp-content\/uploads\/2020\/10\/0F7E3C25-6658-4434-BD55-E857AA3EC9EB.jpeg",640,360,false],"large":["https:\/\/quehacerpolitico.mx\/wp-content\/uploads\/2020\/10\/0F7E3C25-6658-4434-BD55-E857AA3EC9EB.jpeg",640,360,false],"1536x1536":["https:\/\/quehacerpolitico.mx\/wp-content\/uploads\/2020\/10\/0F7E3C25-6658-4434-BD55-E857AA3EC9EB.jpeg",640,360,false],"2048x2048":["https:\/\/quehacerpolitico.mx\/wp-content\/uploads\/2020\/10\/0F7E3C25-6658-4434-BD55-E857AA3EC9EB.jpeg",640,360,false],"covernews-featured":["https:\/\/quehacerpolitico.mx\/wp-content\/uploads\/2020\/10\/0F7E3C25-6658-4434-BD55-E857AA3EC9EB.jpeg",640,360,false],"covernews-medium":["https:\/\/quehacerpolitico.mx\/wp-content\/uploads\/2020\/10\/0F7E3C25-6658-4434-BD55-E857AA3EC9EB.jpeg",540,304,false]},"author_info":{"display_name":"Redacci\u00f3n QP","author_link":"https:\/\/quehacerpolitico.mx\/?author=2"},"category_info":"<a href=\"https:\/\/quehacerpolitico.mx\/?cat=1\" rel=\"category\">Internacionales<\/a>","tag_info":"Internacionales","comment_count":"0","_links":{"self":[{"href":"https:\/\/quehacerpolitico.mx\/index.php?rest_route=\/wp\/v2\/posts\/67123","targetHints":{"allow":["GET"]}}],"collection":[{"href":"https:\/\/quehacerpolitico.mx\/index.php?rest_route=\/wp\/v2\/posts"}],"about":[{"href":"https:\/\/quehacerpolitico.mx\/index.php?rest_route=\/wp\/v2\/types\/post"}],"author":[{"embeddable":true,"href":"https:\/\/quehacerpolitico.mx\/index.php?rest_route=\/wp\/v2\/users\/2"}],"replies":[{"embeddable":true,"href":"https:\/\/quehacerpolitico.mx\/index.php?rest_route=%2Fwp%2Fv2%2Fcomments&post=67123"}],"version-history":[{"count":0,"href":"https:\/\/quehacerpolitico.mx\/index.php?rest_route=\/wp\/v2\/posts\/67123\/revisions"}],"wp:featuredmedia":[{"embeddable":true,"href":"https:\/\/quehacerpolitico.mx\/index.php?rest_route=\/wp\/v2\/media\/67124"}],"wp:attachment":[{"href":"https:\/\/quehacerpolitico.mx\/index.php?rest_route=%2Fwp%2Fv2%2Fmedia&parent=67123"}],"wp:term":[{"taxonomy":"category","embeddable":true,"href":"https:\/\/quehacerpolitico.mx\/index.php?rest_route=%2Fwp%2Fv2%2Fcategories&post=67123"},{"taxonomy":"post_tag","embeddable":true,"href":"https:\/\/quehacerpolitico.mx\/index.php?rest_route=%2Fwp%2Fv2%2Ftags&post=67123"}],"curies":[{"name":"wp","href":"https:\/\/api.w.org\/{rel}","templated":true}]}}