{"id":6704,"date":"2018-10-11T14:02:11","date_gmt":"2018-10-11T14:02:11","guid":{"rendered":"http:\/\/quehacerpolitico.mx\/guardias-presidenciales-seguiran-pero-bajo-el-mando-de-la-sedena\/"},"modified":"2018-10-11T14:02:11","modified_gmt":"2018-10-11T14:02:11","slug":"guardias-presidenciales-seguiran-pero-bajo-el-mando-de-la-sedena","status":"publish","type":"post","link":"https:\/\/quehacerpolitico.mx\/?p=6704","title":{"rendered":"Guardias presidenciales seguir\u00e1n, pero bajo el mando de la Sedena"},"content":{"rendered":"<p>M\u00e1s de ocho mil elementos adscritos al Estado Mayor Presidencial (EMP) y el Cuerpo de Guardias Presidenciales, encargados de la seguridad del titular del Ejecutivo, ser\u00e1n integrados a la Secretar\u00eda de la Defensa Nacional (Sedena) a partir del pr\u00f3ximo 1 de diciembre.<\/p>\n<p>De acuerdo con la Sedena, Salvador Cienfuegos, titular de la Defensa Nacional, emitir\u00e1 un acuerdo para que el 30 de noviembre desaparezcan el Estado Mayor y el Cuerpo de Guardias, conforme se lo solicit\u00f3 el Presidente electo, Andr\u00e9s Manuel L\u00f3pez Obrador, y con lo que la Presidencia reducir\u00e1 su gasto.<\/p>\n<p>El 1 de diciembre, cuando L\u00f3pez Obrador asuma la Presidencia, su protecci\u00f3n estar\u00e1 a cargo de la Sedena, si as\u00ed lo dispone, mientras que los dignatarios, jefes de Estado y de Gobierno que asistan a la toma de protesta presidencial y visiten M\u00e9xico ser\u00e1n resguardados por el Ej\u00e9rcito.<\/p>\n<p>En tanto se ejecuta esta decisi\u00f3n, el Presidente Enrique Pe\u00f1a Nieto y su familia seguir\u00e1n bajo el cuidado del Estado Mayor Presidencial, \u00f3rgano t\u00e9cnico militar integrado por mil 298 elementos del Ej\u00e9rcito y Fuerza A\u00e9rea, 153 de la Marina Armada de M\u00e9xico y 360 civiles, entre otros, mientras que el Cuerpo de Guardias Presidenciales lo componen casi mil 455 elementos s\u00f3lo de tropa, seg\u00fan cifras de la Presidencia.<\/p>\n<h3>L\u00f3pez Obrador ampliar\u00e1 fuerzas federales con 50 mil efectivos m\u00e1s<\/h3>\n<p>El Presidente electo, Andr\u00e9s Manuel L\u00f3pez Obrador, adelant\u00f3 que a partir del 1 de diciembre lanzar\u00e1 una convocatoria a j\u00f3venes para contratar a 50 mil nuevos elementos de la Polic\u00eda Federal (PF), el Ej\u00e9rcito y la Marina, como parte de su plan de seguridad para fortalecer a las corporaciones.<\/p>\n<p><strong>\u201cVamos a convocar a m\u00e1s elementos de la Marina, el Ej\u00e9rcito y la Polic\u00eda Federal, ser\u00e1n 50 mil elementos m\u00e1s\u201d<\/strong>, expres\u00f3<br \/>L\u00f3pez Obrador abund\u00f3 que con esta convocatoria se busca fortalecer a las corporaciones de seguridad civiles y militares, y se\u00f1al\u00f3 que los recursos para ello saldr\u00e1n de no permitir la corrupci\u00f3n, as\u00ed como de la austeridad republicana.En ese sentido, el futuro Mandatario subray\u00f3 que el presupuesto destinado a seguridad p\u00fablica se mejorar\u00e1, \u201cde verdad, vienen cambios importantes\u201d, adem\u00e1s de que se terminar\u00e1 con los privilegios.<\/p>\n<p><strong>Y a\u00f1adi\u00f3 que en el caso particular del territorio mexiquense se crear\u00e1n 32 coordinaciones territoriales y se trabajar\u00e1 de manera conjunta con polic\u00edas estatales y municipales as\u00ed como militares<\/strong>, con un Mando \u00danico en cada coordinaci\u00f3n y representantes de derechos humanos, de los gobiernos federal y estatal y de la sociedad civil.<\/p>\n<p>L\u00f3pez Obrador se\u00f1al\u00f3 que continuar\u00e1n con la alerta de g\u00e9nero y todo lo que sea necesario para proteger a las mujeres, as\u00ed como a periodistas y ciudadanos en general, por lo que trabajar\u00e1n de manera coordinada para garantizar la paz y la tranquilidad.<\/p>\n<p>En ese sentido reiter\u00f3 que todos los d\u00edas tendr\u00e1 una reuni\u00f3n con el gabinete de seguridad para recibir el parte de la Polic\u00eda y el Ejercito, desde las coordinaciones territoriales, y se tomar\u00e1n las decisiones pertinentes.<\/p>\n<p>Finalmente, el Presidente electo record\u00f3 que a finales de este mes dar\u00e1 a conocer el plan de seguridad para el pa\u00eds con el que se pretende conseguir la paz y detener la violencia en el pa\u00eds.<\/p>\n","protected":false},"excerpt":{"rendered":"<p>El futuro Presidente lanzar\u00e1 una convocatoria para reclutar a j\u00f3venes interesados<br \/>\nPor Redacci\u00f3n QP<\/p>\n","protected":false},"author":2,"featured_media":6703,"comment_status":"open","ping_status":"open","sticky":false,"template":"","format":"standard","meta":{"_monsterinsights_skip_tracking":false,"_monsterinsights_sitenote_active":false,"_monsterinsights_sitenote_note":"","_monsterinsights_sitenote_category":0,"footnotes":""},"categories":[2],"tags":[],"class_list":["post-6704","post","type-post","status-publish","format-standard","has-post-thumbnail","hentry","category-noticias"],"yoast_head":"<!-- This site is optimized with the Yoast SEO plugin v27.3 - https:\/\/yoast.com\/product\/yoast-seo-wordpress\/ -->\n<title>Guardias presidenciales seguir\u00e1n, pero bajo el mando de la Sedena -<\/title>\n<meta name=\"robots\" content=\"index, follow, max-snippet:-1, max-image-preview:large, max-video-preview:-1\" \/>\n<link rel=\"canonical\" href=\"https:\/\/quehacerpolitico.mx\/?p=6704\" \/>\n<meta property=\"og:locale\" content=\"es_MX\" \/>\n<meta property=\"og:type\" content=\"article\" \/>\n<meta property=\"og:title\" content=\"Guardias presidenciales seguir\u00e1n, pero bajo el mando de la Sedena -\" \/>\n<meta property=\"og:description\" content=\"El futuro Presidente lanzar\u00e1 una convocatoria para reclutar a j\u00f3venes interesados Por Redacci\u00f3n QP\" \/>\n<meta property=\"og:url\" content=\"https:\/\/quehacerpolitico.mx\/?p=6704\" \/>\n<meta property=\"article:published_time\" content=\"2018-10-11T14:02:11+00:00\" \/>\n<meta name=\"author\" content=\"Redacci\u00f3n QP\" \/>\n<meta name=\"twitter:card\" content=\"summary_large_image\" \/>\n<meta name=\"twitter:label1\" content=\"Escrito por\" \/>\n\t<meta name=\"twitter:data1\" content=\"Redacci\u00f3n QP\" \/>\n\t<meta name=\"twitter:label2\" content=\"Tiempo de lectura\" \/>\n\t<meta name=\"twitter:data2\" content=\"3 minutos\" \/>\n<script type=\"application\/ld+json\" class=\"yoast-schema-graph\">{\"@context\":\"https:\\\/\\\/schema.org\",\"@graph\":[{\"@type\":\"Article\",\"@id\":\"https:\\\/\\\/quehacerpolitico.mx\\\/?p=6704#article\",\"isPartOf\":{\"@id\":\"https:\\\/\\\/quehacerpolitico.mx\\\/?p=6704\"},\"author\":{\"name\":\"Redacci\u00f3n QP\",\"@id\":\"https:\\\/\\\/quehacerpolitico.mx\\\/#\\\/schema\\\/person\\\/496d8ad2d1d3f8036101dca7ee39e585\"},\"headline\":\"Guardias presidenciales seguir\u00e1n, pero bajo el mando de la Sedena\",\"datePublished\":\"2018-10-11T14:02:11+00:00\",\"mainEntityOfPage\":{\"@id\":\"https:\\\/\\\/quehacerpolitico.mx\\\/?p=6704\"},\"wordCount\":573,\"commentCount\":0,\"image\":{\"@id\":\"https:\\\/\\\/quehacerpolitico.mx\\\/?p=6704#primaryimage\"},\"thumbnailUrl\":\"\",\"articleSection\":[\"Noticias\"],\"inLanguage\":\"es\",\"potentialAction\":[{\"@type\":\"CommentAction\",\"name\":\"Comment\",\"target\":[\"https:\\\/\\\/quehacerpolitico.mx\\\/?p=6704#respond\"]}]},{\"@type\":\"WebPage\",\"@id\":\"https:\\\/\\\/quehacerpolitico.mx\\\/?p=6704\",\"url\":\"https:\\\/\\\/quehacerpolitico.mx\\\/?p=6704\",\"name\":\"Guardias presidenciales seguir\u00e1n, pero bajo el mando de la Sedena -\",\"isPartOf\":{\"@id\":\"https:\\\/\\\/quehacerpolitico.mx\\\/#website\"},\"primaryImageOfPage\":{\"@id\":\"https:\\\/\\\/quehacerpolitico.mx\\\/?p=6704#primaryimage\"},\"image\":{\"@id\":\"https:\\\/\\\/quehacerpolitico.mx\\\/?p=6704#primaryimage\"},\"thumbnailUrl\":\"\",\"datePublished\":\"2018-10-11T14:02:11+00:00\",\"author\":{\"@id\":\"https:\\\/\\\/quehacerpolitico.mx\\\/#\\\/schema\\\/person\\\/496d8ad2d1d3f8036101dca7ee39e585\"},\"breadcrumb\":{\"@id\":\"https:\\\/\\\/quehacerpolitico.mx\\\/?p=6704#breadcrumb\"},\"inLanguage\":\"es\",\"potentialAction\":[{\"@type\":\"ReadAction\",\"target\":[\"https:\\\/\\\/quehacerpolitico.mx\\\/?p=6704\"]}]},{\"@type\":\"ImageObject\",\"inLanguage\":\"es\",\"@id\":\"https:\\\/\\\/quehacerpolitico.mx\\\/?p=6704#primaryimage\",\"url\":\"\",\"contentUrl\":\"\"},{\"@type\":\"BreadcrumbList\",\"@id\":\"https:\\\/\\\/quehacerpolitico.mx\\\/?p=6704#breadcrumb\",\"itemListElement\":[{\"@type\":\"ListItem\",\"position\":1,\"name\":\"Inicio\",\"item\":\"https:\\\/\\\/quehacerpolitico.mx\\\/\"},{\"@type\":\"ListItem\",\"position\":2,\"name\":\"Guardias presidenciales seguir\u00e1n, pero bajo el mando de la Sedena\"}]},{\"@type\":\"WebSite\",\"@id\":\"https:\\\/\\\/quehacerpolitico.mx\\\/#website\",\"url\":\"https:\\\/\\\/quehacerpolitico.mx\\\/\",\"name\":\"\",\"description\":\"\",\"potentialAction\":[{\"@type\":\"SearchAction\",\"target\":{\"@type\":\"EntryPoint\",\"urlTemplate\":\"https:\\\/\\\/quehacerpolitico.mx\\\/?s={search_term_string}\"},\"query-input\":{\"@type\":\"PropertyValueSpecification\",\"valueRequired\":true,\"valueName\":\"search_term_string\"}}],\"inLanguage\":\"es\"},{\"@type\":\"Person\",\"@id\":\"https:\\\/\\\/quehacerpolitico.mx\\\/#\\\/schema\\\/person\\\/496d8ad2d1d3f8036101dca7ee39e585\",\"name\":\"Redacci\u00f3n QP\",\"image\":{\"@type\":\"ImageObject\",\"inLanguage\":\"es\",\"@id\":\"https:\\\/\\\/secure.gravatar.com\\\/avatar\\\/c7164ed6fdec453195284ad24a5ae5b6e1eed2b848477fa2a4787ba9adf39a41?s=96&d=mm&r=g\",\"url\":\"https:\\\/\\\/secure.gravatar.com\\\/avatar\\\/c7164ed6fdec453195284ad24a5ae5b6e1eed2b848477fa2a4787ba9adf39a41?s=96&d=mm&r=g\",\"contentUrl\":\"https:\\\/\\\/secure.gravatar.com\\\/avatar\\\/c7164ed6fdec453195284ad24a5ae5b6e1eed2b848477fa2a4787ba9adf39a41?s=96&d=mm&r=g\",\"caption\":\"Redacci\u00f3n QP\"},\"url\":\"https:\\\/\\\/quehacerpolitico.mx\\\/?author=2\"}]}<\/script>\n<!-- \/ Yoast SEO plugin. -->","yoast_head_json":{"title":"Guardias presidenciales seguir\u00e1n, pero bajo el mando de la Sedena -","robots":{"index":"index","follow":"follow","max-snippet":"max-snippet:-1","max-image-preview":"max-image-preview:large","max-video-preview":"max-video-preview:-1"},"canonical":"https:\/\/quehacerpolitico.mx\/?p=6704","og_locale":"es_MX","og_type":"article","og_title":"Guardias presidenciales seguir\u00e1n, pero bajo el mando de la Sedena -","og_description":"El futuro Presidente lanzar\u00e1 una convocatoria para reclutar a j\u00f3venes interesados Por Redacci\u00f3n QP","og_url":"https:\/\/quehacerpolitico.mx\/?p=6704","article_published_time":"2018-10-11T14:02:11+00:00","author":"Redacci\u00f3n QP","twitter_card":"summary_large_image","twitter_misc":{"Escrito por":"Redacci\u00f3n QP","Tiempo de lectura":"3 minutos"},"schema":{"@context":"https:\/\/schema.org","@graph":[{"@type":"Article","@id":"https:\/\/quehacerpolitico.mx\/?p=6704#article","isPartOf":{"@id":"https:\/\/quehacerpolitico.mx\/?p=6704"},"author":{"name":"Redacci\u00f3n QP","@id":"https:\/\/quehacerpolitico.mx\/#\/schema\/person\/496d8ad2d1d3f8036101dca7ee39e585"},"headline":"Guardias presidenciales seguir\u00e1n, pero bajo el mando de la Sedena","datePublished":"2018-10-11T14:02:11+00:00","mainEntityOfPage":{"@id":"https:\/\/quehacerpolitico.mx\/?p=6704"},"wordCount":573,"commentCount":0,"image":{"@id":"https:\/\/quehacerpolitico.mx\/?p=6704#primaryimage"},"thumbnailUrl":"","articleSection":["Noticias"],"inLanguage":"es","potentialAction":[{"@type":"CommentAction","name":"Comment","target":["https:\/\/quehacerpolitico.mx\/?p=6704#respond"]}]},{"@type":"WebPage","@id":"https:\/\/quehacerpolitico.mx\/?p=6704","url":"https:\/\/quehacerpolitico.mx\/?p=6704","name":"Guardias presidenciales seguir\u00e1n, pero bajo el mando de la Sedena -","isPartOf":{"@id":"https:\/\/quehacerpolitico.mx\/#website"},"primaryImageOfPage":{"@id":"https:\/\/quehacerpolitico.mx\/?p=6704#primaryimage"},"image":{"@id":"https:\/\/quehacerpolitico.mx\/?p=6704#primaryimage"},"thumbnailUrl":"","datePublished":"2018-10-11T14:02:11+00:00","author":{"@id":"https:\/\/quehacerpolitico.mx\/#\/schema\/person\/496d8ad2d1d3f8036101dca7ee39e585"},"breadcrumb":{"@id":"https:\/\/quehacerpolitico.mx\/?p=6704#breadcrumb"},"inLanguage":"es","potentialAction":[{"@type":"ReadAction","target":["https:\/\/quehacerpolitico.mx\/?p=6704"]}]},{"@type":"ImageObject","inLanguage":"es","@id":"https:\/\/quehacerpolitico.mx\/?p=6704#primaryimage","url":"","contentUrl":""},{"@type":"BreadcrumbList","@id":"https:\/\/quehacerpolitico.mx\/?p=6704#breadcrumb","itemListElement":[{"@type":"ListItem","position":1,"name":"Inicio","item":"https:\/\/quehacerpolitico.mx\/"},{"@type":"ListItem","position":2,"name":"Guardias presidenciales seguir\u00e1n, pero bajo el mando de la Sedena"}]},{"@type":"WebSite","@id":"https:\/\/quehacerpolitico.mx\/#website","url":"https:\/\/quehacerpolitico.mx\/","name":"","description":"","potentialAction":[{"@type":"SearchAction","target":{"@type":"EntryPoint","urlTemplate":"https:\/\/quehacerpolitico.mx\/?s={search_term_string}"},"query-input":{"@type":"PropertyValueSpecification","valueRequired":true,"valueName":"search_term_string"}}],"inLanguage":"es"},{"@type":"Person","@id":"https:\/\/quehacerpolitico.mx\/#\/schema\/person\/496d8ad2d1d3f8036101dca7ee39e585","name":"Redacci\u00f3n QP","image":{"@type":"ImageObject","inLanguage":"es","@id":"https:\/\/secure.gravatar.com\/avatar\/c7164ed6fdec453195284ad24a5ae5b6e1eed2b848477fa2a4787ba9adf39a41?s=96&d=mm&r=g","url":"https:\/\/secure.gravatar.com\/avatar\/c7164ed6fdec453195284ad24a5ae5b6e1eed2b848477fa2a4787ba9adf39a41?s=96&d=mm&r=g","contentUrl":"https:\/\/secure.gravatar.com\/avatar\/c7164ed6fdec453195284ad24a5ae5b6e1eed2b848477fa2a4787ba9adf39a41?s=96&d=mm&r=g","caption":"Redacci\u00f3n QP"},"url":"https:\/\/quehacerpolitico.mx\/?author=2"}]}},"featured_image_urls":{"full":"","thumbnail":"","medium":"","medium_large":"","large":"","1536x1536":"","2048x2048":"","covernews-featured":"","covernews-medium":""},"author_info":{"display_name":"Redacci\u00f3n QP","author_link":"https:\/\/quehacerpolitico.mx\/?author=2"},"category_info":"<a href=\"https:\/\/quehacerpolitico.mx\/?cat=2\" rel=\"category\">Noticias<\/a>","tag_info":"Noticias","comment_count":"0","_links":{"self":[{"href":"https:\/\/quehacerpolitico.mx\/index.php?rest_route=\/wp\/v2\/posts\/6704","targetHints":{"allow":["GET"]}}],"collection":[{"href":"https:\/\/quehacerpolitico.mx\/index.php?rest_route=\/wp\/v2\/posts"}],"about":[{"href":"https:\/\/quehacerpolitico.mx\/index.php?rest_route=\/wp\/v2\/types\/post"}],"author":[{"embeddable":true,"href":"https:\/\/quehacerpolitico.mx\/index.php?rest_route=\/wp\/v2\/users\/2"}],"replies":[{"embeddable":true,"href":"https:\/\/quehacerpolitico.mx\/index.php?rest_route=%2Fwp%2Fv2%2Fcomments&post=6704"}],"version-history":[{"count":0,"href":"https:\/\/quehacerpolitico.mx\/index.php?rest_route=\/wp\/v2\/posts\/6704\/revisions"}],"wp:featuredmedia":[{"embeddable":true,"href":"https:\/\/quehacerpolitico.mx\/index.php?rest_route=\/"}],"wp:attachment":[{"href":"https:\/\/quehacerpolitico.mx\/index.php?rest_route=%2Fwp%2Fv2%2Fmedia&parent=6704"}],"wp:term":[{"taxonomy":"category","embeddable":true,"href":"https:\/\/quehacerpolitico.mx\/index.php?rest_route=%2Fwp%2Fv2%2Fcategories&post=6704"},{"taxonomy":"post_tag","embeddable":true,"href":"https:\/\/quehacerpolitico.mx\/index.php?rest_route=%2Fwp%2Fv2%2Ftags&post=6704"}],"curies":[{"name":"wp","href":"https:\/\/api.w.org\/{rel}","templated":true}]}}