{"id":6702,"date":"2018-10-11T13:54:23","date_gmt":"2018-10-11T13:54:23","guid":{"rendered":"http:\/\/quehacerpolitico.mx\/martha-erika-alonso-llama-a-unidad-y-dialogo-por-el-bien-de-puebla\/"},"modified":"2018-10-11T13:54:23","modified_gmt":"2018-10-11T13:54:23","slug":"martha-erika-alonso-llama-a-unidad-y-dialogo-por-el-bien-de-puebla","status":"publish","type":"post","link":"https:\/\/quehacerpolitico.mx\/?p=6702","title":{"rendered":"Martha Erika Alonso llama a unidad y di\u00e1logo por el bien de Puebla"},"content":{"rendered":"<p>La gobernadora electa de Puebla, Martha Erika Alonso, celebr\u00f3 que el fallo del Tribunal Electoral de la entidad haya ratificado el triunfo y la voluntad de la ciudadan\u00eda expresada el 1 de julio y llam\u00f3 a los dem\u00e1s partidos a dialogar y dejar atr\u00e1s sus diferencias.<\/p>\n<p>En un video publicado en su cuenta de Twitter @MarthaErikaA, extern\u00f3 su compromiso de colaboraci\u00f3n con el presidente electo de M\u00e9xico, Andr\u00e9s Manuel L\u00f3pez Obrador, as\u00ed como con los distintos niveles de gobierno para trabajar en favor de la entidad y del pa\u00eds.<\/p>\n<p>La gobernadora electa manifest\u00f3 su reconocimiento a las autoridades por apegarse a los principios de certeza, legalidad e imparcialidad y destac\u00f3 que la del 1 de julio se trat\u00f3 de una elecci\u00f3n hist\u00f3rica, con una participaci\u00f3n de casi 68 por ciento de la ciudadan\u00eda.<\/p>\n<p>Asegur\u00f3 que encabezar\u00e1 un gobierno cercano a la gente, con austeridad y en el que las familias sean la prioridad.<\/p>\n<p>En tanto, el Partido Acci\u00f3n Nacional (PAN) se congratul\u00f3 por el fallo del Tribunal Electoral de Puebla, que da el triunfo a Martha Erika Alonso.<\/p>\n<blockquote class=\"twitter-tweet\" data-width=\"550\" data-dnt=\"true\">\n<p lang=\"es\" dir=\"ltr\">Celebro que haya concluido el proceso electoral y que se den a conocer los resultados de la elecci\u00f3n, en donde el <a href=\"https:\/\/twitter.com\/trielecpue?ref_src=twsrc%5Etfw\">@trielecpue<\/a> ratific\u00f3 el triunfo y la voluntad de los poblanos emitida el pasado 1ro de julio. <a href=\"https:\/\/t.co\/CCqoq5ihFR\">pic.twitter.com\/CCqoq5ihFR<\/a><\/p>\n<p>&mdash; Martha Erika Alonso (@MarthaErikaA) <a href=\"https:\/\/twitter.com\/MarthaErikaA\/status\/1050186851498295299?ref_src=twsrc%5Etfw\">October 11, 2018<\/a><\/p><\/blockquote>\n<p><script async src=\"https:\/\/platform.twitter.com\/widgets.js\" charset=\"utf-8\"><\/script><\/p>\n<p>&#8220;Celebramos que el Tribunal Electoral del Estado de #Puebla haya respetado y hecho valer la voluntad de los ciudadanos, al ratificar como Gobernadora Electa de esta entidad a @MarthaErikaA. Es momento de seguir trabajando por el bienestar de todos los poblanos&#8221;, expuso en su cuenta de Twitter @AccionNacional.\u00a0<\/p>\n","protected":false},"excerpt":{"rendered":"<p>En un video en Twitter, la gobernadora electa de Puebla extern\u00f3 su compromiso de colaboraci\u00f3n con L\u00f3pez Obrador y los distintos niveles de gobierno para trabajar en favor de la entidad y del pa\u00eds<br \/>\nPor Redacci\u00f3n QP<\/p>\n","protected":false},"author":2,"featured_media":6701,"comment_status":"open","ping_status":"open","sticky":false,"template":"","format":"standard","meta":{"_monsterinsights_skip_tracking":false,"_monsterinsights_sitenote_active":false,"_monsterinsights_sitenote_note":"","_monsterinsights_sitenote_category":0,"footnotes":""},"categories":[2],"tags":[],"class_list":["post-6702","post","type-post","status-publish","format-standard","has-post-thumbnail","hentry","category-noticias"],"yoast_head":"<!-- This site is optimized with the Yoast SEO plugin v27.3 - https:\/\/yoast.com\/product\/yoast-seo-wordpress\/ -->\n<title>Martha Erika Alonso llama a unidad y di\u00e1logo por el bien de Puebla -<\/title>\n<meta name=\"robots\" content=\"index, follow, max-snippet:-1, max-image-preview:large, max-video-preview:-1\" \/>\n<link rel=\"canonical\" href=\"https:\/\/quehacerpolitico.mx\/?p=6702\" \/>\n<meta property=\"og:locale\" content=\"es_MX\" \/>\n<meta property=\"og:type\" content=\"article\" \/>\n<meta property=\"og:title\" content=\"Martha Erika Alonso llama a unidad y di\u00e1logo por el bien de Puebla -\" \/>\n<meta property=\"og:description\" content=\"En un video en Twitter, la gobernadora electa de Puebla extern\u00f3 su compromiso de colaboraci\u00f3n con L\u00f3pez Obrador y los distintos niveles de gobierno para trabajar en favor de la entidad y del pa\u00eds Por Redacci\u00f3n QP\" \/>\n<meta property=\"og:url\" content=\"https:\/\/quehacerpolitico.mx\/?p=6702\" \/>\n<meta property=\"article:published_time\" content=\"2018-10-11T13:54:23+00:00\" \/>\n<meta name=\"author\" content=\"Redacci\u00f3n QP\" \/>\n<meta name=\"twitter:card\" content=\"summary_large_image\" \/>\n<meta name=\"twitter:label1\" content=\"Escrito por\" \/>\n\t<meta name=\"twitter:data1\" content=\"Redacci\u00f3n QP\" \/>\n\t<meta name=\"twitter:label2\" content=\"Tiempo de lectura\" \/>\n\t<meta name=\"twitter:data2\" content=\"1 minuto\" \/>\n<script type=\"application\/ld+json\" class=\"yoast-schema-graph\">{\"@context\":\"https:\\\/\\\/schema.org\",\"@graph\":[{\"@type\":\"Article\",\"@id\":\"https:\\\/\\\/quehacerpolitico.mx\\\/?p=6702#article\",\"isPartOf\":{\"@id\":\"https:\\\/\\\/quehacerpolitico.mx\\\/?p=6702\"},\"author\":{\"name\":\"Redacci\u00f3n QP\",\"@id\":\"https:\\\/\\\/quehacerpolitico.mx\\\/#\\\/schema\\\/person\\\/496d8ad2d1d3f8036101dca7ee39e585\"},\"headline\":\"Martha Erika Alonso llama a unidad y di\u00e1logo por el bien de Puebla\",\"datePublished\":\"2018-10-11T13:54:23+00:00\",\"mainEntityOfPage\":{\"@id\":\"https:\\\/\\\/quehacerpolitico.mx\\\/?p=6702\"},\"wordCount\":256,\"commentCount\":0,\"image\":{\"@id\":\"https:\\\/\\\/quehacerpolitico.mx\\\/?p=6702#primaryimage\"},\"thumbnailUrl\":\"\",\"articleSection\":[\"Noticias\"],\"inLanguage\":\"es\",\"potentialAction\":[{\"@type\":\"CommentAction\",\"name\":\"Comment\",\"target\":[\"https:\\\/\\\/quehacerpolitico.mx\\\/?p=6702#respond\"]}]},{\"@type\":\"WebPage\",\"@id\":\"https:\\\/\\\/quehacerpolitico.mx\\\/?p=6702\",\"url\":\"https:\\\/\\\/quehacerpolitico.mx\\\/?p=6702\",\"name\":\"Martha Erika Alonso llama a unidad y di\u00e1logo por el bien de Puebla -\",\"isPartOf\":{\"@id\":\"https:\\\/\\\/quehacerpolitico.mx\\\/#website\"},\"primaryImageOfPage\":{\"@id\":\"https:\\\/\\\/quehacerpolitico.mx\\\/?p=6702#primaryimage\"},\"image\":{\"@id\":\"https:\\\/\\\/quehacerpolitico.mx\\\/?p=6702#primaryimage\"},\"thumbnailUrl\":\"\",\"datePublished\":\"2018-10-11T13:54:23+00:00\",\"author\":{\"@id\":\"https:\\\/\\\/quehacerpolitico.mx\\\/#\\\/schema\\\/person\\\/496d8ad2d1d3f8036101dca7ee39e585\"},\"breadcrumb\":{\"@id\":\"https:\\\/\\\/quehacerpolitico.mx\\\/?p=6702#breadcrumb\"},\"inLanguage\":\"es\",\"potentialAction\":[{\"@type\":\"ReadAction\",\"target\":[\"https:\\\/\\\/quehacerpolitico.mx\\\/?p=6702\"]}]},{\"@type\":\"ImageObject\",\"inLanguage\":\"es\",\"@id\":\"https:\\\/\\\/quehacerpolitico.mx\\\/?p=6702#primaryimage\",\"url\":\"\",\"contentUrl\":\"\"},{\"@type\":\"BreadcrumbList\",\"@id\":\"https:\\\/\\\/quehacerpolitico.mx\\\/?p=6702#breadcrumb\",\"itemListElement\":[{\"@type\":\"ListItem\",\"position\":1,\"name\":\"Inicio\",\"item\":\"https:\\\/\\\/quehacerpolitico.mx\\\/\"},{\"@type\":\"ListItem\",\"position\":2,\"name\":\"Martha Erika Alonso llama a unidad y di\u00e1logo por el bien de Puebla\"}]},{\"@type\":\"WebSite\",\"@id\":\"https:\\\/\\\/quehacerpolitico.mx\\\/#website\",\"url\":\"https:\\\/\\\/quehacerpolitico.mx\\\/\",\"name\":\"\",\"description\":\"\",\"potentialAction\":[{\"@type\":\"SearchAction\",\"target\":{\"@type\":\"EntryPoint\",\"urlTemplate\":\"https:\\\/\\\/quehacerpolitico.mx\\\/?s={search_term_string}\"},\"query-input\":{\"@type\":\"PropertyValueSpecification\",\"valueRequired\":true,\"valueName\":\"search_term_string\"}}],\"inLanguage\":\"es\"},{\"@type\":\"Person\",\"@id\":\"https:\\\/\\\/quehacerpolitico.mx\\\/#\\\/schema\\\/person\\\/496d8ad2d1d3f8036101dca7ee39e585\",\"name\":\"Redacci\u00f3n QP\",\"image\":{\"@type\":\"ImageObject\",\"inLanguage\":\"es\",\"@id\":\"https:\\\/\\\/secure.gravatar.com\\\/avatar\\\/c7164ed6fdec453195284ad24a5ae5b6e1eed2b848477fa2a4787ba9adf39a41?s=96&d=mm&r=g\",\"url\":\"https:\\\/\\\/secure.gravatar.com\\\/avatar\\\/c7164ed6fdec453195284ad24a5ae5b6e1eed2b848477fa2a4787ba9adf39a41?s=96&d=mm&r=g\",\"contentUrl\":\"https:\\\/\\\/secure.gravatar.com\\\/avatar\\\/c7164ed6fdec453195284ad24a5ae5b6e1eed2b848477fa2a4787ba9adf39a41?s=96&d=mm&r=g\",\"caption\":\"Redacci\u00f3n QP\"},\"url\":\"https:\\\/\\\/quehacerpolitico.mx\\\/?author=2\"}]}<\/script>\n<!-- \/ Yoast SEO plugin. -->","yoast_head_json":{"title":"Martha Erika Alonso llama a unidad y di\u00e1logo por el bien de Puebla -","robots":{"index":"index","follow":"follow","max-snippet":"max-snippet:-1","max-image-preview":"max-image-preview:large","max-video-preview":"max-video-preview:-1"},"canonical":"https:\/\/quehacerpolitico.mx\/?p=6702","og_locale":"es_MX","og_type":"article","og_title":"Martha Erika Alonso llama a unidad y di\u00e1logo por el bien de Puebla -","og_description":"En un video en Twitter, la gobernadora electa de Puebla extern\u00f3 su compromiso de colaboraci\u00f3n con L\u00f3pez Obrador y los distintos niveles de gobierno para trabajar en favor de la entidad y del pa\u00eds Por Redacci\u00f3n QP","og_url":"https:\/\/quehacerpolitico.mx\/?p=6702","article_published_time":"2018-10-11T13:54:23+00:00","author":"Redacci\u00f3n QP","twitter_card":"summary_large_image","twitter_misc":{"Escrito por":"Redacci\u00f3n QP","Tiempo de lectura":"1 minuto"},"schema":{"@context":"https:\/\/schema.org","@graph":[{"@type":"Article","@id":"https:\/\/quehacerpolitico.mx\/?p=6702#article","isPartOf":{"@id":"https:\/\/quehacerpolitico.mx\/?p=6702"},"author":{"name":"Redacci\u00f3n QP","@id":"https:\/\/quehacerpolitico.mx\/#\/schema\/person\/496d8ad2d1d3f8036101dca7ee39e585"},"headline":"Martha Erika Alonso llama a unidad y di\u00e1logo por el bien de Puebla","datePublished":"2018-10-11T13:54:23+00:00","mainEntityOfPage":{"@id":"https:\/\/quehacerpolitico.mx\/?p=6702"},"wordCount":256,"commentCount":0,"image":{"@id":"https:\/\/quehacerpolitico.mx\/?p=6702#primaryimage"},"thumbnailUrl":"","articleSection":["Noticias"],"inLanguage":"es","potentialAction":[{"@type":"CommentAction","name":"Comment","target":["https:\/\/quehacerpolitico.mx\/?p=6702#respond"]}]},{"@type":"WebPage","@id":"https:\/\/quehacerpolitico.mx\/?p=6702","url":"https:\/\/quehacerpolitico.mx\/?p=6702","name":"Martha Erika Alonso llama a unidad y di\u00e1logo por el bien de Puebla -","isPartOf":{"@id":"https:\/\/quehacerpolitico.mx\/#website"},"primaryImageOfPage":{"@id":"https:\/\/quehacerpolitico.mx\/?p=6702#primaryimage"},"image":{"@id":"https:\/\/quehacerpolitico.mx\/?p=6702#primaryimage"},"thumbnailUrl":"","datePublished":"2018-10-11T13:54:23+00:00","author":{"@id":"https:\/\/quehacerpolitico.mx\/#\/schema\/person\/496d8ad2d1d3f8036101dca7ee39e585"},"breadcrumb":{"@id":"https:\/\/quehacerpolitico.mx\/?p=6702#breadcrumb"},"inLanguage":"es","potentialAction":[{"@type":"ReadAction","target":["https:\/\/quehacerpolitico.mx\/?p=6702"]}]},{"@type":"ImageObject","inLanguage":"es","@id":"https:\/\/quehacerpolitico.mx\/?p=6702#primaryimage","url":"","contentUrl":""},{"@type":"BreadcrumbList","@id":"https:\/\/quehacerpolitico.mx\/?p=6702#breadcrumb","itemListElement":[{"@type":"ListItem","position":1,"name":"Inicio","item":"https:\/\/quehacerpolitico.mx\/"},{"@type":"ListItem","position":2,"name":"Martha Erika Alonso llama a unidad y di\u00e1logo por el bien de Puebla"}]},{"@type":"WebSite","@id":"https:\/\/quehacerpolitico.mx\/#website","url":"https:\/\/quehacerpolitico.mx\/","name":"","description":"","potentialAction":[{"@type":"SearchAction","target":{"@type":"EntryPoint","urlTemplate":"https:\/\/quehacerpolitico.mx\/?s={search_term_string}"},"query-input":{"@type":"PropertyValueSpecification","valueRequired":true,"valueName":"search_term_string"}}],"inLanguage":"es"},{"@type":"Person","@id":"https:\/\/quehacerpolitico.mx\/#\/schema\/person\/496d8ad2d1d3f8036101dca7ee39e585","name":"Redacci\u00f3n QP","image":{"@type":"ImageObject","inLanguage":"es","@id":"https:\/\/secure.gravatar.com\/avatar\/c7164ed6fdec453195284ad24a5ae5b6e1eed2b848477fa2a4787ba9adf39a41?s=96&d=mm&r=g","url":"https:\/\/secure.gravatar.com\/avatar\/c7164ed6fdec453195284ad24a5ae5b6e1eed2b848477fa2a4787ba9adf39a41?s=96&d=mm&r=g","contentUrl":"https:\/\/secure.gravatar.com\/avatar\/c7164ed6fdec453195284ad24a5ae5b6e1eed2b848477fa2a4787ba9adf39a41?s=96&d=mm&r=g","caption":"Redacci\u00f3n QP"},"url":"https:\/\/quehacerpolitico.mx\/?author=2"}]}},"featured_image_urls":{"full":"","thumbnail":"","medium":"","medium_large":"","large":"","1536x1536":"","2048x2048":"","covernews-featured":"","covernews-medium":""},"author_info":{"display_name":"Redacci\u00f3n QP","author_link":"https:\/\/quehacerpolitico.mx\/?author=2"},"category_info":"<a href=\"https:\/\/quehacerpolitico.mx\/?cat=2\" rel=\"category\">Noticias<\/a>","tag_info":"Noticias","comment_count":"0","_links":{"self":[{"href":"https:\/\/quehacerpolitico.mx\/index.php?rest_route=\/wp\/v2\/posts\/6702","targetHints":{"allow":["GET"]}}],"collection":[{"href":"https:\/\/quehacerpolitico.mx\/index.php?rest_route=\/wp\/v2\/posts"}],"about":[{"href":"https:\/\/quehacerpolitico.mx\/index.php?rest_route=\/wp\/v2\/types\/post"}],"author":[{"embeddable":true,"href":"https:\/\/quehacerpolitico.mx\/index.php?rest_route=\/wp\/v2\/users\/2"}],"replies":[{"embeddable":true,"href":"https:\/\/quehacerpolitico.mx\/index.php?rest_route=%2Fwp%2Fv2%2Fcomments&post=6702"}],"version-history":[{"count":0,"href":"https:\/\/quehacerpolitico.mx\/index.php?rest_route=\/wp\/v2\/posts\/6702\/revisions"}],"wp:featuredmedia":[{"embeddable":true,"href":"https:\/\/quehacerpolitico.mx\/index.php?rest_route=\/"}],"wp:attachment":[{"href":"https:\/\/quehacerpolitico.mx\/index.php?rest_route=%2Fwp%2Fv2%2Fmedia&parent=6702"}],"wp:term":[{"taxonomy":"category","embeddable":true,"href":"https:\/\/quehacerpolitico.mx\/index.php?rest_route=%2Fwp%2Fv2%2Fcategories&post=6702"},{"taxonomy":"post_tag","embeddable":true,"href":"https:\/\/quehacerpolitico.mx\/index.php?rest_route=%2Fwp%2Fv2%2Ftags&post=6702"}],"curies":[{"name":"wp","href":"https:\/\/api.w.org\/{rel}","templated":true}]}}