{"id":6654,"date":"2018-10-11T03:12:33","date_gmt":"2018-10-11T03:12:33","guid":{"rendered":"http:\/\/quehacerpolitico.mx\/el-festival-cervantino-arranca-con-el-espectaculo-de-danza-un-pasaje-a-bollywood-fotos\/"},"modified":"2018-10-11T03:12:33","modified_gmt":"2018-10-11T03:12:33","slug":"el-festival-cervantino-arranca-con-el-espectaculo-de-danza-un-pasaje-a-bollywood-fotos","status":"publish","type":"post","link":"https:\/\/quehacerpolitico.mx\/?p=6654","title":{"rendered":"El Festival Cervantino arranca con el espect\u00e1culo de danza \u201cUn pasaje a Bollywood\u201d (FOTOS)"},"content":{"rendered":"<h3><strong>El\u00a0Festival Internacional Cervantino contar\u00e1 con 195 actividades que girar\u00e1n en torno al eje tem\u00e1tico \u201cEl futuro es hoy\u201d y tendr\u00e1 no solo a la India sino al estado de Aguascalientes como invitados de honor.<\/strong><\/h3>\n<p>El espect\u00e1culo de danza \u201cUn pasaje a Bollywood\u201d, montado y dirigido por el core\u00f3grafo indio Ashley Lobo, inaugur\u00f3 hoy el Festival Internacional Cervantino (FIC), que se desarrollar\u00e1 hasta el 28 de octubre en la ciudad mexicana de Guanajuato con la India como pa\u00eds invitado de honor.<\/p>\n<p>La coreograf\u00eda, interpretada por la propia compa\u00f1\u00eda de Lobo, la Navdhara India Dance Theatre (NIDT), presenta un espectacular y colorido vestuario, danzas llenas de ritmo y energ\u00eda, r\u00edtmicas escenas tomadas de la vida cultural india y una colecci\u00f3n de m\u00fasica y canciones extra\u00eddas de algunos filmes producidos en los estudios de Bombay (Bollywood).<\/p>\n<p>El tema central de esta representaci\u00f3n es el amor, y la pregunta de qu\u00e9 tan lejos podemos llegar para hacer realidad un sue\u00f1o.<\/p>\n<p>Es la historia de un muchacho de pueblo llamado Sandy que se muda a la imponente Bombay para hacer realidad sus aspiraciones.<\/p>\n<blockquote class=\"twitter-tweet\" data-width=\"550\" data-dnt=\"true\">\n<p lang=\"es\" dir=\"ltr\">\u00bfQui\u00e9n dijo que para conocer Bollywood tendr\u00edas que ir a la <a href=\"https:\/\/twitter.com\/hashtag\/India?src=hash&amp;ref_src=twsrc%5Etfw\">#India<\/a>?  Ashley Lobo trae una recreaci\u00f3n de los bailes y vestuarios de su industria cinematogr\u00e1fica con The Danceworx. <a href=\"https:\/\/twitter.com\/hashtag\/ElFuturoEsHoy?src=hash&amp;ref_src=twsrc%5Etfw\">#ElFuturoEsHoy<\/a> <a href=\"https:\/\/t.co\/VoJTU0zj78\">pic.twitter.com\/VoJTU0zj78<\/a><\/p>\n<p>&mdash; Festival Cervantino (@cervantino) <a href=\"https:\/\/twitter.com\/cervantino\/status\/1050206237042855936?ref_src=twsrc%5Etfw\">October 11, 2018<\/a><\/p><\/blockquote>\n<p><script async src=\"https:\/\/platform.twitter.com\/widgets.js\" charset=\"utf-8\"><\/script><\/p>\n<section class=\"post-content\">\n<p>La obra sigue su traves\u00eda y las relaciones que forja con la mujer de sus sue\u00f1os, Leela, y \u201cDon\u201d Tejas Bhai, quien lo toma bajo su protecci\u00f3n, casi como un hermano mayor.<\/p>\n<blockquote>\n<p>El musical, que combina drama, acci\u00f3n, romance y baile, como en una t\u00edpica pel\u00edcula de Bollywood, muestra el arte de la danza tradicional india junto con g\u00e9neros m\u00e1s modernos a cargo de 22 bailarines cuya energ\u00eda se transmite al p\u00fablico como una corriente el\u00e9ctrica.<\/p>\n<\/blockquote>\n<p>Como cabr\u00eda esperar, el vestuario es un elemento fundamental en \u201cUn pasaje a Bollywood\u201d, y los m\u00e1s de 80 elaborados y coloridos atuendos contribuyen a la exhuberancia de las escenas.<\/p>\n<p>El FIC contar\u00e1 con 195 actividades que girar\u00e1n en torno al eje tem\u00e1tico \u201cEl futuro es hoy\u201d y tendr\u00e1 no solo a la India sino al estado mexicano de Aguascalientes como invitados de honor.<\/p>\n<div id=\"attachment_3482966\" class=\"wp-caption alignnone\"><img loading=\"lazy\" decoding=\"async\" class=\"wp-image-3482966 size-full\" src=\"http:\/\/www.sinembargo.mx\/wp-content\/uploads\/2018\/10\/dpmq6sjuwaasarg.jpg\" sizes=\"auto, (max-width: 700px) 100vw, 700px\" srcset=\"http:\/\/www.sinembargo.mx\/wp-content\/uploads\/2018\/10\/dpmq6sjuwaasarg.jpg 700w, http:\/\/www.sinembargo.mx\/wp-content\/uploads\/2018\/10\/dpmq6sjuwaasarg-300x200.jpg 300w\" alt=\"\" width=\"700\" height=\"466\" \/><\/p>\n<p class=\"wp-caption-text\">El espect\u00e1culo de danza \u201cUn pasaje a Bollywood\u201d, montado y dirigido por el core\u00f3grafo indio Ashley Lobo, inaugur\u00f3 hoy el Festival Internacional Cervantino (FIC). Foto: Cervantino.<\/p>\n<\/div>\n<div id=\"attachment_3482967\" class=\"wp-caption alignnone\"><img loading=\"lazy\" decoding=\"async\" class=\"wp-image-3482967 size-full\" src=\"http:\/\/www.sinembargo.mx\/wp-content\/uploads\/2018\/10\/dpmq6skuwaaktcv.jpg\" sizes=\"auto, (max-width: 700px) 100vw, 700px\" srcset=\"http:\/\/www.sinembargo.mx\/wp-content\/uploads\/2018\/10\/dpmq6skuwaaktcv.jpg 700w, http:\/\/www.sinembargo.mx\/wp-content\/uploads\/2018\/10\/dpmq6skuwaaktcv-300x200.jpg 300w\" alt=\"\" width=\"700\" height=\"466\" \/><\/p>\n<p class=\"wp-caption-text\">El espect\u00e1culo de danza \u201cUn pasaje a Bollywood\u201d, montado y dirigido por el core\u00f3grafo indio Ashley Lobo, inaugur\u00f3 hoy el Festival Internacional Cervantino (FIC). Foto: Cervantino.<\/p>\n<\/div>\n<div id=\"attachment_3482968\" class=\"wp-caption alignnone\"><img loading=\"lazy\" decoding=\"async\" class=\"wp-image-3482968 size-full\" src=\"http:\/\/www.sinembargo.mx\/wp-content\/uploads\/2018\/10\/dpmq6sjvsaaa3wv.jpg\" sizes=\"auto, (max-width: 700px) 100vw, 700px\" srcset=\"http:\/\/www.sinembargo.mx\/wp-content\/uploads\/2018\/10\/dpmq6sjvsaaa3wv.jpg 700w, http:\/\/www.sinembargo.mx\/wp-content\/uploads\/2018\/10\/dpmq6sjvsaaa3wv-300x200.jpg 300w\" alt=\"\" width=\"700\" height=\"466\" \/><\/p>\n<p class=\"wp-caption-text\">El espect\u00e1culo de danza \u201cUn pasaje a Bollywood\u201d, montado y dirigido por el core\u00f3grafo indio Ashley Lobo, inaugur\u00f3 hoy el Festival Internacional Cervantino (FIC). Foto: Cervantino.<\/p>\n<\/div>\n<p>En total, 110 grupos art\u00edsticos de 35 pa\u00edses participar\u00e1n en el festival cultural m\u00e1s importante en M\u00e9xico, que a\u00fana disciplinas como la danza, la m\u00fasica, el cine, las artes visuales y el teatro.<\/p>\n<blockquote>\n<p>Durante la presentaci\u00f3n del programa el pasado 10 de julio en Ciudad de M\u00e9xico, la directora del FIC, Marcela Diez Mart\u00ednez, hizo referencia a la frase de Mahatma Gandhi \u201cEl futuro depende de lo que hagas hoy\u201d, as\u00ed como a la de Vasily Kandinsky \u201cEl arte va m\u00e1s all\u00e1 de su tiempo y lleva parte del futuro\u201d.<\/p>\n<\/blockquote>\n<p>En torno a este eje se tocar\u00e1n aspectos como el orden social y geopol\u00edtico, la globalizaci\u00f3n, la migraci\u00f3n, las nuevas tecnolog\u00edas y la comunicaci\u00f3n.<\/p>\n<p>Diez Mart\u00ednez asegur\u00f3 que el programa de este a\u00f1o \u201chace alarde de la pluralidad\u201d cultural, lo que se demuestra con el intercambio entre expresiones nacionales e internacionales.<\/p>\n<blockquote>\n<p>Tener a la India como pa\u00eds invitado, destac\u00f3, \u201crepresentar\u00e1 una sacudida en nuestra visi\u00f3n de este lejano pa\u00eds\u201d, mientras que la presencia de Aguascalientes \u201cpermitir\u00e1 echar una mirada m\u00e1s profunda\u201d a esta regi\u00f3n mexicana.<\/p>\n<\/blockquote>\n<p>Entre las actividades musicales destaca la presencia de la banda mexicana Molotov, la rapera espa\u00f1ola Mala Rodr\u00edguez y la violonchelista brit\u00e1nica Natalie Clein, quien interpretar\u00e1 las \u201cSonatas completas para violonchelo y piano\u201d de Beethoven.<\/p>\n<p>En \u00f3pera y m\u00fasica vocal sobresale el \u201cHansel y Gretel\u201d que llevar\u00e1 a cabo el Teatro de Marionetas de Salzburgo.<\/p>\n<p>Les Ballets de Monte-Carlo, el Ballet del Teatro Nacional de Eslovenia y el bailar\u00edn japon\u00e9s Hiroaki Umeda formar\u00e1n parte de la secci\u00f3n de danza.<\/p>\n<p>En el terreno de la dramaturgia se podr\u00e1n ver 36 montajes, entre ellos la coproducci\u00f3n Espa\u00f1a-India \u201cKijote Kathakali\u201d, una nueva versi\u00f3n de \u201cEl Quijote\u201d que emplea elementos del rito hind\u00fa y que est\u00e1 escenificada por la compa\u00f1\u00eda Margi.<\/p>\n<p>Adem\u00e1s, este a\u00f1o se conmemoran el 65 aniversario de los \u201cEntremeses Cervantinos\u201d, las representaciones de las piezas de Miguel de Cervantes iniciadas por Enrique Ruelas y que son el germen del que brot\u00f3 el FIC.<\/p>\n<p>En el apartado dedicado a las artes visuales se expondr\u00e1 una muestra del artista suizo Hans Ruedi Giger, quien particip\u00f3 en cintas como \u201cAlien\u201d o \u201cPoltergeist II\u201d.<\/p>\n<p>El Ferial de Aguascalientes pondr\u00e1 el broche de oro al Festival, con el espect\u00e1culo \u201cLos colores de Herr\u00e1n, el m\u00e1s mexicano de los pintores\u201d, dedicado al artista Saturnino Herr\u00e1n.<\/p>\n<div class=\"at-below-post addthis_tool\" data-url=\"http:\/\/www.sinembargo.mx\/10-10-2018\/3482964\">Con Informaci\u00f3n de EFE<\/div>\n<\/section>\n<div class=\"app-share-buttons\">\u00a0<\/div>\n","protected":false},"excerpt":{"rendered":"<p>El Festival Cervantino arranca con el espect\u00e1culo de danza \u201cUn pasaje a Bollywood\u201d (FOTOS)<br \/>\nPor Redacci\u00f3n QP<\/p>\n","protected":false},"author":2,"featured_media":6653,"comment_status":"open","ping_status":"open","sticky":false,"template":"","format":"standard","meta":{"_monsterinsights_skip_tracking":false,"_monsterinsights_sitenote_active":false,"_monsterinsights_sitenote_note":"","_monsterinsights_sitenote_category":0,"footnotes":""},"categories":[58],"tags":[],"class_list":["post-6654","post","type-post","status-publish","format-standard","has-post-thumbnail","hentry","category-cultura"],"yoast_head":"<!-- This site is optimized with the Yoast SEO plugin v27.3 - https:\/\/yoast.com\/product\/yoast-seo-wordpress\/ -->\n<title>El Festival Cervantino arranca con el espect\u00e1culo de danza \u201cUn pasaje a Bollywood\u201d (FOTOS) -<\/title>\n<meta name=\"robots\" content=\"index, follow, max-snippet:-1, max-image-preview:large, max-video-preview:-1\" \/>\n<link rel=\"canonical\" href=\"https:\/\/quehacerpolitico.mx\/?p=6654\" \/>\n<meta property=\"og:locale\" content=\"es_MX\" \/>\n<meta property=\"og:type\" content=\"article\" \/>\n<meta property=\"og:title\" content=\"El Festival Cervantino arranca con el espect\u00e1culo de danza \u201cUn pasaje a Bollywood\u201d (FOTOS) -\" \/>\n<meta property=\"og:description\" content=\"El Festival Cervantino arranca con el espect\u00e1culo de danza \u201cUn pasaje a Bollywood\u201d (FOTOS) Por Redacci\u00f3n QP\" \/>\n<meta property=\"og:url\" content=\"https:\/\/quehacerpolitico.mx\/?p=6654\" \/>\n<meta property=\"article:published_time\" content=\"2018-10-11T03:12:33+00:00\" \/>\n<meta name=\"author\" content=\"Redacci\u00f3n QP\" \/>\n<meta name=\"twitter:card\" content=\"summary_large_image\" \/>\n<meta name=\"twitter:label1\" content=\"Escrito por\" \/>\n\t<meta name=\"twitter:data1\" content=\"Redacci\u00f3n QP\" \/>\n\t<meta name=\"twitter:label2\" content=\"Tiempo de lectura\" \/>\n\t<meta name=\"twitter:data2\" content=\"4 minutos\" \/>\n<script type=\"application\/ld+json\" class=\"yoast-schema-graph\">{\"@context\":\"https:\\\/\\\/schema.org\",\"@graph\":[{\"@type\":\"Article\",\"@id\":\"https:\\\/\\\/quehacerpolitico.mx\\\/?p=6654#article\",\"isPartOf\":{\"@id\":\"https:\\\/\\\/quehacerpolitico.mx\\\/?p=6654\"},\"author\":{\"name\":\"Redacci\u00f3n QP\",\"@id\":\"https:\\\/\\\/quehacerpolitico.mx\\\/#\\\/schema\\\/person\\\/496d8ad2d1d3f8036101dca7ee39e585\"},\"headline\":\"El Festival Cervantino arranca con el espect\u00e1culo de danza \u201cUn pasaje a Bollywood\u201d (FOTOS)\",\"datePublished\":\"2018-10-11T03:12:33+00:00\",\"mainEntityOfPage\":{\"@id\":\"https:\\\/\\\/quehacerpolitico.mx\\\/?p=6654\"},\"wordCount\":873,\"commentCount\":0,\"image\":{\"@id\":\"https:\\\/\\\/quehacerpolitico.mx\\\/?p=6654#primaryimage\"},\"thumbnailUrl\":\"\",\"articleSection\":[\"Cultura y Entretenimiento\"],\"inLanguage\":\"es\",\"potentialAction\":[{\"@type\":\"CommentAction\",\"name\":\"Comment\",\"target\":[\"https:\\\/\\\/quehacerpolitico.mx\\\/?p=6654#respond\"]}]},{\"@type\":\"WebPage\",\"@id\":\"https:\\\/\\\/quehacerpolitico.mx\\\/?p=6654\",\"url\":\"https:\\\/\\\/quehacerpolitico.mx\\\/?p=6654\",\"name\":\"El Festival Cervantino arranca con el espect\u00e1culo de danza \u201cUn pasaje a Bollywood\u201d (FOTOS) -\",\"isPartOf\":{\"@id\":\"https:\\\/\\\/quehacerpolitico.mx\\\/#website\"},\"primaryImageOfPage\":{\"@id\":\"https:\\\/\\\/quehacerpolitico.mx\\\/?p=6654#primaryimage\"},\"image\":{\"@id\":\"https:\\\/\\\/quehacerpolitico.mx\\\/?p=6654#primaryimage\"},\"thumbnailUrl\":\"\",\"datePublished\":\"2018-10-11T03:12:33+00:00\",\"author\":{\"@id\":\"https:\\\/\\\/quehacerpolitico.mx\\\/#\\\/schema\\\/person\\\/496d8ad2d1d3f8036101dca7ee39e585\"},\"breadcrumb\":{\"@id\":\"https:\\\/\\\/quehacerpolitico.mx\\\/?p=6654#breadcrumb\"},\"inLanguage\":\"es\",\"potentialAction\":[{\"@type\":\"ReadAction\",\"target\":[\"https:\\\/\\\/quehacerpolitico.mx\\\/?p=6654\"]}]},{\"@type\":\"ImageObject\",\"inLanguage\":\"es\",\"@id\":\"https:\\\/\\\/quehacerpolitico.mx\\\/?p=6654#primaryimage\",\"url\":\"\",\"contentUrl\":\"\"},{\"@type\":\"BreadcrumbList\",\"@id\":\"https:\\\/\\\/quehacerpolitico.mx\\\/?p=6654#breadcrumb\",\"itemListElement\":[{\"@type\":\"ListItem\",\"position\":1,\"name\":\"Inicio\",\"item\":\"https:\\\/\\\/quehacerpolitico.mx\\\/\"},{\"@type\":\"ListItem\",\"position\":2,\"name\":\"El Festival Cervantino arranca con el espect\u00e1culo de danza \u201cUn pasaje a Bollywood\u201d (FOTOS)\"}]},{\"@type\":\"WebSite\",\"@id\":\"https:\\\/\\\/quehacerpolitico.mx\\\/#website\",\"url\":\"https:\\\/\\\/quehacerpolitico.mx\\\/\",\"name\":\"\",\"description\":\"\",\"potentialAction\":[{\"@type\":\"SearchAction\",\"target\":{\"@type\":\"EntryPoint\",\"urlTemplate\":\"https:\\\/\\\/quehacerpolitico.mx\\\/?s={search_term_string}\"},\"query-input\":{\"@type\":\"PropertyValueSpecification\",\"valueRequired\":true,\"valueName\":\"search_term_string\"}}],\"inLanguage\":\"es\"},{\"@type\":\"Person\",\"@id\":\"https:\\\/\\\/quehacerpolitico.mx\\\/#\\\/schema\\\/person\\\/496d8ad2d1d3f8036101dca7ee39e585\",\"name\":\"Redacci\u00f3n QP\",\"image\":{\"@type\":\"ImageObject\",\"inLanguage\":\"es\",\"@id\":\"https:\\\/\\\/secure.gravatar.com\\\/avatar\\\/c7164ed6fdec453195284ad24a5ae5b6e1eed2b848477fa2a4787ba9adf39a41?s=96&d=mm&r=g\",\"url\":\"https:\\\/\\\/secure.gravatar.com\\\/avatar\\\/c7164ed6fdec453195284ad24a5ae5b6e1eed2b848477fa2a4787ba9adf39a41?s=96&d=mm&r=g\",\"contentUrl\":\"https:\\\/\\\/secure.gravatar.com\\\/avatar\\\/c7164ed6fdec453195284ad24a5ae5b6e1eed2b848477fa2a4787ba9adf39a41?s=96&d=mm&r=g\",\"caption\":\"Redacci\u00f3n QP\"},\"url\":\"https:\\\/\\\/quehacerpolitico.mx\\\/?author=2\"}]}<\/script>\n<!-- \/ Yoast SEO plugin. -->","yoast_head_json":{"title":"El Festival Cervantino arranca con el espect\u00e1culo de danza \u201cUn pasaje a Bollywood\u201d (FOTOS) -","robots":{"index":"index","follow":"follow","max-snippet":"max-snippet:-1","max-image-preview":"max-image-preview:large","max-video-preview":"max-video-preview:-1"},"canonical":"https:\/\/quehacerpolitico.mx\/?p=6654","og_locale":"es_MX","og_type":"article","og_title":"El Festival Cervantino arranca con el espect\u00e1culo de danza \u201cUn pasaje a Bollywood\u201d (FOTOS) -","og_description":"El Festival Cervantino arranca con el espect\u00e1culo de danza \u201cUn pasaje a Bollywood\u201d (FOTOS) Por Redacci\u00f3n QP","og_url":"https:\/\/quehacerpolitico.mx\/?p=6654","article_published_time":"2018-10-11T03:12:33+00:00","author":"Redacci\u00f3n QP","twitter_card":"summary_large_image","twitter_misc":{"Escrito por":"Redacci\u00f3n QP","Tiempo de lectura":"4 minutos"},"schema":{"@context":"https:\/\/schema.org","@graph":[{"@type":"Article","@id":"https:\/\/quehacerpolitico.mx\/?p=6654#article","isPartOf":{"@id":"https:\/\/quehacerpolitico.mx\/?p=6654"},"author":{"name":"Redacci\u00f3n QP","@id":"https:\/\/quehacerpolitico.mx\/#\/schema\/person\/496d8ad2d1d3f8036101dca7ee39e585"},"headline":"El Festival Cervantino arranca con el espect\u00e1culo de danza \u201cUn pasaje a Bollywood\u201d (FOTOS)","datePublished":"2018-10-11T03:12:33+00:00","mainEntityOfPage":{"@id":"https:\/\/quehacerpolitico.mx\/?p=6654"},"wordCount":873,"commentCount":0,"image":{"@id":"https:\/\/quehacerpolitico.mx\/?p=6654#primaryimage"},"thumbnailUrl":"","articleSection":["Cultura y Entretenimiento"],"inLanguage":"es","potentialAction":[{"@type":"CommentAction","name":"Comment","target":["https:\/\/quehacerpolitico.mx\/?p=6654#respond"]}]},{"@type":"WebPage","@id":"https:\/\/quehacerpolitico.mx\/?p=6654","url":"https:\/\/quehacerpolitico.mx\/?p=6654","name":"El Festival Cervantino arranca con el espect\u00e1culo de danza \u201cUn pasaje a Bollywood\u201d (FOTOS) -","isPartOf":{"@id":"https:\/\/quehacerpolitico.mx\/#website"},"primaryImageOfPage":{"@id":"https:\/\/quehacerpolitico.mx\/?p=6654#primaryimage"},"image":{"@id":"https:\/\/quehacerpolitico.mx\/?p=6654#primaryimage"},"thumbnailUrl":"","datePublished":"2018-10-11T03:12:33+00:00","author":{"@id":"https:\/\/quehacerpolitico.mx\/#\/schema\/person\/496d8ad2d1d3f8036101dca7ee39e585"},"breadcrumb":{"@id":"https:\/\/quehacerpolitico.mx\/?p=6654#breadcrumb"},"inLanguage":"es","potentialAction":[{"@type":"ReadAction","target":["https:\/\/quehacerpolitico.mx\/?p=6654"]}]},{"@type":"ImageObject","inLanguage":"es","@id":"https:\/\/quehacerpolitico.mx\/?p=6654#primaryimage","url":"","contentUrl":""},{"@type":"BreadcrumbList","@id":"https:\/\/quehacerpolitico.mx\/?p=6654#breadcrumb","itemListElement":[{"@type":"ListItem","position":1,"name":"Inicio","item":"https:\/\/quehacerpolitico.mx\/"},{"@type":"ListItem","position":2,"name":"El Festival Cervantino arranca con el espect\u00e1culo de danza \u201cUn pasaje a Bollywood\u201d (FOTOS)"}]},{"@type":"WebSite","@id":"https:\/\/quehacerpolitico.mx\/#website","url":"https:\/\/quehacerpolitico.mx\/","name":"","description":"","potentialAction":[{"@type":"SearchAction","target":{"@type":"EntryPoint","urlTemplate":"https:\/\/quehacerpolitico.mx\/?s={search_term_string}"},"query-input":{"@type":"PropertyValueSpecification","valueRequired":true,"valueName":"search_term_string"}}],"inLanguage":"es"},{"@type":"Person","@id":"https:\/\/quehacerpolitico.mx\/#\/schema\/person\/496d8ad2d1d3f8036101dca7ee39e585","name":"Redacci\u00f3n QP","image":{"@type":"ImageObject","inLanguage":"es","@id":"https:\/\/secure.gravatar.com\/avatar\/c7164ed6fdec453195284ad24a5ae5b6e1eed2b848477fa2a4787ba9adf39a41?s=96&d=mm&r=g","url":"https:\/\/secure.gravatar.com\/avatar\/c7164ed6fdec453195284ad24a5ae5b6e1eed2b848477fa2a4787ba9adf39a41?s=96&d=mm&r=g","contentUrl":"https:\/\/secure.gravatar.com\/avatar\/c7164ed6fdec453195284ad24a5ae5b6e1eed2b848477fa2a4787ba9adf39a41?s=96&d=mm&r=g","caption":"Redacci\u00f3n QP"},"url":"https:\/\/quehacerpolitico.mx\/?author=2"}]}},"featured_image_urls":{"full":"","thumbnail":"","medium":"","medium_large":"","large":"","1536x1536":"","2048x2048":"","covernews-featured":"","covernews-medium":""},"author_info":{"display_name":"Redacci\u00f3n QP","author_link":"https:\/\/quehacerpolitico.mx\/?author=2"},"category_info":"<a href=\"https:\/\/quehacerpolitico.mx\/?cat=58\" rel=\"category\">Cultura y Entretenimiento<\/a>","tag_info":"Cultura y Entretenimiento","comment_count":"0","_links":{"self":[{"href":"https:\/\/quehacerpolitico.mx\/index.php?rest_route=\/wp\/v2\/posts\/6654","targetHints":{"allow":["GET"]}}],"collection":[{"href":"https:\/\/quehacerpolitico.mx\/index.php?rest_route=\/wp\/v2\/posts"}],"about":[{"href":"https:\/\/quehacerpolitico.mx\/index.php?rest_route=\/wp\/v2\/types\/post"}],"author":[{"embeddable":true,"href":"https:\/\/quehacerpolitico.mx\/index.php?rest_route=\/wp\/v2\/users\/2"}],"replies":[{"embeddable":true,"href":"https:\/\/quehacerpolitico.mx\/index.php?rest_route=%2Fwp%2Fv2%2Fcomments&post=6654"}],"version-history":[{"count":0,"href":"https:\/\/quehacerpolitico.mx\/index.php?rest_route=\/wp\/v2\/posts\/6654\/revisions"}],"wp:featuredmedia":[{"embeddable":true,"href":"https:\/\/quehacerpolitico.mx\/index.php?rest_route=\/"}],"wp:attachment":[{"href":"https:\/\/quehacerpolitico.mx\/index.php?rest_route=%2Fwp%2Fv2%2Fmedia&parent=6654"}],"wp:term":[{"taxonomy":"category","embeddable":true,"href":"https:\/\/quehacerpolitico.mx\/index.php?rest_route=%2Fwp%2Fv2%2Fcategories&post=6654"},{"taxonomy":"post_tag","embeddable":true,"href":"https:\/\/quehacerpolitico.mx\/index.php?rest_route=%2Fwp%2Fv2%2Ftags&post=6654"}],"curies":[{"name":"wp","href":"https:\/\/api.w.org\/{rel}","templated":true}]}}