{"id":6646,"date":"2018-10-11T00:47:59","date_gmt":"2018-10-11T00:47:59","guid":{"rendered":"http:\/\/quehacerpolitico.mx\/alcaldias-nestor-nunez-reconoce-los-principales-retos-de-la-alcaldia-cuauhtemoc\/"},"modified":"2018-10-11T00:47:59","modified_gmt":"2018-10-11T00:47:59","slug":"alcaldias-nestor-nunez-reconoce-los-principales-retos-de-la-alcaldia-cuauhtemoc","status":"publish","type":"post","link":"https:\/\/quehacerpolitico.mx\/?p=6646","title":{"rendered":"Alcald\u00edas\/\/\/N\u00e9stor N\u00fa\u00f1ez reconoce los principales retos de la Alcald\u00eda Cuauht\u00e9moc"},"content":{"rendered":"<div class=\"s8\"><span class=\"s6\">\u2022 <\/span><span class=\"s7\"><span class=\"bumpedFont15\">N\u00e9stor N\u00fa\u00f1ez plante\u00f3 soluciones en conjunto con los <\/span><\/span><span class=\"s7\"><span class=\"bumpedFont15\">Comit\u00e9s Ciudadanos <\/span><\/span><span class=\"s7\"><span class=\"bumpedFont15\">para mejorar la Alcald\u00eda<\/span><\/span><\/div>\n<div class=\"s8\"><span class=\"s6\">\u2022 <\/span><span class=\"s7\"><span class=\"bumpedFont15\">Los principales retos son<\/span><\/span> <span class=\"s7\"><span class=\"bumpedFont15\">mejorar la <\/span><\/span><span class=\"s7\"><span class=\"bumpedFont15\">seguridad<\/span><\/span><span class=\"s7\"><span class=\"bumpedFont15\">p\u00fablica<\/span><\/span><span class=\"s7\"><span class=\"bumpedFont15\">, <\/span><\/span><span class=\"s7\"><span class=\"bumpedFont15\">regularizar el <\/span><\/span><span class=\"s7\"><span class=\"bumpedFont15\">comercio informal,<\/span><\/span><span class=\"s7\"><span class=\"bumpedFont15\">mantenimiento de calles<\/span><\/span><span class=\"s7\"><span class=\"bumpedFont15\"> e iluminar las calles de la Cuauht\u00e9moc<\/span><\/span><\/div>\n<p class=\"s9\"><span class=\"s7\"><span class=\"bumpedFont15\">Como resultado de las reuniones sostenidas con <\/span><\/span><span class=\"s7\"><span class=\"bumpedFont15\">los comit\u00e9s<\/span><\/span><span class=\"s7\"><span class=\"bumpedFont15\"> vecinales <\/span><\/span><span class=\"s7\"><span class=\"bumpedFont15\">de las 33 colonias de la Alcald\u00eda de Cuauht\u00e9moc, <\/span><\/span><span class=\"s7\"><span class=\"bumpedFont15\">N\u00e9stor N\u00fa\u00f1ez L\u00f3pez<\/span><\/span><span class=\"s7\"><span class=\"bumpedFont15\"> y los representantes de las comisiones lograron llegar a diversos acuerdos para <\/span><\/span><span class=\"s7\"><span class=\"bumpedFont15\">dar celeridad <\/span><\/span><span class=\"s7\"><span class=\"bumpedFont15\">de <\/span><\/span><span class=\"s7\"><span class=\"bumpedFont15\">respuesta y atenci\u00f3n a las demandas recibidas y relacionadas con servicios p\u00fablicos<\/span><\/span><span class=\"s7\"><span class=\"bumpedFont15\"> en su mayor\u00eda.<\/span><\/span><\/p>\n<p class=\"s9\"><span class=\"s7\"><span class=\"bumpedFont15\">La atenci\u00f3n a cada reto<\/span><\/span> <span class=\"s7\"><span class=\"bumpedFont15\">que <\/span><\/span><span class=\"s7\"><span class=\"bumpedFont15\">enfrenta la Cuauht\u00e9moc est\u00e1<\/span><\/span><span class=\"s7\"><span class=\"bumpedFont15\"> contemplada<\/span><\/span><a name=\"_GoBack\"><\/a><span class=\"s7\"><span class=\"bumpedFont15\"> en el <\/span><\/span><span class=\"s7\"><span class=\"bumpedFont15\">plan de 100 d\u00edas<\/span><\/span><span class=\"s7\"><span class=\"bumpedFont15\"> del Alcalde, <\/span><\/span><span class=\"s7\"><span class=\"bumpedFont15\">el cual <\/span><\/span><span class=\"s7\"><span class=\"bumpedFont15\">se\u00f1ala que <\/span><\/span><span class=\"s7\"><span class=\"bumpedFont15\">se realizar\u00e1n labores de poda, alumbrado y reparaci\u00f3n de banquetas<\/span><\/span><span class=\"s7\"><span class=\"bumpedFont15\"> en la demarcaci\u00f3n.<\/span><\/span><\/p>\n<p class=\"s9\"><span class=\"s7\"><span class=\"bumpedFont15\">Adem\u00e1s, dentro del proyecto se plantea la creaci\u00f3n de <\/span><\/span><span class=\"s7\"><span class=\"bumpedFont15\">los primeros cinco <\/span><\/span><span class=\"s7\"><span class=\"bumpedFont15\">\u201c<\/span><\/span><span class=\"s7\"><span class=\"bumpedFont15\">Senderos Seguros<\/span><\/span><span class=\"s7\"><span class=\"bumpedFont15\">\u201d <\/span><\/span><span class=\"s7\"><span class=\"bumpedFont15\">dentro de la Alcald\u00eda<\/span><\/span><span class=\"s7\"><span class=\"bumpedFont15\">, la mejora y mantenimiento a los de los <\/span><\/span><span class=\"s7\"><span class=\"bumpedFont15\">39 <\/span><\/span><span class=\"s7\"><span class=\"bumpedFont15\">centros de abasto<\/span><\/span><span class=\"s7\"><span class=\"bumpedFont15\">,<\/span><\/span> <span class=\"s7\"><span class=\"bumpedFont15\">dando prioridad en materia de obra al mercado Hidalgo ubicado en la colonia Doctores.<\/span><\/span><\/p>\n<p class=\"s9\"><span class=\"s7\"><span class=\"bumpedFont15\">Adem\u00e1s, explic\u00f3 que se regularizar\u00e1n los primeros mil locales dentro de los mercados, y que el prop\u00f3sito de regular el comercio informal tiene la finalidad de garantizar el derecho al trabajo, sin criminalizaci\u00f3n, y la seguridad del peat\u00f3n.<\/span><\/span><\/p>\n","protected":false},"excerpt":{"rendered":"<p>N\u00e9stor N\u00fa\u00f1ez reconoce los principales retos de la Alcald\u00eda Cuauht\u00e9moc<br \/>\nPor Redacci\u00f3n QP<\/p>\n","protected":false},"author":2,"featured_media":6645,"comment_status":"open","ping_status":"open","sticky":false,"template":"","format":"standard","meta":{"_monsterinsights_skip_tracking":false,"_monsterinsights_sitenote_active":false,"_monsterinsights_sitenote_note":"","_monsterinsights_sitenote_category":0,"footnotes":""},"categories":[55],"tags":[],"class_list":["post-6646","post","type-post","status-publish","format-standard","has-post-thumbnail","hentry","category-cdmx"],"yoast_head":"<!-- This site is optimized with the Yoast SEO plugin v27.3 - https:\/\/yoast.com\/product\/yoast-seo-wordpress\/ -->\n<title>Alcald\u00edas\/\/\/N\u00e9stor N\u00fa\u00f1ez reconoce los principales retos de la Alcald\u00eda Cuauht\u00e9moc -<\/title>\n<meta name=\"robots\" content=\"index, follow, max-snippet:-1, max-image-preview:large, max-video-preview:-1\" \/>\n<link rel=\"canonical\" href=\"https:\/\/quehacerpolitico.mx\/?p=6646\" \/>\n<meta property=\"og:locale\" content=\"es_MX\" \/>\n<meta property=\"og:type\" content=\"article\" \/>\n<meta property=\"og:title\" content=\"Alcald\u00edas\/\/\/N\u00e9stor N\u00fa\u00f1ez reconoce los principales retos de la Alcald\u00eda Cuauht\u00e9moc -\" \/>\n<meta property=\"og:description\" content=\"N\u00e9stor N\u00fa\u00f1ez reconoce los principales retos de la Alcald\u00eda Cuauht\u00e9moc Por Redacci\u00f3n QP\" \/>\n<meta property=\"og:url\" content=\"https:\/\/quehacerpolitico.mx\/?p=6646\" \/>\n<meta property=\"article:published_time\" content=\"2018-10-11T00:47:59+00:00\" \/>\n<meta name=\"author\" content=\"Redacci\u00f3n QP\" \/>\n<meta name=\"twitter:card\" content=\"summary_large_image\" \/>\n<meta name=\"twitter:label1\" content=\"Escrito por\" \/>\n\t<meta name=\"twitter:data1\" content=\"Redacci\u00f3n QP\" \/>\n\t<meta name=\"twitter:label2\" content=\"Tiempo de lectura\" \/>\n\t<meta name=\"twitter:data2\" content=\"1 minuto\" \/>\n<script type=\"application\/ld+json\" class=\"yoast-schema-graph\">{\"@context\":\"https:\\\/\\\/schema.org\",\"@graph\":[{\"@type\":\"Article\",\"@id\":\"https:\\\/\\\/quehacerpolitico.mx\\\/?p=6646#article\",\"isPartOf\":{\"@id\":\"https:\\\/\\\/quehacerpolitico.mx\\\/?p=6646\"},\"author\":{\"name\":\"Redacci\u00f3n QP\",\"@id\":\"https:\\\/\\\/quehacerpolitico.mx\\\/#\\\/schema\\\/person\\\/496d8ad2d1d3f8036101dca7ee39e585\"},\"headline\":\"Alcald\u00edas\\\/\\\/\\\/N\u00e9stor N\u00fa\u00f1ez reconoce los principales retos de la Alcald\u00eda Cuauht\u00e9moc\",\"datePublished\":\"2018-10-11T00:47:59+00:00\",\"mainEntityOfPage\":{\"@id\":\"https:\\\/\\\/quehacerpolitico.mx\\\/?p=6646\"},\"wordCount\":249,\"commentCount\":0,\"image\":{\"@id\":\"https:\\\/\\\/quehacerpolitico.mx\\\/?p=6646#primaryimage\"},\"thumbnailUrl\":\"\",\"articleSection\":[\"CDMX\"],\"inLanguage\":\"es\",\"potentialAction\":[{\"@type\":\"CommentAction\",\"name\":\"Comment\",\"target\":[\"https:\\\/\\\/quehacerpolitico.mx\\\/?p=6646#respond\"]}]},{\"@type\":\"WebPage\",\"@id\":\"https:\\\/\\\/quehacerpolitico.mx\\\/?p=6646\",\"url\":\"https:\\\/\\\/quehacerpolitico.mx\\\/?p=6646\",\"name\":\"Alcald\u00edas\\\/\\\/\\\/N\u00e9stor N\u00fa\u00f1ez reconoce los principales retos de la Alcald\u00eda Cuauht\u00e9moc -\",\"isPartOf\":{\"@id\":\"https:\\\/\\\/quehacerpolitico.mx\\\/#website\"},\"primaryImageOfPage\":{\"@id\":\"https:\\\/\\\/quehacerpolitico.mx\\\/?p=6646#primaryimage\"},\"image\":{\"@id\":\"https:\\\/\\\/quehacerpolitico.mx\\\/?p=6646#primaryimage\"},\"thumbnailUrl\":\"\",\"datePublished\":\"2018-10-11T00:47:59+00:00\",\"author\":{\"@id\":\"https:\\\/\\\/quehacerpolitico.mx\\\/#\\\/schema\\\/person\\\/496d8ad2d1d3f8036101dca7ee39e585\"},\"breadcrumb\":{\"@id\":\"https:\\\/\\\/quehacerpolitico.mx\\\/?p=6646#breadcrumb\"},\"inLanguage\":\"es\",\"potentialAction\":[{\"@type\":\"ReadAction\",\"target\":[\"https:\\\/\\\/quehacerpolitico.mx\\\/?p=6646\"]}]},{\"@type\":\"ImageObject\",\"inLanguage\":\"es\",\"@id\":\"https:\\\/\\\/quehacerpolitico.mx\\\/?p=6646#primaryimage\",\"url\":\"\",\"contentUrl\":\"\"},{\"@type\":\"BreadcrumbList\",\"@id\":\"https:\\\/\\\/quehacerpolitico.mx\\\/?p=6646#breadcrumb\",\"itemListElement\":[{\"@type\":\"ListItem\",\"position\":1,\"name\":\"Inicio\",\"item\":\"https:\\\/\\\/quehacerpolitico.mx\\\/\"},{\"@type\":\"ListItem\",\"position\":2,\"name\":\"Alcald\u00edas\\\/\\\/\\\/N\u00e9stor N\u00fa\u00f1ez reconoce los principales retos de la Alcald\u00eda Cuauht\u00e9moc\"}]},{\"@type\":\"WebSite\",\"@id\":\"https:\\\/\\\/quehacerpolitico.mx\\\/#website\",\"url\":\"https:\\\/\\\/quehacerpolitico.mx\\\/\",\"name\":\"\",\"description\":\"\",\"potentialAction\":[{\"@type\":\"SearchAction\",\"target\":{\"@type\":\"EntryPoint\",\"urlTemplate\":\"https:\\\/\\\/quehacerpolitico.mx\\\/?s={search_term_string}\"},\"query-input\":{\"@type\":\"PropertyValueSpecification\",\"valueRequired\":true,\"valueName\":\"search_term_string\"}}],\"inLanguage\":\"es\"},{\"@type\":\"Person\",\"@id\":\"https:\\\/\\\/quehacerpolitico.mx\\\/#\\\/schema\\\/person\\\/496d8ad2d1d3f8036101dca7ee39e585\",\"name\":\"Redacci\u00f3n QP\",\"image\":{\"@type\":\"ImageObject\",\"inLanguage\":\"es\",\"@id\":\"https:\\\/\\\/secure.gravatar.com\\\/avatar\\\/c7164ed6fdec453195284ad24a5ae5b6e1eed2b848477fa2a4787ba9adf39a41?s=96&d=mm&r=g\",\"url\":\"https:\\\/\\\/secure.gravatar.com\\\/avatar\\\/c7164ed6fdec453195284ad24a5ae5b6e1eed2b848477fa2a4787ba9adf39a41?s=96&d=mm&r=g\",\"contentUrl\":\"https:\\\/\\\/secure.gravatar.com\\\/avatar\\\/c7164ed6fdec453195284ad24a5ae5b6e1eed2b848477fa2a4787ba9adf39a41?s=96&d=mm&r=g\",\"caption\":\"Redacci\u00f3n QP\"},\"url\":\"https:\\\/\\\/quehacerpolitico.mx\\\/?author=2\"}]}<\/script>\n<!-- \/ Yoast SEO plugin. -->","yoast_head_json":{"title":"Alcald\u00edas\/\/\/N\u00e9stor N\u00fa\u00f1ez reconoce los principales retos de la Alcald\u00eda Cuauht\u00e9moc -","robots":{"index":"index","follow":"follow","max-snippet":"max-snippet:-1","max-image-preview":"max-image-preview:large","max-video-preview":"max-video-preview:-1"},"canonical":"https:\/\/quehacerpolitico.mx\/?p=6646","og_locale":"es_MX","og_type":"article","og_title":"Alcald\u00edas\/\/\/N\u00e9stor N\u00fa\u00f1ez reconoce los principales retos de la Alcald\u00eda Cuauht\u00e9moc -","og_description":"N\u00e9stor N\u00fa\u00f1ez reconoce los principales retos de la Alcald\u00eda Cuauht\u00e9moc Por Redacci\u00f3n QP","og_url":"https:\/\/quehacerpolitico.mx\/?p=6646","article_published_time":"2018-10-11T00:47:59+00:00","author":"Redacci\u00f3n QP","twitter_card":"summary_large_image","twitter_misc":{"Escrito por":"Redacci\u00f3n QP","Tiempo de lectura":"1 minuto"},"schema":{"@context":"https:\/\/schema.org","@graph":[{"@type":"Article","@id":"https:\/\/quehacerpolitico.mx\/?p=6646#article","isPartOf":{"@id":"https:\/\/quehacerpolitico.mx\/?p=6646"},"author":{"name":"Redacci\u00f3n QP","@id":"https:\/\/quehacerpolitico.mx\/#\/schema\/person\/496d8ad2d1d3f8036101dca7ee39e585"},"headline":"Alcald\u00edas\/\/\/N\u00e9stor N\u00fa\u00f1ez reconoce los principales retos de la Alcald\u00eda Cuauht\u00e9moc","datePublished":"2018-10-11T00:47:59+00:00","mainEntityOfPage":{"@id":"https:\/\/quehacerpolitico.mx\/?p=6646"},"wordCount":249,"commentCount":0,"image":{"@id":"https:\/\/quehacerpolitico.mx\/?p=6646#primaryimage"},"thumbnailUrl":"","articleSection":["CDMX"],"inLanguage":"es","potentialAction":[{"@type":"CommentAction","name":"Comment","target":["https:\/\/quehacerpolitico.mx\/?p=6646#respond"]}]},{"@type":"WebPage","@id":"https:\/\/quehacerpolitico.mx\/?p=6646","url":"https:\/\/quehacerpolitico.mx\/?p=6646","name":"Alcald\u00edas\/\/\/N\u00e9stor N\u00fa\u00f1ez reconoce los principales retos de la Alcald\u00eda Cuauht\u00e9moc -","isPartOf":{"@id":"https:\/\/quehacerpolitico.mx\/#website"},"primaryImageOfPage":{"@id":"https:\/\/quehacerpolitico.mx\/?p=6646#primaryimage"},"image":{"@id":"https:\/\/quehacerpolitico.mx\/?p=6646#primaryimage"},"thumbnailUrl":"","datePublished":"2018-10-11T00:47:59+00:00","author":{"@id":"https:\/\/quehacerpolitico.mx\/#\/schema\/person\/496d8ad2d1d3f8036101dca7ee39e585"},"breadcrumb":{"@id":"https:\/\/quehacerpolitico.mx\/?p=6646#breadcrumb"},"inLanguage":"es","potentialAction":[{"@type":"ReadAction","target":["https:\/\/quehacerpolitico.mx\/?p=6646"]}]},{"@type":"ImageObject","inLanguage":"es","@id":"https:\/\/quehacerpolitico.mx\/?p=6646#primaryimage","url":"","contentUrl":""},{"@type":"BreadcrumbList","@id":"https:\/\/quehacerpolitico.mx\/?p=6646#breadcrumb","itemListElement":[{"@type":"ListItem","position":1,"name":"Inicio","item":"https:\/\/quehacerpolitico.mx\/"},{"@type":"ListItem","position":2,"name":"Alcald\u00edas\/\/\/N\u00e9stor N\u00fa\u00f1ez reconoce los principales retos de la Alcald\u00eda Cuauht\u00e9moc"}]},{"@type":"WebSite","@id":"https:\/\/quehacerpolitico.mx\/#website","url":"https:\/\/quehacerpolitico.mx\/","name":"","description":"","potentialAction":[{"@type":"SearchAction","target":{"@type":"EntryPoint","urlTemplate":"https:\/\/quehacerpolitico.mx\/?s={search_term_string}"},"query-input":{"@type":"PropertyValueSpecification","valueRequired":true,"valueName":"search_term_string"}}],"inLanguage":"es"},{"@type":"Person","@id":"https:\/\/quehacerpolitico.mx\/#\/schema\/person\/496d8ad2d1d3f8036101dca7ee39e585","name":"Redacci\u00f3n QP","image":{"@type":"ImageObject","inLanguage":"es","@id":"https:\/\/secure.gravatar.com\/avatar\/c7164ed6fdec453195284ad24a5ae5b6e1eed2b848477fa2a4787ba9adf39a41?s=96&d=mm&r=g","url":"https:\/\/secure.gravatar.com\/avatar\/c7164ed6fdec453195284ad24a5ae5b6e1eed2b848477fa2a4787ba9adf39a41?s=96&d=mm&r=g","contentUrl":"https:\/\/secure.gravatar.com\/avatar\/c7164ed6fdec453195284ad24a5ae5b6e1eed2b848477fa2a4787ba9adf39a41?s=96&d=mm&r=g","caption":"Redacci\u00f3n QP"},"url":"https:\/\/quehacerpolitico.mx\/?author=2"}]}},"featured_image_urls":{"full":"","thumbnail":"","medium":"","medium_large":"","large":"","1536x1536":"","2048x2048":"","covernews-featured":"","covernews-medium":""},"author_info":{"display_name":"Redacci\u00f3n QP","author_link":"https:\/\/quehacerpolitico.mx\/?author=2"},"category_info":"<a href=\"https:\/\/quehacerpolitico.mx\/?cat=55\" rel=\"category\">CDMX<\/a>","tag_info":"CDMX","comment_count":"0","_links":{"self":[{"href":"https:\/\/quehacerpolitico.mx\/index.php?rest_route=\/wp\/v2\/posts\/6646","targetHints":{"allow":["GET"]}}],"collection":[{"href":"https:\/\/quehacerpolitico.mx\/index.php?rest_route=\/wp\/v2\/posts"}],"about":[{"href":"https:\/\/quehacerpolitico.mx\/index.php?rest_route=\/wp\/v2\/types\/post"}],"author":[{"embeddable":true,"href":"https:\/\/quehacerpolitico.mx\/index.php?rest_route=\/wp\/v2\/users\/2"}],"replies":[{"embeddable":true,"href":"https:\/\/quehacerpolitico.mx\/index.php?rest_route=%2Fwp%2Fv2%2Fcomments&post=6646"}],"version-history":[{"count":0,"href":"https:\/\/quehacerpolitico.mx\/index.php?rest_route=\/wp\/v2\/posts\/6646\/revisions"}],"wp:featuredmedia":[{"embeddable":true,"href":"https:\/\/quehacerpolitico.mx\/index.php?rest_route=\/"}],"wp:attachment":[{"href":"https:\/\/quehacerpolitico.mx\/index.php?rest_route=%2Fwp%2Fv2%2Fmedia&parent=6646"}],"wp:term":[{"taxonomy":"category","embeddable":true,"href":"https:\/\/quehacerpolitico.mx\/index.php?rest_route=%2Fwp%2Fv2%2Fcategories&post=6646"},{"taxonomy":"post_tag","embeddable":true,"href":"https:\/\/quehacerpolitico.mx\/index.php?rest_route=%2Fwp%2Fv2%2Ftags&post=6646"}],"curies":[{"name":"wp","href":"https:\/\/api.w.org\/{rel}","templated":true}]}}