{"id":6644,"date":"2018-10-10T23:47:30","date_gmt":"2018-10-10T23:47:30","guid":{"rendered":"http:\/\/quehacerpolitico.mx\/diputada-rocio-barrera-instala-comision-de-gobernacion-y-poblacion-en-san-lazaro\/"},"modified":"2018-10-10T23:47:30","modified_gmt":"2018-10-10T23:47:30","slug":"diputada-rocio-barrera-instala-comision-de-gobernacion-y-poblacion-en-san-lazaro","status":"publish","type":"post","link":"https:\/\/quehacerpolitico.mx\/?p=6644","title":{"rendered":"DIPUTADA ROC\u00cdO BARRERA INSTALA COMISI\u00d3N DE GOBERNACI\u00d3N Y POBLACI\u00d3N EN SAN L\u00c1ZARO"},"content":{"rendered":"<div dir=\"ltr\">* Ser\u00e1 un espacio donde se trabajar\u00e1 sin agendas partidistas o personales: Barrera Badillo<\/p>\n<p>* La diputada asegur\u00f3 que no se limitar\u00e1n los derechos de las y los diputados dentro de la comisi\u00f3n<\/p><\/div>\n<div dir=\"ltr\">Este d\u00eda fue instalada la Comisi\u00f3n de Gobernaci\u00f3n y Poblaci\u00f3n de la C\u00e1mara de Diputados, la cual es presidida por la diputada de Morena Roc\u00edo Barrera Badillo, quien afirm\u00f3 que trabajar\u00e1n sin agendas personales ni partidistas sino pensando siempre en las y los mexicanos que confiaron en la representaci\u00f3n.<\/p>\n<p>La diputada presidenta pidi\u00f3 a los integrantes del grupo de trabajo una vinculaci\u00f3n efectiva y arm\u00f3nica con los temas que les ser\u00e1n turnados, para que se pueda contribuir a una mejor gesti\u00f3n de los asuntos p\u00fablicos del pa\u00eds.<\/p>\n<p>&#8220;Les aseguro a quienes confiaron en nosotros que en los respectivo a los trabajos de la Comisi\u00f3n todos y cada uno de sus miembros actuaremos en respuesta al clamor social de mejorar las condiciones de salud, sociales, pol\u00edticas y jur\u00eddicas de todos los mexicanos,&#8221; se\u00f1al\u00f3.<\/p>\n<p>Roc\u00edo Barrera expuso que cada una de las iniciativas que sean turnadas a la Comisi\u00f3n ser\u00e1n analizadas y consideradas y llam\u00f3 a abrir el entendimiento a nuevas visiones.<\/p>\n<p>La legisladora morenista se comprometi\u00f3 p\u00fablicamente a no restringir, por acci\u00f3n u omisi\u00f3n, los derechos de las diputadas y los diputados, y de procurar una gesti\u00f3n sensible a las necesidades populares y responsable a las capacidades del Estado.<\/p>\n<p>La Comisi\u00f3n de Gobernaci\u00f3n y Poblaci\u00f3n est\u00e1 integrada por las diputadas y diputados secretarios: Sandra Paola Gonz\u00e1lez Casta\u00f1eda (Morena), Araceli Ocampo Manzanares (Morena), Jaime Humberto P\u00e9rez Bernab\u00e9 (Morena), Beatriz Dominga P\u00e9rez L\u00f3pez (Morena), Felipe Fernando Mac\u00edas Olivera (PAN), Jorge Arturo Espadas Galv\u00e1n (PAN), Luis Enrique Miranda Nava (PRI), Vicente Alberto Onofre V\u00e1zquez (PES), Martha Ang\u00e9lica Tagle Mart\u00ednez (MC) Mauricio Alonso Toledo Guti\u00e9rrez (PRD), Marco Antonio G\u00f3mez Alc\u00e1ntara (PVEM) y Jos\u00e9 Guillermo Ar\u00e9chiga Santamar\u00eda (Morena).<\/p>\n<p>Como integrantes: Marina del Pilar \u00c1vila (Morena) Tatiana Clouthier Carrillo (Morena), Flora Tania Cruz Santos (Morena), Roberto \u00c1ngel Rodr\u00edguez Dom\u00ednguez (Morena), Lizeth Amayrani Guerra M\u00e9ndez (Morena) y C\u00e9sar Agust\u00edn Hern\u00e1ndez P\u00e9rez (Morena).<\/p>\n<p>Adem\u00e1s H\u00e9ctor Guillermo de Jes\u00fas Jim\u00e9nez (Morena), Alma Delia Navarrete (Morena), Valent\u00edn Reyes L\u00f3pez (Morena), Ciro Sales Ruiz (PAN), Adriana D\u00e1vila Fern\u00e1ndez (PAN), Laura Ang\u00e9lica Rojas (PAN), Luis Fernando Salazar Fern\u00e1ndez (PAN), Mar\u00eda Lucero Salda\u00f1a P\u00e9rez (PRI), Ricardo Aguilar Castillo (PRI), Jos\u00e9 \u00c1ngel P\u00e9rez Hern\u00e1ndez (PES), Silvano Garay Ulloa (PT) y Carmen Julia Prudencio Gonz\u00e1lez (MC).<\/p>\n<p>Finalmente, la diputada cit\u00f3 a la pr\u00f3xima reuni\u00f3n de la Comisi\u00f3n de Gobernaci\u00f3n y Poblaci\u00f3n que se llevar\u00e1 a cabo el jueves 18 de octubre, d\u00eda en que habr\u00e1n de desahogar la comparecencia del\u00a0 titular de la Secretar\u00eda de Gobernaci\u00f3n (Segob), Alfonso Navarrete Prida, como parte de la Glosa del Sexto Informe de Gobierno.<\/p><\/div>\n","protected":false},"excerpt":{"rendered":"<p>DIPUTADA ROC\u00cdO BARRERA INSTALA COMISI\u00d3N DE GOBERNACI\u00d3N Y POBLACI\u00d3N EN SAN L\u00c1ZARO<br \/>\nPor Redacci\u00f3n QP<\/p>\n","protected":false},"author":2,"featured_media":6643,"comment_status":"open","ping_status":"open","sticky":false,"template":"","format":"standard","meta":{"_monsterinsights_skip_tracking":false,"_monsterinsights_sitenote_active":false,"_monsterinsights_sitenote_note":"","_monsterinsights_sitenote_category":0,"footnotes":""},"categories":[55],"tags":[],"class_list":["post-6644","post","type-post","status-publish","format-standard","has-post-thumbnail","hentry","category-cdmx"],"yoast_head":"<!-- This site is optimized with the Yoast SEO plugin v27.3 - https:\/\/yoast.com\/product\/yoast-seo-wordpress\/ -->\n<title>DIPUTADA ROC\u00cdO BARRERA INSTALA COMISI\u00d3N DE GOBERNACI\u00d3N Y POBLACI\u00d3N EN SAN L\u00c1ZARO -<\/title>\n<meta name=\"robots\" content=\"index, follow, max-snippet:-1, max-image-preview:large, max-video-preview:-1\" \/>\n<link rel=\"canonical\" href=\"https:\/\/quehacerpolitico.mx\/?p=6644\" \/>\n<meta property=\"og:locale\" content=\"es_MX\" \/>\n<meta property=\"og:type\" content=\"article\" \/>\n<meta property=\"og:title\" content=\"DIPUTADA ROC\u00cdO BARRERA INSTALA COMISI\u00d3N DE GOBERNACI\u00d3N Y POBLACI\u00d3N EN SAN L\u00c1ZARO -\" \/>\n<meta property=\"og:description\" content=\"DIPUTADA ROC\u00cdO BARRERA INSTALA COMISI\u00d3N DE GOBERNACI\u00d3N Y POBLACI\u00d3N EN SAN L\u00c1ZARO Por Redacci\u00f3n QP\" \/>\n<meta property=\"og:url\" content=\"https:\/\/quehacerpolitico.mx\/?p=6644\" \/>\n<meta property=\"article:published_time\" content=\"2018-10-10T23:47:30+00:00\" \/>\n<meta name=\"author\" content=\"Redacci\u00f3n QP\" \/>\n<meta name=\"twitter:card\" content=\"summary_large_image\" \/>\n<meta name=\"twitter:label1\" content=\"Escrito por\" \/>\n\t<meta name=\"twitter:data1\" content=\"Redacci\u00f3n QP\" \/>\n\t<meta name=\"twitter:label2\" content=\"Tiempo de lectura\" \/>\n\t<meta name=\"twitter:data2\" content=\"3 minutos\" \/>\n<script type=\"application\/ld+json\" class=\"yoast-schema-graph\">{\"@context\":\"https:\\\/\\\/schema.org\",\"@graph\":[{\"@type\":\"Article\",\"@id\":\"https:\\\/\\\/quehacerpolitico.mx\\\/?p=6644#article\",\"isPartOf\":{\"@id\":\"https:\\\/\\\/quehacerpolitico.mx\\\/?p=6644\"},\"author\":{\"name\":\"Redacci\u00f3n QP\",\"@id\":\"https:\\\/\\\/quehacerpolitico.mx\\\/#\\\/schema\\\/person\\\/496d8ad2d1d3f8036101dca7ee39e585\"},\"headline\":\"DIPUTADA ROC\u00cdO BARRERA INSTALA COMISI\u00d3N DE GOBERNACI\u00d3N Y POBLACI\u00d3N EN SAN L\u00c1ZARO\",\"datePublished\":\"2018-10-10T23:47:30+00:00\",\"mainEntityOfPage\":{\"@id\":\"https:\\\/\\\/quehacerpolitico.mx\\\/?p=6644\"},\"wordCount\":538,\"commentCount\":0,\"image\":{\"@id\":\"https:\\\/\\\/quehacerpolitico.mx\\\/?p=6644#primaryimage\"},\"thumbnailUrl\":\"\",\"articleSection\":[\"CDMX\"],\"inLanguage\":\"es\",\"potentialAction\":[{\"@type\":\"CommentAction\",\"name\":\"Comment\",\"target\":[\"https:\\\/\\\/quehacerpolitico.mx\\\/?p=6644#respond\"]}]},{\"@type\":\"WebPage\",\"@id\":\"https:\\\/\\\/quehacerpolitico.mx\\\/?p=6644\",\"url\":\"https:\\\/\\\/quehacerpolitico.mx\\\/?p=6644\",\"name\":\"DIPUTADA ROC\u00cdO BARRERA INSTALA COMISI\u00d3N DE GOBERNACI\u00d3N Y POBLACI\u00d3N EN SAN L\u00c1ZARO -\",\"isPartOf\":{\"@id\":\"https:\\\/\\\/quehacerpolitico.mx\\\/#website\"},\"primaryImageOfPage\":{\"@id\":\"https:\\\/\\\/quehacerpolitico.mx\\\/?p=6644#primaryimage\"},\"image\":{\"@id\":\"https:\\\/\\\/quehacerpolitico.mx\\\/?p=6644#primaryimage\"},\"thumbnailUrl\":\"\",\"datePublished\":\"2018-10-10T23:47:30+00:00\",\"author\":{\"@id\":\"https:\\\/\\\/quehacerpolitico.mx\\\/#\\\/schema\\\/person\\\/496d8ad2d1d3f8036101dca7ee39e585\"},\"breadcrumb\":{\"@id\":\"https:\\\/\\\/quehacerpolitico.mx\\\/?p=6644#breadcrumb\"},\"inLanguage\":\"es\",\"potentialAction\":[{\"@type\":\"ReadAction\",\"target\":[\"https:\\\/\\\/quehacerpolitico.mx\\\/?p=6644\"]}]},{\"@type\":\"ImageObject\",\"inLanguage\":\"es\",\"@id\":\"https:\\\/\\\/quehacerpolitico.mx\\\/?p=6644#primaryimage\",\"url\":\"\",\"contentUrl\":\"\"},{\"@type\":\"BreadcrumbList\",\"@id\":\"https:\\\/\\\/quehacerpolitico.mx\\\/?p=6644#breadcrumb\",\"itemListElement\":[{\"@type\":\"ListItem\",\"position\":1,\"name\":\"Inicio\",\"item\":\"https:\\\/\\\/quehacerpolitico.mx\\\/\"},{\"@type\":\"ListItem\",\"position\":2,\"name\":\"DIPUTADA ROC\u00cdO BARRERA INSTALA COMISI\u00d3N DE GOBERNACI\u00d3N Y POBLACI\u00d3N EN SAN L\u00c1ZARO\"}]},{\"@type\":\"WebSite\",\"@id\":\"https:\\\/\\\/quehacerpolitico.mx\\\/#website\",\"url\":\"https:\\\/\\\/quehacerpolitico.mx\\\/\",\"name\":\"\",\"description\":\"\",\"potentialAction\":[{\"@type\":\"SearchAction\",\"target\":{\"@type\":\"EntryPoint\",\"urlTemplate\":\"https:\\\/\\\/quehacerpolitico.mx\\\/?s={search_term_string}\"},\"query-input\":{\"@type\":\"PropertyValueSpecification\",\"valueRequired\":true,\"valueName\":\"search_term_string\"}}],\"inLanguage\":\"es\"},{\"@type\":\"Person\",\"@id\":\"https:\\\/\\\/quehacerpolitico.mx\\\/#\\\/schema\\\/person\\\/496d8ad2d1d3f8036101dca7ee39e585\",\"name\":\"Redacci\u00f3n QP\",\"image\":{\"@type\":\"ImageObject\",\"inLanguage\":\"es\",\"@id\":\"https:\\\/\\\/secure.gravatar.com\\\/avatar\\\/c7164ed6fdec453195284ad24a5ae5b6e1eed2b848477fa2a4787ba9adf39a41?s=96&d=mm&r=g\",\"url\":\"https:\\\/\\\/secure.gravatar.com\\\/avatar\\\/c7164ed6fdec453195284ad24a5ae5b6e1eed2b848477fa2a4787ba9adf39a41?s=96&d=mm&r=g\",\"contentUrl\":\"https:\\\/\\\/secure.gravatar.com\\\/avatar\\\/c7164ed6fdec453195284ad24a5ae5b6e1eed2b848477fa2a4787ba9adf39a41?s=96&d=mm&r=g\",\"caption\":\"Redacci\u00f3n QP\"},\"url\":\"https:\\\/\\\/quehacerpolitico.mx\\\/?author=2\"}]}<\/script>\n<!-- \/ Yoast SEO plugin. -->","yoast_head_json":{"title":"DIPUTADA ROC\u00cdO BARRERA INSTALA COMISI\u00d3N DE GOBERNACI\u00d3N Y POBLACI\u00d3N EN SAN L\u00c1ZARO -","robots":{"index":"index","follow":"follow","max-snippet":"max-snippet:-1","max-image-preview":"max-image-preview:large","max-video-preview":"max-video-preview:-1"},"canonical":"https:\/\/quehacerpolitico.mx\/?p=6644","og_locale":"es_MX","og_type":"article","og_title":"DIPUTADA ROC\u00cdO BARRERA INSTALA COMISI\u00d3N DE GOBERNACI\u00d3N Y POBLACI\u00d3N EN SAN L\u00c1ZARO -","og_description":"DIPUTADA ROC\u00cdO BARRERA INSTALA COMISI\u00d3N DE GOBERNACI\u00d3N Y POBLACI\u00d3N EN SAN L\u00c1ZARO Por Redacci\u00f3n QP","og_url":"https:\/\/quehacerpolitico.mx\/?p=6644","article_published_time":"2018-10-10T23:47:30+00:00","author":"Redacci\u00f3n QP","twitter_card":"summary_large_image","twitter_misc":{"Escrito por":"Redacci\u00f3n QP","Tiempo de lectura":"3 minutos"},"schema":{"@context":"https:\/\/schema.org","@graph":[{"@type":"Article","@id":"https:\/\/quehacerpolitico.mx\/?p=6644#article","isPartOf":{"@id":"https:\/\/quehacerpolitico.mx\/?p=6644"},"author":{"name":"Redacci\u00f3n QP","@id":"https:\/\/quehacerpolitico.mx\/#\/schema\/person\/496d8ad2d1d3f8036101dca7ee39e585"},"headline":"DIPUTADA ROC\u00cdO BARRERA INSTALA COMISI\u00d3N DE GOBERNACI\u00d3N Y POBLACI\u00d3N EN SAN L\u00c1ZARO","datePublished":"2018-10-10T23:47:30+00:00","mainEntityOfPage":{"@id":"https:\/\/quehacerpolitico.mx\/?p=6644"},"wordCount":538,"commentCount":0,"image":{"@id":"https:\/\/quehacerpolitico.mx\/?p=6644#primaryimage"},"thumbnailUrl":"","articleSection":["CDMX"],"inLanguage":"es","potentialAction":[{"@type":"CommentAction","name":"Comment","target":["https:\/\/quehacerpolitico.mx\/?p=6644#respond"]}]},{"@type":"WebPage","@id":"https:\/\/quehacerpolitico.mx\/?p=6644","url":"https:\/\/quehacerpolitico.mx\/?p=6644","name":"DIPUTADA ROC\u00cdO BARRERA INSTALA COMISI\u00d3N DE GOBERNACI\u00d3N Y POBLACI\u00d3N EN SAN L\u00c1ZARO -","isPartOf":{"@id":"https:\/\/quehacerpolitico.mx\/#website"},"primaryImageOfPage":{"@id":"https:\/\/quehacerpolitico.mx\/?p=6644#primaryimage"},"image":{"@id":"https:\/\/quehacerpolitico.mx\/?p=6644#primaryimage"},"thumbnailUrl":"","datePublished":"2018-10-10T23:47:30+00:00","author":{"@id":"https:\/\/quehacerpolitico.mx\/#\/schema\/person\/496d8ad2d1d3f8036101dca7ee39e585"},"breadcrumb":{"@id":"https:\/\/quehacerpolitico.mx\/?p=6644#breadcrumb"},"inLanguage":"es","potentialAction":[{"@type":"ReadAction","target":["https:\/\/quehacerpolitico.mx\/?p=6644"]}]},{"@type":"ImageObject","inLanguage":"es","@id":"https:\/\/quehacerpolitico.mx\/?p=6644#primaryimage","url":"","contentUrl":""},{"@type":"BreadcrumbList","@id":"https:\/\/quehacerpolitico.mx\/?p=6644#breadcrumb","itemListElement":[{"@type":"ListItem","position":1,"name":"Inicio","item":"https:\/\/quehacerpolitico.mx\/"},{"@type":"ListItem","position":2,"name":"DIPUTADA ROC\u00cdO BARRERA INSTALA COMISI\u00d3N DE GOBERNACI\u00d3N Y POBLACI\u00d3N EN SAN L\u00c1ZARO"}]},{"@type":"WebSite","@id":"https:\/\/quehacerpolitico.mx\/#website","url":"https:\/\/quehacerpolitico.mx\/","name":"","description":"","potentialAction":[{"@type":"SearchAction","target":{"@type":"EntryPoint","urlTemplate":"https:\/\/quehacerpolitico.mx\/?s={search_term_string}"},"query-input":{"@type":"PropertyValueSpecification","valueRequired":true,"valueName":"search_term_string"}}],"inLanguage":"es"},{"@type":"Person","@id":"https:\/\/quehacerpolitico.mx\/#\/schema\/person\/496d8ad2d1d3f8036101dca7ee39e585","name":"Redacci\u00f3n QP","image":{"@type":"ImageObject","inLanguage":"es","@id":"https:\/\/secure.gravatar.com\/avatar\/c7164ed6fdec453195284ad24a5ae5b6e1eed2b848477fa2a4787ba9adf39a41?s=96&d=mm&r=g","url":"https:\/\/secure.gravatar.com\/avatar\/c7164ed6fdec453195284ad24a5ae5b6e1eed2b848477fa2a4787ba9adf39a41?s=96&d=mm&r=g","contentUrl":"https:\/\/secure.gravatar.com\/avatar\/c7164ed6fdec453195284ad24a5ae5b6e1eed2b848477fa2a4787ba9adf39a41?s=96&d=mm&r=g","caption":"Redacci\u00f3n QP"},"url":"https:\/\/quehacerpolitico.mx\/?author=2"}]}},"featured_image_urls":{"full":"","thumbnail":"","medium":"","medium_large":"","large":"","1536x1536":"","2048x2048":"","covernews-featured":"","covernews-medium":""},"author_info":{"display_name":"Redacci\u00f3n QP","author_link":"https:\/\/quehacerpolitico.mx\/?author=2"},"category_info":"<a href=\"https:\/\/quehacerpolitico.mx\/?cat=55\" rel=\"category\">CDMX<\/a>","tag_info":"CDMX","comment_count":"0","_links":{"self":[{"href":"https:\/\/quehacerpolitico.mx\/index.php?rest_route=\/wp\/v2\/posts\/6644","targetHints":{"allow":["GET"]}}],"collection":[{"href":"https:\/\/quehacerpolitico.mx\/index.php?rest_route=\/wp\/v2\/posts"}],"about":[{"href":"https:\/\/quehacerpolitico.mx\/index.php?rest_route=\/wp\/v2\/types\/post"}],"author":[{"embeddable":true,"href":"https:\/\/quehacerpolitico.mx\/index.php?rest_route=\/wp\/v2\/users\/2"}],"replies":[{"embeddable":true,"href":"https:\/\/quehacerpolitico.mx\/index.php?rest_route=%2Fwp%2Fv2%2Fcomments&post=6644"}],"version-history":[{"count":0,"href":"https:\/\/quehacerpolitico.mx\/index.php?rest_route=\/wp\/v2\/posts\/6644\/revisions"}],"wp:featuredmedia":[{"embeddable":true,"href":"https:\/\/quehacerpolitico.mx\/index.php?rest_route=\/"}],"wp:attachment":[{"href":"https:\/\/quehacerpolitico.mx\/index.php?rest_route=%2Fwp%2Fv2%2Fmedia&parent=6644"}],"wp:term":[{"taxonomy":"category","embeddable":true,"href":"https:\/\/quehacerpolitico.mx\/index.php?rest_route=%2Fwp%2Fv2%2Fcategories&post=6644"},{"taxonomy":"post_tag","embeddable":true,"href":"https:\/\/quehacerpolitico.mx\/index.php?rest_route=%2Fwp%2Fv2%2Ftags&post=6644"}],"curies":[{"name":"wp","href":"https:\/\/api.w.org\/{rel}","templated":true}]}}