{"id":6640,"date":"2018-10-10T23:33:01","date_gmt":"2018-10-10T23:33:01","guid":{"rendered":"http:\/\/quehacerpolitico.mx\/san-miguel-de-allende-es-por-segundo-ano-mejor-ciudad-pequena-del-mundo\/"},"modified":"2018-10-10T23:33:01","modified_gmt":"2018-10-10T23:33:01","slug":"san-miguel-de-allende-es-por-segundo-ano-mejor-ciudad-pequena-del-mundo","status":"publish","type":"post","link":"https:\/\/quehacerpolitico.mx\/?p=6640","title":{"rendered":"San Miguel de Allende es por segundo a\u00f1o Mejor Ciudad Peque\u00f1a del Mundo"},"content":{"rendered":"<p>San Miguel de Allende, Ciudad Patrimonio de la Humanidad, fue nombrada por segundo a\u00f1o consecutivo como la Mejor ciudad peque\u00f1a del mundo para 2018 en <strong>la trig\u00e9sima primera edici\u00f3n anual de los Premios Cond\u00e9 NastTraveler Readers Choice Awards.<\/strong><\/p>\n<div id=\"hybs-mslot-a89e37c8-0\">En un comunicado, la empresa editorial que publica la revista indic\u00f3 que el &#8220;coraz\u00f3n de M\u00e9xico&#8221; contin\u00faa cosechando reconocimientos de la industria, al ser la \u00fanica ciudad mexicana en la lista y al reafirmar su lugar como &#8220;uno de los lugares favoritos de lectores de la revista Cond\u00e9 Nast Traveler en todo el mundo&#8221;.<\/div>\n<p>Se\u00f1al\u00f3 que dentro del listado &#8220;Los 50 mejores hoteles del mundo&#8221;, orgullosamente Rosewood San Miguel de Allende ocupa la posici\u00f3n n\u00famero 15, Matilda el 22 y Nena Hotel Boutique el 48.<\/p>\n<p>\u00a0&#8220;Es un gran privilegio y responsabilidad aceptar este t\u00edtulo en nombre de toda la poblaci\u00f3n de San Miguel de Allende. Esperamos expandir el trabajo para promover las ofertas culturales de nuestra ciudad y posicionarlo como el destino de bellas artes de M\u00e9xico&#8221;, asegur\u00f3 Guillermo Gonz\u00e1lez, director de la Junta de Turismo de dicho municipio de Guanjuato.<br \/>\u00a0<br \/>Los Premios Choice de los lectores de Cond\u00e9 Nast Traveler <strong>son el reconocimiento m\u00e1s prestigioso de excelencia y de m\u00e1s larga trayectoria en la industria de los viajes y se conocen com\u00fanmente como &#8220;lo mejor de lo mejor en viajes&#8221;<\/strong>.<br \/>\u00a0<br \/>La Ciudad Patrimonio de la Humanidad recibir\u00e1 el premio este jueves en Nueva York, y es considerada la fragua de la independencia nacional, cuna de ilustres mexicanos y una joya urbana colonial que se distingue por la calidez y generosidad de su gente y su rico legado hist\u00f3rico, cultural y arquitect\u00f3nico.<br \/>\u00a0<br \/>Record\u00f3 que en el a\u00f1o 2013, el municipio fue reconocido como la &#8220;Mejor Ciudad del Mundo&#8221; por la revista internacional Cond\u00e9 Nast Traveler.<\/p>\n<p>\u00a0&#8220;El Coraz\u00f3n de M\u00e9xico&#8221;, adem\u00e1s, es &#8220;Capital Americana de la Cultura para 2019&#8221;, seg\u00fan anunci\u00f3 la Oficina Internacional de Capitales Culturales (IBOCC) el 22 de agosto de 2018 en Barcelona, Espa\u00f1a.<br \/>\u00a0<br \/>Este nombramiento como Capital Americana de la Cultura para 2019 durar\u00e1 del 1 de enero al 31 de diciembre de 2019, y los beneficios de la designaci\u00f3n de IBOCC <strong>incluyen el reposicionamiento de la ciudad en todo el mundo con ocho mil anuncios en 45 pa\u00edses, un gasto promocional equivalente a dos millones de d\u00f3lares en publicidad pagada.\u00a0<\/strong><\/p>\n","protected":false},"excerpt":{"rendered":"<p>La revista Cond\u00e9 Nast Traveler indica que es la \u00fanica ciudad mexicana en la lista y reafirma su lugar como &#8220;uno de los lugares favoritos&#8221; de los lectores<br \/>\nPor Redacci\u00f3n QP<\/p>\n","protected":false},"author":2,"featured_media":6639,"comment_status":"open","ping_status":"open","sticky":false,"template":"","format":"standard","meta":{"_monsterinsights_skip_tracking":false,"_monsterinsights_sitenote_active":false,"_monsterinsights_sitenote_note":"","_monsterinsights_sitenote_category":0,"footnotes":""},"categories":[58],"tags":[],"class_list":["post-6640","post","type-post","status-publish","format-standard","has-post-thumbnail","hentry","category-cultura"],"yoast_head":"<!-- This site is optimized with the Yoast SEO plugin v27.3 - https:\/\/yoast.com\/product\/yoast-seo-wordpress\/ -->\n<title>San Miguel de Allende es por segundo a\u00f1o Mejor Ciudad Peque\u00f1a del Mundo -<\/title>\n<meta name=\"robots\" content=\"index, follow, max-snippet:-1, max-image-preview:large, max-video-preview:-1\" \/>\n<link rel=\"canonical\" href=\"https:\/\/quehacerpolitico.mx\/?p=6640\" \/>\n<meta property=\"og:locale\" content=\"es_MX\" \/>\n<meta property=\"og:type\" content=\"article\" \/>\n<meta property=\"og:title\" content=\"San Miguel de Allende es por segundo a\u00f1o Mejor Ciudad Peque\u00f1a del Mundo -\" \/>\n<meta property=\"og:description\" content=\"La revista Cond\u00e9 Nast Traveler indica que es la \u00fanica ciudad mexicana en la lista y reafirma su lugar como &quot;uno de los lugares favoritos&quot; de los lectores Por Redacci\u00f3n QP\" \/>\n<meta property=\"og:url\" content=\"https:\/\/quehacerpolitico.mx\/?p=6640\" \/>\n<meta property=\"article:published_time\" content=\"2018-10-10T23:33:01+00:00\" \/>\n<meta name=\"author\" content=\"Redacci\u00f3n QP\" \/>\n<meta name=\"twitter:card\" content=\"summary_large_image\" \/>\n<meta name=\"twitter:label1\" content=\"Escrito por\" \/>\n\t<meta name=\"twitter:data1\" content=\"Redacci\u00f3n QP\" \/>\n\t<meta name=\"twitter:label2\" content=\"Tiempo de lectura\" \/>\n\t<meta name=\"twitter:data2\" content=\"2 minutos\" \/>\n<script type=\"application\/ld+json\" class=\"yoast-schema-graph\">{\"@context\":\"https:\\\/\\\/schema.org\",\"@graph\":[{\"@type\":\"Article\",\"@id\":\"https:\\\/\\\/quehacerpolitico.mx\\\/?p=6640#article\",\"isPartOf\":{\"@id\":\"https:\\\/\\\/quehacerpolitico.mx\\\/?p=6640\"},\"author\":{\"name\":\"Redacci\u00f3n QP\",\"@id\":\"https:\\\/\\\/quehacerpolitico.mx\\\/#\\\/schema\\\/person\\\/496d8ad2d1d3f8036101dca7ee39e585\"},\"headline\":\"San Miguel de Allende es por segundo a\u00f1o Mejor Ciudad Peque\u00f1a del Mundo\",\"datePublished\":\"2018-10-10T23:33:01+00:00\",\"mainEntityOfPage\":{\"@id\":\"https:\\\/\\\/quehacerpolitico.mx\\\/?p=6640\"},\"wordCount\":411,\"commentCount\":0,\"image\":{\"@id\":\"https:\\\/\\\/quehacerpolitico.mx\\\/?p=6640#primaryimage\"},\"thumbnailUrl\":\"\",\"articleSection\":[\"Cultura y Entretenimiento\"],\"inLanguage\":\"es\",\"potentialAction\":[{\"@type\":\"CommentAction\",\"name\":\"Comment\",\"target\":[\"https:\\\/\\\/quehacerpolitico.mx\\\/?p=6640#respond\"]}]},{\"@type\":\"WebPage\",\"@id\":\"https:\\\/\\\/quehacerpolitico.mx\\\/?p=6640\",\"url\":\"https:\\\/\\\/quehacerpolitico.mx\\\/?p=6640\",\"name\":\"San Miguel de Allende es por segundo a\u00f1o Mejor Ciudad Peque\u00f1a del Mundo -\",\"isPartOf\":{\"@id\":\"https:\\\/\\\/quehacerpolitico.mx\\\/#website\"},\"primaryImageOfPage\":{\"@id\":\"https:\\\/\\\/quehacerpolitico.mx\\\/?p=6640#primaryimage\"},\"image\":{\"@id\":\"https:\\\/\\\/quehacerpolitico.mx\\\/?p=6640#primaryimage\"},\"thumbnailUrl\":\"\",\"datePublished\":\"2018-10-10T23:33:01+00:00\",\"author\":{\"@id\":\"https:\\\/\\\/quehacerpolitico.mx\\\/#\\\/schema\\\/person\\\/496d8ad2d1d3f8036101dca7ee39e585\"},\"breadcrumb\":{\"@id\":\"https:\\\/\\\/quehacerpolitico.mx\\\/?p=6640#breadcrumb\"},\"inLanguage\":\"es\",\"potentialAction\":[{\"@type\":\"ReadAction\",\"target\":[\"https:\\\/\\\/quehacerpolitico.mx\\\/?p=6640\"]}]},{\"@type\":\"ImageObject\",\"inLanguage\":\"es\",\"@id\":\"https:\\\/\\\/quehacerpolitico.mx\\\/?p=6640#primaryimage\",\"url\":\"\",\"contentUrl\":\"\"},{\"@type\":\"BreadcrumbList\",\"@id\":\"https:\\\/\\\/quehacerpolitico.mx\\\/?p=6640#breadcrumb\",\"itemListElement\":[{\"@type\":\"ListItem\",\"position\":1,\"name\":\"Inicio\",\"item\":\"https:\\\/\\\/quehacerpolitico.mx\\\/\"},{\"@type\":\"ListItem\",\"position\":2,\"name\":\"San Miguel de Allende es por segundo a\u00f1o Mejor Ciudad Peque\u00f1a del Mundo\"}]},{\"@type\":\"WebSite\",\"@id\":\"https:\\\/\\\/quehacerpolitico.mx\\\/#website\",\"url\":\"https:\\\/\\\/quehacerpolitico.mx\\\/\",\"name\":\"\",\"description\":\"\",\"potentialAction\":[{\"@type\":\"SearchAction\",\"target\":{\"@type\":\"EntryPoint\",\"urlTemplate\":\"https:\\\/\\\/quehacerpolitico.mx\\\/?s={search_term_string}\"},\"query-input\":{\"@type\":\"PropertyValueSpecification\",\"valueRequired\":true,\"valueName\":\"search_term_string\"}}],\"inLanguage\":\"es\"},{\"@type\":\"Person\",\"@id\":\"https:\\\/\\\/quehacerpolitico.mx\\\/#\\\/schema\\\/person\\\/496d8ad2d1d3f8036101dca7ee39e585\",\"name\":\"Redacci\u00f3n QP\",\"image\":{\"@type\":\"ImageObject\",\"inLanguage\":\"es\",\"@id\":\"https:\\\/\\\/secure.gravatar.com\\\/avatar\\\/c7164ed6fdec453195284ad24a5ae5b6e1eed2b848477fa2a4787ba9adf39a41?s=96&d=mm&r=g\",\"url\":\"https:\\\/\\\/secure.gravatar.com\\\/avatar\\\/c7164ed6fdec453195284ad24a5ae5b6e1eed2b848477fa2a4787ba9adf39a41?s=96&d=mm&r=g\",\"contentUrl\":\"https:\\\/\\\/secure.gravatar.com\\\/avatar\\\/c7164ed6fdec453195284ad24a5ae5b6e1eed2b848477fa2a4787ba9adf39a41?s=96&d=mm&r=g\",\"caption\":\"Redacci\u00f3n QP\"},\"url\":\"https:\\\/\\\/quehacerpolitico.mx\\\/?author=2\"}]}<\/script>\n<!-- \/ Yoast SEO plugin. -->","yoast_head_json":{"title":"San Miguel de Allende es por segundo a\u00f1o Mejor Ciudad Peque\u00f1a del Mundo -","robots":{"index":"index","follow":"follow","max-snippet":"max-snippet:-1","max-image-preview":"max-image-preview:large","max-video-preview":"max-video-preview:-1"},"canonical":"https:\/\/quehacerpolitico.mx\/?p=6640","og_locale":"es_MX","og_type":"article","og_title":"San Miguel de Allende es por segundo a\u00f1o Mejor Ciudad Peque\u00f1a del Mundo -","og_description":"La revista Cond\u00e9 Nast Traveler indica que es la \u00fanica ciudad mexicana en la lista y reafirma su lugar como \"uno de los lugares favoritos\" de los lectores Por Redacci\u00f3n QP","og_url":"https:\/\/quehacerpolitico.mx\/?p=6640","article_published_time":"2018-10-10T23:33:01+00:00","author":"Redacci\u00f3n QP","twitter_card":"summary_large_image","twitter_misc":{"Escrito por":"Redacci\u00f3n QP","Tiempo de lectura":"2 minutos"},"schema":{"@context":"https:\/\/schema.org","@graph":[{"@type":"Article","@id":"https:\/\/quehacerpolitico.mx\/?p=6640#article","isPartOf":{"@id":"https:\/\/quehacerpolitico.mx\/?p=6640"},"author":{"name":"Redacci\u00f3n QP","@id":"https:\/\/quehacerpolitico.mx\/#\/schema\/person\/496d8ad2d1d3f8036101dca7ee39e585"},"headline":"San Miguel de Allende es por segundo a\u00f1o Mejor Ciudad Peque\u00f1a del Mundo","datePublished":"2018-10-10T23:33:01+00:00","mainEntityOfPage":{"@id":"https:\/\/quehacerpolitico.mx\/?p=6640"},"wordCount":411,"commentCount":0,"image":{"@id":"https:\/\/quehacerpolitico.mx\/?p=6640#primaryimage"},"thumbnailUrl":"","articleSection":["Cultura y Entretenimiento"],"inLanguage":"es","potentialAction":[{"@type":"CommentAction","name":"Comment","target":["https:\/\/quehacerpolitico.mx\/?p=6640#respond"]}]},{"@type":"WebPage","@id":"https:\/\/quehacerpolitico.mx\/?p=6640","url":"https:\/\/quehacerpolitico.mx\/?p=6640","name":"San Miguel de Allende es por segundo a\u00f1o Mejor Ciudad Peque\u00f1a del Mundo -","isPartOf":{"@id":"https:\/\/quehacerpolitico.mx\/#website"},"primaryImageOfPage":{"@id":"https:\/\/quehacerpolitico.mx\/?p=6640#primaryimage"},"image":{"@id":"https:\/\/quehacerpolitico.mx\/?p=6640#primaryimage"},"thumbnailUrl":"","datePublished":"2018-10-10T23:33:01+00:00","author":{"@id":"https:\/\/quehacerpolitico.mx\/#\/schema\/person\/496d8ad2d1d3f8036101dca7ee39e585"},"breadcrumb":{"@id":"https:\/\/quehacerpolitico.mx\/?p=6640#breadcrumb"},"inLanguage":"es","potentialAction":[{"@type":"ReadAction","target":["https:\/\/quehacerpolitico.mx\/?p=6640"]}]},{"@type":"ImageObject","inLanguage":"es","@id":"https:\/\/quehacerpolitico.mx\/?p=6640#primaryimage","url":"","contentUrl":""},{"@type":"BreadcrumbList","@id":"https:\/\/quehacerpolitico.mx\/?p=6640#breadcrumb","itemListElement":[{"@type":"ListItem","position":1,"name":"Inicio","item":"https:\/\/quehacerpolitico.mx\/"},{"@type":"ListItem","position":2,"name":"San Miguel de Allende es por segundo a\u00f1o Mejor Ciudad Peque\u00f1a del Mundo"}]},{"@type":"WebSite","@id":"https:\/\/quehacerpolitico.mx\/#website","url":"https:\/\/quehacerpolitico.mx\/","name":"","description":"","potentialAction":[{"@type":"SearchAction","target":{"@type":"EntryPoint","urlTemplate":"https:\/\/quehacerpolitico.mx\/?s={search_term_string}"},"query-input":{"@type":"PropertyValueSpecification","valueRequired":true,"valueName":"search_term_string"}}],"inLanguage":"es"},{"@type":"Person","@id":"https:\/\/quehacerpolitico.mx\/#\/schema\/person\/496d8ad2d1d3f8036101dca7ee39e585","name":"Redacci\u00f3n QP","image":{"@type":"ImageObject","inLanguage":"es","@id":"https:\/\/secure.gravatar.com\/avatar\/c7164ed6fdec453195284ad24a5ae5b6e1eed2b848477fa2a4787ba9adf39a41?s=96&d=mm&r=g","url":"https:\/\/secure.gravatar.com\/avatar\/c7164ed6fdec453195284ad24a5ae5b6e1eed2b848477fa2a4787ba9adf39a41?s=96&d=mm&r=g","contentUrl":"https:\/\/secure.gravatar.com\/avatar\/c7164ed6fdec453195284ad24a5ae5b6e1eed2b848477fa2a4787ba9adf39a41?s=96&d=mm&r=g","caption":"Redacci\u00f3n QP"},"url":"https:\/\/quehacerpolitico.mx\/?author=2"}]}},"featured_image_urls":{"full":"","thumbnail":"","medium":"","medium_large":"","large":"","1536x1536":"","2048x2048":"","covernews-featured":"","covernews-medium":""},"author_info":{"display_name":"Redacci\u00f3n QP","author_link":"https:\/\/quehacerpolitico.mx\/?author=2"},"category_info":"<a href=\"https:\/\/quehacerpolitico.mx\/?cat=58\" rel=\"category\">Cultura y Entretenimiento<\/a>","tag_info":"Cultura y Entretenimiento","comment_count":"0","_links":{"self":[{"href":"https:\/\/quehacerpolitico.mx\/index.php?rest_route=\/wp\/v2\/posts\/6640","targetHints":{"allow":["GET"]}}],"collection":[{"href":"https:\/\/quehacerpolitico.mx\/index.php?rest_route=\/wp\/v2\/posts"}],"about":[{"href":"https:\/\/quehacerpolitico.mx\/index.php?rest_route=\/wp\/v2\/types\/post"}],"author":[{"embeddable":true,"href":"https:\/\/quehacerpolitico.mx\/index.php?rest_route=\/wp\/v2\/users\/2"}],"replies":[{"embeddable":true,"href":"https:\/\/quehacerpolitico.mx\/index.php?rest_route=%2Fwp%2Fv2%2Fcomments&post=6640"}],"version-history":[{"count":0,"href":"https:\/\/quehacerpolitico.mx\/index.php?rest_route=\/wp\/v2\/posts\/6640\/revisions"}],"wp:featuredmedia":[{"embeddable":true,"href":"https:\/\/quehacerpolitico.mx\/index.php?rest_route=\/"}],"wp:attachment":[{"href":"https:\/\/quehacerpolitico.mx\/index.php?rest_route=%2Fwp%2Fv2%2Fmedia&parent=6640"}],"wp:term":[{"taxonomy":"category","embeddable":true,"href":"https:\/\/quehacerpolitico.mx\/index.php?rest_route=%2Fwp%2Fv2%2Fcategories&post=6640"},{"taxonomy":"post_tag","embeddable":true,"href":"https:\/\/quehacerpolitico.mx\/index.php?rest_route=%2Fwp%2Fv2%2Ftags&post=6640"}],"curies":[{"name":"wp","href":"https:\/\/api.w.org\/{rel}","templated":true}]}}