{"id":6617,"date":"2018-10-10T21:43:09","date_gmt":"2018-10-10T21:43:09","guid":{"rendered":"http:\/\/quehacerpolitico.mx\/el-senado-liquida-a-2-mil-empleados-y-congela-las-plazas-muchos-eran-asesores-y-auxiliares\/"},"modified":"2018-10-10T21:43:09","modified_gmt":"2018-10-10T21:43:09","slug":"el-senado-liquida-a-2-mil-empleados-y-congela-las-plazas-muchos-eran-asesores-y-auxiliares","status":"publish","type":"post","link":"https:\/\/quehacerpolitico.mx\/?p=6617","title":{"rendered":"El Senado liquida a 2 mil empleados y congela las plazas; muchos eran \u201casesores\u201d y \u201cauxiliares\u201d"},"content":{"rendered":"<h3>En conferencia de prensa en el Senado, Ricardo Monreal explic\u00f3 que para la liquidaci\u00f3n de este personal de \u00e1reas administrativas, legislativas, de comisiones y de servicio civil de carrera, se necesit\u00f3 un adicional de 260 millones de los 100 millones que se ten\u00edan previstos para cubrir los finiquitos.<\/h3>\n<p><strong>Ricardo Monreal<\/strong>, presidente de la Junta de Coordinaci\u00f3n Pol\u00edtica (<strong>Jucopo<\/strong>) y coordinador de la bancada de <strong>Morena<\/strong> en el <strong>Senado<\/strong>, inform\u00f3 que hasta el momento ya se han<strong> liquidado a 2 mil trabajadores<\/strong> de la C\u00e1mara Alta y que se ha destinado un total de 368 millones de pesos para este rubro.<\/p>\n<p>En conferencia de prensa en el Senado, Monreal explic\u00f3 que para la liquidaci\u00f3n de este personal de \u00e1reas administrativas, legislativas, de comisiones y de servicio civil de carrera se necesit\u00f3 un adicional de 260 millones de los 100 millones que se ten\u00edan previstos para cubrir los finiquitos.<\/p>\n<blockquote>\n<p>\u201cM\u00e1s de 260 millones van a salir de este proceso de austeridad en el que estamos inmersos\u201d, dijo.<\/p>\n<p>Detall\u00f3 que el n\u00famero de trabajadores, asesores, personal que en este momento se tienen liquidados son 2 mil, entre ellos son m\u00e1s de mil los que ven\u00edan acompa\u00f1ando a los senadores de la legislatura que finaliz\u00f3.<\/p>\n<div id=\"attachment_3482812\" class=\"wp-caption alignnone\"><img loading=\"lazy\" decoding=\"async\" class=\"size-full wp-image-3482812\" src=\"http:\/\/www.sinembargo.mx\/wp-content\/uploads\/2018\/10\/ricardo-monreal.jpg\" sizes=\"auto, (max-width: 700px) 100vw, 700px\" srcset=\"http:\/\/www.sinembargo.mx\/wp-content\/uploads\/2018\/10\/ricardo-monreal.jpg 700w, http:\/\/www.sinembargo.mx\/wp-content\/uploads\/2018\/10\/ricardo-monreal-300x159.jpg 300w\" alt=\"\" width=\"700\" height=\"370\" \/><\/p>\n<p class=\"wp-caption-text\">El Senador Ricardo Monreal, presidente de la junta de coordinaci\u00f3n pol\u00edtica del Senado. Foto: Cuartoscuro<\/p>\n<\/div>\n<p>Monreal tambi\u00e9n inform\u00f3 que todas la plazas que est\u00e1n liquidadas hasta este momento tambi\u00e9n se han congelado para evitar nuevas contrataciones.<\/p>\n<blockquote>\n<p>\u201cTodas las plazas est\u00e1n congeladas, plaza que se desocupa, se liquida, se congela. Son 2 mil las liquidaciones\u201d, recalc\u00f3.<\/p>\n<\/blockquote>\n<p>El l\u00edder de los senadores de Morena precis\u00f3 la siguiente lista sobre los trabajadores liquidados:<\/p>\n<blockquote>\n<p>Asesores y auxiliares que estaban con el anterior Senado: 1,122<br \/>Personal de comisiones: 486<br \/>Personal de grupos parlamentarios: 56<br \/>Personal administrativo: 181<br \/>Del servicio civil de carrera: 33<br \/>De mandos medios y superiores: 155<br \/>Personal operativo de confianza: 7<\/p>\n<\/blockquote>\n<p>Dijo que si non hubieran llevado a cabo el programa de austeridad desde el primero de septiembre \u201cno habr\u00edamos podido liquidar a los trabajadores, funcionarios o asesores de los senadores de quienes estaban en algunas comisiones por honorarios\u201d.<\/p>\n<\/blockquote>\n","protected":false},"excerpt":{"rendered":"<p>El Senado liquida a 2 mil empleados y congela las plazas; muchos eran \u201casesores\u201d y \u201cauxiliares\u201d<br \/>\nPor Redacci\u00f3n QP<\/p>\n","protected":false},"author":2,"featured_media":6616,"comment_status":"open","ping_status":"open","sticky":false,"template":"","format":"standard","meta":{"_monsterinsights_skip_tracking":false,"_monsterinsights_sitenote_active":false,"_monsterinsights_sitenote_note":"","_monsterinsights_sitenote_category":0,"footnotes":""},"categories":[2],"tags":[],"class_list":["post-6617","post","type-post","status-publish","format-standard","has-post-thumbnail","hentry","category-noticias"],"yoast_head":"<!-- This site is optimized with the Yoast SEO plugin v27.3 - https:\/\/yoast.com\/product\/yoast-seo-wordpress\/ -->\n<title>El Senado liquida a 2 mil empleados y congela las plazas; muchos eran \u201casesores\u201d y \u201cauxiliares\u201d -<\/title>\n<meta name=\"robots\" content=\"index, follow, max-snippet:-1, max-image-preview:large, max-video-preview:-1\" \/>\n<link rel=\"canonical\" href=\"https:\/\/quehacerpolitico.mx\/?p=6617\" \/>\n<meta property=\"og:locale\" content=\"es_MX\" \/>\n<meta property=\"og:type\" content=\"article\" \/>\n<meta property=\"og:title\" content=\"El Senado liquida a 2 mil empleados y congela las plazas; muchos eran \u201casesores\u201d y \u201cauxiliares\u201d -\" \/>\n<meta property=\"og:description\" content=\"El Senado liquida a 2 mil empleados y congela las plazas; muchos eran \u201casesores\u201d y \u201cauxiliares\u201d Por Redacci\u00f3n QP\" \/>\n<meta property=\"og:url\" content=\"https:\/\/quehacerpolitico.mx\/?p=6617\" \/>\n<meta property=\"article:published_time\" content=\"2018-10-10T21:43:09+00:00\" \/>\n<meta name=\"author\" content=\"Redacci\u00f3n QP\" \/>\n<meta name=\"twitter:card\" content=\"summary_large_image\" \/>\n<meta name=\"twitter:label1\" content=\"Escrito por\" \/>\n\t<meta name=\"twitter:data1\" content=\"Redacci\u00f3n QP\" \/>\n\t<meta name=\"twitter:label2\" content=\"Tiempo de lectura\" \/>\n\t<meta name=\"twitter:data2\" content=\"2 minutos\" \/>\n<script type=\"application\/ld+json\" class=\"yoast-schema-graph\">{\"@context\":\"https:\\\/\\\/schema.org\",\"@graph\":[{\"@type\":\"Article\",\"@id\":\"https:\\\/\\\/quehacerpolitico.mx\\\/?p=6617#article\",\"isPartOf\":{\"@id\":\"https:\\\/\\\/quehacerpolitico.mx\\\/?p=6617\"},\"author\":{\"name\":\"Redacci\u00f3n QP\",\"@id\":\"https:\\\/\\\/quehacerpolitico.mx\\\/#\\\/schema\\\/person\\\/496d8ad2d1d3f8036101dca7ee39e585\"},\"headline\":\"El Senado liquida a 2 mil empleados y congela las plazas; muchos eran \u201casesores\u201d y \u201cauxiliares\u201d\",\"datePublished\":\"2018-10-10T21:43:09+00:00\",\"mainEntityOfPage\":{\"@id\":\"https:\\\/\\\/quehacerpolitico.mx\\\/?p=6617\"},\"wordCount\":367,\"commentCount\":0,\"image\":{\"@id\":\"https:\\\/\\\/quehacerpolitico.mx\\\/?p=6617#primaryimage\"},\"thumbnailUrl\":\"\",\"articleSection\":[\"Noticias\"],\"inLanguage\":\"es\",\"potentialAction\":[{\"@type\":\"CommentAction\",\"name\":\"Comment\",\"target\":[\"https:\\\/\\\/quehacerpolitico.mx\\\/?p=6617#respond\"]}]},{\"@type\":\"WebPage\",\"@id\":\"https:\\\/\\\/quehacerpolitico.mx\\\/?p=6617\",\"url\":\"https:\\\/\\\/quehacerpolitico.mx\\\/?p=6617\",\"name\":\"El Senado liquida a 2 mil empleados y congela las plazas; muchos eran \u201casesores\u201d y \u201cauxiliares\u201d -\",\"isPartOf\":{\"@id\":\"https:\\\/\\\/quehacerpolitico.mx\\\/#website\"},\"primaryImageOfPage\":{\"@id\":\"https:\\\/\\\/quehacerpolitico.mx\\\/?p=6617#primaryimage\"},\"image\":{\"@id\":\"https:\\\/\\\/quehacerpolitico.mx\\\/?p=6617#primaryimage\"},\"thumbnailUrl\":\"\",\"datePublished\":\"2018-10-10T21:43:09+00:00\",\"author\":{\"@id\":\"https:\\\/\\\/quehacerpolitico.mx\\\/#\\\/schema\\\/person\\\/496d8ad2d1d3f8036101dca7ee39e585\"},\"breadcrumb\":{\"@id\":\"https:\\\/\\\/quehacerpolitico.mx\\\/?p=6617#breadcrumb\"},\"inLanguage\":\"es\",\"potentialAction\":[{\"@type\":\"ReadAction\",\"target\":[\"https:\\\/\\\/quehacerpolitico.mx\\\/?p=6617\"]}]},{\"@type\":\"ImageObject\",\"inLanguage\":\"es\",\"@id\":\"https:\\\/\\\/quehacerpolitico.mx\\\/?p=6617#primaryimage\",\"url\":\"\",\"contentUrl\":\"\"},{\"@type\":\"BreadcrumbList\",\"@id\":\"https:\\\/\\\/quehacerpolitico.mx\\\/?p=6617#breadcrumb\",\"itemListElement\":[{\"@type\":\"ListItem\",\"position\":1,\"name\":\"Inicio\",\"item\":\"https:\\\/\\\/quehacerpolitico.mx\\\/\"},{\"@type\":\"ListItem\",\"position\":2,\"name\":\"El Senado liquida a 2 mil empleados y congela las plazas; muchos eran \u201casesores\u201d y \u201cauxiliares\u201d\"}]},{\"@type\":\"WebSite\",\"@id\":\"https:\\\/\\\/quehacerpolitico.mx\\\/#website\",\"url\":\"https:\\\/\\\/quehacerpolitico.mx\\\/\",\"name\":\"\",\"description\":\"\",\"potentialAction\":[{\"@type\":\"SearchAction\",\"target\":{\"@type\":\"EntryPoint\",\"urlTemplate\":\"https:\\\/\\\/quehacerpolitico.mx\\\/?s={search_term_string}\"},\"query-input\":{\"@type\":\"PropertyValueSpecification\",\"valueRequired\":true,\"valueName\":\"search_term_string\"}}],\"inLanguage\":\"es\"},{\"@type\":\"Person\",\"@id\":\"https:\\\/\\\/quehacerpolitico.mx\\\/#\\\/schema\\\/person\\\/496d8ad2d1d3f8036101dca7ee39e585\",\"name\":\"Redacci\u00f3n QP\",\"image\":{\"@type\":\"ImageObject\",\"inLanguage\":\"es\",\"@id\":\"https:\\\/\\\/secure.gravatar.com\\\/avatar\\\/c7164ed6fdec453195284ad24a5ae5b6e1eed2b848477fa2a4787ba9adf39a41?s=96&d=mm&r=g\",\"url\":\"https:\\\/\\\/secure.gravatar.com\\\/avatar\\\/c7164ed6fdec453195284ad24a5ae5b6e1eed2b848477fa2a4787ba9adf39a41?s=96&d=mm&r=g\",\"contentUrl\":\"https:\\\/\\\/secure.gravatar.com\\\/avatar\\\/c7164ed6fdec453195284ad24a5ae5b6e1eed2b848477fa2a4787ba9adf39a41?s=96&d=mm&r=g\",\"caption\":\"Redacci\u00f3n QP\"},\"url\":\"https:\\\/\\\/quehacerpolitico.mx\\\/?author=2\"}]}<\/script>\n<!-- \/ Yoast SEO plugin. -->","yoast_head_json":{"title":"El Senado liquida a 2 mil empleados y congela las plazas; muchos eran \u201casesores\u201d y \u201cauxiliares\u201d -","robots":{"index":"index","follow":"follow","max-snippet":"max-snippet:-1","max-image-preview":"max-image-preview:large","max-video-preview":"max-video-preview:-1"},"canonical":"https:\/\/quehacerpolitico.mx\/?p=6617","og_locale":"es_MX","og_type":"article","og_title":"El Senado liquida a 2 mil empleados y congela las plazas; muchos eran \u201casesores\u201d y \u201cauxiliares\u201d -","og_description":"El Senado liquida a 2 mil empleados y congela las plazas; muchos eran \u201casesores\u201d y \u201cauxiliares\u201d Por Redacci\u00f3n QP","og_url":"https:\/\/quehacerpolitico.mx\/?p=6617","article_published_time":"2018-10-10T21:43:09+00:00","author":"Redacci\u00f3n QP","twitter_card":"summary_large_image","twitter_misc":{"Escrito por":"Redacci\u00f3n QP","Tiempo de lectura":"2 minutos"},"schema":{"@context":"https:\/\/schema.org","@graph":[{"@type":"Article","@id":"https:\/\/quehacerpolitico.mx\/?p=6617#article","isPartOf":{"@id":"https:\/\/quehacerpolitico.mx\/?p=6617"},"author":{"name":"Redacci\u00f3n QP","@id":"https:\/\/quehacerpolitico.mx\/#\/schema\/person\/496d8ad2d1d3f8036101dca7ee39e585"},"headline":"El Senado liquida a 2 mil empleados y congela las plazas; muchos eran \u201casesores\u201d y \u201cauxiliares\u201d","datePublished":"2018-10-10T21:43:09+00:00","mainEntityOfPage":{"@id":"https:\/\/quehacerpolitico.mx\/?p=6617"},"wordCount":367,"commentCount":0,"image":{"@id":"https:\/\/quehacerpolitico.mx\/?p=6617#primaryimage"},"thumbnailUrl":"","articleSection":["Noticias"],"inLanguage":"es","potentialAction":[{"@type":"CommentAction","name":"Comment","target":["https:\/\/quehacerpolitico.mx\/?p=6617#respond"]}]},{"@type":"WebPage","@id":"https:\/\/quehacerpolitico.mx\/?p=6617","url":"https:\/\/quehacerpolitico.mx\/?p=6617","name":"El Senado liquida a 2 mil empleados y congela las plazas; muchos eran \u201casesores\u201d y \u201cauxiliares\u201d -","isPartOf":{"@id":"https:\/\/quehacerpolitico.mx\/#website"},"primaryImageOfPage":{"@id":"https:\/\/quehacerpolitico.mx\/?p=6617#primaryimage"},"image":{"@id":"https:\/\/quehacerpolitico.mx\/?p=6617#primaryimage"},"thumbnailUrl":"","datePublished":"2018-10-10T21:43:09+00:00","author":{"@id":"https:\/\/quehacerpolitico.mx\/#\/schema\/person\/496d8ad2d1d3f8036101dca7ee39e585"},"breadcrumb":{"@id":"https:\/\/quehacerpolitico.mx\/?p=6617#breadcrumb"},"inLanguage":"es","potentialAction":[{"@type":"ReadAction","target":["https:\/\/quehacerpolitico.mx\/?p=6617"]}]},{"@type":"ImageObject","inLanguage":"es","@id":"https:\/\/quehacerpolitico.mx\/?p=6617#primaryimage","url":"","contentUrl":""},{"@type":"BreadcrumbList","@id":"https:\/\/quehacerpolitico.mx\/?p=6617#breadcrumb","itemListElement":[{"@type":"ListItem","position":1,"name":"Inicio","item":"https:\/\/quehacerpolitico.mx\/"},{"@type":"ListItem","position":2,"name":"El Senado liquida a 2 mil empleados y congela las plazas; muchos eran \u201casesores\u201d y \u201cauxiliares\u201d"}]},{"@type":"WebSite","@id":"https:\/\/quehacerpolitico.mx\/#website","url":"https:\/\/quehacerpolitico.mx\/","name":"","description":"","potentialAction":[{"@type":"SearchAction","target":{"@type":"EntryPoint","urlTemplate":"https:\/\/quehacerpolitico.mx\/?s={search_term_string}"},"query-input":{"@type":"PropertyValueSpecification","valueRequired":true,"valueName":"search_term_string"}}],"inLanguage":"es"},{"@type":"Person","@id":"https:\/\/quehacerpolitico.mx\/#\/schema\/person\/496d8ad2d1d3f8036101dca7ee39e585","name":"Redacci\u00f3n QP","image":{"@type":"ImageObject","inLanguage":"es","@id":"https:\/\/secure.gravatar.com\/avatar\/c7164ed6fdec453195284ad24a5ae5b6e1eed2b848477fa2a4787ba9adf39a41?s=96&d=mm&r=g","url":"https:\/\/secure.gravatar.com\/avatar\/c7164ed6fdec453195284ad24a5ae5b6e1eed2b848477fa2a4787ba9adf39a41?s=96&d=mm&r=g","contentUrl":"https:\/\/secure.gravatar.com\/avatar\/c7164ed6fdec453195284ad24a5ae5b6e1eed2b848477fa2a4787ba9adf39a41?s=96&d=mm&r=g","caption":"Redacci\u00f3n QP"},"url":"https:\/\/quehacerpolitico.mx\/?author=2"}]}},"featured_image_urls":{"full":"","thumbnail":"","medium":"","medium_large":"","large":"","1536x1536":"","2048x2048":"","covernews-featured":"","covernews-medium":""},"author_info":{"display_name":"Redacci\u00f3n QP","author_link":"https:\/\/quehacerpolitico.mx\/?author=2"},"category_info":"<a href=\"https:\/\/quehacerpolitico.mx\/?cat=2\" rel=\"category\">Noticias<\/a>","tag_info":"Noticias","comment_count":"0","_links":{"self":[{"href":"https:\/\/quehacerpolitico.mx\/index.php?rest_route=\/wp\/v2\/posts\/6617","targetHints":{"allow":["GET"]}}],"collection":[{"href":"https:\/\/quehacerpolitico.mx\/index.php?rest_route=\/wp\/v2\/posts"}],"about":[{"href":"https:\/\/quehacerpolitico.mx\/index.php?rest_route=\/wp\/v2\/types\/post"}],"author":[{"embeddable":true,"href":"https:\/\/quehacerpolitico.mx\/index.php?rest_route=\/wp\/v2\/users\/2"}],"replies":[{"embeddable":true,"href":"https:\/\/quehacerpolitico.mx\/index.php?rest_route=%2Fwp%2Fv2%2Fcomments&post=6617"}],"version-history":[{"count":0,"href":"https:\/\/quehacerpolitico.mx\/index.php?rest_route=\/wp\/v2\/posts\/6617\/revisions"}],"wp:featuredmedia":[{"embeddable":true,"href":"https:\/\/quehacerpolitico.mx\/index.php?rest_route=\/"}],"wp:attachment":[{"href":"https:\/\/quehacerpolitico.mx\/index.php?rest_route=%2Fwp%2Fv2%2Fmedia&parent=6617"}],"wp:term":[{"taxonomy":"category","embeddable":true,"href":"https:\/\/quehacerpolitico.mx\/index.php?rest_route=%2Fwp%2Fv2%2Fcategories&post=6617"},{"taxonomy":"post_tag","embeddable":true,"href":"https:\/\/quehacerpolitico.mx\/index.php?rest_route=%2Fwp%2Fv2%2Ftags&post=6617"}],"curies":[{"name":"wp","href":"https:\/\/api.w.org\/{rel}","templated":true}]}}