{"id":66121,"date":"2020-10-04T18:46:24","date_gmt":"2020-10-04T23:46:24","guid":{"rendered":"http:\/\/quehacerpolitico.mx\/?p=66121"},"modified":"2020-10-04T18:46:24","modified_gmt":"2020-10-04T23:46:24","slug":"chichen-itza-cierra-por-danos-de-tormenta-gamma","status":"publish","type":"post","link":"https:\/\/quehacerpolitico.mx\/?p=66121","title":{"rendered":"Chich\u00e9n Itz\u00e1 cierra por da\u00f1os de tormenta &#8220;Gamma&#8221;"},"content":{"rendered":"<h1 class=\"news-title\">Chich\u00e9n Itz\u00e1 cierra por da\u00f1os de tormenta &#8220;Gamma&#8221;<br \/>\nPor Redacci\u00f3n QP<\/h1>\n<div class=\"news-subtitle\">\n<p>Zonas arqueol\u00f3gicas en Yucat\u00e1n y\u00a0Quintana Roo\u00a0resultan afectadas, informa el INAH<\/p>\n<\/div>\n<div class=\"social-share-box normal\">\n<p>Debido a las afectaciones a los caminos y senderos de acceso ocasionados por la tormenta tropical &#8220;Gamma&#8221;, las zonas arqueol\u00f3gicas de Chich\u00e9n Itz\u00e1 y <strong>Ek Balam<\/strong>, en Yucatan y <strong>Cob\u00e1<\/strong>, en Quintana Roo, respectivamente, han sido <strong>cerradas al p\u00fablico hasta nuevo aviso.<\/strong><\/p>\n<p>En un breve comunicado, la Secretar\u00eda de Cultura del gobierno federal, a trav\u00e9s del Instituto Nacional de Antropolog\u00eda e Historia (INAH), inform\u00f3 lo anterior y se\u00f1al\u00f3 que &#8220;trabajadores de INAH ya se encuentran realizando <strong>labores de limpieza <\/strong>de estas v\u00edas y de <strong>inspecci\u00f3n <\/strong>para verificar posibles da\u00f1os en estructuras arqueol\u00f3gicas&#8221;.<\/p>\n<blockquote class=\"twitter-tweet\" data-width=\"550\" data-dnt=\"true\">\n<p lang=\"es\" dir=\"ltr\">\u26a0\ufe0f AVISO \u26a0\ufe0f<\/p>\n<p>Debido a las afectaciones a los caminos y senderos de acceso ocasionados por la tormenta tropical Gamma, las zonas arqueol\u00f3gicas de Chich\u00e9n Itz\u00e1 y Ek Balam, en Yucat\u00e1n, y Cob\u00e1, en Quintana Roo, permanecer\u00e1n cerradas al p\u00fablico hasta nuevo aviso. <a href=\"https:\/\/t.co\/ixfkQwrLRi\">pic.twitter.com\/ixfkQwrLRi<\/a><\/p>\n<p>&mdash; INAH (@INAHmx) <a href=\"https:\/\/twitter.com\/INAHmx\/status\/1312781344993402881?ref_src=twsrc%5Etfw\">October 4, 2020<\/a><\/p><\/blockquote>\n<p><script async src=\"https:\/\/platform.twitter.com\/widgets.js\" charset=\"utf-8\"><\/script><\/p>\n<p>Hace apenas tres semanas, las zonas arqueol\u00f3gicas hab\u00edan sido abiertas al p\u00fablico y los visitantes hab\u00edan comenzado a acceder de manera gradual y ordenada a los espacios pero la tormenta &#8220;Gamma&#8221; ha provocado da\u00f1os severos en las v\u00edas de acceso.<\/p>\n<p>Con Informaci\u00f3n de SUN<\/p>\n<\/div>\n","protected":false},"excerpt":{"rendered":"<p>Chich\u00e9n Itz\u00e1 cierra por da\u00f1os de tormenta &#8220;Gamma&#8221; Por Redacci\u00f3n QP Zonas arqueol\u00f3gicas en Yucat\u00e1n&#8230;<\/p>\n","protected":false},"author":2,"featured_media":66122,"comment_status":"open","ping_status":"open","sticky":false,"template":"","format":"standard","meta":{"_monsterinsights_skip_tracking":false,"_monsterinsights_sitenote_active":false,"_monsterinsights_sitenote_note":"","_monsterinsights_sitenote_category":0,"footnotes":""},"categories":[58],"tags":[],"class_list":["post-66121","post","type-post","status-publish","format-standard","has-post-thumbnail","hentry","category-cultura"],"yoast_head":"<!-- This site is optimized with the Yoast SEO plugin v27.3 - https:\/\/yoast.com\/product\/yoast-seo-wordpress\/ -->\n<title>Chich\u00e9n Itz\u00e1 cierra por da\u00f1os de tormenta &quot;Gamma&quot; -<\/title>\n<meta name=\"robots\" content=\"index, follow, max-snippet:-1, max-image-preview:large, max-video-preview:-1\" \/>\n<link rel=\"canonical\" href=\"https:\/\/quehacerpolitico.mx\/?p=66121\" \/>\n<meta property=\"og:locale\" content=\"es_MX\" \/>\n<meta property=\"og:type\" content=\"article\" \/>\n<meta property=\"og:title\" content=\"Chich\u00e9n Itz\u00e1 cierra por da\u00f1os de tormenta &quot;Gamma&quot; -\" \/>\n<meta property=\"og:description\" content=\"Chich\u00e9n Itz\u00e1 cierra por da\u00f1os de tormenta &#8220;Gamma&#8221; Por Redacci\u00f3n QP Zonas arqueol\u00f3gicas en Yucat\u00e1n...\" \/>\n<meta property=\"og:url\" content=\"https:\/\/quehacerpolitico.mx\/?p=66121\" \/>\n<meta property=\"article:published_time\" content=\"2020-10-04T23:46:24+00:00\" \/>\n<meta property=\"og:image\" content=\"https:\/\/quehacerpolitico.mx\/wp-content\/uploads\/2020\/10\/389BDE10-93BB-45F9-AAEA-264FDED95E99.jpeg\" \/>\n\t<meta property=\"og:image:width\" content=\"1280\" \/>\n\t<meta property=\"og:image:height\" content=\"960\" \/>\n\t<meta property=\"og:image:type\" content=\"image\/jpeg\" \/>\n<meta name=\"author\" content=\"Redacci\u00f3n QP\" \/>\n<meta name=\"twitter:card\" content=\"summary_large_image\" \/>\n<meta name=\"twitter:label1\" content=\"Escrito por\" \/>\n\t<meta name=\"twitter:data1\" content=\"Redacci\u00f3n QP\" \/>\n\t<meta name=\"twitter:label2\" content=\"Tiempo de lectura\" \/>\n\t<meta name=\"twitter:data2\" content=\"1 minuto\" \/>\n<script type=\"application\/ld+json\" class=\"yoast-schema-graph\">{\"@context\":\"https:\\\/\\\/schema.org\",\"@graph\":[{\"@type\":\"Article\",\"@id\":\"https:\\\/\\\/quehacerpolitico.mx\\\/?p=66121#article\",\"isPartOf\":{\"@id\":\"https:\\\/\\\/quehacerpolitico.mx\\\/?p=66121\"},\"author\":{\"name\":\"Redacci\u00f3n QP\",\"@id\":\"https:\\\/\\\/quehacerpolitico.mx\\\/#\\\/schema\\\/person\\\/496d8ad2d1d3f8036101dca7ee39e585\"},\"headline\":\"Chich\u00e9n Itz\u00e1 cierra por da\u00f1os de tormenta &#8220;Gamma&#8221;\",\"datePublished\":\"2020-10-04T23:46:24+00:00\",\"mainEntityOfPage\":{\"@id\":\"https:\\\/\\\/quehacerpolitico.mx\\\/?p=66121\"},\"wordCount\":198,\"commentCount\":0,\"image\":{\"@id\":\"https:\\\/\\\/quehacerpolitico.mx\\\/?p=66121#primaryimage\"},\"thumbnailUrl\":\"https:\\\/\\\/quehacerpolitico.mx\\\/wp-content\\\/uploads\\\/2020\\\/10\\\/389BDE10-93BB-45F9-AAEA-264FDED95E99.jpeg\",\"articleSection\":[\"Cultura y Entretenimiento\"],\"inLanguage\":\"es\",\"potentialAction\":[{\"@type\":\"CommentAction\",\"name\":\"Comment\",\"target\":[\"https:\\\/\\\/quehacerpolitico.mx\\\/?p=66121#respond\"]}]},{\"@type\":\"WebPage\",\"@id\":\"https:\\\/\\\/quehacerpolitico.mx\\\/?p=66121\",\"url\":\"https:\\\/\\\/quehacerpolitico.mx\\\/?p=66121\",\"name\":\"Chich\u00e9n Itz\u00e1 cierra por da\u00f1os de tormenta \\\"Gamma\\\" -\",\"isPartOf\":{\"@id\":\"https:\\\/\\\/quehacerpolitico.mx\\\/#website\"},\"primaryImageOfPage\":{\"@id\":\"https:\\\/\\\/quehacerpolitico.mx\\\/?p=66121#primaryimage\"},\"image\":{\"@id\":\"https:\\\/\\\/quehacerpolitico.mx\\\/?p=66121#primaryimage\"},\"thumbnailUrl\":\"https:\\\/\\\/quehacerpolitico.mx\\\/wp-content\\\/uploads\\\/2020\\\/10\\\/389BDE10-93BB-45F9-AAEA-264FDED95E99.jpeg\",\"datePublished\":\"2020-10-04T23:46:24+00:00\",\"author\":{\"@id\":\"https:\\\/\\\/quehacerpolitico.mx\\\/#\\\/schema\\\/person\\\/496d8ad2d1d3f8036101dca7ee39e585\"},\"breadcrumb\":{\"@id\":\"https:\\\/\\\/quehacerpolitico.mx\\\/?p=66121#breadcrumb\"},\"inLanguage\":\"es\",\"potentialAction\":[{\"@type\":\"ReadAction\",\"target\":[\"https:\\\/\\\/quehacerpolitico.mx\\\/?p=66121\"]}]},{\"@type\":\"ImageObject\",\"inLanguage\":\"es\",\"@id\":\"https:\\\/\\\/quehacerpolitico.mx\\\/?p=66121#primaryimage\",\"url\":\"https:\\\/\\\/quehacerpolitico.mx\\\/wp-content\\\/uploads\\\/2020\\\/10\\\/389BDE10-93BB-45F9-AAEA-264FDED95E99.jpeg\",\"contentUrl\":\"https:\\\/\\\/quehacerpolitico.mx\\\/wp-content\\\/uploads\\\/2020\\\/10\\\/389BDE10-93BB-45F9-AAEA-264FDED95E99.jpeg\",\"width\":1280,\"height\":960},{\"@type\":\"BreadcrumbList\",\"@id\":\"https:\\\/\\\/quehacerpolitico.mx\\\/?p=66121#breadcrumb\",\"itemListElement\":[{\"@type\":\"ListItem\",\"position\":1,\"name\":\"Inicio\",\"item\":\"https:\\\/\\\/quehacerpolitico.mx\\\/\"},{\"@type\":\"ListItem\",\"position\":2,\"name\":\"Chich\u00e9n Itz\u00e1 cierra por da\u00f1os de tormenta &#8220;Gamma&#8221;\"}]},{\"@type\":\"WebSite\",\"@id\":\"https:\\\/\\\/quehacerpolitico.mx\\\/#website\",\"url\":\"https:\\\/\\\/quehacerpolitico.mx\\\/\",\"name\":\"\",\"description\":\"\",\"potentialAction\":[{\"@type\":\"SearchAction\",\"target\":{\"@type\":\"EntryPoint\",\"urlTemplate\":\"https:\\\/\\\/quehacerpolitico.mx\\\/?s={search_term_string}\"},\"query-input\":{\"@type\":\"PropertyValueSpecification\",\"valueRequired\":true,\"valueName\":\"search_term_string\"}}],\"inLanguage\":\"es\"},{\"@type\":\"Person\",\"@id\":\"https:\\\/\\\/quehacerpolitico.mx\\\/#\\\/schema\\\/person\\\/496d8ad2d1d3f8036101dca7ee39e585\",\"name\":\"Redacci\u00f3n QP\",\"image\":{\"@type\":\"ImageObject\",\"inLanguage\":\"es\",\"@id\":\"https:\\\/\\\/secure.gravatar.com\\\/avatar\\\/c7164ed6fdec453195284ad24a5ae5b6e1eed2b848477fa2a4787ba9adf39a41?s=96&d=mm&r=g\",\"url\":\"https:\\\/\\\/secure.gravatar.com\\\/avatar\\\/c7164ed6fdec453195284ad24a5ae5b6e1eed2b848477fa2a4787ba9adf39a41?s=96&d=mm&r=g\",\"contentUrl\":\"https:\\\/\\\/secure.gravatar.com\\\/avatar\\\/c7164ed6fdec453195284ad24a5ae5b6e1eed2b848477fa2a4787ba9adf39a41?s=96&d=mm&r=g\",\"caption\":\"Redacci\u00f3n QP\"},\"url\":\"https:\\\/\\\/quehacerpolitico.mx\\\/?author=2\"}]}<\/script>\n<!-- \/ Yoast SEO plugin. -->","yoast_head_json":{"title":"Chich\u00e9n Itz\u00e1 cierra por da\u00f1os de tormenta \"Gamma\" -","robots":{"index":"index","follow":"follow","max-snippet":"max-snippet:-1","max-image-preview":"max-image-preview:large","max-video-preview":"max-video-preview:-1"},"canonical":"https:\/\/quehacerpolitico.mx\/?p=66121","og_locale":"es_MX","og_type":"article","og_title":"Chich\u00e9n Itz\u00e1 cierra por da\u00f1os de tormenta \"Gamma\" -","og_description":"Chich\u00e9n Itz\u00e1 cierra por da\u00f1os de tormenta &#8220;Gamma&#8221; Por Redacci\u00f3n QP Zonas arqueol\u00f3gicas en Yucat\u00e1n...","og_url":"https:\/\/quehacerpolitico.mx\/?p=66121","article_published_time":"2020-10-04T23:46:24+00:00","og_image":[{"width":1280,"height":960,"url":"https:\/\/quehacerpolitico.mx\/wp-content\/uploads\/2020\/10\/389BDE10-93BB-45F9-AAEA-264FDED95E99.jpeg","type":"image\/jpeg"}],"author":"Redacci\u00f3n QP","twitter_card":"summary_large_image","twitter_misc":{"Escrito por":"Redacci\u00f3n QP","Tiempo de lectura":"1 minuto"},"schema":{"@context":"https:\/\/schema.org","@graph":[{"@type":"Article","@id":"https:\/\/quehacerpolitico.mx\/?p=66121#article","isPartOf":{"@id":"https:\/\/quehacerpolitico.mx\/?p=66121"},"author":{"name":"Redacci\u00f3n QP","@id":"https:\/\/quehacerpolitico.mx\/#\/schema\/person\/496d8ad2d1d3f8036101dca7ee39e585"},"headline":"Chich\u00e9n Itz\u00e1 cierra por da\u00f1os de tormenta &#8220;Gamma&#8221;","datePublished":"2020-10-04T23:46:24+00:00","mainEntityOfPage":{"@id":"https:\/\/quehacerpolitico.mx\/?p=66121"},"wordCount":198,"commentCount":0,"image":{"@id":"https:\/\/quehacerpolitico.mx\/?p=66121#primaryimage"},"thumbnailUrl":"https:\/\/quehacerpolitico.mx\/wp-content\/uploads\/2020\/10\/389BDE10-93BB-45F9-AAEA-264FDED95E99.jpeg","articleSection":["Cultura y Entretenimiento"],"inLanguage":"es","potentialAction":[{"@type":"CommentAction","name":"Comment","target":["https:\/\/quehacerpolitico.mx\/?p=66121#respond"]}]},{"@type":"WebPage","@id":"https:\/\/quehacerpolitico.mx\/?p=66121","url":"https:\/\/quehacerpolitico.mx\/?p=66121","name":"Chich\u00e9n Itz\u00e1 cierra por da\u00f1os de tormenta \"Gamma\" -","isPartOf":{"@id":"https:\/\/quehacerpolitico.mx\/#website"},"primaryImageOfPage":{"@id":"https:\/\/quehacerpolitico.mx\/?p=66121#primaryimage"},"image":{"@id":"https:\/\/quehacerpolitico.mx\/?p=66121#primaryimage"},"thumbnailUrl":"https:\/\/quehacerpolitico.mx\/wp-content\/uploads\/2020\/10\/389BDE10-93BB-45F9-AAEA-264FDED95E99.jpeg","datePublished":"2020-10-04T23:46:24+00:00","author":{"@id":"https:\/\/quehacerpolitico.mx\/#\/schema\/person\/496d8ad2d1d3f8036101dca7ee39e585"},"breadcrumb":{"@id":"https:\/\/quehacerpolitico.mx\/?p=66121#breadcrumb"},"inLanguage":"es","potentialAction":[{"@type":"ReadAction","target":["https:\/\/quehacerpolitico.mx\/?p=66121"]}]},{"@type":"ImageObject","inLanguage":"es","@id":"https:\/\/quehacerpolitico.mx\/?p=66121#primaryimage","url":"https:\/\/quehacerpolitico.mx\/wp-content\/uploads\/2020\/10\/389BDE10-93BB-45F9-AAEA-264FDED95E99.jpeg","contentUrl":"https:\/\/quehacerpolitico.mx\/wp-content\/uploads\/2020\/10\/389BDE10-93BB-45F9-AAEA-264FDED95E99.jpeg","width":1280,"height":960},{"@type":"BreadcrumbList","@id":"https:\/\/quehacerpolitico.mx\/?p=66121#breadcrumb","itemListElement":[{"@type":"ListItem","position":1,"name":"Inicio","item":"https:\/\/quehacerpolitico.mx\/"},{"@type":"ListItem","position":2,"name":"Chich\u00e9n Itz\u00e1 cierra por da\u00f1os de tormenta &#8220;Gamma&#8221;"}]},{"@type":"WebSite","@id":"https:\/\/quehacerpolitico.mx\/#website","url":"https:\/\/quehacerpolitico.mx\/","name":"","description":"","potentialAction":[{"@type":"SearchAction","target":{"@type":"EntryPoint","urlTemplate":"https:\/\/quehacerpolitico.mx\/?s={search_term_string}"},"query-input":{"@type":"PropertyValueSpecification","valueRequired":true,"valueName":"search_term_string"}}],"inLanguage":"es"},{"@type":"Person","@id":"https:\/\/quehacerpolitico.mx\/#\/schema\/person\/496d8ad2d1d3f8036101dca7ee39e585","name":"Redacci\u00f3n QP","image":{"@type":"ImageObject","inLanguage":"es","@id":"https:\/\/secure.gravatar.com\/avatar\/c7164ed6fdec453195284ad24a5ae5b6e1eed2b848477fa2a4787ba9adf39a41?s=96&d=mm&r=g","url":"https:\/\/secure.gravatar.com\/avatar\/c7164ed6fdec453195284ad24a5ae5b6e1eed2b848477fa2a4787ba9adf39a41?s=96&d=mm&r=g","contentUrl":"https:\/\/secure.gravatar.com\/avatar\/c7164ed6fdec453195284ad24a5ae5b6e1eed2b848477fa2a4787ba9adf39a41?s=96&d=mm&r=g","caption":"Redacci\u00f3n QP"},"url":"https:\/\/quehacerpolitico.mx\/?author=2"}]}},"featured_image_urls":{"full":["https:\/\/quehacerpolitico.mx\/wp-content\/uploads\/2020\/10\/389BDE10-93BB-45F9-AAEA-264FDED95E99.jpeg",1280,960,false],"thumbnail":["https:\/\/quehacerpolitico.mx\/wp-content\/uploads\/2020\/10\/389BDE10-93BB-45F9-AAEA-264FDED95E99-150x150.jpeg",150,150,true],"medium":["https:\/\/quehacerpolitico.mx\/wp-content\/uploads\/2020\/10\/389BDE10-93BB-45F9-AAEA-264FDED95E99-300x225.jpeg",300,225,true],"medium_large":["https:\/\/quehacerpolitico.mx\/wp-content\/uploads\/2020\/10\/389BDE10-93BB-45F9-AAEA-264FDED95E99-768x576.jpeg",640,480,true],"large":["https:\/\/quehacerpolitico.mx\/wp-content\/uploads\/2020\/10\/389BDE10-93BB-45F9-AAEA-264FDED95E99-1024x768.jpeg",640,480,true],"1536x1536":["https:\/\/quehacerpolitico.mx\/wp-content\/uploads\/2020\/10\/389BDE10-93BB-45F9-AAEA-264FDED95E99.jpeg",1280,960,false],"2048x2048":["https:\/\/quehacerpolitico.mx\/wp-content\/uploads\/2020\/10\/389BDE10-93BB-45F9-AAEA-264FDED95E99.jpeg",1280,960,false],"covernews-featured":["https:\/\/quehacerpolitico.mx\/wp-content\/uploads\/2020\/10\/389BDE10-93BB-45F9-AAEA-264FDED95E99.jpeg",1024,768,false],"covernews-medium":["https:\/\/quehacerpolitico.mx\/wp-content\/uploads\/2020\/10\/389BDE10-93BB-45F9-AAEA-264FDED95E99.jpeg",453,340,false]},"author_info":{"display_name":"Redacci\u00f3n QP","author_link":"https:\/\/quehacerpolitico.mx\/?author=2"},"category_info":"<a href=\"https:\/\/quehacerpolitico.mx\/?cat=58\" rel=\"category\">Cultura y Entretenimiento<\/a>","tag_info":"Cultura y Entretenimiento","comment_count":"0","_links":{"self":[{"href":"https:\/\/quehacerpolitico.mx\/index.php?rest_route=\/wp\/v2\/posts\/66121","targetHints":{"allow":["GET"]}}],"collection":[{"href":"https:\/\/quehacerpolitico.mx\/index.php?rest_route=\/wp\/v2\/posts"}],"about":[{"href":"https:\/\/quehacerpolitico.mx\/index.php?rest_route=\/wp\/v2\/types\/post"}],"author":[{"embeddable":true,"href":"https:\/\/quehacerpolitico.mx\/index.php?rest_route=\/wp\/v2\/users\/2"}],"replies":[{"embeddable":true,"href":"https:\/\/quehacerpolitico.mx\/index.php?rest_route=%2Fwp%2Fv2%2Fcomments&post=66121"}],"version-history":[{"count":0,"href":"https:\/\/quehacerpolitico.mx\/index.php?rest_route=\/wp\/v2\/posts\/66121\/revisions"}],"wp:featuredmedia":[{"embeddable":true,"href":"https:\/\/quehacerpolitico.mx\/index.php?rest_route=\/wp\/v2\/media\/66122"}],"wp:attachment":[{"href":"https:\/\/quehacerpolitico.mx\/index.php?rest_route=%2Fwp%2Fv2%2Fmedia&parent=66121"}],"wp:term":[{"taxonomy":"category","embeddable":true,"href":"https:\/\/quehacerpolitico.mx\/index.php?rest_route=%2Fwp%2Fv2%2Fcategories&post=66121"},{"taxonomy":"post_tag","embeddable":true,"href":"https:\/\/quehacerpolitico.mx\/index.php?rest_route=%2Fwp%2Fv2%2Ftags&post=66121"}],"curies":[{"name":"wp","href":"https:\/\/api.w.org\/{rel}","templated":true}]}}