{"id":66112,"date":"2020-10-04T18:09:54","date_gmt":"2020-10-04T23:09:54","guid":{"rendered":"http:\/\/quehacerpolitico.mx\/?p=66112"},"modified":"2020-10-04T18:09:54","modified_gmt":"2020-10-04T23:09:54","slug":"chucky-lozano-causa-baja-de-la-seleccion-mexicana-orbelin-se-sube","status":"publish","type":"post","link":"https:\/\/quehacerpolitico.mx\/?p=66112","title":{"rendered":"&#8220;Chucky&#8221; Lozano causa baja de la Selecci\u00f3n Mexicana; Orbel\u00edn se sube"},"content":{"rendered":"<h1 class=\"news-title\">&#8220;Chucky&#8221; Lozano causa baja de la Selecci\u00f3n Mexicana; Orbel\u00edn se sube<br \/>\nPor Redacci\u00f3n QP<\/h1>\n<div class=\"news-subtitle\">\n<p>Lozano no podr\u00e1 jugar con el Tri debido a que se quedar\u00e1 en cuarentena con el resto de sus compa\u00f1eros del Napoli<\/p>\n<\/div>\n<div class=\"social-share-box normal\">\n<p>La Direcci\u00f3n General Deportiva informa que Hirving Lozano causa baja de la convocatoria de la Selecci\u00f3n Nacional de Mexico que realiza gira por Holanda.<\/p>\n<p><strong>Esto, debido a las medidas que se han tomado por parte de la Autoridad Sanitaria de la Regi\u00f3n Campania, incluida N\u00e1poles, por el nuevo brote de COVID-19 en la Serie A.<\/strong><\/p>\n<blockquote class=\"twitter-tweet\" data-width=\"550\" data-dnt=\"true\">\n<p lang=\"es\" dir=\"ltr\">\ud83d\udcc4 | NOTA <\/p>\n<p>\ud83d\udea8 <a href=\"https:\/\/twitter.com\/HirvingLozano70?ref_src=twsrc%5Etfw\">@HirvingLozano70<\/a> causa baja de nuestra convocatoria para los pr\u00f3ximos partidos ante \ud83c\uddf3\ud83c\uddf1 y \ud83c\udde9\ud83c\uddff.<br \/>\ud83d\udeeb <a href=\"https:\/\/twitter.com\/orbelin90?ref_src=twsrc%5Etfw\">@orbelin90<\/a> se unir\u00e1 al equipo. <\/p>\n<p>Aqu\u00ed m\u00e1s info. \u21aa\ufe0f <a href=\"https:\/\/t.co\/76CJP9sZG6\">https:\/\/t.co\/76CJP9sZG6<\/a><a href=\"https:\/\/twitter.com\/hashtag\/Pasi%C3%B3nyOrgullo?src=hash&amp;ref_src=twsrc%5Etfw\">#Pasi\u00f3nyOrgullo<\/a> | <a href=\"https:\/\/twitter.com\/hashtag\/FMFporNuestroF%C3%BAtbol?src=hash&amp;ref_src=twsrc%5Etfw\">#FMFporNuestroF\u00fatbol<\/a> <a href=\"https:\/\/t.co\/TWm7ryzpBJ\">pic.twitter.com\/TWm7ryzpBJ<\/a><\/p>\n<p>&mdash; Selecci\u00f3n Nacional (@miseleccionmx) <a href=\"https:\/\/twitter.com\/miseleccionmx\/status\/1312854794407686144?ref_src=twsrc%5Etfw\">October 4, 2020<\/a><\/p><\/blockquote>\n<p><script async src=\"https:\/\/platform.twitter.com\/widgets.js\" charset=\"utf-8\"><\/script><\/p>\n<div id=\"teads_ad\">\n<div id=\"div-gpt-ad-1548262875188-0\" data-google-query-id=\"CLuDjbWGnOwCFcMSPwodVZsB0Q\">\n<p>El cuerpo t\u00e9cnico del Tricolor <strong>determin\u00f3 convocar a Orbel\u00edn Pineda, mediocampista del Cruz Azul, quien se incorporar\u00e1 al equipo ma\u00f1ana.<\/strong><\/p>\n<p>El combinado nacional enfrentar\u00e1 el mi\u00e9rcoles 7 a Holanda y seis d\u00edas despu\u00e9s se medir\u00e1n ante su similar de Argelia.<\/p>\n<p>El &#8220;Chucky&#8221; Lozano se suma a las bajas de Guillermo Ochoa (Am\u00e9rica) e Iv\u00e1n Rodr\u00edguez (Le\u00f3n).<\/p>\n<div class=\"banner\">\n<div id=\"div-gpt-ad-1556909760762-0\" data-google-query-id=\"CJHbkrWGnOwCFcMSPwodVZsB0Q\">Con Informaci\u00f3n de SUN<\/div>\n<\/div>\n<\/div>\n<\/div>\n<\/div>\n","protected":false},"excerpt":{"rendered":"<p>&#8220;Chucky&#8221; Lozano causa baja de la Selecci\u00f3n Mexicana; Orbel\u00edn se sube Por Redacci\u00f3n QP Lozano&#8230;<\/p>\n","protected":false},"author":2,"featured_media":66114,"comment_status":"open","ping_status":"open","sticky":false,"template":"","format":"standard","meta":{"_monsterinsights_skip_tracking":false,"_monsterinsights_sitenote_active":false,"_monsterinsights_sitenote_note":"","_monsterinsights_sitenote_category":0,"footnotes":""},"categories":[54],"tags":[],"class_list":["post-66112","post","type-post","status-publish","format-standard","has-post-thumbnail","hentry","category-deportes"],"yoast_head":"<!-- This site is optimized with the Yoast SEO plugin v27.3 - https:\/\/yoast.com\/product\/yoast-seo-wordpress\/ -->\n<title>&quot;Chucky&quot; Lozano causa baja de la Selecci\u00f3n Mexicana; Orbel\u00edn se sube -<\/title>\n<meta name=\"robots\" content=\"index, follow, max-snippet:-1, max-image-preview:large, max-video-preview:-1\" \/>\n<link rel=\"canonical\" href=\"https:\/\/quehacerpolitico.mx\/?p=66112\" \/>\n<meta property=\"og:locale\" content=\"es_MX\" \/>\n<meta property=\"og:type\" content=\"article\" \/>\n<meta property=\"og:title\" content=\"&quot;Chucky&quot; Lozano causa baja de la Selecci\u00f3n Mexicana; Orbel\u00edn se sube -\" \/>\n<meta property=\"og:description\" content=\"&#8220;Chucky&#8221; Lozano causa baja de la Selecci\u00f3n Mexicana; Orbel\u00edn se sube Por Redacci\u00f3n QP Lozano...\" \/>\n<meta property=\"og:url\" content=\"https:\/\/quehacerpolitico.mx\/?p=66112\" \/>\n<meta property=\"article:published_time\" content=\"2020-10-04T23:09:54+00:00\" \/>\n<meta property=\"og:image\" content=\"https:\/\/quehacerpolitico.mx\/wp-content\/uploads\/2020\/10\/4CFC3B31-314F-485D-839D-01956870BDF0.jpeg\" \/>\n\t<meta property=\"og:image:width\" content=\"320\" \/>\n\t<meta property=\"og:image:height\" content=\"305\" \/>\n\t<meta property=\"og:image:type\" content=\"image\/jpeg\" \/>\n<meta name=\"author\" content=\"Redacci\u00f3n QP\" \/>\n<meta name=\"twitter:card\" content=\"summary_large_image\" \/>\n<meta name=\"twitter:label1\" content=\"Escrito por\" \/>\n\t<meta name=\"twitter:data1\" content=\"Redacci\u00f3n QP\" \/>\n\t<meta name=\"twitter:label2\" content=\"Tiempo de lectura\" \/>\n\t<meta name=\"twitter:data2\" content=\"1 minuto\" \/>\n<script type=\"application\/ld+json\" class=\"yoast-schema-graph\">{\"@context\":\"https:\\\/\\\/schema.org\",\"@graph\":[{\"@type\":\"Article\",\"@id\":\"https:\\\/\\\/quehacerpolitico.mx\\\/?p=66112#article\",\"isPartOf\":{\"@id\":\"https:\\\/\\\/quehacerpolitico.mx\\\/?p=66112\"},\"author\":{\"name\":\"Redacci\u00f3n QP\",\"@id\":\"https:\\\/\\\/quehacerpolitico.mx\\\/#\\\/schema\\\/person\\\/496d8ad2d1d3f8036101dca7ee39e585\"},\"headline\":\"&#8220;Chucky&#8221; Lozano causa baja de la Selecci\u00f3n Mexicana; Orbel\u00edn se sube\",\"datePublished\":\"2020-10-04T23:09:54+00:00\",\"mainEntityOfPage\":{\"@id\":\"https:\\\/\\\/quehacerpolitico.mx\\\/?p=66112\"},\"wordCount\":189,\"commentCount\":0,\"image\":{\"@id\":\"https:\\\/\\\/quehacerpolitico.mx\\\/?p=66112#primaryimage\"},\"thumbnailUrl\":\"https:\\\/\\\/quehacerpolitico.mx\\\/wp-content\\\/uploads\\\/2020\\\/10\\\/4CFC3B31-314F-485D-839D-01956870BDF0.jpeg\",\"articleSection\":[\"Deportes\"],\"inLanguage\":\"es\",\"potentialAction\":[{\"@type\":\"CommentAction\",\"name\":\"Comment\",\"target\":[\"https:\\\/\\\/quehacerpolitico.mx\\\/?p=66112#respond\"]}]},{\"@type\":\"WebPage\",\"@id\":\"https:\\\/\\\/quehacerpolitico.mx\\\/?p=66112\",\"url\":\"https:\\\/\\\/quehacerpolitico.mx\\\/?p=66112\",\"name\":\"\\\"Chucky\\\" Lozano causa baja de la Selecci\u00f3n Mexicana; Orbel\u00edn se sube -\",\"isPartOf\":{\"@id\":\"https:\\\/\\\/quehacerpolitico.mx\\\/#website\"},\"primaryImageOfPage\":{\"@id\":\"https:\\\/\\\/quehacerpolitico.mx\\\/?p=66112#primaryimage\"},\"image\":{\"@id\":\"https:\\\/\\\/quehacerpolitico.mx\\\/?p=66112#primaryimage\"},\"thumbnailUrl\":\"https:\\\/\\\/quehacerpolitico.mx\\\/wp-content\\\/uploads\\\/2020\\\/10\\\/4CFC3B31-314F-485D-839D-01956870BDF0.jpeg\",\"datePublished\":\"2020-10-04T23:09:54+00:00\",\"author\":{\"@id\":\"https:\\\/\\\/quehacerpolitico.mx\\\/#\\\/schema\\\/person\\\/496d8ad2d1d3f8036101dca7ee39e585\"},\"breadcrumb\":{\"@id\":\"https:\\\/\\\/quehacerpolitico.mx\\\/?p=66112#breadcrumb\"},\"inLanguage\":\"es\",\"potentialAction\":[{\"@type\":\"ReadAction\",\"target\":[\"https:\\\/\\\/quehacerpolitico.mx\\\/?p=66112\"]}]},{\"@type\":\"ImageObject\",\"inLanguage\":\"es\",\"@id\":\"https:\\\/\\\/quehacerpolitico.mx\\\/?p=66112#primaryimage\",\"url\":\"https:\\\/\\\/quehacerpolitico.mx\\\/wp-content\\\/uploads\\\/2020\\\/10\\\/4CFC3B31-314F-485D-839D-01956870BDF0.jpeg\",\"contentUrl\":\"https:\\\/\\\/quehacerpolitico.mx\\\/wp-content\\\/uploads\\\/2020\\\/10\\\/4CFC3B31-314F-485D-839D-01956870BDF0.jpeg\",\"width\":320,\"height\":305},{\"@type\":\"BreadcrumbList\",\"@id\":\"https:\\\/\\\/quehacerpolitico.mx\\\/?p=66112#breadcrumb\",\"itemListElement\":[{\"@type\":\"ListItem\",\"position\":1,\"name\":\"Inicio\",\"item\":\"https:\\\/\\\/quehacerpolitico.mx\\\/\"},{\"@type\":\"ListItem\",\"position\":2,\"name\":\"&#8220;Chucky&#8221; Lozano causa baja de la Selecci\u00f3n Mexicana; Orbel\u00edn se sube\"}]},{\"@type\":\"WebSite\",\"@id\":\"https:\\\/\\\/quehacerpolitico.mx\\\/#website\",\"url\":\"https:\\\/\\\/quehacerpolitico.mx\\\/\",\"name\":\"\",\"description\":\"\",\"potentialAction\":[{\"@type\":\"SearchAction\",\"target\":{\"@type\":\"EntryPoint\",\"urlTemplate\":\"https:\\\/\\\/quehacerpolitico.mx\\\/?s={search_term_string}\"},\"query-input\":{\"@type\":\"PropertyValueSpecification\",\"valueRequired\":true,\"valueName\":\"search_term_string\"}}],\"inLanguage\":\"es\"},{\"@type\":\"Person\",\"@id\":\"https:\\\/\\\/quehacerpolitico.mx\\\/#\\\/schema\\\/person\\\/496d8ad2d1d3f8036101dca7ee39e585\",\"name\":\"Redacci\u00f3n QP\",\"image\":{\"@type\":\"ImageObject\",\"inLanguage\":\"es\",\"@id\":\"https:\\\/\\\/secure.gravatar.com\\\/avatar\\\/c7164ed6fdec453195284ad24a5ae5b6e1eed2b848477fa2a4787ba9adf39a41?s=96&d=mm&r=g\",\"url\":\"https:\\\/\\\/secure.gravatar.com\\\/avatar\\\/c7164ed6fdec453195284ad24a5ae5b6e1eed2b848477fa2a4787ba9adf39a41?s=96&d=mm&r=g\",\"contentUrl\":\"https:\\\/\\\/secure.gravatar.com\\\/avatar\\\/c7164ed6fdec453195284ad24a5ae5b6e1eed2b848477fa2a4787ba9adf39a41?s=96&d=mm&r=g\",\"caption\":\"Redacci\u00f3n QP\"},\"url\":\"https:\\\/\\\/quehacerpolitico.mx\\\/?author=2\"}]}<\/script>\n<!-- \/ Yoast SEO plugin. -->","yoast_head_json":{"title":"\"Chucky\" Lozano causa baja de la Selecci\u00f3n Mexicana; Orbel\u00edn se sube -","robots":{"index":"index","follow":"follow","max-snippet":"max-snippet:-1","max-image-preview":"max-image-preview:large","max-video-preview":"max-video-preview:-1"},"canonical":"https:\/\/quehacerpolitico.mx\/?p=66112","og_locale":"es_MX","og_type":"article","og_title":"\"Chucky\" Lozano causa baja de la Selecci\u00f3n Mexicana; Orbel\u00edn se sube -","og_description":"&#8220;Chucky&#8221; Lozano causa baja de la Selecci\u00f3n Mexicana; Orbel\u00edn se sube Por Redacci\u00f3n QP Lozano...","og_url":"https:\/\/quehacerpolitico.mx\/?p=66112","article_published_time":"2020-10-04T23:09:54+00:00","og_image":[{"width":320,"height":305,"url":"https:\/\/quehacerpolitico.mx\/wp-content\/uploads\/2020\/10\/4CFC3B31-314F-485D-839D-01956870BDF0.jpeg","type":"image\/jpeg"}],"author":"Redacci\u00f3n QP","twitter_card":"summary_large_image","twitter_misc":{"Escrito por":"Redacci\u00f3n QP","Tiempo de lectura":"1 minuto"},"schema":{"@context":"https:\/\/schema.org","@graph":[{"@type":"Article","@id":"https:\/\/quehacerpolitico.mx\/?p=66112#article","isPartOf":{"@id":"https:\/\/quehacerpolitico.mx\/?p=66112"},"author":{"name":"Redacci\u00f3n QP","@id":"https:\/\/quehacerpolitico.mx\/#\/schema\/person\/496d8ad2d1d3f8036101dca7ee39e585"},"headline":"&#8220;Chucky&#8221; Lozano causa baja de la Selecci\u00f3n Mexicana; Orbel\u00edn se sube","datePublished":"2020-10-04T23:09:54+00:00","mainEntityOfPage":{"@id":"https:\/\/quehacerpolitico.mx\/?p=66112"},"wordCount":189,"commentCount":0,"image":{"@id":"https:\/\/quehacerpolitico.mx\/?p=66112#primaryimage"},"thumbnailUrl":"https:\/\/quehacerpolitico.mx\/wp-content\/uploads\/2020\/10\/4CFC3B31-314F-485D-839D-01956870BDF0.jpeg","articleSection":["Deportes"],"inLanguage":"es","potentialAction":[{"@type":"CommentAction","name":"Comment","target":["https:\/\/quehacerpolitico.mx\/?p=66112#respond"]}]},{"@type":"WebPage","@id":"https:\/\/quehacerpolitico.mx\/?p=66112","url":"https:\/\/quehacerpolitico.mx\/?p=66112","name":"\"Chucky\" Lozano causa baja de la Selecci\u00f3n Mexicana; Orbel\u00edn se sube -","isPartOf":{"@id":"https:\/\/quehacerpolitico.mx\/#website"},"primaryImageOfPage":{"@id":"https:\/\/quehacerpolitico.mx\/?p=66112#primaryimage"},"image":{"@id":"https:\/\/quehacerpolitico.mx\/?p=66112#primaryimage"},"thumbnailUrl":"https:\/\/quehacerpolitico.mx\/wp-content\/uploads\/2020\/10\/4CFC3B31-314F-485D-839D-01956870BDF0.jpeg","datePublished":"2020-10-04T23:09:54+00:00","author":{"@id":"https:\/\/quehacerpolitico.mx\/#\/schema\/person\/496d8ad2d1d3f8036101dca7ee39e585"},"breadcrumb":{"@id":"https:\/\/quehacerpolitico.mx\/?p=66112#breadcrumb"},"inLanguage":"es","potentialAction":[{"@type":"ReadAction","target":["https:\/\/quehacerpolitico.mx\/?p=66112"]}]},{"@type":"ImageObject","inLanguage":"es","@id":"https:\/\/quehacerpolitico.mx\/?p=66112#primaryimage","url":"https:\/\/quehacerpolitico.mx\/wp-content\/uploads\/2020\/10\/4CFC3B31-314F-485D-839D-01956870BDF0.jpeg","contentUrl":"https:\/\/quehacerpolitico.mx\/wp-content\/uploads\/2020\/10\/4CFC3B31-314F-485D-839D-01956870BDF0.jpeg","width":320,"height":305},{"@type":"BreadcrumbList","@id":"https:\/\/quehacerpolitico.mx\/?p=66112#breadcrumb","itemListElement":[{"@type":"ListItem","position":1,"name":"Inicio","item":"https:\/\/quehacerpolitico.mx\/"},{"@type":"ListItem","position":2,"name":"&#8220;Chucky&#8221; Lozano causa baja de la Selecci\u00f3n Mexicana; Orbel\u00edn se sube"}]},{"@type":"WebSite","@id":"https:\/\/quehacerpolitico.mx\/#website","url":"https:\/\/quehacerpolitico.mx\/","name":"","description":"","potentialAction":[{"@type":"SearchAction","target":{"@type":"EntryPoint","urlTemplate":"https:\/\/quehacerpolitico.mx\/?s={search_term_string}"},"query-input":{"@type":"PropertyValueSpecification","valueRequired":true,"valueName":"search_term_string"}}],"inLanguage":"es"},{"@type":"Person","@id":"https:\/\/quehacerpolitico.mx\/#\/schema\/person\/496d8ad2d1d3f8036101dca7ee39e585","name":"Redacci\u00f3n QP","image":{"@type":"ImageObject","inLanguage":"es","@id":"https:\/\/secure.gravatar.com\/avatar\/c7164ed6fdec453195284ad24a5ae5b6e1eed2b848477fa2a4787ba9adf39a41?s=96&d=mm&r=g","url":"https:\/\/secure.gravatar.com\/avatar\/c7164ed6fdec453195284ad24a5ae5b6e1eed2b848477fa2a4787ba9adf39a41?s=96&d=mm&r=g","contentUrl":"https:\/\/secure.gravatar.com\/avatar\/c7164ed6fdec453195284ad24a5ae5b6e1eed2b848477fa2a4787ba9adf39a41?s=96&d=mm&r=g","caption":"Redacci\u00f3n QP"},"url":"https:\/\/quehacerpolitico.mx\/?author=2"}]}},"featured_image_urls":{"full":["https:\/\/quehacerpolitico.mx\/wp-content\/uploads\/2020\/10\/4CFC3B31-314F-485D-839D-01956870BDF0.jpeg",320,305,false],"thumbnail":["https:\/\/quehacerpolitico.mx\/wp-content\/uploads\/2020\/10\/4CFC3B31-314F-485D-839D-01956870BDF0-150x150.jpeg",150,150,true],"medium":["https:\/\/quehacerpolitico.mx\/wp-content\/uploads\/2020\/10\/4CFC3B31-314F-485D-839D-01956870BDF0-300x286.jpeg",300,286,true],"medium_large":["https:\/\/quehacerpolitico.mx\/wp-content\/uploads\/2020\/10\/4CFC3B31-314F-485D-839D-01956870BDF0.jpeg",320,305,false],"large":["https:\/\/quehacerpolitico.mx\/wp-content\/uploads\/2020\/10\/4CFC3B31-314F-485D-839D-01956870BDF0.jpeg",320,305,false],"1536x1536":["https:\/\/quehacerpolitico.mx\/wp-content\/uploads\/2020\/10\/4CFC3B31-314F-485D-839D-01956870BDF0.jpeg",320,305,false],"2048x2048":["https:\/\/quehacerpolitico.mx\/wp-content\/uploads\/2020\/10\/4CFC3B31-314F-485D-839D-01956870BDF0.jpeg",320,305,false],"covernews-featured":["https:\/\/quehacerpolitico.mx\/wp-content\/uploads\/2020\/10\/4CFC3B31-314F-485D-839D-01956870BDF0.jpeg",320,305,false],"covernews-medium":["https:\/\/quehacerpolitico.mx\/wp-content\/uploads\/2020\/10\/4CFC3B31-314F-485D-839D-01956870BDF0.jpeg",320,305,false]},"author_info":{"display_name":"Redacci\u00f3n QP","author_link":"https:\/\/quehacerpolitico.mx\/?author=2"},"category_info":"<a href=\"https:\/\/quehacerpolitico.mx\/?cat=54\" rel=\"category\">Deportes<\/a>","tag_info":"Deportes","comment_count":"0","_links":{"self":[{"href":"https:\/\/quehacerpolitico.mx\/index.php?rest_route=\/wp\/v2\/posts\/66112","targetHints":{"allow":["GET"]}}],"collection":[{"href":"https:\/\/quehacerpolitico.mx\/index.php?rest_route=\/wp\/v2\/posts"}],"about":[{"href":"https:\/\/quehacerpolitico.mx\/index.php?rest_route=\/wp\/v2\/types\/post"}],"author":[{"embeddable":true,"href":"https:\/\/quehacerpolitico.mx\/index.php?rest_route=\/wp\/v2\/users\/2"}],"replies":[{"embeddable":true,"href":"https:\/\/quehacerpolitico.mx\/index.php?rest_route=%2Fwp%2Fv2%2Fcomments&post=66112"}],"version-history":[{"count":0,"href":"https:\/\/quehacerpolitico.mx\/index.php?rest_route=\/wp\/v2\/posts\/66112\/revisions"}],"wp:featuredmedia":[{"embeddable":true,"href":"https:\/\/quehacerpolitico.mx\/index.php?rest_route=\/wp\/v2\/media\/66114"}],"wp:attachment":[{"href":"https:\/\/quehacerpolitico.mx\/index.php?rest_route=%2Fwp%2Fv2%2Fmedia&parent=66112"}],"wp:term":[{"taxonomy":"category","embeddable":true,"href":"https:\/\/quehacerpolitico.mx\/index.php?rest_route=%2Fwp%2Fv2%2Fcategories&post=66112"},{"taxonomy":"post_tag","embeddable":true,"href":"https:\/\/quehacerpolitico.mx\/index.php?rest_route=%2Fwp%2Fv2%2Ftags&post=66112"}],"curies":[{"name":"wp","href":"https:\/\/api.w.org\/{rel}","templated":true}]}}