{"id":6609,"date":"2018-10-10T20:24:54","date_gmt":"2018-10-10T20:24:54","guid":{"rendered":"http:\/\/quehacerpolitico.mx\/50-mil-elementos-mas-se-van-a-unir-a-militares-y-policias-para-luchar-contra-la-violencia-anuncia-amlo\/"},"modified":"2018-10-10T20:24:54","modified_gmt":"2018-10-10T20:24:54","slug":"50-mil-elementos-mas-se-van-a-unir-a-militares-y-policias-para-luchar-contra-la-violencia-anuncia-amlo","status":"publish","type":"post","link":"https:\/\/quehacerpolitico.mx\/?p=6609","title":{"rendered":"50 mil elementos m\u00e1s se van a unir a militares y polic\u00edas para luchar contra la violencia, anuncia AMLO"},"content":{"rendered":"<blockquote>\n<h3>Adem\u00e1s anunci\u00f3 una inversi\u00f3n de 46 mil millones de pesos para el <strong>Estado de M\u00e9xico<\/strong> en <strong>programas de bienestar<\/strong> pues, dijo, es la entidad m\u00e1s poblada y con mayor pobreza del pa\u00eds.<\/h3>\n<\/blockquote>\n<p>El Presidente electo de M\u00e9xico, <strong>Andr\u00e9s Manuel L\u00f3pez Obrador<\/strong>, anunci\u00f3 que lanzar\u00e1 una <strong>convocatoria<\/strong> para llamar a <strong>j\u00f3venes<\/strong> se una a las <strong>Fuerzas Federales<\/strong> para fortalecerlas con un total de <strong>50 mil nuevos elementos<\/strong>.<\/p>\n<p>Anunci\u00f3 que la convocatoria se lanzar\u00e1 en diciembre y que pedir\u00e1 \u201csu apoyo para que entre todos serenemos al pa\u00eds\u201d.<\/p>\n<blockquote>\n<p class=\"p1\">\u201cTambi\u00e9n ofreciendo buenas condiciones laborales, que tenga prestaciones, que tengan seguridad social. Es un plan\u201d, dijo.<\/p>\n<\/blockquote>\n<p>\u201cVamos a enfrentar el problema de la inseguridad y sobre todo a las mujeres. Se van a crear en Edomex, 32 coordinaciones territoriales y en cada una van a trabajar de manera conjunta polic\u00edas y militares en todas las corporaciones\u201d, dijo.<\/p>\n<p>Detall\u00f3 que en esas coordinaciones estar\u00e1n trabajando polic\u00edas militares, navales, ministeriales, polic\u00edas estatales y municipales.<\/p>\n<p>\u201cVa a haber Mando \u00danico en cada coordinaci\u00f3n. Van a haber tambi\u00e9n representantes de Derechos humanos. Vamos a dar atenci\u00f3n especial desde el territorio para garantizar la paz y la tranquilidad. Pero esto es un adelanto\u201d, a\u00f1adi\u00f3.<\/p>\n<p>Adem\u00e1s anunci\u00f3 una inversi\u00f3n de 46 mil millones de pesos para el <strong>Estado de M\u00e9xico<\/strong> en <strong>programas de bienestar<\/strong> pues, dijo, es la entidad m\u00e1s poblada y con mayor pobreza del pa\u00eds.<\/p>\n<p>\u201cTengo que explicar la raz\u00f3n por qu\u00e9 van a destinarse estos recursos, ha dos razones: una de tipo cuantitativo, Edomex es la entidad m\u00e1s poblada del pa\u00eds. Lo segundo, que es de tipo cualitativo y es nuestra prioridad, es el estado que tiene m\u00e1s poblaci\u00f3n en pobreza en todo el pa\u00eds, como es un estado muy poblado, tambi\u00e9n son millones los mexiquenses que viven en la pobreza\u201d.<\/p>\n<p>L\u00f3pez Obrador, se re\u00fane esta tarde con el Gobernador del Estado de M\u00e9xico, Alfredo del Mazo Maza, en el Palacio Gobierno en Toluca.<\/p>\n<p>El Presidente electo fue recibido por Del mazo a las afueras del Palacio de Gobierno. Tras el encuentro privado, el tabasque\u00f1o y el pol\u00edtico priista conversar\u00e1n con legisladores locales, de acuerdo con la agenda prevista para la visita del Presidente electo al Estado de M\u00e9xico.<\/p>\n<div id=\"attachment_3482805\" class=\"wp-caption alignnone\"><img loading=\"lazy\" decoding=\"async\" class=\"size-full wp-image-3482805\" src=\"http:\/\/www.sinembargo.mx\/wp-content\/uploads\/2018\/10\/amlo-y-del-mazo-palacio.jpg\" sizes=\"auto, (max-width: 700px) 100vw, 700px\" srcset=\"http:\/\/www.sinembargo.mx\/wp-content\/uploads\/2018\/10\/amlo-y-del-mazo-palacio.jpg 700w, http:\/\/www.sinembargo.mx\/wp-content\/uploads\/2018\/10\/amlo-y-del-mazo-palacio-300x178.jpg 300w\" alt=\"\" width=\"700\" height=\"416\" \/><\/p>\n<p class=\"wp-caption-text\">Del Mazo esper\u00f3 la llegada del pr\u00f3ximo Presidente. Foto: Cuartoscuro<\/p>\n<\/div>\n<p>L\u00f3pez Obrador se encuentra realizando un gira por diferentes ciudades del pa\u00eds, en agradecimiento por el triunfo en las elecciones del pasado primero de julio. Hoy, a las 17:00 horas tiene previsto un mitin en la Plaza de los M\u00e1rtires, ubicada en la misma ciudad de Toluca.<\/p>\n<p>El lugar ya se encuentra acondicionado por el mensaje del pr\u00f3ximo Presidente, seg\u00fan medios nacionales.<\/p>\n","protected":false},"excerpt":{"rendered":"<p>50 mil elementos m\u00e1s se van a unir a militares y polic\u00edas para luchar contra la violencia, anuncia AMLO<br \/>\nPor Redacci\u00f3n QP<\/p>\n","protected":false},"author":2,"featured_media":6608,"comment_status":"open","ping_status":"open","sticky":false,"template":"","format":"standard","meta":{"_monsterinsights_skip_tracking":false,"_monsterinsights_sitenote_active":false,"_monsterinsights_sitenote_note":"","_monsterinsights_sitenote_category":0,"footnotes":""},"categories":[2],"tags":[],"class_list":["post-6609","post","type-post","status-publish","format-standard","has-post-thumbnail","hentry","category-noticias"],"yoast_head":"<!-- This site is optimized with the Yoast SEO plugin v27.3 - https:\/\/yoast.com\/product\/yoast-seo-wordpress\/ -->\n<title>50 mil elementos m\u00e1s se van a unir a militares y polic\u00edas para luchar contra la violencia, anuncia AMLO -<\/title>\n<meta name=\"robots\" content=\"index, follow, max-snippet:-1, max-image-preview:large, max-video-preview:-1\" \/>\n<link rel=\"canonical\" href=\"https:\/\/quehacerpolitico.mx\/?p=6609\" \/>\n<meta property=\"og:locale\" content=\"es_MX\" \/>\n<meta property=\"og:type\" content=\"article\" \/>\n<meta property=\"og:title\" content=\"50 mil elementos m\u00e1s se van a unir a militares y polic\u00edas para luchar contra la violencia, anuncia AMLO -\" \/>\n<meta property=\"og:description\" content=\"50 mil elementos m\u00e1s se van a unir a militares y polic\u00edas para luchar contra la violencia, anuncia AMLO Por Redacci\u00f3n QP\" \/>\n<meta property=\"og:url\" content=\"https:\/\/quehacerpolitico.mx\/?p=6609\" \/>\n<meta property=\"article:published_time\" content=\"2018-10-10T20:24:54+00:00\" \/>\n<meta name=\"author\" content=\"Redacci\u00f3n QP\" \/>\n<meta name=\"twitter:card\" content=\"summary_large_image\" \/>\n<meta name=\"twitter:label1\" content=\"Escrito por\" \/>\n\t<meta name=\"twitter:data1\" content=\"Redacci\u00f3n QP\" \/>\n\t<meta name=\"twitter:label2\" content=\"Tiempo de lectura\" \/>\n\t<meta name=\"twitter:data2\" content=\"2 minutos\" \/>\n<script type=\"application\/ld+json\" class=\"yoast-schema-graph\">{\"@context\":\"https:\\\/\\\/schema.org\",\"@graph\":[{\"@type\":\"Article\",\"@id\":\"https:\\\/\\\/quehacerpolitico.mx\\\/?p=6609#article\",\"isPartOf\":{\"@id\":\"https:\\\/\\\/quehacerpolitico.mx\\\/?p=6609\"},\"author\":{\"name\":\"Redacci\u00f3n QP\",\"@id\":\"https:\\\/\\\/quehacerpolitico.mx\\\/#\\\/schema\\\/person\\\/496d8ad2d1d3f8036101dca7ee39e585\"},\"headline\":\"50 mil elementos m\u00e1s se van a unir a militares y polic\u00edas para luchar contra la violencia, anuncia AMLO\",\"datePublished\":\"2018-10-10T20:24:54+00:00\",\"mainEntityOfPage\":{\"@id\":\"https:\\\/\\\/quehacerpolitico.mx\\\/?p=6609\"},\"wordCount\":493,\"commentCount\":0,\"image\":{\"@id\":\"https:\\\/\\\/quehacerpolitico.mx\\\/?p=6609#primaryimage\"},\"thumbnailUrl\":\"\",\"articleSection\":[\"Noticias\"],\"inLanguage\":\"es\",\"potentialAction\":[{\"@type\":\"CommentAction\",\"name\":\"Comment\",\"target\":[\"https:\\\/\\\/quehacerpolitico.mx\\\/?p=6609#respond\"]}]},{\"@type\":\"WebPage\",\"@id\":\"https:\\\/\\\/quehacerpolitico.mx\\\/?p=6609\",\"url\":\"https:\\\/\\\/quehacerpolitico.mx\\\/?p=6609\",\"name\":\"50 mil elementos m\u00e1s se van a unir a militares y polic\u00edas para luchar contra la violencia, anuncia AMLO -\",\"isPartOf\":{\"@id\":\"https:\\\/\\\/quehacerpolitico.mx\\\/#website\"},\"primaryImageOfPage\":{\"@id\":\"https:\\\/\\\/quehacerpolitico.mx\\\/?p=6609#primaryimage\"},\"image\":{\"@id\":\"https:\\\/\\\/quehacerpolitico.mx\\\/?p=6609#primaryimage\"},\"thumbnailUrl\":\"\",\"datePublished\":\"2018-10-10T20:24:54+00:00\",\"author\":{\"@id\":\"https:\\\/\\\/quehacerpolitico.mx\\\/#\\\/schema\\\/person\\\/496d8ad2d1d3f8036101dca7ee39e585\"},\"breadcrumb\":{\"@id\":\"https:\\\/\\\/quehacerpolitico.mx\\\/?p=6609#breadcrumb\"},\"inLanguage\":\"es\",\"potentialAction\":[{\"@type\":\"ReadAction\",\"target\":[\"https:\\\/\\\/quehacerpolitico.mx\\\/?p=6609\"]}]},{\"@type\":\"ImageObject\",\"inLanguage\":\"es\",\"@id\":\"https:\\\/\\\/quehacerpolitico.mx\\\/?p=6609#primaryimage\",\"url\":\"\",\"contentUrl\":\"\"},{\"@type\":\"BreadcrumbList\",\"@id\":\"https:\\\/\\\/quehacerpolitico.mx\\\/?p=6609#breadcrumb\",\"itemListElement\":[{\"@type\":\"ListItem\",\"position\":1,\"name\":\"Inicio\",\"item\":\"https:\\\/\\\/quehacerpolitico.mx\\\/\"},{\"@type\":\"ListItem\",\"position\":2,\"name\":\"50 mil elementos m\u00e1s se van a unir a militares y polic\u00edas para luchar contra la violencia, anuncia AMLO\"}]},{\"@type\":\"WebSite\",\"@id\":\"https:\\\/\\\/quehacerpolitico.mx\\\/#website\",\"url\":\"https:\\\/\\\/quehacerpolitico.mx\\\/\",\"name\":\"\",\"description\":\"\",\"potentialAction\":[{\"@type\":\"SearchAction\",\"target\":{\"@type\":\"EntryPoint\",\"urlTemplate\":\"https:\\\/\\\/quehacerpolitico.mx\\\/?s={search_term_string}\"},\"query-input\":{\"@type\":\"PropertyValueSpecification\",\"valueRequired\":true,\"valueName\":\"search_term_string\"}}],\"inLanguage\":\"es\"},{\"@type\":\"Person\",\"@id\":\"https:\\\/\\\/quehacerpolitico.mx\\\/#\\\/schema\\\/person\\\/496d8ad2d1d3f8036101dca7ee39e585\",\"name\":\"Redacci\u00f3n QP\",\"image\":{\"@type\":\"ImageObject\",\"inLanguage\":\"es\",\"@id\":\"https:\\\/\\\/secure.gravatar.com\\\/avatar\\\/c7164ed6fdec453195284ad24a5ae5b6e1eed2b848477fa2a4787ba9adf39a41?s=96&d=mm&r=g\",\"url\":\"https:\\\/\\\/secure.gravatar.com\\\/avatar\\\/c7164ed6fdec453195284ad24a5ae5b6e1eed2b848477fa2a4787ba9adf39a41?s=96&d=mm&r=g\",\"contentUrl\":\"https:\\\/\\\/secure.gravatar.com\\\/avatar\\\/c7164ed6fdec453195284ad24a5ae5b6e1eed2b848477fa2a4787ba9adf39a41?s=96&d=mm&r=g\",\"caption\":\"Redacci\u00f3n QP\"},\"url\":\"https:\\\/\\\/quehacerpolitico.mx\\\/?author=2\"}]}<\/script>\n<!-- \/ Yoast SEO plugin. -->","yoast_head_json":{"title":"50 mil elementos m\u00e1s se van a unir a militares y polic\u00edas para luchar contra la violencia, anuncia AMLO -","robots":{"index":"index","follow":"follow","max-snippet":"max-snippet:-1","max-image-preview":"max-image-preview:large","max-video-preview":"max-video-preview:-1"},"canonical":"https:\/\/quehacerpolitico.mx\/?p=6609","og_locale":"es_MX","og_type":"article","og_title":"50 mil elementos m\u00e1s se van a unir a militares y polic\u00edas para luchar contra la violencia, anuncia AMLO -","og_description":"50 mil elementos m\u00e1s se van a unir a militares y polic\u00edas para luchar contra la violencia, anuncia AMLO Por Redacci\u00f3n QP","og_url":"https:\/\/quehacerpolitico.mx\/?p=6609","article_published_time":"2018-10-10T20:24:54+00:00","author":"Redacci\u00f3n QP","twitter_card":"summary_large_image","twitter_misc":{"Escrito por":"Redacci\u00f3n QP","Tiempo de lectura":"2 minutos"},"schema":{"@context":"https:\/\/schema.org","@graph":[{"@type":"Article","@id":"https:\/\/quehacerpolitico.mx\/?p=6609#article","isPartOf":{"@id":"https:\/\/quehacerpolitico.mx\/?p=6609"},"author":{"name":"Redacci\u00f3n QP","@id":"https:\/\/quehacerpolitico.mx\/#\/schema\/person\/496d8ad2d1d3f8036101dca7ee39e585"},"headline":"50 mil elementos m\u00e1s se van a unir a militares y polic\u00edas para luchar contra la violencia, anuncia AMLO","datePublished":"2018-10-10T20:24:54+00:00","mainEntityOfPage":{"@id":"https:\/\/quehacerpolitico.mx\/?p=6609"},"wordCount":493,"commentCount":0,"image":{"@id":"https:\/\/quehacerpolitico.mx\/?p=6609#primaryimage"},"thumbnailUrl":"","articleSection":["Noticias"],"inLanguage":"es","potentialAction":[{"@type":"CommentAction","name":"Comment","target":["https:\/\/quehacerpolitico.mx\/?p=6609#respond"]}]},{"@type":"WebPage","@id":"https:\/\/quehacerpolitico.mx\/?p=6609","url":"https:\/\/quehacerpolitico.mx\/?p=6609","name":"50 mil elementos m\u00e1s se van a unir a militares y polic\u00edas para luchar contra la violencia, anuncia AMLO -","isPartOf":{"@id":"https:\/\/quehacerpolitico.mx\/#website"},"primaryImageOfPage":{"@id":"https:\/\/quehacerpolitico.mx\/?p=6609#primaryimage"},"image":{"@id":"https:\/\/quehacerpolitico.mx\/?p=6609#primaryimage"},"thumbnailUrl":"","datePublished":"2018-10-10T20:24:54+00:00","author":{"@id":"https:\/\/quehacerpolitico.mx\/#\/schema\/person\/496d8ad2d1d3f8036101dca7ee39e585"},"breadcrumb":{"@id":"https:\/\/quehacerpolitico.mx\/?p=6609#breadcrumb"},"inLanguage":"es","potentialAction":[{"@type":"ReadAction","target":["https:\/\/quehacerpolitico.mx\/?p=6609"]}]},{"@type":"ImageObject","inLanguage":"es","@id":"https:\/\/quehacerpolitico.mx\/?p=6609#primaryimage","url":"","contentUrl":""},{"@type":"BreadcrumbList","@id":"https:\/\/quehacerpolitico.mx\/?p=6609#breadcrumb","itemListElement":[{"@type":"ListItem","position":1,"name":"Inicio","item":"https:\/\/quehacerpolitico.mx\/"},{"@type":"ListItem","position":2,"name":"50 mil elementos m\u00e1s se van a unir a militares y polic\u00edas para luchar contra la violencia, anuncia AMLO"}]},{"@type":"WebSite","@id":"https:\/\/quehacerpolitico.mx\/#website","url":"https:\/\/quehacerpolitico.mx\/","name":"","description":"","potentialAction":[{"@type":"SearchAction","target":{"@type":"EntryPoint","urlTemplate":"https:\/\/quehacerpolitico.mx\/?s={search_term_string}"},"query-input":{"@type":"PropertyValueSpecification","valueRequired":true,"valueName":"search_term_string"}}],"inLanguage":"es"},{"@type":"Person","@id":"https:\/\/quehacerpolitico.mx\/#\/schema\/person\/496d8ad2d1d3f8036101dca7ee39e585","name":"Redacci\u00f3n QP","image":{"@type":"ImageObject","inLanguage":"es","@id":"https:\/\/secure.gravatar.com\/avatar\/c7164ed6fdec453195284ad24a5ae5b6e1eed2b848477fa2a4787ba9adf39a41?s=96&d=mm&r=g","url":"https:\/\/secure.gravatar.com\/avatar\/c7164ed6fdec453195284ad24a5ae5b6e1eed2b848477fa2a4787ba9adf39a41?s=96&d=mm&r=g","contentUrl":"https:\/\/secure.gravatar.com\/avatar\/c7164ed6fdec453195284ad24a5ae5b6e1eed2b848477fa2a4787ba9adf39a41?s=96&d=mm&r=g","caption":"Redacci\u00f3n QP"},"url":"https:\/\/quehacerpolitico.mx\/?author=2"}]}},"featured_image_urls":{"full":"","thumbnail":"","medium":"","medium_large":"","large":"","1536x1536":"","2048x2048":"","covernews-featured":"","covernews-medium":""},"author_info":{"display_name":"Redacci\u00f3n QP","author_link":"https:\/\/quehacerpolitico.mx\/?author=2"},"category_info":"<a href=\"https:\/\/quehacerpolitico.mx\/?cat=2\" rel=\"category\">Noticias<\/a>","tag_info":"Noticias","comment_count":"0","_links":{"self":[{"href":"https:\/\/quehacerpolitico.mx\/index.php?rest_route=\/wp\/v2\/posts\/6609","targetHints":{"allow":["GET"]}}],"collection":[{"href":"https:\/\/quehacerpolitico.mx\/index.php?rest_route=\/wp\/v2\/posts"}],"about":[{"href":"https:\/\/quehacerpolitico.mx\/index.php?rest_route=\/wp\/v2\/types\/post"}],"author":[{"embeddable":true,"href":"https:\/\/quehacerpolitico.mx\/index.php?rest_route=\/wp\/v2\/users\/2"}],"replies":[{"embeddable":true,"href":"https:\/\/quehacerpolitico.mx\/index.php?rest_route=%2Fwp%2Fv2%2Fcomments&post=6609"}],"version-history":[{"count":0,"href":"https:\/\/quehacerpolitico.mx\/index.php?rest_route=\/wp\/v2\/posts\/6609\/revisions"}],"wp:featuredmedia":[{"embeddable":true,"href":"https:\/\/quehacerpolitico.mx\/index.php?rest_route=\/"}],"wp:attachment":[{"href":"https:\/\/quehacerpolitico.mx\/index.php?rest_route=%2Fwp%2Fv2%2Fmedia&parent=6609"}],"wp:term":[{"taxonomy":"category","embeddable":true,"href":"https:\/\/quehacerpolitico.mx\/index.php?rest_route=%2Fwp%2Fv2%2Fcategories&post=6609"},{"taxonomy":"post_tag","embeddable":true,"href":"https:\/\/quehacerpolitico.mx\/index.php?rest_route=%2Fwp%2Fv2%2Ftags&post=6609"}],"curies":[{"name":"wp","href":"https:\/\/api.w.org\/{rel}","templated":true}]}}