{"id":65926,"date":"2020-10-01T10:29:28","date_gmt":"2020-10-01T15:29:28","guid":{"rendered":"http:\/\/quehacerpolitico.mx\/?p=65926"},"modified":"2020-10-01T10:29:28","modified_gmt":"2020-10-01T15:29:28","slug":"dobleces-israel-mendoza-perez-alcocer-llega-debil-a-su-cita","status":"publish","type":"post","link":"https:\/\/quehacerpolitico.mx\/?p=65926","title":{"rendered":"Dobleces\/\/\/Israel Mendoza P\u00e9rez\/\/\/Alcocer llega d\u00e9bil a su cita"},"content":{"rendered":"<h3 class=\"post-title entry-title\">Alcocer llega d\u00e9bil a su cita<br \/>\nPor Israel Mendoza P\u00e9rez<\/h3>\n<p>Para allanar el camino del secretario de Salud,<b> Jorge Alcocer<\/b>, ante la oposici\u00f3n en el Senado de la Rep\u00fablica, el presidente <b>Andr\u00e9s Manuel L\u00f3pez Obrador<\/b>, ajust\u00f3 en el fraseo cotidiano de la ma\u00f1anera, la novedosa estrategia para combatir al virus SARS-Cov2 la cual ser\u00e1 \u2014seg\u00fan \u00e9l\u2014una nueva fuerza y din\u00e1mica a la estrategia para contener la pandemia de Covid-19. Se\u00f1al\u00f3 que ser\u00e1 \u201cuna nueva etapa de mucho m\u00e1s atenci\u00f3n\u201d. M\u00e1s no agreg\u00f3 elevar el n\u00famero de ventiladores o tratamientos.<br \/>\nPara evitar que el secretario llegue con las manos vac\u00edas con los Senadores, desde la Presidencia se lanz\u00f3 la invitaci\u00f3n para que las personas enfermas acudan a los hospitales para recibir atenci\u00f3n m\u00e9dica. Pero no s\u00f3lo es tratar de enderezar su discurso y manejo de la enfermedad, la temporada de Influenza ya toca a la puerta y con ello el escenario que viene para el sector salud es m\u00e1s complicado y eso es la segunda parte del miedo. La preocupaci\u00f3n debe ser que no quieren sumar nuevos fallecimientos, pues en plena 4-T, se reportaron de octubre de 2019 a enero de 2020, 1,795 casos de AH1N1 y fallecieron 127 personas en ese mismo periodo por la misma enfermedad. Incluso un estudio de opini\u00f3n de <i>Parametr\u00eda<\/i> revel\u00f3 que \u201clos niveles de temor al contagio son muy parecidos de 2012 (influenza A-H1N1) a 2020 (Coronavirus). Salvo agosto de 2014 en que dos de cada tres mexicanos dec\u00edan tener temor a ser contagiados.<\/p>\n<table class=\"tr-caption-container\" cellspacing=\"0\" cellpadding=\"0\">\n<tbody>\n<tr>\n<td><a href=\"https:\/\/1.bp.blogspot.com\/-tSKP-W_PXBI\/X3P596qJk_I\/AAAAAAAADYo\/-jlu-xGQ3g8MACGyMWNwVGaGYNJ0DdvEQCLcBGAsYHQ\/s1500\/Dr.%2BAlcocer.jpg\" data-src=\"https:\/\/1.bp.blogspot.com\/-tSKP-W_PXBI\/X3P596qJk_I\/AAAAAAAADYo\/-jlu-xGQ3g8MACGyMWNwVGaGYNJ0DdvEQCLcBGAsYHQ\/s1500\/Dr.%2BAlcocer.jpg\" data-thumb=\"https:\/\/1.bp.blogspot.com\/-tSKP-W_PXBI\/X3P596qJk_I\/AAAAAAAADYo\/-jlu-xGQ3g8MACGyMWNwVGaGYNJ0DdvEQCLcBGAsYHQ\/s280\/Dr.%2BAlcocer.jpg\" class=\"ml-lightbox-enabled\"><img decoding=\"async\" src=\"https:\/\/1.bp.blogspot.com\/-tSKP-W_PXBI\/X3P596qJk_I\/AAAAAAAADYo\/-jlu-xGQ3g8MACGyMWNwVGaGYNJ0DdvEQCLcBGAsYHQ\/s280\/Dr.%2BAlcocer.jpg\" width=\"280\" border=\"0\" data-original-height=\"1000\" data-original-width=\"1500\" \/><\/a><\/td>\n<\/tr>\n<tr>\n<td class=\"tr-caption\">La oposici\u00f3n lo espera.<\/td>\n<\/tr>\n<\/tbody>\n<\/table>\n<p>Por ello el llamado urgente para buscar atenci\u00f3n y evitar una paliza virtual al plan que trae trazado el secretario Jorge Alcocer para su comparecencia. Aunque lo que diga no le alcanzar\u00e1 para atajar las m\u00e1s de 77 mil muertes reportadas hasta hoy.<br \/>\nEl nuevo \u201cmodelo\u201d es de atenci\u00f3n domiciliaria. Con este cambio se pretende dar el viraje en la maltrecha estrategia para combatir el Covid-19. Pues desde el inicio de la pandemia los ciudadanos son las v\u00edctimas de la ineficiencia y frivolidad de las autoridades federales, que no han sabido presentar un plan correcto.<br \/>\nPero la oposici\u00f3n trae una bater\u00eda de cr\u00edticas en la que se acusa que M\u00e9xico est\u00e1 en el escenario de una crisis humanitaria y el Gobierno Federal ha demostrado falta de seriedad sin asumir las consecuencias de la mala conducci\u00f3n en el manejo de la pandemia.<br \/>\nIncluso, documentan que de acuerdo con las proyecciones del Instituto de M\u00e9tricas y Evaluaci\u00f3n de Salud (IHME, por sus siglas en ingl\u00e9s) de la Universidad de Washington pronostica un escenario en el que el pa\u00eds alcanzar\u00eda las 150 mil muertes por COVID-19 en diciembre de 2020.<br \/>\nHasta el momento, lo que se exhiben son las discrepancias que hay entre las cifras nacionales y locales sobre el avance del Covid-19 en M\u00e9xico, debido a un proceso incompleto de notificaci\u00f3n del Sistema Nacional de Vigilancia Epidemiol\u00f3gica. Ello es un s\u00edntoma negativo de que el gobierno de la cuatrot\u00e9 no cuenta con informaci\u00f3n adecuada, cuando est\u00e1 en riesgo la vida de miles de ciudadanos y se pueden sumar por una oleada de influenza.<\/p>\n","protected":false},"excerpt":{"rendered":"<p>Alcocer llega d\u00e9bil a su cita Por Israel Mendoza P\u00e9rez Para allanar el camino del&#8230;<\/p>\n","protected":false},"author":2,"featured_media":65927,"comment_status":"open","ping_status":"open","sticky":false,"template":"","format":"standard","meta":{"_monsterinsights_skip_tracking":false,"_monsterinsights_sitenote_active":false,"_monsterinsights_sitenote_note":"","_monsterinsights_sitenote_category":0,"footnotes":""},"categories":[2],"tags":[],"class_list":["post-65926","post","type-post","status-publish","format-standard","has-post-thumbnail","hentry","category-noticias"],"yoast_head":"<!-- This site is optimized with the Yoast SEO plugin v27.3 - https:\/\/yoast.com\/product\/yoast-seo-wordpress\/ -->\n<title>Dobleces\/\/\/Israel Mendoza P\u00e9rez\/\/\/Alcocer llega d\u00e9bil a su cita -<\/title>\n<meta name=\"robots\" content=\"index, follow, max-snippet:-1, max-image-preview:large, max-video-preview:-1\" \/>\n<link rel=\"canonical\" href=\"https:\/\/quehacerpolitico.mx\/?p=65926\" \/>\n<meta property=\"og:locale\" content=\"es_MX\" \/>\n<meta property=\"og:type\" content=\"article\" \/>\n<meta property=\"og:title\" content=\"Dobleces\/\/\/Israel Mendoza P\u00e9rez\/\/\/Alcocer llega d\u00e9bil a su cita -\" \/>\n<meta property=\"og:description\" content=\"Alcocer llega d\u00e9bil a su cita Por Israel Mendoza P\u00e9rez Para allanar el camino del...\" \/>\n<meta property=\"og:url\" content=\"https:\/\/quehacerpolitico.mx\/?p=65926\" \/>\n<meta property=\"article:published_time\" content=\"2020-10-01T15:29:28+00:00\" \/>\n<meta property=\"og:image\" content=\"https:\/\/quehacerpolitico.mx\/wp-content\/uploads\/2020\/10\/B3466D75-3DDC-4CC1-9BDC-0D683A590B41.jpeg\" \/>\n\t<meta property=\"og:image:width\" content=\"783\" \/>\n\t<meta property=\"og:image:height\" content=\"391\" \/>\n\t<meta property=\"og:image:type\" content=\"image\/jpeg\" \/>\n<meta name=\"author\" content=\"Redacci\u00f3n QP\" \/>\n<meta name=\"twitter:card\" content=\"summary_large_image\" \/>\n<meta name=\"twitter:label1\" content=\"Escrito por\" \/>\n\t<meta name=\"twitter:data1\" content=\"Redacci\u00f3n QP\" \/>\n\t<meta name=\"twitter:label2\" content=\"Tiempo de lectura\" \/>\n\t<meta name=\"twitter:data2\" content=\"3 minutos\" \/>\n<script type=\"application\/ld+json\" class=\"yoast-schema-graph\">{\"@context\":\"https:\\\/\\\/schema.org\",\"@graph\":[{\"@type\":\"Article\",\"@id\":\"https:\\\/\\\/quehacerpolitico.mx\\\/?p=65926#article\",\"isPartOf\":{\"@id\":\"https:\\\/\\\/quehacerpolitico.mx\\\/?p=65926\"},\"author\":{\"name\":\"Redacci\u00f3n QP\",\"@id\":\"https:\\\/\\\/quehacerpolitico.mx\\\/#\\\/schema\\\/person\\\/496d8ad2d1d3f8036101dca7ee39e585\"},\"headline\":\"Dobleces\\\/\\\/\\\/Israel Mendoza P\u00e9rez\\\/\\\/\\\/Alcocer llega d\u00e9bil a su cita\",\"datePublished\":\"2020-10-01T15:29:28+00:00\",\"mainEntityOfPage\":{\"@id\":\"https:\\\/\\\/quehacerpolitico.mx\\\/?p=65926\"},\"wordCount\":563,\"commentCount\":0,\"image\":{\"@id\":\"https:\\\/\\\/quehacerpolitico.mx\\\/?p=65926#primaryimage\"},\"thumbnailUrl\":\"https:\\\/\\\/quehacerpolitico.mx\\\/wp-content\\\/uploads\\\/2020\\\/10\\\/B3466D75-3DDC-4CC1-9BDC-0D683A590B41.jpeg\",\"articleSection\":[\"Noticias\"],\"inLanguage\":\"es\",\"potentialAction\":[{\"@type\":\"CommentAction\",\"name\":\"Comment\",\"target\":[\"https:\\\/\\\/quehacerpolitico.mx\\\/?p=65926#respond\"]}]},{\"@type\":\"WebPage\",\"@id\":\"https:\\\/\\\/quehacerpolitico.mx\\\/?p=65926\",\"url\":\"https:\\\/\\\/quehacerpolitico.mx\\\/?p=65926\",\"name\":\"Dobleces\\\/\\\/\\\/Israel Mendoza P\u00e9rez\\\/\\\/\\\/Alcocer llega d\u00e9bil a su cita -\",\"isPartOf\":{\"@id\":\"https:\\\/\\\/quehacerpolitico.mx\\\/#website\"},\"primaryImageOfPage\":{\"@id\":\"https:\\\/\\\/quehacerpolitico.mx\\\/?p=65926#primaryimage\"},\"image\":{\"@id\":\"https:\\\/\\\/quehacerpolitico.mx\\\/?p=65926#primaryimage\"},\"thumbnailUrl\":\"https:\\\/\\\/quehacerpolitico.mx\\\/wp-content\\\/uploads\\\/2020\\\/10\\\/B3466D75-3DDC-4CC1-9BDC-0D683A590B41.jpeg\",\"datePublished\":\"2020-10-01T15:29:28+00:00\",\"author\":{\"@id\":\"https:\\\/\\\/quehacerpolitico.mx\\\/#\\\/schema\\\/person\\\/496d8ad2d1d3f8036101dca7ee39e585\"},\"breadcrumb\":{\"@id\":\"https:\\\/\\\/quehacerpolitico.mx\\\/?p=65926#breadcrumb\"},\"inLanguage\":\"es\",\"potentialAction\":[{\"@type\":\"ReadAction\",\"target\":[\"https:\\\/\\\/quehacerpolitico.mx\\\/?p=65926\"]}]},{\"@type\":\"ImageObject\",\"inLanguage\":\"es\",\"@id\":\"https:\\\/\\\/quehacerpolitico.mx\\\/?p=65926#primaryimage\",\"url\":\"https:\\\/\\\/quehacerpolitico.mx\\\/wp-content\\\/uploads\\\/2020\\\/10\\\/B3466D75-3DDC-4CC1-9BDC-0D683A590B41.jpeg\",\"contentUrl\":\"https:\\\/\\\/quehacerpolitico.mx\\\/wp-content\\\/uploads\\\/2020\\\/10\\\/B3466D75-3DDC-4CC1-9BDC-0D683A590B41.jpeg\",\"width\":783,\"height\":391},{\"@type\":\"BreadcrumbList\",\"@id\":\"https:\\\/\\\/quehacerpolitico.mx\\\/?p=65926#breadcrumb\",\"itemListElement\":[{\"@type\":\"ListItem\",\"position\":1,\"name\":\"Inicio\",\"item\":\"https:\\\/\\\/quehacerpolitico.mx\\\/\"},{\"@type\":\"ListItem\",\"position\":2,\"name\":\"Dobleces\\\/\\\/\\\/Israel Mendoza P\u00e9rez\\\/\\\/\\\/Alcocer llega d\u00e9bil a su cita\"}]},{\"@type\":\"WebSite\",\"@id\":\"https:\\\/\\\/quehacerpolitico.mx\\\/#website\",\"url\":\"https:\\\/\\\/quehacerpolitico.mx\\\/\",\"name\":\"\",\"description\":\"\",\"potentialAction\":[{\"@type\":\"SearchAction\",\"target\":{\"@type\":\"EntryPoint\",\"urlTemplate\":\"https:\\\/\\\/quehacerpolitico.mx\\\/?s={search_term_string}\"},\"query-input\":{\"@type\":\"PropertyValueSpecification\",\"valueRequired\":true,\"valueName\":\"search_term_string\"}}],\"inLanguage\":\"es\"},{\"@type\":\"Person\",\"@id\":\"https:\\\/\\\/quehacerpolitico.mx\\\/#\\\/schema\\\/person\\\/496d8ad2d1d3f8036101dca7ee39e585\",\"name\":\"Redacci\u00f3n QP\",\"image\":{\"@type\":\"ImageObject\",\"inLanguage\":\"es\",\"@id\":\"https:\\\/\\\/secure.gravatar.com\\\/avatar\\\/c7164ed6fdec453195284ad24a5ae5b6e1eed2b848477fa2a4787ba9adf39a41?s=96&d=mm&r=g\",\"url\":\"https:\\\/\\\/secure.gravatar.com\\\/avatar\\\/c7164ed6fdec453195284ad24a5ae5b6e1eed2b848477fa2a4787ba9adf39a41?s=96&d=mm&r=g\",\"contentUrl\":\"https:\\\/\\\/secure.gravatar.com\\\/avatar\\\/c7164ed6fdec453195284ad24a5ae5b6e1eed2b848477fa2a4787ba9adf39a41?s=96&d=mm&r=g\",\"caption\":\"Redacci\u00f3n QP\"},\"url\":\"https:\\\/\\\/quehacerpolitico.mx\\\/?author=2\"}]}<\/script>\n<!-- \/ Yoast SEO plugin. -->","yoast_head_json":{"title":"Dobleces\/\/\/Israel Mendoza P\u00e9rez\/\/\/Alcocer llega d\u00e9bil a su cita -","robots":{"index":"index","follow":"follow","max-snippet":"max-snippet:-1","max-image-preview":"max-image-preview:large","max-video-preview":"max-video-preview:-1"},"canonical":"https:\/\/quehacerpolitico.mx\/?p=65926","og_locale":"es_MX","og_type":"article","og_title":"Dobleces\/\/\/Israel Mendoza P\u00e9rez\/\/\/Alcocer llega d\u00e9bil a su cita -","og_description":"Alcocer llega d\u00e9bil a su cita Por Israel Mendoza P\u00e9rez Para allanar el camino del...","og_url":"https:\/\/quehacerpolitico.mx\/?p=65926","article_published_time":"2020-10-01T15:29:28+00:00","og_image":[{"width":783,"height":391,"url":"https:\/\/quehacerpolitico.mx\/wp-content\/uploads\/2020\/10\/B3466D75-3DDC-4CC1-9BDC-0D683A590B41.jpeg","type":"image\/jpeg"}],"author":"Redacci\u00f3n QP","twitter_card":"summary_large_image","twitter_misc":{"Escrito por":"Redacci\u00f3n QP","Tiempo de lectura":"3 minutos"},"schema":{"@context":"https:\/\/schema.org","@graph":[{"@type":"Article","@id":"https:\/\/quehacerpolitico.mx\/?p=65926#article","isPartOf":{"@id":"https:\/\/quehacerpolitico.mx\/?p=65926"},"author":{"name":"Redacci\u00f3n QP","@id":"https:\/\/quehacerpolitico.mx\/#\/schema\/person\/496d8ad2d1d3f8036101dca7ee39e585"},"headline":"Dobleces\/\/\/Israel Mendoza P\u00e9rez\/\/\/Alcocer llega d\u00e9bil a su cita","datePublished":"2020-10-01T15:29:28+00:00","mainEntityOfPage":{"@id":"https:\/\/quehacerpolitico.mx\/?p=65926"},"wordCount":563,"commentCount":0,"image":{"@id":"https:\/\/quehacerpolitico.mx\/?p=65926#primaryimage"},"thumbnailUrl":"https:\/\/quehacerpolitico.mx\/wp-content\/uploads\/2020\/10\/B3466D75-3DDC-4CC1-9BDC-0D683A590B41.jpeg","articleSection":["Noticias"],"inLanguage":"es","potentialAction":[{"@type":"CommentAction","name":"Comment","target":["https:\/\/quehacerpolitico.mx\/?p=65926#respond"]}]},{"@type":"WebPage","@id":"https:\/\/quehacerpolitico.mx\/?p=65926","url":"https:\/\/quehacerpolitico.mx\/?p=65926","name":"Dobleces\/\/\/Israel Mendoza P\u00e9rez\/\/\/Alcocer llega d\u00e9bil a su cita -","isPartOf":{"@id":"https:\/\/quehacerpolitico.mx\/#website"},"primaryImageOfPage":{"@id":"https:\/\/quehacerpolitico.mx\/?p=65926#primaryimage"},"image":{"@id":"https:\/\/quehacerpolitico.mx\/?p=65926#primaryimage"},"thumbnailUrl":"https:\/\/quehacerpolitico.mx\/wp-content\/uploads\/2020\/10\/B3466D75-3DDC-4CC1-9BDC-0D683A590B41.jpeg","datePublished":"2020-10-01T15:29:28+00:00","author":{"@id":"https:\/\/quehacerpolitico.mx\/#\/schema\/person\/496d8ad2d1d3f8036101dca7ee39e585"},"breadcrumb":{"@id":"https:\/\/quehacerpolitico.mx\/?p=65926#breadcrumb"},"inLanguage":"es","potentialAction":[{"@type":"ReadAction","target":["https:\/\/quehacerpolitico.mx\/?p=65926"]}]},{"@type":"ImageObject","inLanguage":"es","@id":"https:\/\/quehacerpolitico.mx\/?p=65926#primaryimage","url":"https:\/\/quehacerpolitico.mx\/wp-content\/uploads\/2020\/10\/B3466D75-3DDC-4CC1-9BDC-0D683A590B41.jpeg","contentUrl":"https:\/\/quehacerpolitico.mx\/wp-content\/uploads\/2020\/10\/B3466D75-3DDC-4CC1-9BDC-0D683A590B41.jpeg","width":783,"height":391},{"@type":"BreadcrumbList","@id":"https:\/\/quehacerpolitico.mx\/?p=65926#breadcrumb","itemListElement":[{"@type":"ListItem","position":1,"name":"Inicio","item":"https:\/\/quehacerpolitico.mx\/"},{"@type":"ListItem","position":2,"name":"Dobleces\/\/\/Israel Mendoza P\u00e9rez\/\/\/Alcocer llega d\u00e9bil a su cita"}]},{"@type":"WebSite","@id":"https:\/\/quehacerpolitico.mx\/#website","url":"https:\/\/quehacerpolitico.mx\/","name":"","description":"","potentialAction":[{"@type":"SearchAction","target":{"@type":"EntryPoint","urlTemplate":"https:\/\/quehacerpolitico.mx\/?s={search_term_string}"},"query-input":{"@type":"PropertyValueSpecification","valueRequired":true,"valueName":"search_term_string"}}],"inLanguage":"es"},{"@type":"Person","@id":"https:\/\/quehacerpolitico.mx\/#\/schema\/person\/496d8ad2d1d3f8036101dca7ee39e585","name":"Redacci\u00f3n QP","image":{"@type":"ImageObject","inLanguage":"es","@id":"https:\/\/secure.gravatar.com\/avatar\/c7164ed6fdec453195284ad24a5ae5b6e1eed2b848477fa2a4787ba9adf39a41?s=96&d=mm&r=g","url":"https:\/\/secure.gravatar.com\/avatar\/c7164ed6fdec453195284ad24a5ae5b6e1eed2b848477fa2a4787ba9adf39a41?s=96&d=mm&r=g","contentUrl":"https:\/\/secure.gravatar.com\/avatar\/c7164ed6fdec453195284ad24a5ae5b6e1eed2b848477fa2a4787ba9adf39a41?s=96&d=mm&r=g","caption":"Redacci\u00f3n QP"},"url":"https:\/\/quehacerpolitico.mx\/?author=2"}]}},"featured_image_urls":{"full":["https:\/\/quehacerpolitico.mx\/wp-content\/uploads\/2020\/10\/B3466D75-3DDC-4CC1-9BDC-0D683A590B41.jpeg",783,391,false],"thumbnail":["https:\/\/quehacerpolitico.mx\/wp-content\/uploads\/2020\/10\/B3466D75-3DDC-4CC1-9BDC-0D683A590B41-150x150.jpeg",150,150,true],"medium":["https:\/\/quehacerpolitico.mx\/wp-content\/uploads\/2020\/10\/B3466D75-3DDC-4CC1-9BDC-0D683A590B41-300x150.jpeg",300,150,true],"medium_large":["https:\/\/quehacerpolitico.mx\/wp-content\/uploads\/2020\/10\/B3466D75-3DDC-4CC1-9BDC-0D683A590B41-768x384.jpeg",640,320,true],"large":["https:\/\/quehacerpolitico.mx\/wp-content\/uploads\/2020\/10\/B3466D75-3DDC-4CC1-9BDC-0D683A590B41.jpeg",640,320,false],"1536x1536":["https:\/\/quehacerpolitico.mx\/wp-content\/uploads\/2020\/10\/B3466D75-3DDC-4CC1-9BDC-0D683A590B41.jpeg",783,391,false],"2048x2048":["https:\/\/quehacerpolitico.mx\/wp-content\/uploads\/2020\/10\/B3466D75-3DDC-4CC1-9BDC-0D683A590B41.jpeg",783,391,false],"covernews-featured":["https:\/\/quehacerpolitico.mx\/wp-content\/uploads\/2020\/10\/B3466D75-3DDC-4CC1-9BDC-0D683A590B41.jpeg",783,391,false],"covernews-medium":["https:\/\/quehacerpolitico.mx\/wp-content\/uploads\/2020\/10\/B3466D75-3DDC-4CC1-9BDC-0D683A590B41.jpeg",540,270,false]},"author_info":{"display_name":"Redacci\u00f3n QP","author_link":"https:\/\/quehacerpolitico.mx\/?author=2"},"category_info":"<a href=\"https:\/\/quehacerpolitico.mx\/?cat=2\" rel=\"category\">Noticias<\/a>","tag_info":"Noticias","comment_count":"0","_links":{"self":[{"href":"https:\/\/quehacerpolitico.mx\/index.php?rest_route=\/wp\/v2\/posts\/65926","targetHints":{"allow":["GET"]}}],"collection":[{"href":"https:\/\/quehacerpolitico.mx\/index.php?rest_route=\/wp\/v2\/posts"}],"about":[{"href":"https:\/\/quehacerpolitico.mx\/index.php?rest_route=\/wp\/v2\/types\/post"}],"author":[{"embeddable":true,"href":"https:\/\/quehacerpolitico.mx\/index.php?rest_route=\/wp\/v2\/users\/2"}],"replies":[{"embeddable":true,"href":"https:\/\/quehacerpolitico.mx\/index.php?rest_route=%2Fwp%2Fv2%2Fcomments&post=65926"}],"version-history":[{"count":0,"href":"https:\/\/quehacerpolitico.mx\/index.php?rest_route=\/wp\/v2\/posts\/65926\/revisions"}],"wp:featuredmedia":[{"embeddable":true,"href":"https:\/\/quehacerpolitico.mx\/index.php?rest_route=\/wp\/v2\/media\/65927"}],"wp:attachment":[{"href":"https:\/\/quehacerpolitico.mx\/index.php?rest_route=%2Fwp%2Fv2%2Fmedia&parent=65926"}],"wp:term":[{"taxonomy":"category","embeddable":true,"href":"https:\/\/quehacerpolitico.mx\/index.php?rest_route=%2Fwp%2Fv2%2Fcategories&post=65926"},{"taxonomy":"post_tag","embeddable":true,"href":"https:\/\/quehacerpolitico.mx\/index.php?rest_route=%2Fwp%2Fv2%2Ftags&post=65926"}],"curies":[{"name":"wp","href":"https:\/\/api.w.org\/{rel}","templated":true}]}}