{"id":65853,"date":"2020-09-29T13:47:12","date_gmt":"2020-09-29T18:47:12","guid":{"rendered":"http:\/\/quehacerpolitico.mx\/?p=65853"},"modified":"2020-09-29T13:47:12","modified_gmt":"2020-09-29T18:47:12","slug":"zinedine-zidane-desmiente-interes-del-real-madrid-por-raul-jimenez","status":"publish","type":"post","link":"https:\/\/quehacerpolitico.mx\/?p=65853","title":{"rendered":"Zinedine Zidane desmiente inter\u00e9s del Real Madrid por Ra\u00fal Jim\u00e9nez"},"content":{"rendered":"<h1 class=\"news-title\">Zinedine Zidane desmiente inter\u00e9s del Real Madrid por Ra\u00fal Jim\u00e9nez<br \/>\nPor Redacci\u00f3n QP<\/h1>\n<div class=\"news-subtitle\">\n<p>El t\u00e9cnico no revela qu\u00e9 delantero saldr\u00e1 del equipo, pero deja en claro que no espera la llegada de nuevos jugadores<\/p>\n<p>Zinedine Zidane t\u00e9cnico del Real Madrid, no revel\u00f3 qu\u00e9 delantero centro abandonar\u00e1 el club en los \u00faltimos d\u00edas de mercado, si el serbio Luka Jovic o Borja Mayoral, y dej\u00f3 en claro que no espera la llegada de nuevos jugadores al afirmar que ya &#8220;es un l\u00edo&#8221; con lo que tiene hacer un equipo titular, por lo que tambi\u00e9n descarta el inter\u00e9s del mexicano Ra\u00fal Jim\u00e9nez procedente del Wolverhampton.<\/p>\n<\/div>\n<div class=\"social-share-box normal\">\n<p>El Real Madrid sigue buscando la forma de aligerar la plantilla y Zidane no dio pistas sobre la decisi\u00f3n que ha tomado sobre la delantera. <strong>Junto al indiscutible Karim Benzema y Mariano D\u00edaz, que se ha negado a aceptar ninguna propuesta para dejar el club, est\u00e1n Jovic y Mayoral con su futuro en el aire.<\/strong><\/p>\n<p>&#8220;Hay que tener en cuenta todo, hay muchas cosas que entran en juego&#8221;, admiti\u00f3 Zidane reconociendo que la alta ficha de Jovic puede ser un factor a tener en cuenta. &#8220;Por eso, hasta el d\u00eda 5 que est\u00e1 abierto el mercado, veremos&#8221;.<\/p>\n<p>El t\u00e9cnico dej\u00f3 claro que tanto Jovic como Mayoral siguen centrados en el Real Madrid y con la mente puesta en el duelo ante el Real Valladolid. &#8220;Los jugadores est\u00e1n entrenando bien, que es lo que me interesa. Tenemos un partido ma\u00f1ana y est\u00e1n concentrados s\u00f3lo en ma\u00f1ana. Voy a contar con todos los jugadores que tienen ficha y luego si hay un cambio lo veremos&#8221;.<\/p>\n<p>Desminti\u00f3 que est\u00e9 interesado en la llegada del mexicano Raul Jim\u00e9nez\u00a0del Wolverhampton y dej\u00f3 claro que afronta la temporada con la plantilla que tiene, sin querer incorporaciones.<\/p>\n<p>&#8220;Se puede opinar si es mejor plantilla o no, tengo la que tengo y siempre son, para m\u00ed, los mejores jugadores. <strong>Estoy muy contento con lo que tengo. Al final somos ya muchos, vas a meter gente otra vez aqu\u00ed, \u00bfpara qu\u00e9?<\/strong>\u00a0Ya es un l\u00edo hacer un equipo porque son muy buenos todos. No hace falta meter m\u00e1s, estoy contento, de verdad&#8221;.<\/p>\n<p>Con informaci\u00f3n de EFE<\/p>\n<\/div>\n","protected":false},"excerpt":{"rendered":"<p>Zinedine Zidane desmiente inter\u00e9s del Real Madrid por Ra\u00fal Jim\u00e9nez Por Redacci\u00f3n QP El t\u00e9cnico&#8230;<\/p>\n","protected":false},"author":2,"featured_media":65854,"comment_status":"open","ping_status":"open","sticky":false,"template":"","format":"standard","meta":{"_monsterinsights_skip_tracking":false,"_monsterinsights_sitenote_active":false,"_monsterinsights_sitenote_note":"","_monsterinsights_sitenote_category":0,"footnotes":""},"categories":[54],"tags":[],"class_list":["post-65853","post","type-post","status-publish","format-standard","has-post-thumbnail","hentry","category-deportes"],"yoast_head":"<!-- This site is optimized with the Yoast SEO plugin v27.3 - https:\/\/yoast.com\/product\/yoast-seo-wordpress\/ -->\n<title>Zinedine Zidane desmiente inter\u00e9s del Real Madrid por Ra\u00fal Jim\u00e9nez -<\/title>\n<meta name=\"robots\" content=\"index, follow, max-snippet:-1, max-image-preview:large, max-video-preview:-1\" \/>\n<link rel=\"canonical\" href=\"https:\/\/quehacerpolitico.mx\/?p=65853\" \/>\n<meta property=\"og:locale\" content=\"es_MX\" \/>\n<meta property=\"og:type\" content=\"article\" \/>\n<meta property=\"og:title\" content=\"Zinedine Zidane desmiente inter\u00e9s del Real Madrid por Ra\u00fal Jim\u00e9nez -\" \/>\n<meta property=\"og:description\" content=\"Zinedine Zidane desmiente inter\u00e9s del Real Madrid por Ra\u00fal Jim\u00e9nez Por Redacci\u00f3n QP El t\u00e9cnico...\" \/>\n<meta property=\"og:url\" content=\"https:\/\/quehacerpolitico.mx\/?p=65853\" \/>\n<meta property=\"article:published_time\" content=\"2020-09-29T18:47:12+00:00\" \/>\n<meta property=\"og:image\" content=\"https:\/\/quehacerpolitico.mx\/wp-content\/uploads\/2020\/09\/EFE2EE1F-0769-4CDB-B986-553C2BE2B47B.jpeg\" \/>\n\t<meta property=\"og:image:width\" content=\"320\" \/>\n\t<meta property=\"og:image:height\" content=\"305\" \/>\n\t<meta property=\"og:image:type\" content=\"image\/jpeg\" \/>\n<meta name=\"author\" content=\"Redacci\u00f3n QP\" \/>\n<meta name=\"twitter:card\" content=\"summary_large_image\" \/>\n<meta name=\"twitter:label1\" content=\"Escrito por\" \/>\n\t<meta name=\"twitter:data1\" content=\"Redacci\u00f3n QP\" \/>\n\t<meta name=\"twitter:label2\" content=\"Tiempo de lectura\" \/>\n\t<meta name=\"twitter:data2\" content=\"2 minutos\" \/>\n<script type=\"application\/ld+json\" class=\"yoast-schema-graph\">{\"@context\":\"https:\\\/\\\/schema.org\",\"@graph\":[{\"@type\":\"Article\",\"@id\":\"https:\\\/\\\/quehacerpolitico.mx\\\/?p=65853#article\",\"isPartOf\":{\"@id\":\"https:\\\/\\\/quehacerpolitico.mx\\\/?p=65853\"},\"author\":{\"name\":\"Redacci\u00f3n QP\",\"@id\":\"https:\\\/\\\/quehacerpolitico.mx\\\/#\\\/schema\\\/person\\\/496d8ad2d1d3f8036101dca7ee39e585\"},\"headline\":\"Zinedine Zidane desmiente inter\u00e9s del Real Madrid por Ra\u00fal Jim\u00e9nez\",\"datePublished\":\"2020-09-29T18:47:12+00:00\",\"mainEntityOfPage\":{\"@id\":\"https:\\\/\\\/quehacerpolitico.mx\\\/?p=65853\"},\"wordCount\":399,\"commentCount\":0,\"image\":{\"@id\":\"https:\\\/\\\/quehacerpolitico.mx\\\/?p=65853#primaryimage\"},\"thumbnailUrl\":\"https:\\\/\\\/quehacerpolitico.mx\\\/wp-content\\\/uploads\\\/2020\\\/09\\\/EFE2EE1F-0769-4CDB-B986-553C2BE2B47B.jpeg\",\"articleSection\":[\"Deportes\"],\"inLanguage\":\"es\",\"potentialAction\":[{\"@type\":\"CommentAction\",\"name\":\"Comment\",\"target\":[\"https:\\\/\\\/quehacerpolitico.mx\\\/?p=65853#respond\"]}]},{\"@type\":\"WebPage\",\"@id\":\"https:\\\/\\\/quehacerpolitico.mx\\\/?p=65853\",\"url\":\"https:\\\/\\\/quehacerpolitico.mx\\\/?p=65853\",\"name\":\"Zinedine Zidane desmiente inter\u00e9s del Real Madrid por Ra\u00fal Jim\u00e9nez -\",\"isPartOf\":{\"@id\":\"https:\\\/\\\/quehacerpolitico.mx\\\/#website\"},\"primaryImageOfPage\":{\"@id\":\"https:\\\/\\\/quehacerpolitico.mx\\\/?p=65853#primaryimage\"},\"image\":{\"@id\":\"https:\\\/\\\/quehacerpolitico.mx\\\/?p=65853#primaryimage\"},\"thumbnailUrl\":\"https:\\\/\\\/quehacerpolitico.mx\\\/wp-content\\\/uploads\\\/2020\\\/09\\\/EFE2EE1F-0769-4CDB-B986-553C2BE2B47B.jpeg\",\"datePublished\":\"2020-09-29T18:47:12+00:00\",\"author\":{\"@id\":\"https:\\\/\\\/quehacerpolitico.mx\\\/#\\\/schema\\\/person\\\/496d8ad2d1d3f8036101dca7ee39e585\"},\"breadcrumb\":{\"@id\":\"https:\\\/\\\/quehacerpolitico.mx\\\/?p=65853#breadcrumb\"},\"inLanguage\":\"es\",\"potentialAction\":[{\"@type\":\"ReadAction\",\"target\":[\"https:\\\/\\\/quehacerpolitico.mx\\\/?p=65853\"]}]},{\"@type\":\"ImageObject\",\"inLanguage\":\"es\",\"@id\":\"https:\\\/\\\/quehacerpolitico.mx\\\/?p=65853#primaryimage\",\"url\":\"https:\\\/\\\/quehacerpolitico.mx\\\/wp-content\\\/uploads\\\/2020\\\/09\\\/EFE2EE1F-0769-4CDB-B986-553C2BE2B47B.jpeg\",\"contentUrl\":\"https:\\\/\\\/quehacerpolitico.mx\\\/wp-content\\\/uploads\\\/2020\\\/09\\\/EFE2EE1F-0769-4CDB-B986-553C2BE2B47B.jpeg\",\"width\":320,\"height\":305},{\"@type\":\"BreadcrumbList\",\"@id\":\"https:\\\/\\\/quehacerpolitico.mx\\\/?p=65853#breadcrumb\",\"itemListElement\":[{\"@type\":\"ListItem\",\"position\":1,\"name\":\"Inicio\",\"item\":\"https:\\\/\\\/quehacerpolitico.mx\\\/\"},{\"@type\":\"ListItem\",\"position\":2,\"name\":\"Zinedine Zidane desmiente inter\u00e9s del Real Madrid por Ra\u00fal Jim\u00e9nez\"}]},{\"@type\":\"WebSite\",\"@id\":\"https:\\\/\\\/quehacerpolitico.mx\\\/#website\",\"url\":\"https:\\\/\\\/quehacerpolitico.mx\\\/\",\"name\":\"\",\"description\":\"\",\"potentialAction\":[{\"@type\":\"SearchAction\",\"target\":{\"@type\":\"EntryPoint\",\"urlTemplate\":\"https:\\\/\\\/quehacerpolitico.mx\\\/?s={search_term_string}\"},\"query-input\":{\"@type\":\"PropertyValueSpecification\",\"valueRequired\":true,\"valueName\":\"search_term_string\"}}],\"inLanguage\":\"es\"},{\"@type\":\"Person\",\"@id\":\"https:\\\/\\\/quehacerpolitico.mx\\\/#\\\/schema\\\/person\\\/496d8ad2d1d3f8036101dca7ee39e585\",\"name\":\"Redacci\u00f3n QP\",\"image\":{\"@type\":\"ImageObject\",\"inLanguage\":\"es\",\"@id\":\"https:\\\/\\\/secure.gravatar.com\\\/avatar\\\/c7164ed6fdec453195284ad24a5ae5b6e1eed2b848477fa2a4787ba9adf39a41?s=96&d=mm&r=g\",\"url\":\"https:\\\/\\\/secure.gravatar.com\\\/avatar\\\/c7164ed6fdec453195284ad24a5ae5b6e1eed2b848477fa2a4787ba9adf39a41?s=96&d=mm&r=g\",\"contentUrl\":\"https:\\\/\\\/secure.gravatar.com\\\/avatar\\\/c7164ed6fdec453195284ad24a5ae5b6e1eed2b848477fa2a4787ba9adf39a41?s=96&d=mm&r=g\",\"caption\":\"Redacci\u00f3n QP\"},\"url\":\"https:\\\/\\\/quehacerpolitico.mx\\\/?author=2\"}]}<\/script>\n<!-- \/ Yoast SEO plugin. -->","yoast_head_json":{"title":"Zinedine Zidane desmiente inter\u00e9s del Real Madrid por Ra\u00fal Jim\u00e9nez -","robots":{"index":"index","follow":"follow","max-snippet":"max-snippet:-1","max-image-preview":"max-image-preview:large","max-video-preview":"max-video-preview:-1"},"canonical":"https:\/\/quehacerpolitico.mx\/?p=65853","og_locale":"es_MX","og_type":"article","og_title":"Zinedine Zidane desmiente inter\u00e9s del Real Madrid por Ra\u00fal Jim\u00e9nez -","og_description":"Zinedine Zidane desmiente inter\u00e9s del Real Madrid por Ra\u00fal Jim\u00e9nez Por Redacci\u00f3n QP El t\u00e9cnico...","og_url":"https:\/\/quehacerpolitico.mx\/?p=65853","article_published_time":"2020-09-29T18:47:12+00:00","og_image":[{"width":320,"height":305,"url":"https:\/\/quehacerpolitico.mx\/wp-content\/uploads\/2020\/09\/EFE2EE1F-0769-4CDB-B986-553C2BE2B47B.jpeg","type":"image\/jpeg"}],"author":"Redacci\u00f3n QP","twitter_card":"summary_large_image","twitter_misc":{"Escrito por":"Redacci\u00f3n QP","Tiempo de lectura":"2 minutos"},"schema":{"@context":"https:\/\/schema.org","@graph":[{"@type":"Article","@id":"https:\/\/quehacerpolitico.mx\/?p=65853#article","isPartOf":{"@id":"https:\/\/quehacerpolitico.mx\/?p=65853"},"author":{"name":"Redacci\u00f3n QP","@id":"https:\/\/quehacerpolitico.mx\/#\/schema\/person\/496d8ad2d1d3f8036101dca7ee39e585"},"headline":"Zinedine Zidane desmiente inter\u00e9s del Real Madrid por Ra\u00fal Jim\u00e9nez","datePublished":"2020-09-29T18:47:12+00:00","mainEntityOfPage":{"@id":"https:\/\/quehacerpolitico.mx\/?p=65853"},"wordCount":399,"commentCount":0,"image":{"@id":"https:\/\/quehacerpolitico.mx\/?p=65853#primaryimage"},"thumbnailUrl":"https:\/\/quehacerpolitico.mx\/wp-content\/uploads\/2020\/09\/EFE2EE1F-0769-4CDB-B986-553C2BE2B47B.jpeg","articleSection":["Deportes"],"inLanguage":"es","potentialAction":[{"@type":"CommentAction","name":"Comment","target":["https:\/\/quehacerpolitico.mx\/?p=65853#respond"]}]},{"@type":"WebPage","@id":"https:\/\/quehacerpolitico.mx\/?p=65853","url":"https:\/\/quehacerpolitico.mx\/?p=65853","name":"Zinedine Zidane desmiente inter\u00e9s del Real Madrid por Ra\u00fal Jim\u00e9nez -","isPartOf":{"@id":"https:\/\/quehacerpolitico.mx\/#website"},"primaryImageOfPage":{"@id":"https:\/\/quehacerpolitico.mx\/?p=65853#primaryimage"},"image":{"@id":"https:\/\/quehacerpolitico.mx\/?p=65853#primaryimage"},"thumbnailUrl":"https:\/\/quehacerpolitico.mx\/wp-content\/uploads\/2020\/09\/EFE2EE1F-0769-4CDB-B986-553C2BE2B47B.jpeg","datePublished":"2020-09-29T18:47:12+00:00","author":{"@id":"https:\/\/quehacerpolitico.mx\/#\/schema\/person\/496d8ad2d1d3f8036101dca7ee39e585"},"breadcrumb":{"@id":"https:\/\/quehacerpolitico.mx\/?p=65853#breadcrumb"},"inLanguage":"es","potentialAction":[{"@type":"ReadAction","target":["https:\/\/quehacerpolitico.mx\/?p=65853"]}]},{"@type":"ImageObject","inLanguage":"es","@id":"https:\/\/quehacerpolitico.mx\/?p=65853#primaryimage","url":"https:\/\/quehacerpolitico.mx\/wp-content\/uploads\/2020\/09\/EFE2EE1F-0769-4CDB-B986-553C2BE2B47B.jpeg","contentUrl":"https:\/\/quehacerpolitico.mx\/wp-content\/uploads\/2020\/09\/EFE2EE1F-0769-4CDB-B986-553C2BE2B47B.jpeg","width":320,"height":305},{"@type":"BreadcrumbList","@id":"https:\/\/quehacerpolitico.mx\/?p=65853#breadcrumb","itemListElement":[{"@type":"ListItem","position":1,"name":"Inicio","item":"https:\/\/quehacerpolitico.mx\/"},{"@type":"ListItem","position":2,"name":"Zinedine Zidane desmiente inter\u00e9s del Real Madrid por Ra\u00fal Jim\u00e9nez"}]},{"@type":"WebSite","@id":"https:\/\/quehacerpolitico.mx\/#website","url":"https:\/\/quehacerpolitico.mx\/","name":"","description":"","potentialAction":[{"@type":"SearchAction","target":{"@type":"EntryPoint","urlTemplate":"https:\/\/quehacerpolitico.mx\/?s={search_term_string}"},"query-input":{"@type":"PropertyValueSpecification","valueRequired":true,"valueName":"search_term_string"}}],"inLanguage":"es"},{"@type":"Person","@id":"https:\/\/quehacerpolitico.mx\/#\/schema\/person\/496d8ad2d1d3f8036101dca7ee39e585","name":"Redacci\u00f3n QP","image":{"@type":"ImageObject","inLanguage":"es","@id":"https:\/\/secure.gravatar.com\/avatar\/c7164ed6fdec453195284ad24a5ae5b6e1eed2b848477fa2a4787ba9adf39a41?s=96&d=mm&r=g","url":"https:\/\/secure.gravatar.com\/avatar\/c7164ed6fdec453195284ad24a5ae5b6e1eed2b848477fa2a4787ba9adf39a41?s=96&d=mm&r=g","contentUrl":"https:\/\/secure.gravatar.com\/avatar\/c7164ed6fdec453195284ad24a5ae5b6e1eed2b848477fa2a4787ba9adf39a41?s=96&d=mm&r=g","caption":"Redacci\u00f3n QP"},"url":"https:\/\/quehacerpolitico.mx\/?author=2"}]}},"featured_image_urls":{"full":["https:\/\/quehacerpolitico.mx\/wp-content\/uploads\/2020\/09\/EFE2EE1F-0769-4CDB-B986-553C2BE2B47B.jpeg",320,305,false],"thumbnail":["https:\/\/quehacerpolitico.mx\/wp-content\/uploads\/2020\/09\/EFE2EE1F-0769-4CDB-B986-553C2BE2B47B-150x150.jpeg",150,150,true],"medium":["https:\/\/quehacerpolitico.mx\/wp-content\/uploads\/2020\/09\/EFE2EE1F-0769-4CDB-B986-553C2BE2B47B-300x286.jpeg",300,286,true],"medium_large":["https:\/\/quehacerpolitico.mx\/wp-content\/uploads\/2020\/09\/EFE2EE1F-0769-4CDB-B986-553C2BE2B47B.jpeg",320,305,false],"large":["https:\/\/quehacerpolitico.mx\/wp-content\/uploads\/2020\/09\/EFE2EE1F-0769-4CDB-B986-553C2BE2B47B.jpeg",320,305,false],"1536x1536":["https:\/\/quehacerpolitico.mx\/wp-content\/uploads\/2020\/09\/EFE2EE1F-0769-4CDB-B986-553C2BE2B47B.jpeg",320,305,false],"2048x2048":["https:\/\/quehacerpolitico.mx\/wp-content\/uploads\/2020\/09\/EFE2EE1F-0769-4CDB-B986-553C2BE2B47B.jpeg",320,305,false],"covernews-featured":["https:\/\/quehacerpolitico.mx\/wp-content\/uploads\/2020\/09\/EFE2EE1F-0769-4CDB-B986-553C2BE2B47B.jpeg",320,305,false],"covernews-medium":["https:\/\/quehacerpolitico.mx\/wp-content\/uploads\/2020\/09\/EFE2EE1F-0769-4CDB-B986-553C2BE2B47B.jpeg",320,305,false]},"author_info":{"display_name":"Redacci\u00f3n QP","author_link":"https:\/\/quehacerpolitico.mx\/?author=2"},"category_info":"<a href=\"https:\/\/quehacerpolitico.mx\/?cat=54\" rel=\"category\">Deportes<\/a>","tag_info":"Deportes","comment_count":"0","_links":{"self":[{"href":"https:\/\/quehacerpolitico.mx\/index.php?rest_route=\/wp\/v2\/posts\/65853","targetHints":{"allow":["GET"]}}],"collection":[{"href":"https:\/\/quehacerpolitico.mx\/index.php?rest_route=\/wp\/v2\/posts"}],"about":[{"href":"https:\/\/quehacerpolitico.mx\/index.php?rest_route=\/wp\/v2\/types\/post"}],"author":[{"embeddable":true,"href":"https:\/\/quehacerpolitico.mx\/index.php?rest_route=\/wp\/v2\/users\/2"}],"replies":[{"embeddable":true,"href":"https:\/\/quehacerpolitico.mx\/index.php?rest_route=%2Fwp%2Fv2%2Fcomments&post=65853"}],"version-history":[{"count":0,"href":"https:\/\/quehacerpolitico.mx\/index.php?rest_route=\/wp\/v2\/posts\/65853\/revisions"}],"wp:featuredmedia":[{"embeddable":true,"href":"https:\/\/quehacerpolitico.mx\/index.php?rest_route=\/wp\/v2\/media\/65854"}],"wp:attachment":[{"href":"https:\/\/quehacerpolitico.mx\/index.php?rest_route=%2Fwp%2Fv2%2Fmedia&parent=65853"}],"wp:term":[{"taxonomy":"category","embeddable":true,"href":"https:\/\/quehacerpolitico.mx\/index.php?rest_route=%2Fwp%2Fv2%2Fcategories&post=65853"},{"taxonomy":"post_tag","embeddable":true,"href":"https:\/\/quehacerpolitico.mx\/index.php?rest_route=%2Fwp%2Fv2%2Ftags&post=65853"}],"curies":[{"name":"wp","href":"https:\/\/api.w.org\/{rel}","templated":true}]}}