{"id":6552,"date":"2018-10-10T03:45:49","date_gmt":"2018-10-10T03:45:49","guid":{"rendered":"http:\/\/quehacerpolitico.mx\/asumo-mi-responsabilidad-por-la-visita-de-trump-en-2016-lo-cual-motivo-mi-renuncia-videgaray\/"},"modified":"2018-10-10T03:45:49","modified_gmt":"2018-10-10T03:45:49","slug":"asumo-mi-responsabilidad-por-la-visita-de-trump-en-2016-lo-cual-motivo-mi-renuncia-videgaray","status":"publish","type":"post","link":"https:\/\/quehacerpolitico.mx\/?p=6552","title":{"rendered":"\u201cAsumo mi responsabilidad por la visita de Trump en 2016, lo cual motiv\u00f3 mi renuncia\u201d: Videgaray"},"content":{"rendered":"<h3><strong>\u201cAsumo mi responsabilidad plenamente con respecto a la visita [de Donald Trump] de agosto de 2016, lo cual motiv\u00f3 mi renuncia como Secretario de Hacienda y Cr\u00e9dito P\u00fablico\u201d, dijo\u00a0Luis Videgaray Caso, Secretario de Relaciones Exteriores.\u00a0<\/strong><\/h3>\n<blockquote class=\"twitter-tweet\" data-width=\"550\" data-dnt=\"true\">\n<p lang=\"und\" dir=\"ltr\"><a href=\"https:\/\/twitter.com\/hashtag\/Sesi%C3%B3nEnBreve?src=hash&amp;ref_src=twsrc%5Etfw\">#Sesi\u00f3nEnBreve<\/a> de <a href=\"https:\/\/twitter.com\/hashtag\/HoyEnElSenado?src=hash&amp;ref_src=twsrc%5Etfw\">#HoyEnElSenado<\/a>. <a href=\"https:\/\/t.co\/eGutBjJKrF\">https:\/\/t.co\/eGutBjJKrF<\/a> <a href=\"https:\/\/t.co\/UvHf3lmPob\">pic.twitter.com\/UvHf3lmPob<\/a><\/p>\n<p>&mdash; Senado de M\u00e9xico (@senadomexicano) <a href=\"https:\/\/twitter.com\/senadomexicano\/status\/1049831107510845440?ref_src=twsrc%5Etfw\">October 10, 2018<\/a><\/p><\/blockquote>\n<p><script async src=\"https:\/\/platform.twitter.com\/widgets.js\" charset=\"utf-8\"><\/script><\/p>\n<p><strong>Luis Videgaray Caso<\/strong>, Secretario de Relaciones Exteriores, asumi\u00f3<strong> la responsabilidad <\/strong>por la visita que en 2016 realiz\u00f3 <strong>Donald Trump<\/strong>, en ese momento candidato presidencial, a M\u00e9xico.<\/p>\n<blockquote>\n<p>\u201cAsumo mi responsabilidad plenamente con respecto a la visita de agosto de 2016, lo cual motiv\u00f3 mi renuncia como Secretario de Hacienda y Cr\u00e9dito P\u00fablico\u201d, dijo durante su comparecencia ante el Pleno del Senado.<\/p>\n<\/blockquote>\n<p>\u201cSin embargo hay que reconocer que haber establecido una relaci\u00f3n con quien result\u00f3 ser el Presidente, gener\u00f3 condiciones de interlocuci\u00f3n que solamente M\u00e9xico ten\u00eda comparado con otras naciones en el mundo\u201d, a\u00f1adi\u00f3.<\/p>\n<blockquote>\n<p>Videgaray Caso dijo que\u00a0Claudia Ruiz Massieu Salinas, en ese momento titular de la Secretar\u00eda de Relaciones Exteriores, no estuvo de acuerdo con la visita de Trump.<\/p>\n<\/blockquote>\n<p>\u201cAsumo la responsabilidad hist\u00f3rica que me corresponde\u201d, se\u00f1al\u00f3 Videgaray.<\/p>\n<blockquote class=\"twitter-tweet\" data-width=\"550\" data-dnt=\"true\">\n<p lang=\"es\" dir=\"ltr\">.<a href=\"https:\/\/twitter.com\/LVidegaray?ref_src=twsrc%5Etfw\">@LVidegaray<\/a>, titular de <a href=\"https:\/\/twitter.com\/SRE_mx?ref_src=twsrc%5Etfw\">@SRE_mx<\/a> comparece ante el Senado derivado de la glosa presidencial. <a href=\"https:\/\/t.co\/p7j2qQkBzs\">pic.twitter.com\/p7j2qQkBzs<\/a><\/p>\n<p>&mdash; Senado de M\u00e9xico (@senadomexicano) <a href=\"https:\/\/twitter.com\/senadomexicano\/status\/1049835253580218370?ref_src=twsrc%5Etfw\">October 10, 2018<\/a><\/p><\/blockquote>\n<p><script async src=\"https:\/\/platform.twitter.com\/widgets.js\" charset=\"utf-8\"><\/script><\/p>\n","protected":false},"excerpt":{"rendered":"<p>\u201cAsumo mi responsabilidad por la visita de Trump en 2016, lo cual motiv\u00f3 mi renuncia\u201d: Videgaray<br \/>\nPor Redacci\u00f3n QP<\/p>\n","protected":false},"author":2,"featured_media":6551,"comment_status":"open","ping_status":"open","sticky":false,"template":"","format":"standard","meta":{"_monsterinsights_skip_tracking":false,"_monsterinsights_sitenote_active":false,"_monsterinsights_sitenote_note":"","_monsterinsights_sitenote_category":0,"footnotes":""},"categories":[2],"tags":[],"class_list":["post-6552","post","type-post","status-publish","format-standard","has-post-thumbnail","hentry","category-noticias"],"yoast_head":"<!-- This site is optimized with the Yoast SEO plugin v27.3 - https:\/\/yoast.com\/product\/yoast-seo-wordpress\/ -->\n<title>\u201cAsumo mi responsabilidad por la visita de Trump en 2016, lo cual motiv\u00f3 mi renuncia\u201d: Videgaray -<\/title>\n<meta name=\"robots\" content=\"index, follow, max-snippet:-1, max-image-preview:large, max-video-preview:-1\" \/>\n<link rel=\"canonical\" href=\"https:\/\/quehacerpolitico.mx\/?p=6552\" \/>\n<meta property=\"og:locale\" content=\"es_MX\" \/>\n<meta property=\"og:type\" content=\"article\" \/>\n<meta property=\"og:title\" content=\"\u201cAsumo mi responsabilidad por la visita de Trump en 2016, lo cual motiv\u00f3 mi renuncia\u201d: Videgaray -\" \/>\n<meta property=\"og:description\" content=\"\u201cAsumo mi responsabilidad por la visita de Trump en 2016, lo cual motiv\u00f3 mi renuncia\u201d: Videgaray Por Redacci\u00f3n QP\" \/>\n<meta property=\"og:url\" content=\"https:\/\/quehacerpolitico.mx\/?p=6552\" \/>\n<meta property=\"article:published_time\" content=\"2018-10-10T03:45:49+00:00\" \/>\n<meta name=\"author\" content=\"Redacci\u00f3n QP\" \/>\n<meta name=\"twitter:card\" content=\"summary_large_image\" \/>\n<meta name=\"twitter:label1\" content=\"Escrito por\" \/>\n\t<meta name=\"twitter:data1\" content=\"Redacci\u00f3n QP\" \/>\n\t<meta name=\"twitter:label2\" content=\"Tiempo de lectura\" \/>\n\t<meta name=\"twitter:data2\" content=\"1 minuto\" \/>\n<script type=\"application\/ld+json\" class=\"yoast-schema-graph\">{\"@context\":\"https:\\\/\\\/schema.org\",\"@graph\":[{\"@type\":\"Article\",\"@id\":\"https:\\\/\\\/quehacerpolitico.mx\\\/?p=6552#article\",\"isPartOf\":{\"@id\":\"https:\\\/\\\/quehacerpolitico.mx\\\/?p=6552\"},\"author\":{\"name\":\"Redacci\u00f3n QP\",\"@id\":\"https:\\\/\\\/quehacerpolitico.mx\\\/#\\\/schema\\\/person\\\/496d8ad2d1d3f8036101dca7ee39e585\"},\"headline\":\"\u201cAsumo mi responsabilidad por la visita de Trump en 2016, lo cual motiv\u00f3 mi renuncia\u201d: Videgaray\",\"datePublished\":\"2018-10-10T03:45:49+00:00\",\"mainEntityOfPage\":{\"@id\":\"https:\\\/\\\/quehacerpolitico.mx\\\/?p=6552\"},\"wordCount\":201,\"commentCount\":0,\"image\":{\"@id\":\"https:\\\/\\\/quehacerpolitico.mx\\\/?p=6552#primaryimage\"},\"thumbnailUrl\":\"\",\"articleSection\":[\"Noticias\"],\"inLanguage\":\"es\",\"potentialAction\":[{\"@type\":\"CommentAction\",\"name\":\"Comment\",\"target\":[\"https:\\\/\\\/quehacerpolitico.mx\\\/?p=6552#respond\"]}]},{\"@type\":\"WebPage\",\"@id\":\"https:\\\/\\\/quehacerpolitico.mx\\\/?p=6552\",\"url\":\"https:\\\/\\\/quehacerpolitico.mx\\\/?p=6552\",\"name\":\"\u201cAsumo mi responsabilidad por la visita de Trump en 2016, lo cual motiv\u00f3 mi renuncia\u201d: Videgaray -\",\"isPartOf\":{\"@id\":\"https:\\\/\\\/quehacerpolitico.mx\\\/#website\"},\"primaryImageOfPage\":{\"@id\":\"https:\\\/\\\/quehacerpolitico.mx\\\/?p=6552#primaryimage\"},\"image\":{\"@id\":\"https:\\\/\\\/quehacerpolitico.mx\\\/?p=6552#primaryimage\"},\"thumbnailUrl\":\"\",\"datePublished\":\"2018-10-10T03:45:49+00:00\",\"author\":{\"@id\":\"https:\\\/\\\/quehacerpolitico.mx\\\/#\\\/schema\\\/person\\\/496d8ad2d1d3f8036101dca7ee39e585\"},\"breadcrumb\":{\"@id\":\"https:\\\/\\\/quehacerpolitico.mx\\\/?p=6552#breadcrumb\"},\"inLanguage\":\"es\",\"potentialAction\":[{\"@type\":\"ReadAction\",\"target\":[\"https:\\\/\\\/quehacerpolitico.mx\\\/?p=6552\"]}]},{\"@type\":\"ImageObject\",\"inLanguage\":\"es\",\"@id\":\"https:\\\/\\\/quehacerpolitico.mx\\\/?p=6552#primaryimage\",\"url\":\"\",\"contentUrl\":\"\"},{\"@type\":\"BreadcrumbList\",\"@id\":\"https:\\\/\\\/quehacerpolitico.mx\\\/?p=6552#breadcrumb\",\"itemListElement\":[{\"@type\":\"ListItem\",\"position\":1,\"name\":\"Inicio\",\"item\":\"https:\\\/\\\/quehacerpolitico.mx\\\/\"},{\"@type\":\"ListItem\",\"position\":2,\"name\":\"\u201cAsumo mi responsabilidad por la visita de Trump en 2016, lo cual motiv\u00f3 mi renuncia\u201d: Videgaray\"}]},{\"@type\":\"WebSite\",\"@id\":\"https:\\\/\\\/quehacerpolitico.mx\\\/#website\",\"url\":\"https:\\\/\\\/quehacerpolitico.mx\\\/\",\"name\":\"\",\"description\":\"\",\"potentialAction\":[{\"@type\":\"SearchAction\",\"target\":{\"@type\":\"EntryPoint\",\"urlTemplate\":\"https:\\\/\\\/quehacerpolitico.mx\\\/?s={search_term_string}\"},\"query-input\":{\"@type\":\"PropertyValueSpecification\",\"valueRequired\":true,\"valueName\":\"search_term_string\"}}],\"inLanguage\":\"es\"},{\"@type\":\"Person\",\"@id\":\"https:\\\/\\\/quehacerpolitico.mx\\\/#\\\/schema\\\/person\\\/496d8ad2d1d3f8036101dca7ee39e585\",\"name\":\"Redacci\u00f3n QP\",\"image\":{\"@type\":\"ImageObject\",\"inLanguage\":\"es\",\"@id\":\"https:\\\/\\\/secure.gravatar.com\\\/avatar\\\/c7164ed6fdec453195284ad24a5ae5b6e1eed2b848477fa2a4787ba9adf39a41?s=96&d=mm&r=g\",\"url\":\"https:\\\/\\\/secure.gravatar.com\\\/avatar\\\/c7164ed6fdec453195284ad24a5ae5b6e1eed2b848477fa2a4787ba9adf39a41?s=96&d=mm&r=g\",\"contentUrl\":\"https:\\\/\\\/secure.gravatar.com\\\/avatar\\\/c7164ed6fdec453195284ad24a5ae5b6e1eed2b848477fa2a4787ba9adf39a41?s=96&d=mm&r=g\",\"caption\":\"Redacci\u00f3n QP\"},\"url\":\"https:\\\/\\\/quehacerpolitico.mx\\\/?author=2\"}]}<\/script>\n<!-- \/ Yoast SEO plugin. -->","yoast_head_json":{"title":"\u201cAsumo mi responsabilidad por la visita de Trump en 2016, lo cual motiv\u00f3 mi renuncia\u201d: Videgaray -","robots":{"index":"index","follow":"follow","max-snippet":"max-snippet:-1","max-image-preview":"max-image-preview:large","max-video-preview":"max-video-preview:-1"},"canonical":"https:\/\/quehacerpolitico.mx\/?p=6552","og_locale":"es_MX","og_type":"article","og_title":"\u201cAsumo mi responsabilidad por la visita de Trump en 2016, lo cual motiv\u00f3 mi renuncia\u201d: Videgaray -","og_description":"\u201cAsumo mi responsabilidad por la visita de Trump en 2016, lo cual motiv\u00f3 mi renuncia\u201d: Videgaray Por Redacci\u00f3n QP","og_url":"https:\/\/quehacerpolitico.mx\/?p=6552","article_published_time":"2018-10-10T03:45:49+00:00","author":"Redacci\u00f3n QP","twitter_card":"summary_large_image","twitter_misc":{"Escrito por":"Redacci\u00f3n QP","Tiempo de lectura":"1 minuto"},"schema":{"@context":"https:\/\/schema.org","@graph":[{"@type":"Article","@id":"https:\/\/quehacerpolitico.mx\/?p=6552#article","isPartOf":{"@id":"https:\/\/quehacerpolitico.mx\/?p=6552"},"author":{"name":"Redacci\u00f3n QP","@id":"https:\/\/quehacerpolitico.mx\/#\/schema\/person\/496d8ad2d1d3f8036101dca7ee39e585"},"headline":"\u201cAsumo mi responsabilidad por la visita de Trump en 2016, lo cual motiv\u00f3 mi renuncia\u201d: Videgaray","datePublished":"2018-10-10T03:45:49+00:00","mainEntityOfPage":{"@id":"https:\/\/quehacerpolitico.mx\/?p=6552"},"wordCount":201,"commentCount":0,"image":{"@id":"https:\/\/quehacerpolitico.mx\/?p=6552#primaryimage"},"thumbnailUrl":"","articleSection":["Noticias"],"inLanguage":"es","potentialAction":[{"@type":"CommentAction","name":"Comment","target":["https:\/\/quehacerpolitico.mx\/?p=6552#respond"]}]},{"@type":"WebPage","@id":"https:\/\/quehacerpolitico.mx\/?p=6552","url":"https:\/\/quehacerpolitico.mx\/?p=6552","name":"\u201cAsumo mi responsabilidad por la visita de Trump en 2016, lo cual motiv\u00f3 mi renuncia\u201d: Videgaray -","isPartOf":{"@id":"https:\/\/quehacerpolitico.mx\/#website"},"primaryImageOfPage":{"@id":"https:\/\/quehacerpolitico.mx\/?p=6552#primaryimage"},"image":{"@id":"https:\/\/quehacerpolitico.mx\/?p=6552#primaryimage"},"thumbnailUrl":"","datePublished":"2018-10-10T03:45:49+00:00","author":{"@id":"https:\/\/quehacerpolitico.mx\/#\/schema\/person\/496d8ad2d1d3f8036101dca7ee39e585"},"breadcrumb":{"@id":"https:\/\/quehacerpolitico.mx\/?p=6552#breadcrumb"},"inLanguage":"es","potentialAction":[{"@type":"ReadAction","target":["https:\/\/quehacerpolitico.mx\/?p=6552"]}]},{"@type":"ImageObject","inLanguage":"es","@id":"https:\/\/quehacerpolitico.mx\/?p=6552#primaryimage","url":"","contentUrl":""},{"@type":"BreadcrumbList","@id":"https:\/\/quehacerpolitico.mx\/?p=6552#breadcrumb","itemListElement":[{"@type":"ListItem","position":1,"name":"Inicio","item":"https:\/\/quehacerpolitico.mx\/"},{"@type":"ListItem","position":2,"name":"\u201cAsumo mi responsabilidad por la visita de Trump en 2016, lo cual motiv\u00f3 mi renuncia\u201d: Videgaray"}]},{"@type":"WebSite","@id":"https:\/\/quehacerpolitico.mx\/#website","url":"https:\/\/quehacerpolitico.mx\/","name":"","description":"","potentialAction":[{"@type":"SearchAction","target":{"@type":"EntryPoint","urlTemplate":"https:\/\/quehacerpolitico.mx\/?s={search_term_string}"},"query-input":{"@type":"PropertyValueSpecification","valueRequired":true,"valueName":"search_term_string"}}],"inLanguage":"es"},{"@type":"Person","@id":"https:\/\/quehacerpolitico.mx\/#\/schema\/person\/496d8ad2d1d3f8036101dca7ee39e585","name":"Redacci\u00f3n QP","image":{"@type":"ImageObject","inLanguage":"es","@id":"https:\/\/secure.gravatar.com\/avatar\/c7164ed6fdec453195284ad24a5ae5b6e1eed2b848477fa2a4787ba9adf39a41?s=96&d=mm&r=g","url":"https:\/\/secure.gravatar.com\/avatar\/c7164ed6fdec453195284ad24a5ae5b6e1eed2b848477fa2a4787ba9adf39a41?s=96&d=mm&r=g","contentUrl":"https:\/\/secure.gravatar.com\/avatar\/c7164ed6fdec453195284ad24a5ae5b6e1eed2b848477fa2a4787ba9adf39a41?s=96&d=mm&r=g","caption":"Redacci\u00f3n QP"},"url":"https:\/\/quehacerpolitico.mx\/?author=2"}]}},"featured_image_urls":{"full":"","thumbnail":"","medium":"","medium_large":"","large":"","1536x1536":"","2048x2048":"","covernews-featured":"","covernews-medium":""},"author_info":{"display_name":"Redacci\u00f3n QP","author_link":"https:\/\/quehacerpolitico.mx\/?author=2"},"category_info":"<a href=\"https:\/\/quehacerpolitico.mx\/?cat=2\" rel=\"category\">Noticias<\/a>","tag_info":"Noticias","comment_count":"0","_links":{"self":[{"href":"https:\/\/quehacerpolitico.mx\/index.php?rest_route=\/wp\/v2\/posts\/6552","targetHints":{"allow":["GET"]}}],"collection":[{"href":"https:\/\/quehacerpolitico.mx\/index.php?rest_route=\/wp\/v2\/posts"}],"about":[{"href":"https:\/\/quehacerpolitico.mx\/index.php?rest_route=\/wp\/v2\/types\/post"}],"author":[{"embeddable":true,"href":"https:\/\/quehacerpolitico.mx\/index.php?rest_route=\/wp\/v2\/users\/2"}],"replies":[{"embeddable":true,"href":"https:\/\/quehacerpolitico.mx\/index.php?rest_route=%2Fwp%2Fv2%2Fcomments&post=6552"}],"version-history":[{"count":0,"href":"https:\/\/quehacerpolitico.mx\/index.php?rest_route=\/wp\/v2\/posts\/6552\/revisions"}],"wp:featuredmedia":[{"embeddable":true,"href":"https:\/\/quehacerpolitico.mx\/index.php?rest_route=\/"}],"wp:attachment":[{"href":"https:\/\/quehacerpolitico.mx\/index.php?rest_route=%2Fwp%2Fv2%2Fmedia&parent=6552"}],"wp:term":[{"taxonomy":"category","embeddable":true,"href":"https:\/\/quehacerpolitico.mx\/index.php?rest_route=%2Fwp%2Fv2%2Fcategories&post=6552"},{"taxonomy":"post_tag","embeddable":true,"href":"https:\/\/quehacerpolitico.mx\/index.php?rest_route=%2Fwp%2Fv2%2Ftags&post=6552"}],"curies":[{"name":"wp","href":"https:\/\/api.w.org\/{rel}","templated":true}]}}