{"id":6550,"date":"2018-10-10T03:36:08","date_gmt":"2018-10-10T03:36:08","guid":{"rendered":"http:\/\/quehacerpolitico.mx\/si-salgo-voy-a-seguir-matando-mujeres-dice-presunto-asesino-de-ecatepec-se-filtra-el-video\/"},"modified":"2018-10-10T03:36:08","modified_gmt":"2018-10-10T03:36:08","slug":"si-salgo-voy-a-seguir-matando-mujeres-dice-presunto-asesino-de-ecatepec-se-filtra-el-video","status":"publish","type":"post","link":"https:\/\/quehacerpolitico.mx\/?p=6550","title":{"rendered":"\u201cSi salgo, voy a seguir matando mujeres\u201d, dice presunto asesino de Ecatepec; se filtra el VIDEO"},"content":{"rendered":"<h3><strong>Juan Carlos \u201cN\u201d dice que \u00e9l est\u00e1 bien. Que si libra a la justicia, despu\u00e9s de que confesara su participaci\u00f3n en m\u00e1s de 10 feminicidios, continuar\u00e1 matando mujeres. Sus declaraciones ahora circulan en redes sociales.<\/strong><\/h3>\n<h3><strong>El personal de la Fiscal\u00eda General del Estado de M\u00e9xico viol\u00f3 los protocolos con el detenido. Aunque confes\u00f3 los asesinatos de mujeres no ha sido declarado culpable por un juez. El video tambi\u00e9n revela su rostro completo, es decir, su identidad.<\/strong><\/h3>\n<p>https:\/\/www.facebook.com\/exentrico.byron\/videos\/1884326535021587\/<\/p>\n<p>Un video que circula en redes sociales, y que fue grabado por las mismas autoridades del Estado de M\u00e9xico, muestra parte de las <strong>declaraciones de Juan Carlos \u201cN\u201d<\/strong>\u00a0despu\u00e9s de que confesara su participaci\u00f3n en m\u00e1s de <strong>una decena de feminicidios<\/strong> en Estado de M\u00e9xico. Seg\u00fan datos externados por \u00e9l mismo, el n\u00famero de asesinatos podr\u00eda alcanzar los veinte.<\/p>\n<blockquote>\n<p class=\"p1\"><span class=\"s1\">\u201cPrefiero que mis perritos coman carne de esas mujeres a que ellas sigan <strong>respirando mi ox\u00edgeno<\/strong>. Mil veces que coman los perritos y las ratas a que ellas sigan caminando\u201d , dijo el sujeto. En el video aparece un elemento de la Fiscal\u00eda del Edomex. El presunto asesino lo llama \u201cpatr\u00f3n\u201d, y se refiere a quienes lo acompa\u00f1an, posiblemente agentes, como \u201clos patrones\u201d.<\/span><\/p>\n<\/blockquote>\n<p>Juan Carlos \u201cN\u201d, con las manos amarradas, dice que que si sale libre no dudar\u00eda en continuar matando mujeres.<\/p>\n<p>A \u00e9l y a su pareja los agarraron la semana pasada cuando trasladaban restos humanos en una carriola en la colonia <strong>Jardines de Morelos<\/strong>, en Ecatepec.<\/p>\n<p>En la declaraci\u00f3n, habla mal de las mujeres. Refrenda su odio hacia ellas. Incluso su mam\u00e1.<\/p>\n<blockquote>\n<p>\u201cMi mam\u00e1 andaba de puta, con uno y con otro buey. La ve\u00eda yo c\u00f3mo la pon\u00edan. Escuchaba yo sus ruidos y mi pap\u00e1 trabajando. Mi pap\u00e1 estuvo de mandil\u00f3n con ella. Mi mam\u00e1 quer\u00eda acuchillarlo, navajearlo, picarlo. \u00bfY yo c\u00f3mo defend\u00eda a mi pap\u00e1? Ah\u00ed yo dije: ni una vieja me falta al respeto, jam\u00e1s\u201d.<\/p>\n<\/blockquote>\n<p>En el interrogatorio, el presunto homicida que tiene su p\u00e1gina de Facebook llena de im\u00e1genes de santer\u00eda y brujer\u00eda, asegur\u00f3 que \u201cve a un perro negro\u201d.<\/p>\n<p>\u2013\u00bfSiempre ha sido el perro igual? \u2013le pregunta el presunto oficial de la Fiscal\u00eda.<\/p>\n<p>\u2013No estoy loco, patr\u00f3n. Yo lo veo. Ah\u00ed est\u00e1. Me molesta que me traten de decir g\u00fcey. No paran de decirme loco \u2013responde.<\/p>\n<p class=\"p1\"><span class=\"s1\">El presunto empleado de la Fiscal\u00eda le pregunta sobre su pasado. Juan Carlos \u201cN\u201d record\u00f3 momentos de su infancia. Dijo que fue abusado sexualmente por una mujer y que prob\u00f3 la coca\u00edna cuando estuvo en el Ej\u00e9rcito.<\/span><\/p>\n<p class=\"p1\"><span class=\"s1\">\u201cEra de lento aprendizaje, pero despu\u00e9s de que ca\u00ed de la escalera ya era de puro 10. No s\u00e9 si se me inflam\u00f3 el pinche cerebro\u201d, dijo. Al parecer tuvo un accidente fuerte de ni\u00f1o.<\/span><\/p>\n<p>El personal de la Fiscal\u00eda General del Estado de M\u00e9xico viol\u00f3 los protocolos para con el detenido al permitir que se difundiera el video. Est\u00e1 confeso, pero un juez no lo ha sido declarado culpable.<\/p>\n<blockquote>\n<p>-\u00bfEres hombre y te gusta ser hombre? \u2013le pregunta el presunto oficial de la Fiscal\u00eda.<\/p>\n<p>\u2013Claro \u2013dice \u00e9l.<\/p>\n<p>\u2013\u00bfTe gustan las mujeres o te gustan los hombres?<\/p>\n<p>\u2013Las mujeres, mi patr\u00f3n.<\/p>\n<p>\u2013\u00bfCu\u00e1ntas novias llegaste a tener?<\/p>\n<p>\u2013Much\u00edsimas, patr\u00f3n. Despu\u00e9s de los 22 para ac\u00e1, cualquier pareja sentimental que yo ten\u00eda terminaba d\u00e1ndole en el madre.<\/p>\n<p>\u2013\u00bfCon cu\u00e1ntas mujeres estuviste?<\/p>\n<p>\u2013Much\u00edsimas, patr\u00f3n.<\/p>\n<p>\u2013\u00bfAlguien lleg\u00f3 a a abusar de ti?<\/p>\n<\/blockquote>\n<p>\u2013De joven, de ni\u00f1o. Ten\u00eda yo 10 a\u00f1os. Una mujer\u2026 mi mam\u00e1 me encargaba con una mujer para que pudiera irse de puta. Mi mam\u00e1 me encargaba todos los d\u00edas con una mujer y esa mujer me lo chupaba. Esa mujer se sub\u00eda. Esa mujer me hac\u00eda hacerle cosas que a m\u00ed, como ni\u00f1o, me desagradaban bastante.<\/p>\n<p>\u00bfDesde qu\u00e9 edad trabajas?<\/p>\n<p>\u2013Yo tuve trabajos ocasionales. No duraba porque era huev\u00f3n.<\/p>\n<p>[En este momento, el presunto feminicida habla sobre su vida laboral y c\u00f3mo conoci\u00f3 a su esposa en un bar].<\/p>\n<p>-\u00bfAntes hab\u00edas tenido problemas legales?<\/p>\n<p>\u2013Fui muy cuidadoso. Una vez me agarraron con una navaja. Una patrulla municipal. Andaba yo con navaja porque yo quer\u00eda picar a cualquier cabr\u00f3n que se me pusiera enfrente.<\/p>\n<p>\u2013\u00bfPracticaste alg\u00fan deporte?<\/p>\n<p>\u2013S\u00ed, se\u00f1or, practiqu\u00e9 box, practiqu\u00e9 karate.<\/p>\n<p>\u2013\u00bfTe han operado?<\/p>\n<p>\u2013S\u00f3lo de ni\u00f1o, cuando estuve en el hospital un mes completo por la ca\u00edda [la de las escaleras].<\/p>\n<p>Yo ca\u00ed de dos pisos. Pegu\u00e9 con el concreto. Esta tapa que usted ve aqu\u00ed\u2026<\/p>\n<p>\u2013S\u00ed, se ve una cicatriz. Se abri\u00f3.<\/p>\n<p>\u2013Estuve un mesa internado con inyecciones. Pensaron que iba a quedar m\u00e1s pendejo de lo que estaba. Me alivian\u00f3, patr\u00f3n, y mucho.<\/p>\n<p>\u2013\u00bfA qu\u00e9 edad consumiste sustancias?<\/p>\n<p>\u2013Alcohol. A los 17, 18 a\u00f1os. Llegu\u00e9 a consumir dos botellas de Rancho escondido. No me hace nada. No fuera cerveza porque esa s\u00ed me pone hasta la madre.<\/p>\n<p>\u2013\u00bfCu\u00e1ndo fue la \u00faltima vez que consumiste?<\/p>\n<p>\u2013Hace tres meses. No tomo, no fumo, no me drogo.<\/p>\n<p>[Juan Carlos dijo que hace a\u00f1os le dieron a probar otras sustancias, como coca\u00edna].<\/p>\n<p>\u2013\u00bfTienes alguna molestia?<\/p>\n<p>\u2013Siempre me duele la cabeza.<\/p>\n<h1><strong>***<\/strong><\/h1>\n<h1>Poco a poco se han revelado m\u00e1s detalles de la\u00a0tragedia que ocurri\u00f3 en\u00a0Ecatepec, Estado de M\u00e9xico. El mismo <strong>detenido<\/strong> ha dado datos de cu\u00e1ntas <strong>mujeres asesin\u00f3<\/strong>. Asegura que fueron 20. La Fiscal\u00eda tiene caracter\u00edsticas de diez.<\/h1>\n<p>El sujeto tambi\u00e9n ha detallado c\u00f3mo mat\u00f3 a las mujeres, as\u00ed como se\u00f1as particulares, sus nombres, la ropa que llevaban puesta y ha confesado que en algunos casos, las viol\u00f3 primero. Pero para las autoridades, lo m\u00e1s siniestro es que parece que el <strong>feminicida<\/strong>\u00a0confeso est\u00e1 alegre\u00a0 orgulloso de sus cr\u00edmenes.<\/p>\n<p>Mientras tanto, familiares de otras mujeres desaparecidas en la zona quieren que se busquen a los suyos entre los restos encontrados. La Fiscal\u00eda ha confirmado que al registrar la casa de la pareja detenida, ubicada\u00a0en la colonia Jardines de Morelos, encontraron restos humanos en baldes de agua, en el refrigerador y en bolsas de pl\u00e1stico. Los investigadores han encontrado m\u00e1s restos desmembrados en otras dos viviendas. Algunos vecinos dijeron ayer que han sido hallados en los alrededores, en bald\u00edos o en cerca del ferrocarril, restos de mujeres.<\/p>\n<div id=\"attachment_3482215\" class=\"wp-caption alignnone\"><img loading=\"lazy\" decoding=\"async\" class=\"size-full wp-image-3482215\" src=\"http:\/\/www.sinembargo.mx\/wp-content\/uploads\/2018\/10\/feminicidasecatepec.jpg\" sizes=\"auto, (max-width: 700px) 100vw, 700px\" srcset=\"http:\/\/www.sinembargo.mx\/wp-content\/uploads\/2018\/10\/feminicidasecatepec.jpg 700w, http:\/\/www.sinembargo.mx\/wp-content\/uploads\/2018\/10\/feminicidasecatepec-300x232.jpg 300w\" alt=\"\" width=\"700\" height=\"541\" \/><\/p>\n<p class=\"wp-caption-text\">La pareja de feminicidas ya se encuentran en el penal de Chiconautla. Foto: Especial<\/p>\n<\/div>\n<div id=\"attachment_3482223\" class=\"wp-caption alignnone\"><img loading=\"lazy\" decoding=\"async\" class=\"size-full wp-image-3482223\" src=\"http:\/\/www.sinembargo.mx\/wp-content\/uploads\/2018\/10\/feminicida5.jpeg\" sizes=\"auto, (max-width: 700px) 100vw, 700px\" srcset=\"http:\/\/www.sinembargo.mx\/wp-content\/uploads\/2018\/10\/feminicida5.jpeg 700w, http:\/\/www.sinembargo.mx\/wp-content\/uploads\/2018\/10\/feminicida5-300x225.jpeg 300w\" alt=\"\" width=\"700\" height=\"525\" \/><\/p>\n<p class=\"wp-caption-text\">La casa de los feminicidas se localiza en la colonia Jardines de Morelos, en Ecatepec. Foto: Cri Rodr\u00edguez<\/p>\n<\/div>\n<p><strong>LA DETENCI\u00d3N DE LA PAREJA<\/strong><\/p>\n<p>El d\u00eda de la detenci\u00f3n, el pasado jueves, Juan Carlos \u201cN\u201d y Patricia \u201cN\u201d caminaban por las calles con una carretilla en la que trasladaban el cuerpo de una mujer que al parecer quer\u00edan abandonar en un lote bald\u00edo de la zona. Las autoridades los investigaban por el caso de tres mujeres recientemente desaparecidas en la misma colonia. Pero no eran tres. Eran muchas m\u00e1s. Al acudir al terreno al que la pareja se dirig\u00eda hallaron m\u00e1s restos humanos, pero se encontraban en tal estado de descomposici\u00f3n que se necesitar\u00e1n pruebas forenses para su identificaci\u00f3n.<\/p>\n<p>El Fiscal del Estado de M\u00e9xico, Alejandro Jaime G\u00f3mez S\u00e1nchez, dijo ayer, en una entrevista con <em>Radio F\u00f3rmula<\/em>, que Juan Carlos \u201cN\u201d parecer estar orgulloso de los feminicidios e incluso alegre, y que hay indicios de que el acusado sufri\u00f3 un trastorno de personalidad y que asegura tener resentimiento hacia su madre y una ex novia. Sin embargo, dijo que el sujeto tiene la capacidad de identificar entre el bien y el mal. Al hombre ya se le conoce como el \u201c<strong>Monstruo de Ecatepec<\/strong>\u201d.<\/p>\n<p>Juan Carlos tambi\u00e9n declar\u00f3 que odia a las mujeres, especialmente a las que son bonitas. La confesi\u00f3n de ambos ante las autoridades sobre la forma en que cometieron estos asesinatos ha desatado horror. El Fiscal Alejandro G\u00f3mez S\u00e1nchez ha reconocido que los hallazgos son inauditos y que nunca se hab\u00edan enfrentado a un caso de esta naturaleza.<\/p>\n<p>\u201cEs un feminicida serial, junto con su esposa, su pareja sentimental\u201d, dijo.<\/p>\n<p>\u201cCon toda naturalidad nos refiere diez casos con se\u00f1as particulares precisas. Nos da nombres de sus v\u00edctimas, nos da ropas que ten\u00edan en esos momentos, describe la forma c\u00f3mo llev\u00f3 a cabo los homicidios y en algunos de estos casos s\u00ed hace referencia a abuso sexual previo del homicidio, lo dice con mucha facilidad\u201d, inform\u00f3 G\u00f3mez S\u00e1nchez a la emisora <em>Radio F\u00f3rmula<\/em>.<\/p>\n<blockquote>\n<p>\u201cNos da estos datos con ganas de salir en la foto, que la gente lo conozca\u201d, a\u00f1adi\u00f3 G\u00f3mez S\u00e1nchez.<\/p>\n<\/blockquote>\n<div id=\"attachment_3482218\" class=\"wp-caption alignnone\"><img loading=\"lazy\" decoding=\"async\" class=\"size-full wp-image-3482218\" src=\"http:\/\/www.sinembargo.mx\/wp-content\/uploads\/2018\/10\/feminicidas1.jpeg\" sizes=\"auto, (max-width: 700px) 100vw, 700px\" srcset=\"http:\/\/www.sinembargo.mx\/wp-content\/uploads\/2018\/10\/feminicidas1.jpeg 700w, http:\/\/www.sinembargo.mx\/wp-content\/uploads\/2018\/10\/feminicidas1-300x225.jpeg 300w\" alt=\"\" width=\"700\" height=\"525\" \/><\/p>\n<p class=\"wp-caption-text\">El lote bald\u00edo donde hallaron restos de las v\u00edctimas. Foto: Cri Rodr\u00edguez<\/p>\n<\/div>\n<p>El asesino trabaj\u00f3 en diversas cosas, inform\u00f3 el Fiscal. Por ejemplo, en un bar. All\u00ed conoci\u00f3 a su pareja. Tambi\u00e9n fue pepenador, pero no ten\u00eda un trabajo formal. Su pareja dec\u00eda vender ropa para beb\u00e9 y ella era quien atra\u00eda a las v\u00edctimas. De hecho, las tres mujeres desaparecidas por las que investigan a la pareja ten\u00edan en com\u00fan que eran madres solteras y que buscaban ropa a menores precios.<\/p>\n","protected":false},"excerpt":{"rendered":"<p>\u201cSi salgo, voy a seguir matando mujeres\u201d, dice presunto asesino de Ecatepec; se filtra el VIDEO<br \/>\nPor Redacci\u00f3n QP<\/p>\n","protected":false},"author":2,"featured_media":6549,"comment_status":"open","ping_status":"open","sticky":false,"template":"","format":"standard","meta":{"_monsterinsights_skip_tracking":false,"_monsterinsights_sitenote_active":false,"_monsterinsights_sitenote_note":"","_monsterinsights_sitenote_category":0,"footnotes":""},"categories":[2],"tags":[],"class_list":["post-6550","post","type-post","status-publish","format-standard","has-post-thumbnail","hentry","category-noticias"],"yoast_head":"<!-- This site is optimized with the Yoast SEO plugin v27.3 - https:\/\/yoast.com\/product\/yoast-seo-wordpress\/ -->\n<title>\u201cSi salgo, voy a seguir matando mujeres\u201d, dice presunto asesino de Ecatepec; se filtra el VIDEO -<\/title>\n<meta name=\"robots\" content=\"index, follow, max-snippet:-1, max-image-preview:large, max-video-preview:-1\" \/>\n<link rel=\"canonical\" href=\"https:\/\/quehacerpolitico.mx\/?p=6550\" \/>\n<meta property=\"og:locale\" content=\"es_MX\" \/>\n<meta property=\"og:type\" content=\"article\" \/>\n<meta property=\"og:title\" content=\"\u201cSi salgo, voy a seguir matando mujeres\u201d, dice presunto asesino de Ecatepec; se filtra el VIDEO -\" \/>\n<meta property=\"og:description\" content=\"\u201cSi salgo, voy a seguir matando mujeres\u201d, dice presunto asesino de Ecatepec; se filtra el VIDEO Por Redacci\u00f3n QP\" \/>\n<meta property=\"og:url\" content=\"https:\/\/quehacerpolitico.mx\/?p=6550\" \/>\n<meta property=\"article:published_time\" content=\"2018-10-10T03:36:08+00:00\" \/>\n<meta name=\"author\" content=\"Redacci\u00f3n QP\" \/>\n<meta name=\"twitter:card\" content=\"summary_large_image\" \/>\n<meta name=\"twitter:label1\" content=\"Escrito por\" \/>\n\t<meta name=\"twitter:data1\" content=\"Redacci\u00f3n QP\" \/>\n\t<meta name=\"twitter:label2\" content=\"Tiempo de lectura\" \/>\n\t<meta name=\"twitter:data2\" content=\"8 minutos\" \/>\n<script type=\"application\/ld+json\" class=\"yoast-schema-graph\">{\"@context\":\"https:\\\/\\\/schema.org\",\"@graph\":[{\"@type\":\"Article\",\"@id\":\"https:\\\/\\\/quehacerpolitico.mx\\\/?p=6550#article\",\"isPartOf\":{\"@id\":\"https:\\\/\\\/quehacerpolitico.mx\\\/?p=6550\"},\"author\":{\"name\":\"Redacci\u00f3n QP\",\"@id\":\"https:\\\/\\\/quehacerpolitico.mx\\\/#\\\/schema\\\/person\\\/496d8ad2d1d3f8036101dca7ee39e585\"},\"headline\":\"\u201cSi salgo, voy a seguir matando mujeres\u201d, dice presunto asesino de Ecatepec; se filtra el VIDEO\",\"datePublished\":\"2018-10-10T03:36:08+00:00\",\"mainEntityOfPage\":{\"@id\":\"https:\\\/\\\/quehacerpolitico.mx\\\/?p=6550\"},\"wordCount\":1597,\"commentCount\":0,\"image\":{\"@id\":\"https:\\\/\\\/quehacerpolitico.mx\\\/?p=6550#primaryimage\"},\"thumbnailUrl\":\"\",\"articleSection\":[\"Noticias\"],\"inLanguage\":\"es\",\"potentialAction\":[{\"@type\":\"CommentAction\",\"name\":\"Comment\",\"target\":[\"https:\\\/\\\/quehacerpolitico.mx\\\/?p=6550#respond\"]}]},{\"@type\":\"WebPage\",\"@id\":\"https:\\\/\\\/quehacerpolitico.mx\\\/?p=6550\",\"url\":\"https:\\\/\\\/quehacerpolitico.mx\\\/?p=6550\",\"name\":\"\u201cSi salgo, voy a seguir matando mujeres\u201d, dice presunto asesino de Ecatepec; se filtra el VIDEO -\",\"isPartOf\":{\"@id\":\"https:\\\/\\\/quehacerpolitico.mx\\\/#website\"},\"primaryImageOfPage\":{\"@id\":\"https:\\\/\\\/quehacerpolitico.mx\\\/?p=6550#primaryimage\"},\"image\":{\"@id\":\"https:\\\/\\\/quehacerpolitico.mx\\\/?p=6550#primaryimage\"},\"thumbnailUrl\":\"\",\"datePublished\":\"2018-10-10T03:36:08+00:00\",\"author\":{\"@id\":\"https:\\\/\\\/quehacerpolitico.mx\\\/#\\\/schema\\\/person\\\/496d8ad2d1d3f8036101dca7ee39e585\"},\"breadcrumb\":{\"@id\":\"https:\\\/\\\/quehacerpolitico.mx\\\/?p=6550#breadcrumb\"},\"inLanguage\":\"es\",\"potentialAction\":[{\"@type\":\"ReadAction\",\"target\":[\"https:\\\/\\\/quehacerpolitico.mx\\\/?p=6550\"]}]},{\"@type\":\"ImageObject\",\"inLanguage\":\"es\",\"@id\":\"https:\\\/\\\/quehacerpolitico.mx\\\/?p=6550#primaryimage\",\"url\":\"\",\"contentUrl\":\"\"},{\"@type\":\"BreadcrumbList\",\"@id\":\"https:\\\/\\\/quehacerpolitico.mx\\\/?p=6550#breadcrumb\",\"itemListElement\":[{\"@type\":\"ListItem\",\"position\":1,\"name\":\"Inicio\",\"item\":\"https:\\\/\\\/quehacerpolitico.mx\\\/\"},{\"@type\":\"ListItem\",\"position\":2,\"name\":\"\u201cSi salgo, voy a seguir matando mujeres\u201d, dice presunto asesino de Ecatepec; se filtra el VIDEO\"}]},{\"@type\":\"WebSite\",\"@id\":\"https:\\\/\\\/quehacerpolitico.mx\\\/#website\",\"url\":\"https:\\\/\\\/quehacerpolitico.mx\\\/\",\"name\":\"\",\"description\":\"\",\"potentialAction\":[{\"@type\":\"SearchAction\",\"target\":{\"@type\":\"EntryPoint\",\"urlTemplate\":\"https:\\\/\\\/quehacerpolitico.mx\\\/?s={search_term_string}\"},\"query-input\":{\"@type\":\"PropertyValueSpecification\",\"valueRequired\":true,\"valueName\":\"search_term_string\"}}],\"inLanguage\":\"es\"},{\"@type\":\"Person\",\"@id\":\"https:\\\/\\\/quehacerpolitico.mx\\\/#\\\/schema\\\/person\\\/496d8ad2d1d3f8036101dca7ee39e585\",\"name\":\"Redacci\u00f3n QP\",\"image\":{\"@type\":\"ImageObject\",\"inLanguage\":\"es\",\"@id\":\"https:\\\/\\\/secure.gravatar.com\\\/avatar\\\/c7164ed6fdec453195284ad24a5ae5b6e1eed2b848477fa2a4787ba9adf39a41?s=96&d=mm&r=g\",\"url\":\"https:\\\/\\\/secure.gravatar.com\\\/avatar\\\/c7164ed6fdec453195284ad24a5ae5b6e1eed2b848477fa2a4787ba9adf39a41?s=96&d=mm&r=g\",\"contentUrl\":\"https:\\\/\\\/secure.gravatar.com\\\/avatar\\\/c7164ed6fdec453195284ad24a5ae5b6e1eed2b848477fa2a4787ba9adf39a41?s=96&d=mm&r=g\",\"caption\":\"Redacci\u00f3n QP\"},\"url\":\"https:\\\/\\\/quehacerpolitico.mx\\\/?author=2\"}]}<\/script>\n<!-- \/ Yoast SEO plugin. -->","yoast_head_json":{"title":"\u201cSi salgo, voy a seguir matando mujeres\u201d, dice presunto asesino de Ecatepec; se filtra el VIDEO -","robots":{"index":"index","follow":"follow","max-snippet":"max-snippet:-1","max-image-preview":"max-image-preview:large","max-video-preview":"max-video-preview:-1"},"canonical":"https:\/\/quehacerpolitico.mx\/?p=6550","og_locale":"es_MX","og_type":"article","og_title":"\u201cSi salgo, voy a seguir matando mujeres\u201d, dice presunto asesino de Ecatepec; se filtra el VIDEO -","og_description":"\u201cSi salgo, voy a seguir matando mujeres\u201d, dice presunto asesino de Ecatepec; se filtra el VIDEO Por Redacci\u00f3n QP","og_url":"https:\/\/quehacerpolitico.mx\/?p=6550","article_published_time":"2018-10-10T03:36:08+00:00","author":"Redacci\u00f3n QP","twitter_card":"summary_large_image","twitter_misc":{"Escrito por":"Redacci\u00f3n QP","Tiempo de lectura":"8 minutos"},"schema":{"@context":"https:\/\/schema.org","@graph":[{"@type":"Article","@id":"https:\/\/quehacerpolitico.mx\/?p=6550#article","isPartOf":{"@id":"https:\/\/quehacerpolitico.mx\/?p=6550"},"author":{"name":"Redacci\u00f3n QP","@id":"https:\/\/quehacerpolitico.mx\/#\/schema\/person\/496d8ad2d1d3f8036101dca7ee39e585"},"headline":"\u201cSi salgo, voy a seguir matando mujeres\u201d, dice presunto asesino de Ecatepec; se filtra el VIDEO","datePublished":"2018-10-10T03:36:08+00:00","mainEntityOfPage":{"@id":"https:\/\/quehacerpolitico.mx\/?p=6550"},"wordCount":1597,"commentCount":0,"image":{"@id":"https:\/\/quehacerpolitico.mx\/?p=6550#primaryimage"},"thumbnailUrl":"","articleSection":["Noticias"],"inLanguage":"es","potentialAction":[{"@type":"CommentAction","name":"Comment","target":["https:\/\/quehacerpolitico.mx\/?p=6550#respond"]}]},{"@type":"WebPage","@id":"https:\/\/quehacerpolitico.mx\/?p=6550","url":"https:\/\/quehacerpolitico.mx\/?p=6550","name":"\u201cSi salgo, voy a seguir matando mujeres\u201d, dice presunto asesino de Ecatepec; se filtra el VIDEO -","isPartOf":{"@id":"https:\/\/quehacerpolitico.mx\/#website"},"primaryImageOfPage":{"@id":"https:\/\/quehacerpolitico.mx\/?p=6550#primaryimage"},"image":{"@id":"https:\/\/quehacerpolitico.mx\/?p=6550#primaryimage"},"thumbnailUrl":"","datePublished":"2018-10-10T03:36:08+00:00","author":{"@id":"https:\/\/quehacerpolitico.mx\/#\/schema\/person\/496d8ad2d1d3f8036101dca7ee39e585"},"breadcrumb":{"@id":"https:\/\/quehacerpolitico.mx\/?p=6550#breadcrumb"},"inLanguage":"es","potentialAction":[{"@type":"ReadAction","target":["https:\/\/quehacerpolitico.mx\/?p=6550"]}]},{"@type":"ImageObject","inLanguage":"es","@id":"https:\/\/quehacerpolitico.mx\/?p=6550#primaryimage","url":"","contentUrl":""},{"@type":"BreadcrumbList","@id":"https:\/\/quehacerpolitico.mx\/?p=6550#breadcrumb","itemListElement":[{"@type":"ListItem","position":1,"name":"Inicio","item":"https:\/\/quehacerpolitico.mx\/"},{"@type":"ListItem","position":2,"name":"\u201cSi salgo, voy a seguir matando mujeres\u201d, dice presunto asesino de Ecatepec; se filtra el VIDEO"}]},{"@type":"WebSite","@id":"https:\/\/quehacerpolitico.mx\/#website","url":"https:\/\/quehacerpolitico.mx\/","name":"","description":"","potentialAction":[{"@type":"SearchAction","target":{"@type":"EntryPoint","urlTemplate":"https:\/\/quehacerpolitico.mx\/?s={search_term_string}"},"query-input":{"@type":"PropertyValueSpecification","valueRequired":true,"valueName":"search_term_string"}}],"inLanguage":"es"},{"@type":"Person","@id":"https:\/\/quehacerpolitico.mx\/#\/schema\/person\/496d8ad2d1d3f8036101dca7ee39e585","name":"Redacci\u00f3n QP","image":{"@type":"ImageObject","inLanguage":"es","@id":"https:\/\/secure.gravatar.com\/avatar\/c7164ed6fdec453195284ad24a5ae5b6e1eed2b848477fa2a4787ba9adf39a41?s=96&d=mm&r=g","url":"https:\/\/secure.gravatar.com\/avatar\/c7164ed6fdec453195284ad24a5ae5b6e1eed2b848477fa2a4787ba9adf39a41?s=96&d=mm&r=g","contentUrl":"https:\/\/secure.gravatar.com\/avatar\/c7164ed6fdec453195284ad24a5ae5b6e1eed2b848477fa2a4787ba9adf39a41?s=96&d=mm&r=g","caption":"Redacci\u00f3n QP"},"url":"https:\/\/quehacerpolitico.mx\/?author=2"}]}},"featured_image_urls":{"full":"","thumbnail":"","medium":"","medium_large":"","large":"","1536x1536":"","2048x2048":"","covernews-featured":"","covernews-medium":""},"author_info":{"display_name":"Redacci\u00f3n QP","author_link":"https:\/\/quehacerpolitico.mx\/?author=2"},"category_info":"<a href=\"https:\/\/quehacerpolitico.mx\/?cat=2\" rel=\"category\">Noticias<\/a>","tag_info":"Noticias","comment_count":"0","_links":{"self":[{"href":"https:\/\/quehacerpolitico.mx\/index.php?rest_route=\/wp\/v2\/posts\/6550","targetHints":{"allow":["GET"]}}],"collection":[{"href":"https:\/\/quehacerpolitico.mx\/index.php?rest_route=\/wp\/v2\/posts"}],"about":[{"href":"https:\/\/quehacerpolitico.mx\/index.php?rest_route=\/wp\/v2\/types\/post"}],"author":[{"embeddable":true,"href":"https:\/\/quehacerpolitico.mx\/index.php?rest_route=\/wp\/v2\/users\/2"}],"replies":[{"embeddable":true,"href":"https:\/\/quehacerpolitico.mx\/index.php?rest_route=%2Fwp%2Fv2%2Fcomments&post=6550"}],"version-history":[{"count":0,"href":"https:\/\/quehacerpolitico.mx\/index.php?rest_route=\/wp\/v2\/posts\/6550\/revisions"}],"wp:featuredmedia":[{"embeddable":true,"href":"https:\/\/quehacerpolitico.mx\/index.php?rest_route=\/"}],"wp:attachment":[{"href":"https:\/\/quehacerpolitico.mx\/index.php?rest_route=%2Fwp%2Fv2%2Fmedia&parent=6550"}],"wp:term":[{"taxonomy":"category","embeddable":true,"href":"https:\/\/quehacerpolitico.mx\/index.php?rest_route=%2Fwp%2Fv2%2Fcategories&post=6550"},{"taxonomy":"post_tag","embeddable":true,"href":"https:\/\/quehacerpolitico.mx\/index.php?rest_route=%2Fwp%2Fv2%2Ftags&post=6550"}],"curies":[{"name":"wp","href":"https:\/\/api.w.org\/{rel}","templated":true}]}}