{"id":6548,"date":"2018-10-10T03:27:43","date_gmt":"2018-10-10T03:27:43","guid":{"rendered":"http:\/\/quehacerpolitico.mx\/son-mas-de-37-mil-los-desaparecidos-en-mexico-menos-de-1-coincide-con-restos-segob\/"},"modified":"2018-10-10T03:27:43","modified_gmt":"2018-10-10T03:27:43","slug":"son-mas-de-37-mil-los-desaparecidos-en-mexico-menos-de-1-coincide-con-restos-segob","status":"publish","type":"post","link":"https:\/\/quehacerpolitico.mx\/?p=6548","title":{"rendered":"Son m\u00e1s de 37 mil los desaparecidos en M\u00e9xico; menos de 1% coincide con restos: Segob"},"content":{"rendered":"<h3>Tras el intercambio de informaci\u00f3n realizado por\u00a0la Comisi\u00f3n Nacional de B\u00fasqueda, se concluy\u00f3 que en M\u00e9xico hay 4 mil 500 coincidencias entre cad\u00e1veres e identificaciones oficiales. Aunque s\u00f3lo del\u00a00.89 por ciento, o sea 340 casos, se tiene certeza.<\/h3>\n<p><strong>El Secretario de Gobernaci\u00f3n,\u00a0Alfonso Navarrete Prida<\/strong>, dio a conocer este d\u00eda que <strong>en el pa\u00eds<\/strong> se tienen registradas\u00a0 <strong>37 mil 485 desapariciones<\/strong>,<strong> sin embargo, menos de 1 por ciento coincide<\/strong> con restos humanos localizados en laboratorios forenses en las entidades.<\/p>\n<p>De acuerdo con el Secretario de Enrique Pe\u00f1a Nieto, Presidente de M\u00e9xico, se cruz\u00f3 informaci\u00f3n de\u00a0huellas dactilares de bases de datos del INE y de servicios periciales.<\/p>\n<p>Tras el intercambio de informaci\u00f3n realizado por\u00a0la Comisi\u00f3n Nacional de B\u00fasqueda, se concluy\u00f3 que en M\u00e9xico hay 4 mil 500 coincidencias entre cad\u00e1veres e identificaciones oficiales. Aunque s\u00f3lo del\u00a00.89 por ciento, o sea 340 casos, se tiene certeza.<\/p>\n<p>Durante la instalaci\u00f3n del Sistema Nacional de B\u00fasqueda de Personas en la Secretar\u00eda de Gobernaci\u00f3n,\u00a0Navarrete Prida explic\u00f3 que\u00a0\u201cla primera, las huellas dactilares de los laboratorios forenses de los estados que s\u00ed existen, pero que existen en cada uno de sus estados y no hay un registro federal y, la segunda, aprovechar en otras materias como es la base de datos del INE que ah\u00ed s\u00ed hay huella dactilar, nombre y foto de la persona.<\/p>\n<p>\u201cLo primero que ten\u00eda que hacerse es un registro de qu\u00e9 se est\u00e1 hablando. Cu\u00e1ntas personas desaparecidas hay en el pa\u00eds. El registro arroj\u00f3 datos parad\u00f3jicos: 37 mil 485 y seguramente es mucho m\u00e1s grande el n\u00famero de personas desaparecidas, pero ten\u00edamos que basarnos en datos oficiales, qu\u00e9 es lo que existe y hacer un registro nacional\u201d.<\/p>\n<p>Seg\u00fan Alfonso Navarrete, lo que se sab\u00eda anteriormente s\u00f3lo era \u201cemp\u00edrico\u201d, pero con el cruce de informaci\u00f3n se logr\u00f3 las 4 mil 500 coincidencias.<\/p>\n<p>\u201cTenemos 340 de esas coincidencias con nombre y apellido, 300 de ellas que tienen m\u00e1s de 10 a\u00f1os de desaparecidas, 10 a\u00f1os de dolor y de b\u00fasqueda\u201d, concluy\u00f3 el Secretario de Gobernaci\u00f3n.<\/p>\n","protected":false},"excerpt":{"rendered":"<p>Son m\u00e1s de 37 mil los desaparecidos en M\u00e9xico; menos de 1% coincide con restos: Segob<br \/>\nPor Redacci\u00f3n QP<\/p>\n","protected":false},"author":2,"featured_media":6547,"comment_status":"open","ping_status":"open","sticky":false,"template":"","format":"standard","meta":{"_monsterinsights_skip_tracking":false,"_monsterinsights_sitenote_active":false,"_monsterinsights_sitenote_note":"","_monsterinsights_sitenote_category":0,"footnotes":""},"categories":[2],"tags":[],"class_list":["post-6548","post","type-post","status-publish","format-standard","has-post-thumbnail","hentry","category-noticias"],"yoast_head":"<!-- This site is optimized with the Yoast SEO plugin v27.3 - https:\/\/yoast.com\/product\/yoast-seo-wordpress\/ -->\n<title>Son m\u00e1s de 37 mil los desaparecidos en M\u00e9xico; menos de 1% coincide con restos: Segob -<\/title>\n<meta name=\"robots\" content=\"index, follow, max-snippet:-1, max-image-preview:large, max-video-preview:-1\" \/>\n<link rel=\"canonical\" href=\"https:\/\/quehacerpolitico.mx\/?p=6548\" \/>\n<meta property=\"og:locale\" content=\"es_MX\" \/>\n<meta property=\"og:type\" content=\"article\" \/>\n<meta property=\"og:title\" content=\"Son m\u00e1s de 37 mil los desaparecidos en M\u00e9xico; menos de 1% coincide con restos: Segob -\" \/>\n<meta property=\"og:description\" content=\"Son m\u00e1s de 37 mil los desaparecidos en M\u00e9xico; menos de 1% coincide con restos: Segob Por Redacci\u00f3n QP\" \/>\n<meta property=\"og:url\" content=\"https:\/\/quehacerpolitico.mx\/?p=6548\" \/>\n<meta property=\"article:published_time\" content=\"2018-10-10T03:27:43+00:00\" \/>\n<meta name=\"author\" content=\"Redacci\u00f3n QP\" \/>\n<meta name=\"twitter:card\" content=\"summary_large_image\" \/>\n<meta name=\"twitter:label1\" content=\"Escrito por\" \/>\n\t<meta name=\"twitter:data1\" content=\"Redacci\u00f3n QP\" \/>\n\t<meta name=\"twitter:label2\" content=\"Tiempo de lectura\" \/>\n\t<meta name=\"twitter:data2\" content=\"2 minutos\" \/>\n<script type=\"application\/ld+json\" class=\"yoast-schema-graph\">{\"@context\":\"https:\\\/\\\/schema.org\",\"@graph\":[{\"@type\":\"Article\",\"@id\":\"https:\\\/\\\/quehacerpolitico.mx\\\/?p=6548#article\",\"isPartOf\":{\"@id\":\"https:\\\/\\\/quehacerpolitico.mx\\\/?p=6548\"},\"author\":{\"name\":\"Redacci\u00f3n QP\",\"@id\":\"https:\\\/\\\/quehacerpolitico.mx\\\/#\\\/schema\\\/person\\\/496d8ad2d1d3f8036101dca7ee39e585\"},\"headline\":\"Son m\u00e1s de 37 mil los desaparecidos en M\u00e9xico; menos de 1% coincide con restos: Segob\",\"datePublished\":\"2018-10-10T03:27:43+00:00\",\"mainEntityOfPage\":{\"@id\":\"https:\\\/\\\/quehacerpolitico.mx\\\/?p=6548\"},\"wordCount\":374,\"commentCount\":0,\"image\":{\"@id\":\"https:\\\/\\\/quehacerpolitico.mx\\\/?p=6548#primaryimage\"},\"thumbnailUrl\":\"\",\"articleSection\":[\"Noticias\"],\"inLanguage\":\"es\",\"potentialAction\":[{\"@type\":\"CommentAction\",\"name\":\"Comment\",\"target\":[\"https:\\\/\\\/quehacerpolitico.mx\\\/?p=6548#respond\"]}]},{\"@type\":\"WebPage\",\"@id\":\"https:\\\/\\\/quehacerpolitico.mx\\\/?p=6548\",\"url\":\"https:\\\/\\\/quehacerpolitico.mx\\\/?p=6548\",\"name\":\"Son m\u00e1s de 37 mil los desaparecidos en M\u00e9xico; menos de 1% coincide con restos: Segob -\",\"isPartOf\":{\"@id\":\"https:\\\/\\\/quehacerpolitico.mx\\\/#website\"},\"primaryImageOfPage\":{\"@id\":\"https:\\\/\\\/quehacerpolitico.mx\\\/?p=6548#primaryimage\"},\"image\":{\"@id\":\"https:\\\/\\\/quehacerpolitico.mx\\\/?p=6548#primaryimage\"},\"thumbnailUrl\":\"\",\"datePublished\":\"2018-10-10T03:27:43+00:00\",\"author\":{\"@id\":\"https:\\\/\\\/quehacerpolitico.mx\\\/#\\\/schema\\\/person\\\/496d8ad2d1d3f8036101dca7ee39e585\"},\"breadcrumb\":{\"@id\":\"https:\\\/\\\/quehacerpolitico.mx\\\/?p=6548#breadcrumb\"},\"inLanguage\":\"es\",\"potentialAction\":[{\"@type\":\"ReadAction\",\"target\":[\"https:\\\/\\\/quehacerpolitico.mx\\\/?p=6548\"]}]},{\"@type\":\"ImageObject\",\"inLanguage\":\"es\",\"@id\":\"https:\\\/\\\/quehacerpolitico.mx\\\/?p=6548#primaryimage\",\"url\":\"\",\"contentUrl\":\"\"},{\"@type\":\"BreadcrumbList\",\"@id\":\"https:\\\/\\\/quehacerpolitico.mx\\\/?p=6548#breadcrumb\",\"itemListElement\":[{\"@type\":\"ListItem\",\"position\":1,\"name\":\"Inicio\",\"item\":\"https:\\\/\\\/quehacerpolitico.mx\\\/\"},{\"@type\":\"ListItem\",\"position\":2,\"name\":\"Son m\u00e1s de 37 mil los desaparecidos en M\u00e9xico; menos de 1% coincide con restos: Segob\"}]},{\"@type\":\"WebSite\",\"@id\":\"https:\\\/\\\/quehacerpolitico.mx\\\/#website\",\"url\":\"https:\\\/\\\/quehacerpolitico.mx\\\/\",\"name\":\"\",\"description\":\"\",\"potentialAction\":[{\"@type\":\"SearchAction\",\"target\":{\"@type\":\"EntryPoint\",\"urlTemplate\":\"https:\\\/\\\/quehacerpolitico.mx\\\/?s={search_term_string}\"},\"query-input\":{\"@type\":\"PropertyValueSpecification\",\"valueRequired\":true,\"valueName\":\"search_term_string\"}}],\"inLanguage\":\"es\"},{\"@type\":\"Person\",\"@id\":\"https:\\\/\\\/quehacerpolitico.mx\\\/#\\\/schema\\\/person\\\/496d8ad2d1d3f8036101dca7ee39e585\",\"name\":\"Redacci\u00f3n QP\",\"image\":{\"@type\":\"ImageObject\",\"inLanguage\":\"es\",\"@id\":\"https:\\\/\\\/secure.gravatar.com\\\/avatar\\\/c7164ed6fdec453195284ad24a5ae5b6e1eed2b848477fa2a4787ba9adf39a41?s=96&d=mm&r=g\",\"url\":\"https:\\\/\\\/secure.gravatar.com\\\/avatar\\\/c7164ed6fdec453195284ad24a5ae5b6e1eed2b848477fa2a4787ba9adf39a41?s=96&d=mm&r=g\",\"contentUrl\":\"https:\\\/\\\/secure.gravatar.com\\\/avatar\\\/c7164ed6fdec453195284ad24a5ae5b6e1eed2b848477fa2a4787ba9adf39a41?s=96&d=mm&r=g\",\"caption\":\"Redacci\u00f3n QP\"},\"url\":\"https:\\\/\\\/quehacerpolitico.mx\\\/?author=2\"}]}<\/script>\n<!-- \/ Yoast SEO plugin. -->","yoast_head_json":{"title":"Son m\u00e1s de 37 mil los desaparecidos en M\u00e9xico; menos de 1% coincide con restos: Segob -","robots":{"index":"index","follow":"follow","max-snippet":"max-snippet:-1","max-image-preview":"max-image-preview:large","max-video-preview":"max-video-preview:-1"},"canonical":"https:\/\/quehacerpolitico.mx\/?p=6548","og_locale":"es_MX","og_type":"article","og_title":"Son m\u00e1s de 37 mil los desaparecidos en M\u00e9xico; menos de 1% coincide con restos: Segob -","og_description":"Son m\u00e1s de 37 mil los desaparecidos en M\u00e9xico; menos de 1% coincide con restos: Segob Por Redacci\u00f3n QP","og_url":"https:\/\/quehacerpolitico.mx\/?p=6548","article_published_time":"2018-10-10T03:27:43+00:00","author":"Redacci\u00f3n QP","twitter_card":"summary_large_image","twitter_misc":{"Escrito por":"Redacci\u00f3n QP","Tiempo de lectura":"2 minutos"},"schema":{"@context":"https:\/\/schema.org","@graph":[{"@type":"Article","@id":"https:\/\/quehacerpolitico.mx\/?p=6548#article","isPartOf":{"@id":"https:\/\/quehacerpolitico.mx\/?p=6548"},"author":{"name":"Redacci\u00f3n QP","@id":"https:\/\/quehacerpolitico.mx\/#\/schema\/person\/496d8ad2d1d3f8036101dca7ee39e585"},"headline":"Son m\u00e1s de 37 mil los desaparecidos en M\u00e9xico; menos de 1% coincide con restos: Segob","datePublished":"2018-10-10T03:27:43+00:00","mainEntityOfPage":{"@id":"https:\/\/quehacerpolitico.mx\/?p=6548"},"wordCount":374,"commentCount":0,"image":{"@id":"https:\/\/quehacerpolitico.mx\/?p=6548#primaryimage"},"thumbnailUrl":"","articleSection":["Noticias"],"inLanguage":"es","potentialAction":[{"@type":"CommentAction","name":"Comment","target":["https:\/\/quehacerpolitico.mx\/?p=6548#respond"]}]},{"@type":"WebPage","@id":"https:\/\/quehacerpolitico.mx\/?p=6548","url":"https:\/\/quehacerpolitico.mx\/?p=6548","name":"Son m\u00e1s de 37 mil los desaparecidos en M\u00e9xico; menos de 1% coincide con restos: Segob -","isPartOf":{"@id":"https:\/\/quehacerpolitico.mx\/#website"},"primaryImageOfPage":{"@id":"https:\/\/quehacerpolitico.mx\/?p=6548#primaryimage"},"image":{"@id":"https:\/\/quehacerpolitico.mx\/?p=6548#primaryimage"},"thumbnailUrl":"","datePublished":"2018-10-10T03:27:43+00:00","author":{"@id":"https:\/\/quehacerpolitico.mx\/#\/schema\/person\/496d8ad2d1d3f8036101dca7ee39e585"},"breadcrumb":{"@id":"https:\/\/quehacerpolitico.mx\/?p=6548#breadcrumb"},"inLanguage":"es","potentialAction":[{"@type":"ReadAction","target":["https:\/\/quehacerpolitico.mx\/?p=6548"]}]},{"@type":"ImageObject","inLanguage":"es","@id":"https:\/\/quehacerpolitico.mx\/?p=6548#primaryimage","url":"","contentUrl":""},{"@type":"BreadcrumbList","@id":"https:\/\/quehacerpolitico.mx\/?p=6548#breadcrumb","itemListElement":[{"@type":"ListItem","position":1,"name":"Inicio","item":"https:\/\/quehacerpolitico.mx\/"},{"@type":"ListItem","position":2,"name":"Son m\u00e1s de 37 mil los desaparecidos en M\u00e9xico; menos de 1% coincide con restos: Segob"}]},{"@type":"WebSite","@id":"https:\/\/quehacerpolitico.mx\/#website","url":"https:\/\/quehacerpolitico.mx\/","name":"","description":"","potentialAction":[{"@type":"SearchAction","target":{"@type":"EntryPoint","urlTemplate":"https:\/\/quehacerpolitico.mx\/?s={search_term_string}"},"query-input":{"@type":"PropertyValueSpecification","valueRequired":true,"valueName":"search_term_string"}}],"inLanguage":"es"},{"@type":"Person","@id":"https:\/\/quehacerpolitico.mx\/#\/schema\/person\/496d8ad2d1d3f8036101dca7ee39e585","name":"Redacci\u00f3n QP","image":{"@type":"ImageObject","inLanguage":"es","@id":"https:\/\/secure.gravatar.com\/avatar\/c7164ed6fdec453195284ad24a5ae5b6e1eed2b848477fa2a4787ba9adf39a41?s=96&d=mm&r=g","url":"https:\/\/secure.gravatar.com\/avatar\/c7164ed6fdec453195284ad24a5ae5b6e1eed2b848477fa2a4787ba9adf39a41?s=96&d=mm&r=g","contentUrl":"https:\/\/secure.gravatar.com\/avatar\/c7164ed6fdec453195284ad24a5ae5b6e1eed2b848477fa2a4787ba9adf39a41?s=96&d=mm&r=g","caption":"Redacci\u00f3n QP"},"url":"https:\/\/quehacerpolitico.mx\/?author=2"}]}},"featured_image_urls":{"full":"","thumbnail":"","medium":"","medium_large":"","large":"","1536x1536":"","2048x2048":"","covernews-featured":"","covernews-medium":""},"author_info":{"display_name":"Redacci\u00f3n QP","author_link":"https:\/\/quehacerpolitico.mx\/?author=2"},"category_info":"<a href=\"https:\/\/quehacerpolitico.mx\/?cat=2\" rel=\"category\">Noticias<\/a>","tag_info":"Noticias","comment_count":"0","_links":{"self":[{"href":"https:\/\/quehacerpolitico.mx\/index.php?rest_route=\/wp\/v2\/posts\/6548","targetHints":{"allow":["GET"]}}],"collection":[{"href":"https:\/\/quehacerpolitico.mx\/index.php?rest_route=\/wp\/v2\/posts"}],"about":[{"href":"https:\/\/quehacerpolitico.mx\/index.php?rest_route=\/wp\/v2\/types\/post"}],"author":[{"embeddable":true,"href":"https:\/\/quehacerpolitico.mx\/index.php?rest_route=\/wp\/v2\/users\/2"}],"replies":[{"embeddable":true,"href":"https:\/\/quehacerpolitico.mx\/index.php?rest_route=%2Fwp%2Fv2%2Fcomments&post=6548"}],"version-history":[{"count":0,"href":"https:\/\/quehacerpolitico.mx\/index.php?rest_route=\/wp\/v2\/posts\/6548\/revisions"}],"wp:featuredmedia":[{"embeddable":true,"href":"https:\/\/quehacerpolitico.mx\/index.php?rest_route=\/"}],"wp:attachment":[{"href":"https:\/\/quehacerpolitico.mx\/index.php?rest_route=%2Fwp%2Fv2%2Fmedia&parent=6548"}],"wp:term":[{"taxonomy":"category","embeddable":true,"href":"https:\/\/quehacerpolitico.mx\/index.php?rest_route=%2Fwp%2Fv2%2Fcategories&post=6548"},{"taxonomy":"post_tag","embeddable":true,"href":"https:\/\/quehacerpolitico.mx\/index.php?rest_route=%2Fwp%2Fv2%2Ftags&post=6548"}],"curies":[{"name":"wp","href":"https:\/\/api.w.org\/{rel}","templated":true}]}}