{"id":65464,"date":"2020-09-23T22:38:46","date_gmt":"2020-09-24T03:38:46","guid":{"rendered":"http:\/\/quehacerpolitico.mx\/?p=65464"},"modified":"2020-09-23T22:38:46","modified_gmt":"2020-09-24T03:38:46","slug":"corral-reprocha-retiro-federal-de-mesa-de-seguridad-en-chihuahua","status":"publish","type":"post","link":"https:\/\/quehacerpolitico.mx\/?p=65464","title":{"rendered":"Corral reprocha retiro federal de mesa de seguridad en Chihuahua"},"content":{"rendered":"<h1 class=\"news-title\">Corral reprocha retiro federal de mesa de seguridad en Chihuahua<br \/>\nPor Redacci\u00f3n QP<\/h1>\n<div class=\"news-subtitle\">\n<p>Gobernador asegura que obedece a su postura por la problem\u00e1tica del agua en la entidad<\/p>\n<\/div>\n<div class=\"social-share-box normal\">\n<p>El gobernador de Chihuahua, Javier Corral, acus\u00f3 el <strong>abandono de las fuerzas federales de la coordinaci\u00f3n de seguridad <\/strong>en el estado.<\/p>\n<p>&#8220;Se me comunica oficialmente, despu\u00e9s de haber dejado de asistir por dos semanas consecutivas los representantes de las fuerzas federales, que abandonan la coordinaci\u00f3n en materia de seguridad p\u00fablica con el Gobierno estatal&#8221;,\u00a0 dijo a\u00a0trav\u00e9s de su cuenta de Twitter<\/p>\n<blockquote class=\"twitter-tweet\" data-width=\"550\" data-dnt=\"true\">\n<p lang=\"es\" dir=\"ltr\">Les informo de un asunto que me parece bastante delicado, y que asoma ya, otra dimensi\u00f3n en la relaci\u00f3n del Gobierno Federal con el Gobierno del Estado de Chihuahua, derivado de nuestra posici\u00f3n por el tema del Agua. Comparto hilo:<\/p>\n<p>&mdash; Javier Corral Jurado (@Javier_Corral) <a href=\"https:\/\/twitter.com\/Javier_Corral\/status\/1308804133273526273?ref_src=twsrc%5Etfw\">September 23, 2020<\/a><\/p><\/blockquote>\n<p><script async src=\"https:\/\/platform.twitter.com\/widgets.js\" charset=\"utf-8\"><\/script><\/p>\n<p>El mandatario coment\u00f3 que le fue notificada dicha acci\u00f3n y asegur\u00f3 que esto es en consecuencia de su<strong> postura por la problem\u00e1tica del agua<\/strong> en la entidad.<\/p>\n<p>&#8220;Les informo de un asunto que me parece bastante delicado, y que asoma ya, otra dimensi\u00f3n en la relaci\u00f3n del Gobierno federal con el Gobierno del estado de Chihuahua, derivado de nuestra posici\u00f3n por el tema del agua \u201cdijo\u201d<\/p>\n<p>Corral se\u00f1ala que ayer le fue comunicado por el secretario de Seguridad Publica, Alfonso Durazo, que &#8220;en el Gabinete de Seguridad se acord\u00f3 que los responsables de las fuerzas federales en el estado sesionen diariamente, por su lado, en la zona militar, atendiendo los temas de su \u00e1mbito de competencia&#8221;.<\/p>\n<p>&#8220;Las cr\u00edticas del gobierno del estado a su participaci\u00f3n en la custodia de diversas instalaciones cuya custodia es su responsabilidad constitucional, dado su car\u00e1cter estrat\u00e9gico, generan un ambiente de confrontaci\u00f3n que queremos evitar hasta donde sea posible&#8221;, se lee en una serie de tuits emitidos por el gobernador.<\/p>\n<p>Para el gobernador, dicha decisi\u00f3n &#8220;muestra un talante autoritario y vengativo contra el pueblo de Chihuahua, a quien finalmente se perjudica. Se incumple as\u00ed el compromiso de hacer de la seguridad un campo de neutralidad pol\u00edtica, y se usa como mecanismo de represalia&#8221;.<\/p>\n<p>&#8220;\u00bfC\u00f3mo pueden decir que son diferentes? Que no son iguales a los anteriores? Porque esto exactamente es lo que nos hizo Pe\u00f1a Nieto; en represalia por nuestra lucha vs la corrupci\u00f3n, nos retir\u00f3 el apoyo del Ej\u00e9rcito y la Polic\u00eda Federal&#8221;, escribi\u00f3.<\/p>\n<p>Con informaci\u00f3n de SUN<\/p>\n<\/div>\n","protected":false},"excerpt":{"rendered":"<p>Corral reprocha retiro federal de mesa de seguridad en Chihuahua Por Redacci\u00f3n QP Gobernador asegura&#8230;<\/p>\n","protected":false},"author":2,"featured_media":65468,"comment_status":"open","ping_status":"open","sticky":false,"template":"","format":"standard","meta":{"_monsterinsights_skip_tracking":false,"_monsterinsights_sitenote_active":false,"_monsterinsights_sitenote_note":"","_monsterinsights_sitenote_category":0,"footnotes":""},"categories":[2],"tags":[],"class_list":["post-65464","post","type-post","status-publish","format-standard","has-post-thumbnail","hentry","category-noticias"],"yoast_head":"<!-- This site is optimized with the Yoast SEO plugin v27.3 - https:\/\/yoast.com\/product\/yoast-seo-wordpress\/ -->\n<title>Corral reprocha retiro federal de mesa de seguridad en Chihuahua -<\/title>\n<meta name=\"robots\" content=\"index, follow, max-snippet:-1, max-image-preview:large, max-video-preview:-1\" \/>\n<link rel=\"canonical\" href=\"https:\/\/quehacerpolitico.mx\/?p=65464\" \/>\n<meta property=\"og:locale\" content=\"es_MX\" \/>\n<meta property=\"og:type\" content=\"article\" \/>\n<meta property=\"og:title\" content=\"Corral reprocha retiro federal de mesa de seguridad en Chihuahua -\" \/>\n<meta property=\"og:description\" content=\"Corral reprocha retiro federal de mesa de seguridad en Chihuahua Por Redacci\u00f3n QP Gobernador asegura...\" \/>\n<meta property=\"og:url\" content=\"https:\/\/quehacerpolitico.mx\/?p=65464\" \/>\n<meta property=\"article:published_time\" content=\"2020-09-24T03:38:46+00:00\" \/>\n<meta property=\"og:image\" content=\"https:\/\/quehacerpolitico.mx\/wp-content\/uploads\/2020\/09\/EBE6C998-E298-4B65-A742-12C48A291710.jpeg\" \/>\n\t<meta property=\"og:image:width\" content=\"638\" \/>\n\t<meta property=\"og:image:height\" content=\"399\" \/>\n\t<meta property=\"og:image:type\" content=\"image\/jpeg\" \/>\n<meta name=\"author\" content=\"Redacci\u00f3n QP\" \/>\n<meta name=\"twitter:card\" content=\"summary_large_image\" \/>\n<meta name=\"twitter:label1\" content=\"Escrito por\" \/>\n\t<meta name=\"twitter:data1\" content=\"Redacci\u00f3n QP\" \/>\n\t<meta name=\"twitter:label2\" content=\"Tiempo de lectura\" \/>\n\t<meta name=\"twitter:data2\" content=\"2 minutos\" \/>\n<script type=\"application\/ld+json\" class=\"yoast-schema-graph\">{\"@context\":\"https:\\\/\\\/schema.org\",\"@graph\":[{\"@type\":\"Article\",\"@id\":\"https:\\\/\\\/quehacerpolitico.mx\\\/?p=65464#article\",\"isPartOf\":{\"@id\":\"https:\\\/\\\/quehacerpolitico.mx\\\/?p=65464\"},\"author\":{\"name\":\"Redacci\u00f3n QP\",\"@id\":\"https:\\\/\\\/quehacerpolitico.mx\\\/#\\\/schema\\\/person\\\/496d8ad2d1d3f8036101dca7ee39e585\"},\"headline\":\"Corral reprocha retiro federal de mesa de seguridad en Chihuahua\",\"datePublished\":\"2020-09-24T03:38:46+00:00\",\"mainEntityOfPage\":{\"@id\":\"https:\\\/\\\/quehacerpolitico.mx\\\/?p=65464\"},\"wordCount\":386,\"commentCount\":0,\"image\":{\"@id\":\"https:\\\/\\\/quehacerpolitico.mx\\\/?p=65464#primaryimage\"},\"thumbnailUrl\":\"https:\\\/\\\/quehacerpolitico.mx\\\/wp-content\\\/uploads\\\/2020\\\/09\\\/EBE6C998-E298-4B65-A742-12C48A291710.jpeg\",\"articleSection\":[\"Noticias\"],\"inLanguage\":\"es\",\"potentialAction\":[{\"@type\":\"CommentAction\",\"name\":\"Comment\",\"target\":[\"https:\\\/\\\/quehacerpolitico.mx\\\/?p=65464#respond\"]}]},{\"@type\":\"WebPage\",\"@id\":\"https:\\\/\\\/quehacerpolitico.mx\\\/?p=65464\",\"url\":\"https:\\\/\\\/quehacerpolitico.mx\\\/?p=65464\",\"name\":\"Corral reprocha retiro federal de mesa de seguridad en Chihuahua -\",\"isPartOf\":{\"@id\":\"https:\\\/\\\/quehacerpolitico.mx\\\/#website\"},\"primaryImageOfPage\":{\"@id\":\"https:\\\/\\\/quehacerpolitico.mx\\\/?p=65464#primaryimage\"},\"image\":{\"@id\":\"https:\\\/\\\/quehacerpolitico.mx\\\/?p=65464#primaryimage\"},\"thumbnailUrl\":\"https:\\\/\\\/quehacerpolitico.mx\\\/wp-content\\\/uploads\\\/2020\\\/09\\\/EBE6C998-E298-4B65-A742-12C48A291710.jpeg\",\"datePublished\":\"2020-09-24T03:38:46+00:00\",\"author\":{\"@id\":\"https:\\\/\\\/quehacerpolitico.mx\\\/#\\\/schema\\\/person\\\/496d8ad2d1d3f8036101dca7ee39e585\"},\"breadcrumb\":{\"@id\":\"https:\\\/\\\/quehacerpolitico.mx\\\/?p=65464#breadcrumb\"},\"inLanguage\":\"es\",\"potentialAction\":[{\"@type\":\"ReadAction\",\"target\":[\"https:\\\/\\\/quehacerpolitico.mx\\\/?p=65464\"]}]},{\"@type\":\"ImageObject\",\"inLanguage\":\"es\",\"@id\":\"https:\\\/\\\/quehacerpolitico.mx\\\/?p=65464#primaryimage\",\"url\":\"https:\\\/\\\/quehacerpolitico.mx\\\/wp-content\\\/uploads\\\/2020\\\/09\\\/EBE6C998-E298-4B65-A742-12C48A291710.jpeg\",\"contentUrl\":\"https:\\\/\\\/quehacerpolitico.mx\\\/wp-content\\\/uploads\\\/2020\\\/09\\\/EBE6C998-E298-4B65-A742-12C48A291710.jpeg\",\"width\":638,\"height\":399},{\"@type\":\"BreadcrumbList\",\"@id\":\"https:\\\/\\\/quehacerpolitico.mx\\\/?p=65464#breadcrumb\",\"itemListElement\":[{\"@type\":\"ListItem\",\"position\":1,\"name\":\"Inicio\",\"item\":\"https:\\\/\\\/quehacerpolitico.mx\\\/\"},{\"@type\":\"ListItem\",\"position\":2,\"name\":\"Corral reprocha retiro federal de mesa de seguridad en Chihuahua\"}]},{\"@type\":\"WebSite\",\"@id\":\"https:\\\/\\\/quehacerpolitico.mx\\\/#website\",\"url\":\"https:\\\/\\\/quehacerpolitico.mx\\\/\",\"name\":\"\",\"description\":\"\",\"potentialAction\":[{\"@type\":\"SearchAction\",\"target\":{\"@type\":\"EntryPoint\",\"urlTemplate\":\"https:\\\/\\\/quehacerpolitico.mx\\\/?s={search_term_string}\"},\"query-input\":{\"@type\":\"PropertyValueSpecification\",\"valueRequired\":true,\"valueName\":\"search_term_string\"}}],\"inLanguage\":\"es\"},{\"@type\":\"Person\",\"@id\":\"https:\\\/\\\/quehacerpolitico.mx\\\/#\\\/schema\\\/person\\\/496d8ad2d1d3f8036101dca7ee39e585\",\"name\":\"Redacci\u00f3n QP\",\"image\":{\"@type\":\"ImageObject\",\"inLanguage\":\"es\",\"@id\":\"https:\\\/\\\/secure.gravatar.com\\\/avatar\\\/c7164ed6fdec453195284ad24a5ae5b6e1eed2b848477fa2a4787ba9adf39a41?s=96&d=mm&r=g\",\"url\":\"https:\\\/\\\/secure.gravatar.com\\\/avatar\\\/c7164ed6fdec453195284ad24a5ae5b6e1eed2b848477fa2a4787ba9adf39a41?s=96&d=mm&r=g\",\"contentUrl\":\"https:\\\/\\\/secure.gravatar.com\\\/avatar\\\/c7164ed6fdec453195284ad24a5ae5b6e1eed2b848477fa2a4787ba9adf39a41?s=96&d=mm&r=g\",\"caption\":\"Redacci\u00f3n QP\"},\"url\":\"https:\\\/\\\/quehacerpolitico.mx\\\/?author=2\"}]}<\/script>\n<!-- \/ Yoast SEO plugin. -->","yoast_head_json":{"title":"Corral reprocha retiro federal de mesa de seguridad en Chihuahua -","robots":{"index":"index","follow":"follow","max-snippet":"max-snippet:-1","max-image-preview":"max-image-preview:large","max-video-preview":"max-video-preview:-1"},"canonical":"https:\/\/quehacerpolitico.mx\/?p=65464","og_locale":"es_MX","og_type":"article","og_title":"Corral reprocha retiro federal de mesa de seguridad en Chihuahua -","og_description":"Corral reprocha retiro federal de mesa de seguridad en Chihuahua Por Redacci\u00f3n QP Gobernador asegura...","og_url":"https:\/\/quehacerpolitico.mx\/?p=65464","article_published_time":"2020-09-24T03:38:46+00:00","og_image":[{"width":638,"height":399,"url":"https:\/\/quehacerpolitico.mx\/wp-content\/uploads\/2020\/09\/EBE6C998-E298-4B65-A742-12C48A291710.jpeg","type":"image\/jpeg"}],"author":"Redacci\u00f3n QP","twitter_card":"summary_large_image","twitter_misc":{"Escrito por":"Redacci\u00f3n QP","Tiempo de lectura":"2 minutos"},"schema":{"@context":"https:\/\/schema.org","@graph":[{"@type":"Article","@id":"https:\/\/quehacerpolitico.mx\/?p=65464#article","isPartOf":{"@id":"https:\/\/quehacerpolitico.mx\/?p=65464"},"author":{"name":"Redacci\u00f3n QP","@id":"https:\/\/quehacerpolitico.mx\/#\/schema\/person\/496d8ad2d1d3f8036101dca7ee39e585"},"headline":"Corral reprocha retiro federal de mesa de seguridad en Chihuahua","datePublished":"2020-09-24T03:38:46+00:00","mainEntityOfPage":{"@id":"https:\/\/quehacerpolitico.mx\/?p=65464"},"wordCount":386,"commentCount":0,"image":{"@id":"https:\/\/quehacerpolitico.mx\/?p=65464#primaryimage"},"thumbnailUrl":"https:\/\/quehacerpolitico.mx\/wp-content\/uploads\/2020\/09\/EBE6C998-E298-4B65-A742-12C48A291710.jpeg","articleSection":["Noticias"],"inLanguage":"es","potentialAction":[{"@type":"CommentAction","name":"Comment","target":["https:\/\/quehacerpolitico.mx\/?p=65464#respond"]}]},{"@type":"WebPage","@id":"https:\/\/quehacerpolitico.mx\/?p=65464","url":"https:\/\/quehacerpolitico.mx\/?p=65464","name":"Corral reprocha retiro federal de mesa de seguridad en Chihuahua -","isPartOf":{"@id":"https:\/\/quehacerpolitico.mx\/#website"},"primaryImageOfPage":{"@id":"https:\/\/quehacerpolitico.mx\/?p=65464#primaryimage"},"image":{"@id":"https:\/\/quehacerpolitico.mx\/?p=65464#primaryimage"},"thumbnailUrl":"https:\/\/quehacerpolitico.mx\/wp-content\/uploads\/2020\/09\/EBE6C998-E298-4B65-A742-12C48A291710.jpeg","datePublished":"2020-09-24T03:38:46+00:00","author":{"@id":"https:\/\/quehacerpolitico.mx\/#\/schema\/person\/496d8ad2d1d3f8036101dca7ee39e585"},"breadcrumb":{"@id":"https:\/\/quehacerpolitico.mx\/?p=65464#breadcrumb"},"inLanguage":"es","potentialAction":[{"@type":"ReadAction","target":["https:\/\/quehacerpolitico.mx\/?p=65464"]}]},{"@type":"ImageObject","inLanguage":"es","@id":"https:\/\/quehacerpolitico.mx\/?p=65464#primaryimage","url":"https:\/\/quehacerpolitico.mx\/wp-content\/uploads\/2020\/09\/EBE6C998-E298-4B65-A742-12C48A291710.jpeg","contentUrl":"https:\/\/quehacerpolitico.mx\/wp-content\/uploads\/2020\/09\/EBE6C998-E298-4B65-A742-12C48A291710.jpeg","width":638,"height":399},{"@type":"BreadcrumbList","@id":"https:\/\/quehacerpolitico.mx\/?p=65464#breadcrumb","itemListElement":[{"@type":"ListItem","position":1,"name":"Inicio","item":"https:\/\/quehacerpolitico.mx\/"},{"@type":"ListItem","position":2,"name":"Corral reprocha retiro federal de mesa de seguridad en Chihuahua"}]},{"@type":"WebSite","@id":"https:\/\/quehacerpolitico.mx\/#website","url":"https:\/\/quehacerpolitico.mx\/","name":"","description":"","potentialAction":[{"@type":"SearchAction","target":{"@type":"EntryPoint","urlTemplate":"https:\/\/quehacerpolitico.mx\/?s={search_term_string}"},"query-input":{"@type":"PropertyValueSpecification","valueRequired":true,"valueName":"search_term_string"}}],"inLanguage":"es"},{"@type":"Person","@id":"https:\/\/quehacerpolitico.mx\/#\/schema\/person\/496d8ad2d1d3f8036101dca7ee39e585","name":"Redacci\u00f3n QP","image":{"@type":"ImageObject","inLanguage":"es","@id":"https:\/\/secure.gravatar.com\/avatar\/c7164ed6fdec453195284ad24a5ae5b6e1eed2b848477fa2a4787ba9adf39a41?s=96&d=mm&r=g","url":"https:\/\/secure.gravatar.com\/avatar\/c7164ed6fdec453195284ad24a5ae5b6e1eed2b848477fa2a4787ba9adf39a41?s=96&d=mm&r=g","contentUrl":"https:\/\/secure.gravatar.com\/avatar\/c7164ed6fdec453195284ad24a5ae5b6e1eed2b848477fa2a4787ba9adf39a41?s=96&d=mm&r=g","caption":"Redacci\u00f3n QP"},"url":"https:\/\/quehacerpolitico.mx\/?author=2"}]}},"featured_image_urls":{"full":["https:\/\/quehacerpolitico.mx\/wp-content\/uploads\/2020\/09\/EBE6C998-E298-4B65-A742-12C48A291710.jpeg",638,399,false],"thumbnail":["https:\/\/quehacerpolitico.mx\/wp-content\/uploads\/2020\/09\/EBE6C998-E298-4B65-A742-12C48A291710-150x150.jpeg",150,150,true],"medium":["https:\/\/quehacerpolitico.mx\/wp-content\/uploads\/2020\/09\/EBE6C998-E298-4B65-A742-12C48A291710-300x188.jpeg",300,188,true],"medium_large":["https:\/\/quehacerpolitico.mx\/wp-content\/uploads\/2020\/09\/EBE6C998-E298-4B65-A742-12C48A291710.jpeg",638,399,false],"large":["https:\/\/quehacerpolitico.mx\/wp-content\/uploads\/2020\/09\/EBE6C998-E298-4B65-A742-12C48A291710.jpeg",638,399,false],"1536x1536":["https:\/\/quehacerpolitico.mx\/wp-content\/uploads\/2020\/09\/EBE6C998-E298-4B65-A742-12C48A291710.jpeg",638,399,false],"2048x2048":["https:\/\/quehacerpolitico.mx\/wp-content\/uploads\/2020\/09\/EBE6C998-E298-4B65-A742-12C48A291710.jpeg",638,399,false],"covernews-featured":["https:\/\/quehacerpolitico.mx\/wp-content\/uploads\/2020\/09\/EBE6C998-E298-4B65-A742-12C48A291710.jpeg",638,399,false],"covernews-medium":["https:\/\/quehacerpolitico.mx\/wp-content\/uploads\/2020\/09\/EBE6C998-E298-4B65-A742-12C48A291710.jpeg",540,338,false]},"author_info":{"display_name":"Redacci\u00f3n QP","author_link":"https:\/\/quehacerpolitico.mx\/?author=2"},"category_info":"<a href=\"https:\/\/quehacerpolitico.mx\/?cat=2\" rel=\"category\">Noticias<\/a>","tag_info":"Noticias","comment_count":"0","_links":{"self":[{"href":"https:\/\/quehacerpolitico.mx\/index.php?rest_route=\/wp\/v2\/posts\/65464","targetHints":{"allow":["GET"]}}],"collection":[{"href":"https:\/\/quehacerpolitico.mx\/index.php?rest_route=\/wp\/v2\/posts"}],"about":[{"href":"https:\/\/quehacerpolitico.mx\/index.php?rest_route=\/wp\/v2\/types\/post"}],"author":[{"embeddable":true,"href":"https:\/\/quehacerpolitico.mx\/index.php?rest_route=\/wp\/v2\/users\/2"}],"replies":[{"embeddable":true,"href":"https:\/\/quehacerpolitico.mx\/index.php?rest_route=%2Fwp%2Fv2%2Fcomments&post=65464"}],"version-history":[{"count":0,"href":"https:\/\/quehacerpolitico.mx\/index.php?rest_route=\/wp\/v2\/posts\/65464\/revisions"}],"wp:featuredmedia":[{"embeddable":true,"href":"https:\/\/quehacerpolitico.mx\/index.php?rest_route=\/wp\/v2\/media\/65468"}],"wp:attachment":[{"href":"https:\/\/quehacerpolitico.mx\/index.php?rest_route=%2Fwp%2Fv2%2Fmedia&parent=65464"}],"wp:term":[{"taxonomy":"category","embeddable":true,"href":"https:\/\/quehacerpolitico.mx\/index.php?rest_route=%2Fwp%2Fv2%2Fcategories&post=65464"},{"taxonomy":"post_tag","embeddable":true,"href":"https:\/\/quehacerpolitico.mx\/index.php?rest_route=%2Fwp%2Fv2%2Ftags&post=65464"}],"curies":[{"name":"wp","href":"https:\/\/api.w.org\/{rel}","templated":true}]}}