{"id":6546,"date":"2018-10-10T03:20:50","date_gmt":"2018-10-10T03:20:50","guid":{"rendered":"http:\/\/quehacerpolitico.mx\/guerrero-bcs-edomex-sonora-y-puebla-3-del-pri-y-2-del-pan-los-peores-en-estado-de-derecho-wjp\/"},"modified":"2018-10-10T03:20:50","modified_gmt":"2018-10-10T03:20:50","slug":"guerrero-bcs-edomex-sonora-y-puebla-3-del-pri-y-2-del-pan-los-peores-en-estado-de-derecho-wjp","status":"publish","type":"post","link":"https:\/\/quehacerpolitico.mx\/?p=6546","title":{"rendered":"Guerrero, BCS, Edomex, Sonora y Puebla (3 del PRI y 2 del PAN), los peores en Estado de Derecho: WJP"},"content":{"rendered":"<h3>El \u00cdndice del World Justice Project utiliz\u00f3 informaci\u00f3n de primera mano para capturar las voces de miles de personas en zonas urbanas y rurales en los 32 estados del pa\u00eds; as\u00ed como m\u00e1s 600 variables generadas a partir de las respuestas a una encuesta aplicada a poblaci\u00f3n general a 25 mil 600 personas, de las respuestas a encuestas aplicadas a m\u00e1s de mil 500 abogados y expertos en derecho penal, derecho civil, derecho laboral, y salud p\u00fablica, y de informaci\u00f3n generada por otras instituciones.<\/h3>\n<p>El<strong> \u00cdndice de Estado de Derecho en M\u00e9xico<\/strong> alerta que el <strong>pa\u00eds est\u00e1 reprobado<\/strong> a nivel nacional, con un promedio de 0.39 puntos, en una escala que oscila entre 0 y 1, donde 1 indica la m\u00e1xima adhesi\u00f3n al <strong>Estado de Derecho<\/strong>; y su peor calificaci\u00f3n se da en el factor \u201causencia de corrupci\u00f3n\u201d que considera el uso del poder p\u00fablico para obtener un beneficio privado, en los poderes ejecutivo, legislativo, y judicial locales, as\u00ed como en el sistema de seguridad y procuraci\u00f3n de justicia. Adem\u00e1s, destaca, que todos los <strong>estados<\/strong> est\u00e1n muy lejos de la puntuaci\u00f3n perfecta.<\/p>\n<p>Las 5 entidades peores calificadas por el \u00edndice son, en este orden, Guerrero, que es gobernado por el PRI; Baja California Sur del PAN; Estado de M\u00e9xico del PRI; Sonora del PRI, y Puebla del PAN. Es decir, tres estados con Gobernador priista y dos con mandatario panista.<\/p>\n<p>Los estados con mejores puntuaciones son: Yucat\u00e1n (0.45); Aguascalientes (0.44); Zacatecas (0.44); y Campeche, Quer\u00e9taro, Coahuila y Baja California con 0.43 cada uno.<\/p>\n<p>El \u00cdndice de Estado de Derecho 2018 fue elaborado por el World Justice Project y se basa en los resultados e impactos de pol\u00edticas p\u00fablicas, por ejemplo, si la delincuencia se controla de manera efectiva o si las personas tienen acceso a los tribunales.<\/p>\n<p>El documento, presentado hoy en el Museo Memoria y Tolerancia de la Ciudad de M\u00e9xico, destaca que \u201cning\u00fan estado llega a una calificaci\u00f3n perfecta; de hecho, la puntuaci\u00f3n m\u00e1s alta es de 0.45, lo cual implica que todos los estados tienen retos importantes por delante\u201d.<\/p>\n<p>El \u00cdndice mide en total ocho factores: L\u00edmites al poder gubernamental; ausencia de corrupci\u00f3n; Gobierno abierto; derechos fundamentales; orden y seguridad; cumplimiento regulatorio; justicia civil, y justicia penal.<\/p>\n<p>A nivel nacional, M\u00e9xico tiene la m\u00e1s alta puntuaci\u00f3n en derechos fundamentales (con un promedio de 0.49). Este factor mide la ausencia de la discriminaci\u00f3n, derecho a la vida y a la seguridad, debido proceso legal, libertad de expresi\u00f3n, derechos laborales, entre otros. La peor calificaci\u00f3n la tiene en ausencia de corrupci\u00f3n (0.35 promedio nacional), que mide: ausencia de corrupci\u00f3n en el Ejecutivo, en el judicial, en el legislativo y en las instituciones de seguridad de seguridad y procuraci\u00f3n de justicia.<\/p>\n<p>Guerrero est\u00e1 en el \u00faltimo lugar en el factor de derechos fundamentales que mide:\u00a0la protecci\u00f3n efectiva de los derechos humanos, reconociendo que un sistema de gobernanza en el que no se garantizan los derechos fundamentales establecidos por el derecho internacional, no puede ser un Estado de Derecho.<\/p>\n<p>Este rubro mide que se garanticen efectivamente: trato igualitario; derecho a la vida y a la seguridad; debido proceso legal de los acusados; derecho a la libertad de opini\u00f3n y expresi\u00f3n; derecho a la libertad religiosa; derechos a la libertad de asamblea y derechos laborales.<\/p>\n<p><img loading=\"lazy\" decoding=\"async\" class=\"alignnone size-full wp-image-3482078\" src=\"http:\/\/www.sinembargo.mx\/wp-content\/uploads\/2018\/10\/indice-derechos-700.jpg\" sizes=\"auto, (max-width: 700px) 100vw, 700px\" srcset=\"http:\/\/www.sinembargo.mx\/wp-content\/uploads\/2018\/10\/indice-derechos-700.jpg 700w, http:\/\/www.sinembargo.mx\/wp-content\/uploads\/2018\/10\/indice-derechos-700-117x300.jpg 117w\" alt=\"\" width=\"700\" height=\"1792\" \/><\/p>\n<p>La Ciudad de M\u00e9xico ocupa el peor lugar en el rubro de \u201causencia de corrupci\u00f3n\u201d, que mide la ausencia de la corrupci\u00f3n definida como el uso del poder p\u00fablico para obtener un beneficio privado, en los poderes ejecutivo, legislativo, y judicial locales, as\u00ed como en el sistema de seguridad y procuraci\u00f3n de justicia. Considera tres formas de corrupci\u00f3n: sobornos, influencias indebidas, y la apropiaci\u00f3n indebida de recursos p\u00fablicos.<\/p>\n<p><img loading=\"lazy\" decoding=\"async\" class=\"alignnone size-full wp-image-3482079\" src=\"http:\/\/www.sinembargo.mx\/wp-content\/uploads\/2018\/10\/indice-corrupcion-700.jpg\" sizes=\"auto, (max-width: 700px) 100vw, 700px\" srcset=\"http:\/\/www.sinembargo.mx\/wp-content\/uploads\/2018\/10\/indice-corrupcion-700.jpg 700w, http:\/\/www.sinembargo.mx\/wp-content\/uploads\/2018\/10\/indice-corrupcion-700-117x300.jpg 117w\" alt=\"\" width=\"700\" height=\"1794\" \/><\/p>\n<p>Guerrero tambi\u00e9n tiene la \u00faltima posici\u00f3n en el rubro de orden y seguridad, que mide:\u00a0si la entidad es efectivo en garantizar la seguridad de las personas y la de sus propiedades. \u201cLa seguridad es uno de los aspectos definitorios de cualquier sociedad que se rige por el Estado de Derecho y es una funci\u00f3n fundamental del Estado\u201d, detalla el documento.<\/p>\n<p>El factor incluye las percepciones de inseguridad y el temor a ser v\u00edctima, ya que \u00e9stas impactan el comportamiento de las personas y de las empresas. Este factor no incluye delitos como narcotr\u00e1fico, delincuencia organizada, lavado de dinero, robo de combustible y trata de personas, entre otros, ya que no son susceptibles de medirse.<\/p>\n<p>Los subfactores que se miden son: ausencia de homicidios; ausencia de crimen y la percepci\u00f3n de seguridad de las personas.<\/p>\n<p><img loading=\"lazy\" decoding=\"async\" class=\"alignnone size-full wp-image-3482080\" src=\"http:\/\/www.sinembargo.mx\/wp-content\/uploads\/2018\/10\/indice-orden-y-seguridad-700.jpg\" sizes=\"auto, (max-width: 700px) 100vw, 700px\" srcset=\"http:\/\/www.sinembargo.mx\/wp-content\/uploads\/2018\/10\/indice-orden-y-seguridad-700.jpg 700w, http:\/\/www.sinembargo.mx\/wp-content\/uploads\/2018\/10\/indice-orden-y-seguridad-700-117x300.jpg 117w\" alt=\"\" width=\"700\" height=\"1792\" \/><\/p>\n<p>En el estado sure\u00f1o tambi\u00e9n se encuentra en la \u00faltima posici\u00f3n del rubro \u201cjusticia civil\u201d, que mide \u201csi las personas pueden acceder a mecanismos pac\u00edficos y efectivos para resolver sus controversias a trav\u00e9s del sistema de justicia civil\u201d.<\/p>\n<p>Para que el acceso a la justicia civil se garantiza, indica el \u00edndice, es necesario que las personas conozcan y conf\u00eden en los mecanismos formales para resolver sus problemas legales; que exista disponibilidad de asesor\u00eda legal adecuada y asequible, y que la justicia civil no imponga barreras por costos ni por procesos burocr\u00e1ticos.<\/p>\n<p><img loading=\"lazy\" decoding=\"async\" class=\"alignnone size-full wp-image-3482081\" src=\"http:\/\/www.sinembargo.mx\/wp-content\/uploads\/2018\/10\/indice-justicia-civil-700.jpg\" sizes=\"auto, (max-width: 700px) 100vw, 700px\" srcset=\"http:\/\/www.sinembargo.mx\/wp-content\/uploads\/2018\/10\/indice-justicia-civil-700.jpg 700w, http:\/\/www.sinembargo.mx\/wp-content\/uploads\/2018\/10\/indice-justicia-civil-700-116x300.jpg 116w\" alt=\"\" width=\"700\" height=\"1807\" \/><\/p>\n<p>El \u00cdndice del World Justice Project utiliz\u00f3 informaci\u00f3n de primera mano para capturar las voces de miles de personas en zonas urbanas y rurales en los 32 estados del pa\u00eds; as\u00ed como m\u00e1s 600 variables generadas a partir de las respuestas a una encuesta aplicada a poblaci\u00f3n general a 25 mil 600 personas, de las respuestas a encuestas aplicadas a m\u00e1s de mil 500 abogados y expertos en derecho penal, derecho civil, derecho laboral, y salud p\u00fablica, y de informaci\u00f3n generada por otras instituciones.<\/p>\n","protected":false},"excerpt":{"rendered":"<p>Guerrero, BCS, Edomex, Sonora y Puebla (3 del PRI y 2 del PAN), los peores en Estado de Derecho: WJP<br \/>\nPor Redacci\u00f3n QP<\/p>\n","protected":false},"author":2,"featured_media":6545,"comment_status":"open","ping_status":"open","sticky":false,"template":"","format":"standard","meta":{"_monsterinsights_skip_tracking":false,"_monsterinsights_sitenote_active":false,"_monsterinsights_sitenote_note":"","_monsterinsights_sitenote_category":0,"footnotes":""},"categories":[2],"tags":[],"class_list":["post-6546","post","type-post","status-publish","format-standard","has-post-thumbnail","hentry","category-noticias"],"yoast_head":"<!-- This site is optimized with the Yoast SEO plugin v27.3 - https:\/\/yoast.com\/product\/yoast-seo-wordpress\/ -->\n<title>Guerrero, BCS, Edomex, Sonora y Puebla (3 del PRI y 2 del PAN), los peores en Estado de Derecho: WJP -<\/title>\n<meta name=\"robots\" content=\"index, follow, max-snippet:-1, max-image-preview:large, max-video-preview:-1\" \/>\n<link rel=\"canonical\" href=\"https:\/\/quehacerpolitico.mx\/?p=6546\" \/>\n<meta property=\"og:locale\" content=\"es_MX\" \/>\n<meta property=\"og:type\" content=\"article\" \/>\n<meta property=\"og:title\" content=\"Guerrero, BCS, Edomex, Sonora y Puebla (3 del PRI y 2 del PAN), los peores en Estado de Derecho: WJP -\" \/>\n<meta property=\"og:description\" content=\"Guerrero, BCS, Edomex, Sonora y Puebla (3 del PRI y 2 del PAN), los peores en Estado de Derecho: WJP Por Redacci\u00f3n QP\" \/>\n<meta property=\"og:url\" content=\"https:\/\/quehacerpolitico.mx\/?p=6546\" \/>\n<meta property=\"article:published_time\" content=\"2018-10-10T03:20:50+00:00\" \/>\n<meta name=\"author\" content=\"Redacci\u00f3n QP\" \/>\n<meta name=\"twitter:card\" content=\"summary_large_image\" \/>\n<meta name=\"twitter:label1\" content=\"Escrito por\" \/>\n\t<meta name=\"twitter:data1\" content=\"Redacci\u00f3n QP\" \/>\n\t<meta name=\"twitter:label2\" content=\"Tiempo de lectura\" \/>\n\t<meta name=\"twitter:data2\" content=\"5 minutos\" \/>\n<script type=\"application\/ld+json\" class=\"yoast-schema-graph\">{\"@context\":\"https:\\\/\\\/schema.org\",\"@graph\":[{\"@type\":\"Article\",\"@id\":\"https:\\\/\\\/quehacerpolitico.mx\\\/?p=6546#article\",\"isPartOf\":{\"@id\":\"https:\\\/\\\/quehacerpolitico.mx\\\/?p=6546\"},\"author\":{\"name\":\"Redacci\u00f3n QP\",\"@id\":\"https:\\\/\\\/quehacerpolitico.mx\\\/#\\\/schema\\\/person\\\/496d8ad2d1d3f8036101dca7ee39e585\"},\"headline\":\"Guerrero, BCS, Edomex, Sonora y Puebla (3 del PRI y 2 del PAN), los peores en Estado de Derecho: WJP\",\"datePublished\":\"2018-10-10T03:20:50+00:00\",\"mainEntityOfPage\":{\"@id\":\"https:\\\/\\\/quehacerpolitico.mx\\\/?p=6546\"},\"wordCount\":988,\"commentCount\":0,\"image\":{\"@id\":\"https:\\\/\\\/quehacerpolitico.mx\\\/?p=6546#primaryimage\"},\"thumbnailUrl\":\"\",\"articleSection\":[\"Noticias\"],\"inLanguage\":\"es\",\"potentialAction\":[{\"@type\":\"CommentAction\",\"name\":\"Comment\",\"target\":[\"https:\\\/\\\/quehacerpolitico.mx\\\/?p=6546#respond\"]}]},{\"@type\":\"WebPage\",\"@id\":\"https:\\\/\\\/quehacerpolitico.mx\\\/?p=6546\",\"url\":\"https:\\\/\\\/quehacerpolitico.mx\\\/?p=6546\",\"name\":\"Guerrero, BCS, Edomex, Sonora y Puebla (3 del PRI y 2 del PAN), los peores en Estado de Derecho: WJP -\",\"isPartOf\":{\"@id\":\"https:\\\/\\\/quehacerpolitico.mx\\\/#website\"},\"primaryImageOfPage\":{\"@id\":\"https:\\\/\\\/quehacerpolitico.mx\\\/?p=6546#primaryimage\"},\"image\":{\"@id\":\"https:\\\/\\\/quehacerpolitico.mx\\\/?p=6546#primaryimage\"},\"thumbnailUrl\":\"\",\"datePublished\":\"2018-10-10T03:20:50+00:00\",\"author\":{\"@id\":\"https:\\\/\\\/quehacerpolitico.mx\\\/#\\\/schema\\\/person\\\/496d8ad2d1d3f8036101dca7ee39e585\"},\"breadcrumb\":{\"@id\":\"https:\\\/\\\/quehacerpolitico.mx\\\/?p=6546#breadcrumb\"},\"inLanguage\":\"es\",\"potentialAction\":[{\"@type\":\"ReadAction\",\"target\":[\"https:\\\/\\\/quehacerpolitico.mx\\\/?p=6546\"]}]},{\"@type\":\"ImageObject\",\"inLanguage\":\"es\",\"@id\":\"https:\\\/\\\/quehacerpolitico.mx\\\/?p=6546#primaryimage\",\"url\":\"\",\"contentUrl\":\"\"},{\"@type\":\"BreadcrumbList\",\"@id\":\"https:\\\/\\\/quehacerpolitico.mx\\\/?p=6546#breadcrumb\",\"itemListElement\":[{\"@type\":\"ListItem\",\"position\":1,\"name\":\"Inicio\",\"item\":\"https:\\\/\\\/quehacerpolitico.mx\\\/\"},{\"@type\":\"ListItem\",\"position\":2,\"name\":\"Guerrero, BCS, Edomex, Sonora y Puebla (3 del PRI y 2 del PAN), los peores en Estado de Derecho: WJP\"}]},{\"@type\":\"WebSite\",\"@id\":\"https:\\\/\\\/quehacerpolitico.mx\\\/#website\",\"url\":\"https:\\\/\\\/quehacerpolitico.mx\\\/\",\"name\":\"\",\"description\":\"\",\"potentialAction\":[{\"@type\":\"SearchAction\",\"target\":{\"@type\":\"EntryPoint\",\"urlTemplate\":\"https:\\\/\\\/quehacerpolitico.mx\\\/?s={search_term_string}\"},\"query-input\":{\"@type\":\"PropertyValueSpecification\",\"valueRequired\":true,\"valueName\":\"search_term_string\"}}],\"inLanguage\":\"es\"},{\"@type\":\"Person\",\"@id\":\"https:\\\/\\\/quehacerpolitico.mx\\\/#\\\/schema\\\/person\\\/496d8ad2d1d3f8036101dca7ee39e585\",\"name\":\"Redacci\u00f3n QP\",\"image\":{\"@type\":\"ImageObject\",\"inLanguage\":\"es\",\"@id\":\"https:\\\/\\\/secure.gravatar.com\\\/avatar\\\/c7164ed6fdec453195284ad24a5ae5b6e1eed2b848477fa2a4787ba9adf39a41?s=96&d=mm&r=g\",\"url\":\"https:\\\/\\\/secure.gravatar.com\\\/avatar\\\/c7164ed6fdec453195284ad24a5ae5b6e1eed2b848477fa2a4787ba9adf39a41?s=96&d=mm&r=g\",\"contentUrl\":\"https:\\\/\\\/secure.gravatar.com\\\/avatar\\\/c7164ed6fdec453195284ad24a5ae5b6e1eed2b848477fa2a4787ba9adf39a41?s=96&d=mm&r=g\",\"caption\":\"Redacci\u00f3n QP\"},\"url\":\"https:\\\/\\\/quehacerpolitico.mx\\\/?author=2\"}]}<\/script>\n<!-- \/ Yoast SEO plugin. -->","yoast_head_json":{"title":"Guerrero, BCS, Edomex, Sonora y Puebla (3 del PRI y 2 del PAN), los peores en Estado de Derecho: WJP -","robots":{"index":"index","follow":"follow","max-snippet":"max-snippet:-1","max-image-preview":"max-image-preview:large","max-video-preview":"max-video-preview:-1"},"canonical":"https:\/\/quehacerpolitico.mx\/?p=6546","og_locale":"es_MX","og_type":"article","og_title":"Guerrero, BCS, Edomex, Sonora y Puebla (3 del PRI y 2 del PAN), los peores en Estado de Derecho: WJP -","og_description":"Guerrero, BCS, Edomex, Sonora y Puebla (3 del PRI y 2 del PAN), los peores en Estado de Derecho: WJP Por Redacci\u00f3n QP","og_url":"https:\/\/quehacerpolitico.mx\/?p=6546","article_published_time":"2018-10-10T03:20:50+00:00","author":"Redacci\u00f3n QP","twitter_card":"summary_large_image","twitter_misc":{"Escrito por":"Redacci\u00f3n QP","Tiempo de lectura":"5 minutos"},"schema":{"@context":"https:\/\/schema.org","@graph":[{"@type":"Article","@id":"https:\/\/quehacerpolitico.mx\/?p=6546#article","isPartOf":{"@id":"https:\/\/quehacerpolitico.mx\/?p=6546"},"author":{"name":"Redacci\u00f3n QP","@id":"https:\/\/quehacerpolitico.mx\/#\/schema\/person\/496d8ad2d1d3f8036101dca7ee39e585"},"headline":"Guerrero, BCS, Edomex, Sonora y Puebla (3 del PRI y 2 del PAN), los peores en Estado de Derecho: WJP","datePublished":"2018-10-10T03:20:50+00:00","mainEntityOfPage":{"@id":"https:\/\/quehacerpolitico.mx\/?p=6546"},"wordCount":988,"commentCount":0,"image":{"@id":"https:\/\/quehacerpolitico.mx\/?p=6546#primaryimage"},"thumbnailUrl":"","articleSection":["Noticias"],"inLanguage":"es","potentialAction":[{"@type":"CommentAction","name":"Comment","target":["https:\/\/quehacerpolitico.mx\/?p=6546#respond"]}]},{"@type":"WebPage","@id":"https:\/\/quehacerpolitico.mx\/?p=6546","url":"https:\/\/quehacerpolitico.mx\/?p=6546","name":"Guerrero, BCS, Edomex, Sonora y Puebla (3 del PRI y 2 del PAN), los peores en Estado de Derecho: WJP -","isPartOf":{"@id":"https:\/\/quehacerpolitico.mx\/#website"},"primaryImageOfPage":{"@id":"https:\/\/quehacerpolitico.mx\/?p=6546#primaryimage"},"image":{"@id":"https:\/\/quehacerpolitico.mx\/?p=6546#primaryimage"},"thumbnailUrl":"","datePublished":"2018-10-10T03:20:50+00:00","author":{"@id":"https:\/\/quehacerpolitico.mx\/#\/schema\/person\/496d8ad2d1d3f8036101dca7ee39e585"},"breadcrumb":{"@id":"https:\/\/quehacerpolitico.mx\/?p=6546#breadcrumb"},"inLanguage":"es","potentialAction":[{"@type":"ReadAction","target":["https:\/\/quehacerpolitico.mx\/?p=6546"]}]},{"@type":"ImageObject","inLanguage":"es","@id":"https:\/\/quehacerpolitico.mx\/?p=6546#primaryimage","url":"","contentUrl":""},{"@type":"BreadcrumbList","@id":"https:\/\/quehacerpolitico.mx\/?p=6546#breadcrumb","itemListElement":[{"@type":"ListItem","position":1,"name":"Inicio","item":"https:\/\/quehacerpolitico.mx\/"},{"@type":"ListItem","position":2,"name":"Guerrero, BCS, Edomex, Sonora y Puebla (3 del PRI y 2 del PAN), los peores en Estado de Derecho: WJP"}]},{"@type":"WebSite","@id":"https:\/\/quehacerpolitico.mx\/#website","url":"https:\/\/quehacerpolitico.mx\/","name":"","description":"","potentialAction":[{"@type":"SearchAction","target":{"@type":"EntryPoint","urlTemplate":"https:\/\/quehacerpolitico.mx\/?s={search_term_string}"},"query-input":{"@type":"PropertyValueSpecification","valueRequired":true,"valueName":"search_term_string"}}],"inLanguage":"es"},{"@type":"Person","@id":"https:\/\/quehacerpolitico.mx\/#\/schema\/person\/496d8ad2d1d3f8036101dca7ee39e585","name":"Redacci\u00f3n QP","image":{"@type":"ImageObject","inLanguage":"es","@id":"https:\/\/secure.gravatar.com\/avatar\/c7164ed6fdec453195284ad24a5ae5b6e1eed2b848477fa2a4787ba9adf39a41?s=96&d=mm&r=g","url":"https:\/\/secure.gravatar.com\/avatar\/c7164ed6fdec453195284ad24a5ae5b6e1eed2b848477fa2a4787ba9adf39a41?s=96&d=mm&r=g","contentUrl":"https:\/\/secure.gravatar.com\/avatar\/c7164ed6fdec453195284ad24a5ae5b6e1eed2b848477fa2a4787ba9adf39a41?s=96&d=mm&r=g","caption":"Redacci\u00f3n QP"},"url":"https:\/\/quehacerpolitico.mx\/?author=2"}]}},"featured_image_urls":{"full":"","thumbnail":"","medium":"","medium_large":"","large":"","1536x1536":"","2048x2048":"","covernews-featured":"","covernews-medium":""},"author_info":{"display_name":"Redacci\u00f3n QP","author_link":"https:\/\/quehacerpolitico.mx\/?author=2"},"category_info":"<a href=\"https:\/\/quehacerpolitico.mx\/?cat=2\" rel=\"category\">Noticias<\/a>","tag_info":"Noticias","comment_count":"0","_links":{"self":[{"href":"https:\/\/quehacerpolitico.mx\/index.php?rest_route=\/wp\/v2\/posts\/6546","targetHints":{"allow":["GET"]}}],"collection":[{"href":"https:\/\/quehacerpolitico.mx\/index.php?rest_route=\/wp\/v2\/posts"}],"about":[{"href":"https:\/\/quehacerpolitico.mx\/index.php?rest_route=\/wp\/v2\/types\/post"}],"author":[{"embeddable":true,"href":"https:\/\/quehacerpolitico.mx\/index.php?rest_route=\/wp\/v2\/users\/2"}],"replies":[{"embeddable":true,"href":"https:\/\/quehacerpolitico.mx\/index.php?rest_route=%2Fwp%2Fv2%2Fcomments&post=6546"}],"version-history":[{"count":0,"href":"https:\/\/quehacerpolitico.mx\/index.php?rest_route=\/wp\/v2\/posts\/6546\/revisions"}],"wp:featuredmedia":[{"embeddable":true,"href":"https:\/\/quehacerpolitico.mx\/index.php?rest_route=\/"}],"wp:attachment":[{"href":"https:\/\/quehacerpolitico.mx\/index.php?rest_route=%2Fwp%2Fv2%2Fmedia&parent=6546"}],"wp:term":[{"taxonomy":"category","embeddable":true,"href":"https:\/\/quehacerpolitico.mx\/index.php?rest_route=%2Fwp%2Fv2%2Fcategories&post=6546"},{"taxonomy":"post_tag","embeddable":true,"href":"https:\/\/quehacerpolitico.mx\/index.php?rest_route=%2Fwp%2Fv2%2Ftags&post=6546"}],"curies":[{"name":"wp","href":"https:\/\/api.w.org\/{rel}","templated":true}]}}