{"id":65435,"date":"2020-09-23T20:43:32","date_gmt":"2020-09-24T01:43:32","guid":{"rendered":"http:\/\/quehacerpolitico.mx\/?p=65435"},"modified":"2020-09-23T20:43:32","modified_gmt":"2020-09-24T01:43:32","slug":"anaya-presenta-libro-donde-critica-gobierno-de-amlo","status":"publish","type":"post","link":"https:\/\/quehacerpolitico.mx\/?p=65435","title":{"rendered":"Anaya presenta libro donde critica gobierno de AMLO"},"content":{"rendered":"<h1 class=\"news-title\">Anaya presenta libro donde critica gobierno de AMLO<br \/>\nPor Redacci\u00f3n QP<\/h1>\n<div class=\"news-subtitle\">\n<p>En un primer video de una serie que lanzar\u00e1 semana a semana, Anaya Cort\u00e9s afirma que la estrategia de &#8220;abrazos y no balazos&#8221; del Presidente fracas\u00f3<\/p>\n<p><iframe loading=\"lazy\" title=\"Anaya presenta su nuevo libro\" width=\"640\" height=\"360\" src=\"https:\/\/www.youtube.com\/embed\/LgprkSWMD6I?feature=oembed\" frameborder=\"0\" allow=\"accelerometer; autoplay; clipboard-write; encrypted-media; gyroscope; picture-in-picture; web-share\" referrerpolicy=\"strict-origin-when-cross-origin\" allowfullscreen><\/iframe><\/p>\n<\/div>\n<div class=\"social-share-box normal\">\n<p>El ex candidato presidencial del PAN, Ricardo Anaya Cortes lanz\u00f3 un video para presentar su libro: &#8220;El Presente, el Pasado y el Futuro de M\u00e9xico&#8221; en donde hace una serie de cr\u00edticas a la administraci\u00f3n del Presidente, Andres Manuel L\u00f3pez Obrador (AMLO) y adelanta que la estrategia de abrazos y no balazos, fracas\u00f3.<\/p>\n<p>En este <strong>primer video de una serie que lanzar\u00e1 semana a semana<\/strong>, Anaya Cort\u00e9s pregunta: &#8220;\u00bfCrees que M\u00e9xico va por el camino correcto? Muchos pensamos que no. La inseguridad, el desempleo, el deterioro ambiental, la crisis de salud, son una realidad. Pero tambi\u00e9n est\u00e1 claro que nada va a cambiar si s\u00f3lo nos estamos quejando. No basta con s\u00f3lo estar criticando al gobierno. D\u00e9jame ponerlo de otra manera: <strong>S\u00ed, la estrategia de abrazos y no balazos fracas\u00f3<\/strong>. No hay duda, la inseguridad est\u00e1 peor que nunca&#8221;.<\/p>\n<div id=\"teads_ad\">\n<div id=\"div-gpt-ad-1548262875188-0\" data-google-query-id=\"CLGb4Z_UgOwCFcl3AQod3pIF9A\">\n<p>Y lanz\u00f3 otra pregunta: \u00bfcu\u00e1l es la propuesta para que las familias vivan en paz? \u00bfTe acuerdas de su propaganda electoral, por el bien de todos primero los pobres? &#8220;Esa promesa tampoco se cumpli\u00f3, lamentablemente se han sumado 10 millones de personas a las filas de la pobreza. Eso lo sabemos. Pero, otra vez, <strong>\u00bfcu\u00e1l es la propuesta para erradicar la pobreza, reducir la desigualdad, que la gente tenga un trabajo bien pagado? Pues de eso se trata este libro&#8221;.<\/strong><\/p>\n<p>El panista describe que su libro contiene fuertes cr\u00edticas al gobierno de L\u00f3pez Obrador, y describe que la verdad es que estar\u00edamos perdiendo el tiempo, si las cr\u00edticas no vinieran acompa\u00f1adas de soluciones concretas a los problemas que enfrenta el pa\u00eds y que le afectan a la gente.<\/p>\n<p>&#8220;La primera parte del libro est\u00e1 dedicada al debate sobre nuestro pasado. Y esto es crucial, porque <strong>las malas decisiones de L\u00f3pez Obrador empiezan desde la manera tramposa en que interpreta la historia<\/strong> para acomodarla a sus fines personales y pol\u00edticos. Y la segunda parte del libro es sobre algunos de los principales temas de la agenda nacional y, claro, sus posibles soluciones&#8221;.<\/p>\n<p>Tambi\u00e9n habla de corrupci\u00f3n e impunidad, violencia, narcotr\u00e1fico, el debate sobre la legalizaci\u00f3n de las drogas, pobreza, desigualdad, ingreso b\u00e1sico universal, el crecimiento econ\u00f3mico, procesos electorales y la relaci\u00f3n con Estados Unidos.<\/p>\n<p>&#8220;En M\u00e9xico nos urge dialogar. Escuchar con respeto y con la mente abierta a quien no piensa como nosotros. El objetivo del libro y de estos videos no es venir a exponerte una verdad absoluta, sino invitarte a que reflexionemos juntos. Te voy a compartir mis ideas pero tambi\u00e9n quiero escuchar las tuyas&#8221;, agrega el queretano.<\/p>\n<p><strong>Anaya define que el libro concluye con una reflexi\u00f3n sobre un futuro para M\u00e9xico que s\u00ed es posible.<\/strong><\/p>\n<p>&#8220;Un futuro al que por cierto no llegaremos por el camino que sigue esta autodenominada cuarta transformaci\u00f3n, un futuro que es diametralmente opuesto al pasado, ese pasado que representa la absurda refiner\u00eda, el desprecio por la ciencia y la tecnolog\u00eda o el rechazo a las energ\u00edas limpias&#8221;.<\/p>\n<p>Con informaci\u00f3n de SUN<\/p>\n<\/div>\n<\/div>\n<\/div>\n","protected":false},"excerpt":{"rendered":"<p>Anaya presenta libro donde critica gobierno de AMLO Por Redacci\u00f3n QP En un primer video&#8230;<\/p>\n","protected":false},"author":2,"featured_media":65437,"comment_status":"open","ping_status":"open","sticky":false,"template":"","format":"standard","meta":{"_monsterinsights_skip_tracking":false,"_monsterinsights_sitenote_active":false,"_monsterinsights_sitenote_note":"","_monsterinsights_sitenote_category":0,"footnotes":""},"categories":[2],"tags":[],"class_list":["post-65435","post","type-post","status-publish","format-standard","has-post-thumbnail","hentry","category-noticias"],"yoast_head":"<!-- This site is optimized with the Yoast SEO plugin v27.3 - https:\/\/yoast.com\/product\/yoast-seo-wordpress\/ -->\n<title>Anaya presenta libro donde critica gobierno de AMLO -<\/title>\n<meta name=\"robots\" content=\"index, follow, max-snippet:-1, max-image-preview:large, max-video-preview:-1\" \/>\n<link rel=\"canonical\" href=\"https:\/\/quehacerpolitico.mx\/?p=65435\" \/>\n<meta property=\"og:locale\" content=\"es_MX\" \/>\n<meta property=\"og:type\" content=\"article\" \/>\n<meta property=\"og:title\" content=\"Anaya presenta libro donde critica gobierno de AMLO -\" \/>\n<meta property=\"og:description\" content=\"Anaya presenta libro donde critica gobierno de AMLO Por Redacci\u00f3n QP En un primer video...\" \/>\n<meta property=\"og:url\" content=\"https:\/\/quehacerpolitico.mx\/?p=65435\" \/>\n<meta property=\"article:published_time\" content=\"2020-09-24T01:43:32+00:00\" \/>\n<meta property=\"og:image\" content=\"https:\/\/quehacerpolitico.mx\/wp-content\/uploads\/2020\/09\/D309F9C5-7A0A-421A-8353-4FAEFE06F3C2.png\" \/>\n\t<meta property=\"og:image:width\" content=\"320\" \/>\n\t<meta property=\"og:image:height\" content=\"305\" \/>\n\t<meta property=\"og:image:type\" content=\"image\/png\" \/>\n<meta name=\"author\" content=\"Redacci\u00f3n QP\" \/>\n<meta name=\"twitter:card\" content=\"summary_large_image\" \/>\n<meta name=\"twitter:label1\" content=\"Escrito por\" \/>\n\t<meta name=\"twitter:data1\" content=\"Redacci\u00f3n QP\" \/>\n\t<meta name=\"twitter:label2\" content=\"Tiempo de lectura\" \/>\n\t<meta name=\"twitter:data2\" content=\"3 minutos\" \/>\n<script type=\"application\/ld+json\" class=\"yoast-schema-graph\">{\"@context\":\"https:\\\/\\\/schema.org\",\"@graph\":[{\"@type\":\"Article\",\"@id\":\"https:\\\/\\\/quehacerpolitico.mx\\\/?p=65435#article\",\"isPartOf\":{\"@id\":\"https:\\\/\\\/quehacerpolitico.mx\\\/?p=65435\"},\"author\":{\"name\":\"Redacci\u00f3n QP\",\"@id\":\"https:\\\/\\\/quehacerpolitico.mx\\\/#\\\/schema\\\/person\\\/496d8ad2d1d3f8036101dca7ee39e585\"},\"headline\":\"Anaya presenta libro donde critica gobierno de AMLO\",\"datePublished\":\"2020-09-24T01:43:32+00:00\",\"mainEntityOfPage\":{\"@id\":\"https:\\\/\\\/quehacerpolitico.mx\\\/?p=65435\"},\"wordCount\":574,\"commentCount\":0,\"image\":{\"@id\":\"https:\\\/\\\/quehacerpolitico.mx\\\/?p=65435#primaryimage\"},\"thumbnailUrl\":\"https:\\\/\\\/quehacerpolitico.mx\\\/wp-content\\\/uploads\\\/2020\\\/09\\\/D309F9C5-7A0A-421A-8353-4FAEFE06F3C2.png\",\"articleSection\":[\"Noticias\"],\"inLanguage\":\"es\",\"potentialAction\":[{\"@type\":\"CommentAction\",\"name\":\"Comment\",\"target\":[\"https:\\\/\\\/quehacerpolitico.mx\\\/?p=65435#respond\"]}]},{\"@type\":\"WebPage\",\"@id\":\"https:\\\/\\\/quehacerpolitico.mx\\\/?p=65435\",\"url\":\"https:\\\/\\\/quehacerpolitico.mx\\\/?p=65435\",\"name\":\"Anaya presenta libro donde critica gobierno de AMLO -\",\"isPartOf\":{\"@id\":\"https:\\\/\\\/quehacerpolitico.mx\\\/#website\"},\"primaryImageOfPage\":{\"@id\":\"https:\\\/\\\/quehacerpolitico.mx\\\/?p=65435#primaryimage\"},\"image\":{\"@id\":\"https:\\\/\\\/quehacerpolitico.mx\\\/?p=65435#primaryimage\"},\"thumbnailUrl\":\"https:\\\/\\\/quehacerpolitico.mx\\\/wp-content\\\/uploads\\\/2020\\\/09\\\/D309F9C5-7A0A-421A-8353-4FAEFE06F3C2.png\",\"datePublished\":\"2020-09-24T01:43:32+00:00\",\"author\":{\"@id\":\"https:\\\/\\\/quehacerpolitico.mx\\\/#\\\/schema\\\/person\\\/496d8ad2d1d3f8036101dca7ee39e585\"},\"breadcrumb\":{\"@id\":\"https:\\\/\\\/quehacerpolitico.mx\\\/?p=65435#breadcrumb\"},\"inLanguage\":\"es\",\"potentialAction\":[{\"@type\":\"ReadAction\",\"target\":[\"https:\\\/\\\/quehacerpolitico.mx\\\/?p=65435\"]}]},{\"@type\":\"ImageObject\",\"inLanguage\":\"es\",\"@id\":\"https:\\\/\\\/quehacerpolitico.mx\\\/?p=65435#primaryimage\",\"url\":\"https:\\\/\\\/quehacerpolitico.mx\\\/wp-content\\\/uploads\\\/2020\\\/09\\\/D309F9C5-7A0A-421A-8353-4FAEFE06F3C2.png\",\"contentUrl\":\"https:\\\/\\\/quehacerpolitico.mx\\\/wp-content\\\/uploads\\\/2020\\\/09\\\/D309F9C5-7A0A-421A-8353-4FAEFE06F3C2.png\",\"width\":320,\"height\":305},{\"@type\":\"BreadcrumbList\",\"@id\":\"https:\\\/\\\/quehacerpolitico.mx\\\/?p=65435#breadcrumb\",\"itemListElement\":[{\"@type\":\"ListItem\",\"position\":1,\"name\":\"Inicio\",\"item\":\"https:\\\/\\\/quehacerpolitico.mx\\\/\"},{\"@type\":\"ListItem\",\"position\":2,\"name\":\"Anaya presenta libro donde critica gobierno de AMLO\"}]},{\"@type\":\"WebSite\",\"@id\":\"https:\\\/\\\/quehacerpolitico.mx\\\/#website\",\"url\":\"https:\\\/\\\/quehacerpolitico.mx\\\/\",\"name\":\"\",\"description\":\"\",\"potentialAction\":[{\"@type\":\"SearchAction\",\"target\":{\"@type\":\"EntryPoint\",\"urlTemplate\":\"https:\\\/\\\/quehacerpolitico.mx\\\/?s={search_term_string}\"},\"query-input\":{\"@type\":\"PropertyValueSpecification\",\"valueRequired\":true,\"valueName\":\"search_term_string\"}}],\"inLanguage\":\"es\"},{\"@type\":\"Person\",\"@id\":\"https:\\\/\\\/quehacerpolitico.mx\\\/#\\\/schema\\\/person\\\/496d8ad2d1d3f8036101dca7ee39e585\",\"name\":\"Redacci\u00f3n QP\",\"image\":{\"@type\":\"ImageObject\",\"inLanguage\":\"es\",\"@id\":\"https:\\\/\\\/secure.gravatar.com\\\/avatar\\\/c7164ed6fdec453195284ad24a5ae5b6e1eed2b848477fa2a4787ba9adf39a41?s=96&d=mm&r=g\",\"url\":\"https:\\\/\\\/secure.gravatar.com\\\/avatar\\\/c7164ed6fdec453195284ad24a5ae5b6e1eed2b848477fa2a4787ba9adf39a41?s=96&d=mm&r=g\",\"contentUrl\":\"https:\\\/\\\/secure.gravatar.com\\\/avatar\\\/c7164ed6fdec453195284ad24a5ae5b6e1eed2b848477fa2a4787ba9adf39a41?s=96&d=mm&r=g\",\"caption\":\"Redacci\u00f3n QP\"},\"url\":\"https:\\\/\\\/quehacerpolitico.mx\\\/?author=2\"}]}<\/script>\n<!-- \/ Yoast SEO plugin. -->","yoast_head_json":{"title":"Anaya presenta libro donde critica gobierno de AMLO -","robots":{"index":"index","follow":"follow","max-snippet":"max-snippet:-1","max-image-preview":"max-image-preview:large","max-video-preview":"max-video-preview:-1"},"canonical":"https:\/\/quehacerpolitico.mx\/?p=65435","og_locale":"es_MX","og_type":"article","og_title":"Anaya presenta libro donde critica gobierno de AMLO -","og_description":"Anaya presenta libro donde critica gobierno de AMLO Por Redacci\u00f3n QP En un primer video...","og_url":"https:\/\/quehacerpolitico.mx\/?p=65435","article_published_time":"2020-09-24T01:43:32+00:00","og_image":[{"width":320,"height":305,"url":"https:\/\/quehacerpolitico.mx\/wp-content\/uploads\/2020\/09\/D309F9C5-7A0A-421A-8353-4FAEFE06F3C2.png","type":"image\/png"}],"author":"Redacci\u00f3n QP","twitter_card":"summary_large_image","twitter_misc":{"Escrito por":"Redacci\u00f3n QP","Tiempo de lectura":"3 minutos"},"schema":{"@context":"https:\/\/schema.org","@graph":[{"@type":"Article","@id":"https:\/\/quehacerpolitico.mx\/?p=65435#article","isPartOf":{"@id":"https:\/\/quehacerpolitico.mx\/?p=65435"},"author":{"name":"Redacci\u00f3n QP","@id":"https:\/\/quehacerpolitico.mx\/#\/schema\/person\/496d8ad2d1d3f8036101dca7ee39e585"},"headline":"Anaya presenta libro donde critica gobierno de AMLO","datePublished":"2020-09-24T01:43:32+00:00","mainEntityOfPage":{"@id":"https:\/\/quehacerpolitico.mx\/?p=65435"},"wordCount":574,"commentCount":0,"image":{"@id":"https:\/\/quehacerpolitico.mx\/?p=65435#primaryimage"},"thumbnailUrl":"https:\/\/quehacerpolitico.mx\/wp-content\/uploads\/2020\/09\/D309F9C5-7A0A-421A-8353-4FAEFE06F3C2.png","articleSection":["Noticias"],"inLanguage":"es","potentialAction":[{"@type":"CommentAction","name":"Comment","target":["https:\/\/quehacerpolitico.mx\/?p=65435#respond"]}]},{"@type":"WebPage","@id":"https:\/\/quehacerpolitico.mx\/?p=65435","url":"https:\/\/quehacerpolitico.mx\/?p=65435","name":"Anaya presenta libro donde critica gobierno de AMLO -","isPartOf":{"@id":"https:\/\/quehacerpolitico.mx\/#website"},"primaryImageOfPage":{"@id":"https:\/\/quehacerpolitico.mx\/?p=65435#primaryimage"},"image":{"@id":"https:\/\/quehacerpolitico.mx\/?p=65435#primaryimage"},"thumbnailUrl":"https:\/\/quehacerpolitico.mx\/wp-content\/uploads\/2020\/09\/D309F9C5-7A0A-421A-8353-4FAEFE06F3C2.png","datePublished":"2020-09-24T01:43:32+00:00","author":{"@id":"https:\/\/quehacerpolitico.mx\/#\/schema\/person\/496d8ad2d1d3f8036101dca7ee39e585"},"breadcrumb":{"@id":"https:\/\/quehacerpolitico.mx\/?p=65435#breadcrumb"},"inLanguage":"es","potentialAction":[{"@type":"ReadAction","target":["https:\/\/quehacerpolitico.mx\/?p=65435"]}]},{"@type":"ImageObject","inLanguage":"es","@id":"https:\/\/quehacerpolitico.mx\/?p=65435#primaryimage","url":"https:\/\/quehacerpolitico.mx\/wp-content\/uploads\/2020\/09\/D309F9C5-7A0A-421A-8353-4FAEFE06F3C2.png","contentUrl":"https:\/\/quehacerpolitico.mx\/wp-content\/uploads\/2020\/09\/D309F9C5-7A0A-421A-8353-4FAEFE06F3C2.png","width":320,"height":305},{"@type":"BreadcrumbList","@id":"https:\/\/quehacerpolitico.mx\/?p=65435#breadcrumb","itemListElement":[{"@type":"ListItem","position":1,"name":"Inicio","item":"https:\/\/quehacerpolitico.mx\/"},{"@type":"ListItem","position":2,"name":"Anaya presenta libro donde critica gobierno de AMLO"}]},{"@type":"WebSite","@id":"https:\/\/quehacerpolitico.mx\/#website","url":"https:\/\/quehacerpolitico.mx\/","name":"","description":"","potentialAction":[{"@type":"SearchAction","target":{"@type":"EntryPoint","urlTemplate":"https:\/\/quehacerpolitico.mx\/?s={search_term_string}"},"query-input":{"@type":"PropertyValueSpecification","valueRequired":true,"valueName":"search_term_string"}}],"inLanguage":"es"},{"@type":"Person","@id":"https:\/\/quehacerpolitico.mx\/#\/schema\/person\/496d8ad2d1d3f8036101dca7ee39e585","name":"Redacci\u00f3n QP","image":{"@type":"ImageObject","inLanguage":"es","@id":"https:\/\/secure.gravatar.com\/avatar\/c7164ed6fdec453195284ad24a5ae5b6e1eed2b848477fa2a4787ba9adf39a41?s=96&d=mm&r=g","url":"https:\/\/secure.gravatar.com\/avatar\/c7164ed6fdec453195284ad24a5ae5b6e1eed2b848477fa2a4787ba9adf39a41?s=96&d=mm&r=g","contentUrl":"https:\/\/secure.gravatar.com\/avatar\/c7164ed6fdec453195284ad24a5ae5b6e1eed2b848477fa2a4787ba9adf39a41?s=96&d=mm&r=g","caption":"Redacci\u00f3n QP"},"url":"https:\/\/quehacerpolitico.mx\/?author=2"}]}},"featured_image_urls":{"full":["https:\/\/quehacerpolitico.mx\/wp-content\/uploads\/2020\/09\/D309F9C5-7A0A-421A-8353-4FAEFE06F3C2.png",320,305,false],"thumbnail":["https:\/\/quehacerpolitico.mx\/wp-content\/uploads\/2020\/09\/D309F9C5-7A0A-421A-8353-4FAEFE06F3C2-150x150.png",150,150,true],"medium":["https:\/\/quehacerpolitico.mx\/wp-content\/uploads\/2020\/09\/D309F9C5-7A0A-421A-8353-4FAEFE06F3C2-300x286.png",300,286,true],"medium_large":["https:\/\/quehacerpolitico.mx\/wp-content\/uploads\/2020\/09\/D309F9C5-7A0A-421A-8353-4FAEFE06F3C2.png",320,305,false],"large":["https:\/\/quehacerpolitico.mx\/wp-content\/uploads\/2020\/09\/D309F9C5-7A0A-421A-8353-4FAEFE06F3C2.png",320,305,false],"1536x1536":["https:\/\/quehacerpolitico.mx\/wp-content\/uploads\/2020\/09\/D309F9C5-7A0A-421A-8353-4FAEFE06F3C2.png",320,305,false],"2048x2048":["https:\/\/quehacerpolitico.mx\/wp-content\/uploads\/2020\/09\/D309F9C5-7A0A-421A-8353-4FAEFE06F3C2.png",320,305,false],"covernews-featured":["https:\/\/quehacerpolitico.mx\/wp-content\/uploads\/2020\/09\/D309F9C5-7A0A-421A-8353-4FAEFE06F3C2.png",320,305,false],"covernews-medium":["https:\/\/quehacerpolitico.mx\/wp-content\/uploads\/2020\/09\/D309F9C5-7A0A-421A-8353-4FAEFE06F3C2.png",320,305,false]},"author_info":{"display_name":"Redacci\u00f3n QP","author_link":"https:\/\/quehacerpolitico.mx\/?author=2"},"category_info":"<a href=\"https:\/\/quehacerpolitico.mx\/?cat=2\" rel=\"category\">Noticias<\/a>","tag_info":"Noticias","comment_count":"0","_links":{"self":[{"href":"https:\/\/quehacerpolitico.mx\/index.php?rest_route=\/wp\/v2\/posts\/65435","targetHints":{"allow":["GET"]}}],"collection":[{"href":"https:\/\/quehacerpolitico.mx\/index.php?rest_route=\/wp\/v2\/posts"}],"about":[{"href":"https:\/\/quehacerpolitico.mx\/index.php?rest_route=\/wp\/v2\/types\/post"}],"author":[{"embeddable":true,"href":"https:\/\/quehacerpolitico.mx\/index.php?rest_route=\/wp\/v2\/users\/2"}],"replies":[{"embeddable":true,"href":"https:\/\/quehacerpolitico.mx\/index.php?rest_route=%2Fwp%2Fv2%2Fcomments&post=65435"}],"version-history":[{"count":0,"href":"https:\/\/quehacerpolitico.mx\/index.php?rest_route=\/wp\/v2\/posts\/65435\/revisions"}],"wp:featuredmedia":[{"embeddable":true,"href":"https:\/\/quehacerpolitico.mx\/index.php?rest_route=\/wp\/v2\/media\/65437"}],"wp:attachment":[{"href":"https:\/\/quehacerpolitico.mx\/index.php?rest_route=%2Fwp%2Fv2%2Fmedia&parent=65435"}],"wp:term":[{"taxonomy":"category","embeddable":true,"href":"https:\/\/quehacerpolitico.mx\/index.php?rest_route=%2Fwp%2Fv2%2Fcategories&post=65435"},{"taxonomy":"post_tag","embeddable":true,"href":"https:\/\/quehacerpolitico.mx\/index.php?rest_route=%2Fwp%2Fv2%2Ftags&post=65435"}],"curies":[{"name":"wp","href":"https:\/\/api.w.org\/{rel}","templated":true}]}}