{"id":6538,"date":"2018-10-10T00:24:31","date_gmt":"2018-10-10T00:24:31","guid":{"rendered":"http:\/\/quehacerpolitico.mx\/clouthier-sera-vicecoordinadora-de-grupo-parlamentario-de-morena\/"},"modified":"2018-10-10T00:24:31","modified_gmt":"2018-10-10T00:24:31","slug":"clouthier-sera-vicecoordinadora-de-grupo-parlamentario-de-morena","status":"publish","type":"post","link":"https:\/\/quehacerpolitico.mx\/?p=6538","title":{"rendered":"Clouthier ser\u00e1 vicecoordinadora de grupo parlamentario de Morena"},"content":{"rendered":"<p>El grupo parlamentario mayoritario de Morena\u00a0en la C\u00e1mara de Diputados eligi\u00f3 a TatianaClouthier como su vicecoordinadoraparlamentaria y a Pablo G\u00f3mez como su coordinador de todo el proceso legislativo para la LXIV Legislatura.<\/p>\n<div id=\"hybs-mslot-a89e37c8-0\">En su reuni\u00f3n previa, los diputados de Morena <strong>eligieron a otros 14 diputados m\u00e1s como integrantes de su Mesa de Coordinaci\u00f3n y lo hicieron en paridad, es decir, habr\u00e1 la mitad mujeres y la mitad hombres.<\/strong><\/div>\n<p>Cabe recordar que Tatiana Clouthier\u00a0decidi\u00f3 renunciar al cargo de subsecretaria de Gobernaci\u00f3n en el gabinete de Andr\u00e9s Manuel L\u00f3pez Obrador para quedarse de tiempo completo como legisladora federal por motivos familiares.\u00a0<\/p>\n<p>Para efectos pr\u00e1cticos, Horacio Duarte, tambi\u00e9n diputado federal, las hac\u00eda de vocero de la bancada ante la ausencia de un nombramiento, pero hay que recordar que el todav\u00eda representante de Morena ante el INE ser\u00e1 subsecretario del Trabajo en el pr\u00f3ximo gobierno.<\/p>\n<p>&#8220;Ya se eligieron a los integrantes de la Mesa de Coordinaci\u00f3n del Grupo Parlamentario. Y con mucho gusto les informo que la diputada Tatiana Clouthier fue electa como la vicecoordinadora del Grupo Parlamentario de Morena; el diputado Pablo G\u00f3mez va a ser el coordinador de todo el proceso legislativo\u2026 Qued\u00f3 integrada ya el resto de la Mesa de Coordinaci\u00f3n del Grupo Parlamentario, digamos, con Tatiana Clouthier como vicecoordinadora del Grupo Parlamentario y Pablo G\u00f3mez como coordinador del proceso parlamentario&#8221;, dijo Mario Delgado, coordinador de Morena en San L\u00e1zaro.<\/p>\n<blockquote class=\"twitter-tweet\" data-width=\"550\" data-dnt=\"true\">\n<p lang=\"es\" dir=\"ltr\">\u00a1\u00daLTIMA HORA! En consenso decidimos la integraci\u00f3n de la Mesa Directiva de nuestra bancada, donde <a href=\"https:\/\/twitter.com\/tatclouthier?ref_src=twsrc%5Etfw\">@tatclouthier<\/a> ser\u00e1 nuestra vicecoordinadora y <a href=\"https:\/\/twitter.com\/PabloGomez1968?ref_src=twsrc%5Etfw\">@PabloGomez1968<\/a> el coordinador de Proceso Legislativo. <a href=\"https:\/\/t.co\/RMD45obhjm\">pic.twitter.com\/RMD45obhjm<\/a><\/p>\n<p>&mdash; Tus Diputadas y Diputados Morena (@DiputadosMorena) <a href=\"https:\/\/twitter.com\/DiputadosMorena\/status\/1049722499687178240?ref_src=twsrc%5Etfw\">October 9, 2018<\/a><\/p><\/blockquote>\n<p><script async src=\"https:\/\/platform.twitter.com\/widgets.js\" charset=\"utf-8\"><\/script><\/p>\n","protected":false},"excerpt":{"rendered":"<p>Los diputados de Morena eligieron tambi\u00e9n a Pablo G\u00f3mez como coordinador del proceso legislativo para la LXIV Legislatura<br \/>\nPor Redacci\u00f3n QP<\/p>\n","protected":false},"author":2,"featured_media":6537,"comment_status":"open","ping_status":"open","sticky":false,"template":"","format":"standard","meta":{"_monsterinsights_skip_tracking":false,"_monsterinsights_sitenote_active":false,"_monsterinsights_sitenote_note":"","_monsterinsights_sitenote_category":0,"footnotes":""},"categories":[2],"tags":[],"class_list":["post-6538","post","type-post","status-publish","format-standard","has-post-thumbnail","hentry","category-noticias"],"yoast_head":"<!-- This site is optimized with the Yoast SEO plugin v27.3 - https:\/\/yoast.com\/product\/yoast-seo-wordpress\/ -->\n<title>Clouthier ser\u00e1 vicecoordinadora de grupo parlamentario de Morena -<\/title>\n<meta name=\"robots\" content=\"index, follow, max-snippet:-1, max-image-preview:large, max-video-preview:-1\" \/>\n<link rel=\"canonical\" href=\"https:\/\/quehacerpolitico.mx\/?p=6538\" \/>\n<meta property=\"og:locale\" content=\"es_MX\" \/>\n<meta property=\"og:type\" content=\"article\" \/>\n<meta property=\"og:title\" content=\"Clouthier ser\u00e1 vicecoordinadora de grupo parlamentario de Morena -\" \/>\n<meta property=\"og:description\" content=\"Los diputados de Morena eligieron tambi\u00e9n a Pablo G\u00f3mez como coordinador del proceso legislativo para la LXIV Legislatura Por Redacci\u00f3n QP\" \/>\n<meta property=\"og:url\" content=\"https:\/\/quehacerpolitico.mx\/?p=6538\" \/>\n<meta property=\"article:published_time\" content=\"2018-10-10T00:24:31+00:00\" \/>\n<meta name=\"author\" content=\"Redacci\u00f3n QP\" \/>\n<meta name=\"twitter:card\" content=\"summary_large_image\" \/>\n<meta name=\"twitter:label1\" content=\"Escrito por\" \/>\n\t<meta name=\"twitter:data1\" content=\"Redacci\u00f3n QP\" \/>\n\t<meta name=\"twitter:label2\" content=\"Tiempo de lectura\" \/>\n\t<meta name=\"twitter:data2\" content=\"1 minuto\" \/>\n<script type=\"application\/ld+json\" class=\"yoast-schema-graph\">{\"@context\":\"https:\\\/\\\/schema.org\",\"@graph\":[{\"@type\":\"Article\",\"@id\":\"https:\\\/\\\/quehacerpolitico.mx\\\/?p=6538#article\",\"isPartOf\":{\"@id\":\"https:\\\/\\\/quehacerpolitico.mx\\\/?p=6538\"},\"author\":{\"name\":\"Redacci\u00f3n QP\",\"@id\":\"https:\\\/\\\/quehacerpolitico.mx\\\/#\\\/schema\\\/person\\\/496d8ad2d1d3f8036101dca7ee39e585\"},\"headline\":\"Clouthier ser\u00e1 vicecoordinadora de grupo parlamentario de Morena\",\"datePublished\":\"2018-10-10T00:24:31+00:00\",\"mainEntityOfPage\":{\"@id\":\"https:\\\/\\\/quehacerpolitico.mx\\\/?p=6538\"},\"wordCount\":262,\"commentCount\":0,\"image\":{\"@id\":\"https:\\\/\\\/quehacerpolitico.mx\\\/?p=6538#primaryimage\"},\"thumbnailUrl\":\"\",\"articleSection\":[\"Noticias\"],\"inLanguage\":\"es\",\"potentialAction\":[{\"@type\":\"CommentAction\",\"name\":\"Comment\",\"target\":[\"https:\\\/\\\/quehacerpolitico.mx\\\/?p=6538#respond\"]}]},{\"@type\":\"WebPage\",\"@id\":\"https:\\\/\\\/quehacerpolitico.mx\\\/?p=6538\",\"url\":\"https:\\\/\\\/quehacerpolitico.mx\\\/?p=6538\",\"name\":\"Clouthier ser\u00e1 vicecoordinadora de grupo parlamentario de Morena -\",\"isPartOf\":{\"@id\":\"https:\\\/\\\/quehacerpolitico.mx\\\/#website\"},\"primaryImageOfPage\":{\"@id\":\"https:\\\/\\\/quehacerpolitico.mx\\\/?p=6538#primaryimage\"},\"image\":{\"@id\":\"https:\\\/\\\/quehacerpolitico.mx\\\/?p=6538#primaryimage\"},\"thumbnailUrl\":\"\",\"datePublished\":\"2018-10-10T00:24:31+00:00\",\"author\":{\"@id\":\"https:\\\/\\\/quehacerpolitico.mx\\\/#\\\/schema\\\/person\\\/496d8ad2d1d3f8036101dca7ee39e585\"},\"breadcrumb\":{\"@id\":\"https:\\\/\\\/quehacerpolitico.mx\\\/?p=6538#breadcrumb\"},\"inLanguage\":\"es\",\"potentialAction\":[{\"@type\":\"ReadAction\",\"target\":[\"https:\\\/\\\/quehacerpolitico.mx\\\/?p=6538\"]}]},{\"@type\":\"ImageObject\",\"inLanguage\":\"es\",\"@id\":\"https:\\\/\\\/quehacerpolitico.mx\\\/?p=6538#primaryimage\",\"url\":\"\",\"contentUrl\":\"\"},{\"@type\":\"BreadcrumbList\",\"@id\":\"https:\\\/\\\/quehacerpolitico.mx\\\/?p=6538#breadcrumb\",\"itemListElement\":[{\"@type\":\"ListItem\",\"position\":1,\"name\":\"Inicio\",\"item\":\"https:\\\/\\\/quehacerpolitico.mx\\\/\"},{\"@type\":\"ListItem\",\"position\":2,\"name\":\"Clouthier ser\u00e1 vicecoordinadora de grupo parlamentario de Morena\"}]},{\"@type\":\"WebSite\",\"@id\":\"https:\\\/\\\/quehacerpolitico.mx\\\/#website\",\"url\":\"https:\\\/\\\/quehacerpolitico.mx\\\/\",\"name\":\"\",\"description\":\"\",\"potentialAction\":[{\"@type\":\"SearchAction\",\"target\":{\"@type\":\"EntryPoint\",\"urlTemplate\":\"https:\\\/\\\/quehacerpolitico.mx\\\/?s={search_term_string}\"},\"query-input\":{\"@type\":\"PropertyValueSpecification\",\"valueRequired\":true,\"valueName\":\"search_term_string\"}}],\"inLanguage\":\"es\"},{\"@type\":\"Person\",\"@id\":\"https:\\\/\\\/quehacerpolitico.mx\\\/#\\\/schema\\\/person\\\/496d8ad2d1d3f8036101dca7ee39e585\",\"name\":\"Redacci\u00f3n QP\",\"image\":{\"@type\":\"ImageObject\",\"inLanguage\":\"es\",\"@id\":\"https:\\\/\\\/secure.gravatar.com\\\/avatar\\\/c7164ed6fdec453195284ad24a5ae5b6e1eed2b848477fa2a4787ba9adf39a41?s=96&d=mm&r=g\",\"url\":\"https:\\\/\\\/secure.gravatar.com\\\/avatar\\\/c7164ed6fdec453195284ad24a5ae5b6e1eed2b848477fa2a4787ba9adf39a41?s=96&d=mm&r=g\",\"contentUrl\":\"https:\\\/\\\/secure.gravatar.com\\\/avatar\\\/c7164ed6fdec453195284ad24a5ae5b6e1eed2b848477fa2a4787ba9adf39a41?s=96&d=mm&r=g\",\"caption\":\"Redacci\u00f3n QP\"},\"url\":\"https:\\\/\\\/quehacerpolitico.mx\\\/?author=2\"}]}<\/script>\n<!-- \/ Yoast SEO plugin. -->","yoast_head_json":{"title":"Clouthier ser\u00e1 vicecoordinadora de grupo parlamentario de Morena -","robots":{"index":"index","follow":"follow","max-snippet":"max-snippet:-1","max-image-preview":"max-image-preview:large","max-video-preview":"max-video-preview:-1"},"canonical":"https:\/\/quehacerpolitico.mx\/?p=6538","og_locale":"es_MX","og_type":"article","og_title":"Clouthier ser\u00e1 vicecoordinadora de grupo parlamentario de Morena -","og_description":"Los diputados de Morena eligieron tambi\u00e9n a Pablo G\u00f3mez como coordinador del proceso legislativo para la LXIV Legislatura Por Redacci\u00f3n QP","og_url":"https:\/\/quehacerpolitico.mx\/?p=6538","article_published_time":"2018-10-10T00:24:31+00:00","author":"Redacci\u00f3n QP","twitter_card":"summary_large_image","twitter_misc":{"Escrito por":"Redacci\u00f3n QP","Tiempo de lectura":"1 minuto"},"schema":{"@context":"https:\/\/schema.org","@graph":[{"@type":"Article","@id":"https:\/\/quehacerpolitico.mx\/?p=6538#article","isPartOf":{"@id":"https:\/\/quehacerpolitico.mx\/?p=6538"},"author":{"name":"Redacci\u00f3n QP","@id":"https:\/\/quehacerpolitico.mx\/#\/schema\/person\/496d8ad2d1d3f8036101dca7ee39e585"},"headline":"Clouthier ser\u00e1 vicecoordinadora de grupo parlamentario de Morena","datePublished":"2018-10-10T00:24:31+00:00","mainEntityOfPage":{"@id":"https:\/\/quehacerpolitico.mx\/?p=6538"},"wordCount":262,"commentCount":0,"image":{"@id":"https:\/\/quehacerpolitico.mx\/?p=6538#primaryimage"},"thumbnailUrl":"","articleSection":["Noticias"],"inLanguage":"es","potentialAction":[{"@type":"CommentAction","name":"Comment","target":["https:\/\/quehacerpolitico.mx\/?p=6538#respond"]}]},{"@type":"WebPage","@id":"https:\/\/quehacerpolitico.mx\/?p=6538","url":"https:\/\/quehacerpolitico.mx\/?p=6538","name":"Clouthier ser\u00e1 vicecoordinadora de grupo parlamentario de Morena -","isPartOf":{"@id":"https:\/\/quehacerpolitico.mx\/#website"},"primaryImageOfPage":{"@id":"https:\/\/quehacerpolitico.mx\/?p=6538#primaryimage"},"image":{"@id":"https:\/\/quehacerpolitico.mx\/?p=6538#primaryimage"},"thumbnailUrl":"","datePublished":"2018-10-10T00:24:31+00:00","author":{"@id":"https:\/\/quehacerpolitico.mx\/#\/schema\/person\/496d8ad2d1d3f8036101dca7ee39e585"},"breadcrumb":{"@id":"https:\/\/quehacerpolitico.mx\/?p=6538#breadcrumb"},"inLanguage":"es","potentialAction":[{"@type":"ReadAction","target":["https:\/\/quehacerpolitico.mx\/?p=6538"]}]},{"@type":"ImageObject","inLanguage":"es","@id":"https:\/\/quehacerpolitico.mx\/?p=6538#primaryimage","url":"","contentUrl":""},{"@type":"BreadcrumbList","@id":"https:\/\/quehacerpolitico.mx\/?p=6538#breadcrumb","itemListElement":[{"@type":"ListItem","position":1,"name":"Inicio","item":"https:\/\/quehacerpolitico.mx\/"},{"@type":"ListItem","position":2,"name":"Clouthier ser\u00e1 vicecoordinadora de grupo parlamentario de Morena"}]},{"@type":"WebSite","@id":"https:\/\/quehacerpolitico.mx\/#website","url":"https:\/\/quehacerpolitico.mx\/","name":"","description":"","potentialAction":[{"@type":"SearchAction","target":{"@type":"EntryPoint","urlTemplate":"https:\/\/quehacerpolitico.mx\/?s={search_term_string}"},"query-input":{"@type":"PropertyValueSpecification","valueRequired":true,"valueName":"search_term_string"}}],"inLanguage":"es"},{"@type":"Person","@id":"https:\/\/quehacerpolitico.mx\/#\/schema\/person\/496d8ad2d1d3f8036101dca7ee39e585","name":"Redacci\u00f3n QP","image":{"@type":"ImageObject","inLanguage":"es","@id":"https:\/\/secure.gravatar.com\/avatar\/c7164ed6fdec453195284ad24a5ae5b6e1eed2b848477fa2a4787ba9adf39a41?s=96&d=mm&r=g","url":"https:\/\/secure.gravatar.com\/avatar\/c7164ed6fdec453195284ad24a5ae5b6e1eed2b848477fa2a4787ba9adf39a41?s=96&d=mm&r=g","contentUrl":"https:\/\/secure.gravatar.com\/avatar\/c7164ed6fdec453195284ad24a5ae5b6e1eed2b848477fa2a4787ba9adf39a41?s=96&d=mm&r=g","caption":"Redacci\u00f3n QP"},"url":"https:\/\/quehacerpolitico.mx\/?author=2"}]}},"featured_image_urls":{"full":"","thumbnail":"","medium":"","medium_large":"","large":"","1536x1536":"","2048x2048":"","covernews-featured":"","covernews-medium":""},"author_info":{"display_name":"Redacci\u00f3n QP","author_link":"https:\/\/quehacerpolitico.mx\/?author=2"},"category_info":"<a href=\"https:\/\/quehacerpolitico.mx\/?cat=2\" rel=\"category\">Noticias<\/a>","tag_info":"Noticias","comment_count":"0","_links":{"self":[{"href":"https:\/\/quehacerpolitico.mx\/index.php?rest_route=\/wp\/v2\/posts\/6538","targetHints":{"allow":["GET"]}}],"collection":[{"href":"https:\/\/quehacerpolitico.mx\/index.php?rest_route=\/wp\/v2\/posts"}],"about":[{"href":"https:\/\/quehacerpolitico.mx\/index.php?rest_route=\/wp\/v2\/types\/post"}],"author":[{"embeddable":true,"href":"https:\/\/quehacerpolitico.mx\/index.php?rest_route=\/wp\/v2\/users\/2"}],"replies":[{"embeddable":true,"href":"https:\/\/quehacerpolitico.mx\/index.php?rest_route=%2Fwp%2Fv2%2Fcomments&post=6538"}],"version-history":[{"count":0,"href":"https:\/\/quehacerpolitico.mx\/index.php?rest_route=\/wp\/v2\/posts\/6538\/revisions"}],"wp:featuredmedia":[{"embeddable":true,"href":"https:\/\/quehacerpolitico.mx\/index.php?rest_route=\/"}],"wp:attachment":[{"href":"https:\/\/quehacerpolitico.mx\/index.php?rest_route=%2Fwp%2Fv2%2Fmedia&parent=6538"}],"wp:term":[{"taxonomy":"category","embeddable":true,"href":"https:\/\/quehacerpolitico.mx\/index.php?rest_route=%2Fwp%2Fv2%2Fcategories&post=6538"},{"taxonomy":"post_tag","embeddable":true,"href":"https:\/\/quehacerpolitico.mx\/index.php?rest_route=%2Fwp%2Fv2%2Ftags&post=6538"}],"curies":[{"name":"wp","href":"https:\/\/api.w.org\/{rel}","templated":true}]}}