{"id":6534,"date":"2018-10-10T00:08:11","date_gmt":"2018-10-10T00:08:11","guid":{"rendered":"http:\/\/quehacerpolitico.mx\/esta-es-la-historia-detras-de-la-joven-graduada-y-sus-padres-de-origen-indigena\/"},"modified":"2018-10-10T00:08:11","modified_gmt":"2018-10-10T00:08:11","slug":"esta-es-la-historia-detras-de-la-joven-graduada-y-sus-padres-de-origen-indigena","status":"publish","type":"post","link":"https:\/\/quehacerpolitico.mx\/?p=6534","title":{"rendered":"Esta es la historia detr\u00e1s de la joven graduada y sus padres de origen ind\u00edgena"},"content":{"rendered":"<p>Para salir adelante no hay <strong>obst\u00e1culos<\/strong> y para muestra la historia de <strong>Elena<\/strong>, sus padres y una <strong>fotograf\u00eda<\/strong> de <strong>graduacion<\/strong> que inhund\u00f3 las redes sociales.<\/p>\n<p>Apr\u00f3ximadamente hace <strong>dos meses<\/strong> se viraliz\u00f3 la fotograf\u00eda de un matrimonio de <strong>origen ind\u00edgena<\/strong> con regalos que dejaban ver el orgullo que sienten por su hija.\u00a0En aquella ocasi\u00f3n, la <strong>pareja\u00a0<\/strong>acompa\u00f1\u00f3 a <strong>Elena<\/strong> para que recibiera su t\u00edtulo al <strong>Instituto Tecnol\u00f3gico de Durango.\u00a0<\/strong><\/p>\n<p>Los <strong>padres de familia,<\/strong> le regalaron a su <strong>peque\u00f1a<\/strong> un burrito del <strong>Polit\u00e9cnico<\/strong>, un globo y <strong>flores<\/strong> envueltas en una <strong>cartulina<\/strong> con el <strong>mensaje<\/strong>: <em>Hija, lo lograste.\u00a0<\/em><\/p>\n<p>De acuerdo con <strong>Roberto \u00c1lvarez Mayorga,<\/strong>compa\u00f1ero de generaci\u00f3n, Elena ten\u00eda que estudiar su carrera a distancia debido a que viv\u00eda a 3 horas del plantel, en la zona de<strong>Mezquital Durango.<\/strong><\/p>\n<p>A pesar de todas las <strong>problem\u00e1ticas<\/strong> a las que la joven tuvo que enfrentarse, obtuvo su <strong>medalla<\/strong> por su buen <strong>aprovechamiento<\/strong> y obtuvo un <strong>promedio de 9.6.\u00a0<\/strong><\/p>\n<p><img loading=\"lazy\" decoding=\"async\" class=\"alignnone wp-image-252590\" src=\"https:\/\/elbigdata.mx\/wp-content\/uploads\/2018\/10\/graduaci%C3%B3n_durango_2.jpg\" sizes=\"auto, (max-width: 783px) 100vw, 783px\" srcset=\"https:\/\/elbigdata.mx\/wp-content\/uploads\/2018\/10\/graduaci%C3%B3n_durango_2.jpg 1000w, https:\/\/elbigdata.mx\/wp-content\/uploads\/2018\/10\/graduaci%C3%B3n_durango_2-300x172.jpg 300w, https:\/\/elbigdata.mx\/wp-content\/uploads\/2018\/10\/graduaci%C3%B3n_durango_2-768x439.jpg 768w\" alt=\"\" width=\"783\" height=\"448\" data-cfsrc=\"https:\/\/elbigdata.mx\/wp-content\/uploads\/2018\/10\/graduaci\u00f3n_durango_2.jpg\" \/><\/p>\n<p><img loading=\"lazy\" decoding=\"async\" class=\"alignnone wp-image-252592\" src=\"https:\/\/elbigdata.mx\/wp-content\/uploads\/2018\/10\/graduaci%C3%B3n_durang.jpg\" sizes=\"auto, (max-width: 783px) 100vw, 783px\" srcset=\"https:\/\/elbigdata.mx\/wp-content\/uploads\/2018\/10\/graduaci%C3%B3n_durang.jpg 1000w, https:\/\/elbigdata.mx\/wp-content\/uploads\/2018\/10\/graduaci%C3%B3n_durang-300x172.jpg 300w, https:\/\/elbigdata.mx\/wp-content\/uploads\/2018\/10\/graduaci%C3%B3n_durang-768x439.jpg 768w\" alt=\"\" width=\"783\" height=\"448\" data-cfsrc=\"https:\/\/elbigdata.mx\/wp-content\/uploads\/2018\/10\/graduaci\u00f3n_durang.jpg\" \/><\/p>\n","protected":false},"excerpt":{"rendered":"<p>Esta es la historia detr\u00e1s de la joven graduada y sus padres de origen ind\u00edgena<br \/>\nPor Redacci\u00f3n QP<\/p>\n","protected":false},"author":2,"featured_media":6533,"comment_status":"open","ping_status":"open","sticky":false,"template":"","format":"standard","meta":{"_monsterinsights_skip_tracking":false,"_monsterinsights_sitenote_active":false,"_monsterinsights_sitenote_note":"","_monsterinsights_sitenote_category":0,"footnotes":""},"categories":[2],"tags":[],"class_list":["post-6534","post","type-post","status-publish","format-standard","has-post-thumbnail","hentry","category-noticias"],"yoast_head":"<!-- This site is optimized with the Yoast SEO plugin v27.3 - https:\/\/yoast.com\/product\/yoast-seo-wordpress\/ -->\n<title>Esta es la historia detr\u00e1s de la joven graduada y sus padres de origen ind\u00edgena -<\/title>\n<meta name=\"robots\" content=\"index, follow, max-snippet:-1, max-image-preview:large, max-video-preview:-1\" \/>\n<link rel=\"canonical\" href=\"https:\/\/quehacerpolitico.mx\/?p=6534\" \/>\n<meta property=\"og:locale\" content=\"es_MX\" \/>\n<meta property=\"og:type\" content=\"article\" \/>\n<meta property=\"og:title\" content=\"Esta es la historia detr\u00e1s de la joven graduada y sus padres de origen ind\u00edgena -\" \/>\n<meta property=\"og:description\" content=\"Esta es la historia detr\u00e1s de la joven graduada y sus padres de origen ind\u00edgena Por Redacci\u00f3n QP\" \/>\n<meta property=\"og:url\" content=\"https:\/\/quehacerpolitico.mx\/?p=6534\" \/>\n<meta property=\"article:published_time\" content=\"2018-10-10T00:08:11+00:00\" \/>\n<meta name=\"author\" content=\"Redacci\u00f3n QP\" \/>\n<meta name=\"twitter:card\" content=\"summary_large_image\" \/>\n<meta name=\"twitter:label1\" content=\"Escrito por\" \/>\n\t<meta name=\"twitter:data1\" content=\"Redacci\u00f3n QP\" \/>\n\t<meta name=\"twitter:label2\" content=\"Tiempo de lectura\" \/>\n\t<meta name=\"twitter:data2\" content=\"1 minuto\" \/>\n<script type=\"application\/ld+json\" class=\"yoast-schema-graph\">{\"@context\":\"https:\\\/\\\/schema.org\",\"@graph\":[{\"@type\":\"Article\",\"@id\":\"https:\\\/\\\/quehacerpolitico.mx\\\/?p=6534#article\",\"isPartOf\":{\"@id\":\"https:\\\/\\\/quehacerpolitico.mx\\\/?p=6534\"},\"author\":{\"name\":\"Redacci\u00f3n QP\",\"@id\":\"https:\\\/\\\/quehacerpolitico.mx\\\/#\\\/schema\\\/person\\\/496d8ad2d1d3f8036101dca7ee39e585\"},\"headline\":\"Esta es la historia detr\u00e1s de la joven graduada y sus padres de origen ind\u00edgena\",\"datePublished\":\"2018-10-10T00:08:11+00:00\",\"mainEntityOfPage\":{\"@id\":\"https:\\\/\\\/quehacerpolitico.mx\\\/?p=6534\"},\"wordCount\":184,\"commentCount\":0,\"image\":{\"@id\":\"https:\\\/\\\/quehacerpolitico.mx\\\/?p=6534#primaryimage\"},\"thumbnailUrl\":\"\",\"articleSection\":[\"Noticias\"],\"inLanguage\":\"es\",\"potentialAction\":[{\"@type\":\"CommentAction\",\"name\":\"Comment\",\"target\":[\"https:\\\/\\\/quehacerpolitico.mx\\\/?p=6534#respond\"]}]},{\"@type\":\"WebPage\",\"@id\":\"https:\\\/\\\/quehacerpolitico.mx\\\/?p=6534\",\"url\":\"https:\\\/\\\/quehacerpolitico.mx\\\/?p=6534\",\"name\":\"Esta es la historia detr\u00e1s de la joven graduada y sus padres de origen ind\u00edgena -\",\"isPartOf\":{\"@id\":\"https:\\\/\\\/quehacerpolitico.mx\\\/#website\"},\"primaryImageOfPage\":{\"@id\":\"https:\\\/\\\/quehacerpolitico.mx\\\/?p=6534#primaryimage\"},\"image\":{\"@id\":\"https:\\\/\\\/quehacerpolitico.mx\\\/?p=6534#primaryimage\"},\"thumbnailUrl\":\"\",\"datePublished\":\"2018-10-10T00:08:11+00:00\",\"author\":{\"@id\":\"https:\\\/\\\/quehacerpolitico.mx\\\/#\\\/schema\\\/person\\\/496d8ad2d1d3f8036101dca7ee39e585\"},\"breadcrumb\":{\"@id\":\"https:\\\/\\\/quehacerpolitico.mx\\\/?p=6534#breadcrumb\"},\"inLanguage\":\"es\",\"potentialAction\":[{\"@type\":\"ReadAction\",\"target\":[\"https:\\\/\\\/quehacerpolitico.mx\\\/?p=6534\"]}]},{\"@type\":\"ImageObject\",\"inLanguage\":\"es\",\"@id\":\"https:\\\/\\\/quehacerpolitico.mx\\\/?p=6534#primaryimage\",\"url\":\"\",\"contentUrl\":\"\"},{\"@type\":\"BreadcrumbList\",\"@id\":\"https:\\\/\\\/quehacerpolitico.mx\\\/?p=6534#breadcrumb\",\"itemListElement\":[{\"@type\":\"ListItem\",\"position\":1,\"name\":\"Inicio\",\"item\":\"https:\\\/\\\/quehacerpolitico.mx\\\/\"},{\"@type\":\"ListItem\",\"position\":2,\"name\":\"Esta es la historia detr\u00e1s de la joven graduada y sus padres de origen ind\u00edgena\"}]},{\"@type\":\"WebSite\",\"@id\":\"https:\\\/\\\/quehacerpolitico.mx\\\/#website\",\"url\":\"https:\\\/\\\/quehacerpolitico.mx\\\/\",\"name\":\"\",\"description\":\"\",\"potentialAction\":[{\"@type\":\"SearchAction\",\"target\":{\"@type\":\"EntryPoint\",\"urlTemplate\":\"https:\\\/\\\/quehacerpolitico.mx\\\/?s={search_term_string}\"},\"query-input\":{\"@type\":\"PropertyValueSpecification\",\"valueRequired\":true,\"valueName\":\"search_term_string\"}}],\"inLanguage\":\"es\"},{\"@type\":\"Person\",\"@id\":\"https:\\\/\\\/quehacerpolitico.mx\\\/#\\\/schema\\\/person\\\/496d8ad2d1d3f8036101dca7ee39e585\",\"name\":\"Redacci\u00f3n QP\",\"image\":{\"@type\":\"ImageObject\",\"inLanguage\":\"es\",\"@id\":\"https:\\\/\\\/secure.gravatar.com\\\/avatar\\\/c7164ed6fdec453195284ad24a5ae5b6e1eed2b848477fa2a4787ba9adf39a41?s=96&d=mm&r=g\",\"url\":\"https:\\\/\\\/secure.gravatar.com\\\/avatar\\\/c7164ed6fdec453195284ad24a5ae5b6e1eed2b848477fa2a4787ba9adf39a41?s=96&d=mm&r=g\",\"contentUrl\":\"https:\\\/\\\/secure.gravatar.com\\\/avatar\\\/c7164ed6fdec453195284ad24a5ae5b6e1eed2b848477fa2a4787ba9adf39a41?s=96&d=mm&r=g\",\"caption\":\"Redacci\u00f3n QP\"},\"url\":\"https:\\\/\\\/quehacerpolitico.mx\\\/?author=2\"}]}<\/script>\n<!-- \/ Yoast SEO plugin. -->","yoast_head_json":{"title":"Esta es la historia detr\u00e1s de la joven graduada y sus padres de origen ind\u00edgena -","robots":{"index":"index","follow":"follow","max-snippet":"max-snippet:-1","max-image-preview":"max-image-preview:large","max-video-preview":"max-video-preview:-1"},"canonical":"https:\/\/quehacerpolitico.mx\/?p=6534","og_locale":"es_MX","og_type":"article","og_title":"Esta es la historia detr\u00e1s de la joven graduada y sus padres de origen ind\u00edgena -","og_description":"Esta es la historia detr\u00e1s de la joven graduada y sus padres de origen ind\u00edgena Por Redacci\u00f3n QP","og_url":"https:\/\/quehacerpolitico.mx\/?p=6534","article_published_time":"2018-10-10T00:08:11+00:00","author":"Redacci\u00f3n QP","twitter_card":"summary_large_image","twitter_misc":{"Escrito por":"Redacci\u00f3n QP","Tiempo de lectura":"1 minuto"},"schema":{"@context":"https:\/\/schema.org","@graph":[{"@type":"Article","@id":"https:\/\/quehacerpolitico.mx\/?p=6534#article","isPartOf":{"@id":"https:\/\/quehacerpolitico.mx\/?p=6534"},"author":{"name":"Redacci\u00f3n QP","@id":"https:\/\/quehacerpolitico.mx\/#\/schema\/person\/496d8ad2d1d3f8036101dca7ee39e585"},"headline":"Esta es la historia detr\u00e1s de la joven graduada y sus padres de origen ind\u00edgena","datePublished":"2018-10-10T00:08:11+00:00","mainEntityOfPage":{"@id":"https:\/\/quehacerpolitico.mx\/?p=6534"},"wordCount":184,"commentCount":0,"image":{"@id":"https:\/\/quehacerpolitico.mx\/?p=6534#primaryimage"},"thumbnailUrl":"","articleSection":["Noticias"],"inLanguage":"es","potentialAction":[{"@type":"CommentAction","name":"Comment","target":["https:\/\/quehacerpolitico.mx\/?p=6534#respond"]}]},{"@type":"WebPage","@id":"https:\/\/quehacerpolitico.mx\/?p=6534","url":"https:\/\/quehacerpolitico.mx\/?p=6534","name":"Esta es la historia detr\u00e1s de la joven graduada y sus padres de origen ind\u00edgena -","isPartOf":{"@id":"https:\/\/quehacerpolitico.mx\/#website"},"primaryImageOfPage":{"@id":"https:\/\/quehacerpolitico.mx\/?p=6534#primaryimage"},"image":{"@id":"https:\/\/quehacerpolitico.mx\/?p=6534#primaryimage"},"thumbnailUrl":"","datePublished":"2018-10-10T00:08:11+00:00","author":{"@id":"https:\/\/quehacerpolitico.mx\/#\/schema\/person\/496d8ad2d1d3f8036101dca7ee39e585"},"breadcrumb":{"@id":"https:\/\/quehacerpolitico.mx\/?p=6534#breadcrumb"},"inLanguage":"es","potentialAction":[{"@type":"ReadAction","target":["https:\/\/quehacerpolitico.mx\/?p=6534"]}]},{"@type":"ImageObject","inLanguage":"es","@id":"https:\/\/quehacerpolitico.mx\/?p=6534#primaryimage","url":"","contentUrl":""},{"@type":"BreadcrumbList","@id":"https:\/\/quehacerpolitico.mx\/?p=6534#breadcrumb","itemListElement":[{"@type":"ListItem","position":1,"name":"Inicio","item":"https:\/\/quehacerpolitico.mx\/"},{"@type":"ListItem","position":2,"name":"Esta es la historia detr\u00e1s de la joven graduada y sus padres de origen ind\u00edgena"}]},{"@type":"WebSite","@id":"https:\/\/quehacerpolitico.mx\/#website","url":"https:\/\/quehacerpolitico.mx\/","name":"","description":"","potentialAction":[{"@type":"SearchAction","target":{"@type":"EntryPoint","urlTemplate":"https:\/\/quehacerpolitico.mx\/?s={search_term_string}"},"query-input":{"@type":"PropertyValueSpecification","valueRequired":true,"valueName":"search_term_string"}}],"inLanguage":"es"},{"@type":"Person","@id":"https:\/\/quehacerpolitico.mx\/#\/schema\/person\/496d8ad2d1d3f8036101dca7ee39e585","name":"Redacci\u00f3n QP","image":{"@type":"ImageObject","inLanguage":"es","@id":"https:\/\/secure.gravatar.com\/avatar\/c7164ed6fdec453195284ad24a5ae5b6e1eed2b848477fa2a4787ba9adf39a41?s=96&d=mm&r=g","url":"https:\/\/secure.gravatar.com\/avatar\/c7164ed6fdec453195284ad24a5ae5b6e1eed2b848477fa2a4787ba9adf39a41?s=96&d=mm&r=g","contentUrl":"https:\/\/secure.gravatar.com\/avatar\/c7164ed6fdec453195284ad24a5ae5b6e1eed2b848477fa2a4787ba9adf39a41?s=96&d=mm&r=g","caption":"Redacci\u00f3n QP"},"url":"https:\/\/quehacerpolitico.mx\/?author=2"}]}},"featured_image_urls":{"full":"","thumbnail":"","medium":"","medium_large":"","large":"","1536x1536":"","2048x2048":"","covernews-featured":"","covernews-medium":""},"author_info":{"display_name":"Redacci\u00f3n QP","author_link":"https:\/\/quehacerpolitico.mx\/?author=2"},"category_info":"<a href=\"https:\/\/quehacerpolitico.mx\/?cat=2\" rel=\"category\">Noticias<\/a>","tag_info":"Noticias","comment_count":"0","_links":{"self":[{"href":"https:\/\/quehacerpolitico.mx\/index.php?rest_route=\/wp\/v2\/posts\/6534","targetHints":{"allow":["GET"]}}],"collection":[{"href":"https:\/\/quehacerpolitico.mx\/index.php?rest_route=\/wp\/v2\/posts"}],"about":[{"href":"https:\/\/quehacerpolitico.mx\/index.php?rest_route=\/wp\/v2\/types\/post"}],"author":[{"embeddable":true,"href":"https:\/\/quehacerpolitico.mx\/index.php?rest_route=\/wp\/v2\/users\/2"}],"replies":[{"embeddable":true,"href":"https:\/\/quehacerpolitico.mx\/index.php?rest_route=%2Fwp%2Fv2%2Fcomments&post=6534"}],"version-history":[{"count":0,"href":"https:\/\/quehacerpolitico.mx\/index.php?rest_route=\/wp\/v2\/posts\/6534\/revisions"}],"wp:featuredmedia":[{"embeddable":true,"href":"https:\/\/quehacerpolitico.mx\/index.php?rest_route=\/"}],"wp:attachment":[{"href":"https:\/\/quehacerpolitico.mx\/index.php?rest_route=%2Fwp%2Fv2%2Fmedia&parent=6534"}],"wp:term":[{"taxonomy":"category","embeddable":true,"href":"https:\/\/quehacerpolitico.mx\/index.php?rest_route=%2Fwp%2Fv2%2Fcategories&post=6534"},{"taxonomy":"post_tag","embeddable":true,"href":"https:\/\/quehacerpolitico.mx\/index.php?rest_route=%2Fwp%2Fv2%2Ftags&post=6534"}],"curies":[{"name":"wp","href":"https:\/\/api.w.org\/{rel}","templated":true}]}}