{"id":65289,"date":"2020-09-20T15:29:50","date_gmt":"2020-09-20T20:29:50","guid":{"rendered":"http:\/\/quehacerpolitico.mx\/?p=65289"},"modified":"2020-09-20T15:29:50","modified_gmt":"2020-09-20T20:29:50","slug":"amlo-llama-a-manifestantes-de-frena-a-quedarse-en-planton","status":"publish","type":"post","link":"https:\/\/quehacerpolitico.mx\/?p=65289","title":{"rendered":"AMLO llama a manifestantes de Frena a quedarse en plant\u00f3n"},"content":{"rendered":"<h1 class=\"news-title\">AMLO llama a manifestantes de Frena a quedarse en plant\u00f3n<br \/>\nPor Redacci\u00f3n QP<\/h1>\n<div class=\"news-subtitle\">\n<p>Opositores montan m\u00e1s carpas en una de las principales avenidas de Ciudad de M\u00e9xico<\/p>\n<\/div>\n<div class=\"social-share-box normal\">\n<div class=\"mod-photogallery\" data-pagination=\".swiper-pagination\" data-id=\"article-photogallery\">\n<div class=\"swiper-container swiper-container-horizontal\">\n<div class=\"swiper-wrapper\">\n<figure class=\"swiper-slide swiper-image active swiper-slide-active\" data-index=\"0\">\n<div class=\"swiper-responsive\" data-openfullscreen=\"\"><img loading=\"lazy\" decoding=\"async\" title=\"Manifestantes ondean banderas de M\u00e9xico en el plant\u00f3n en el centro de Ciudad de M\u00e9xico. AFP\/P. Pardo\" src=\"https:\/\/www.informador.mx\/__export\/1600628990701\/sites\/elinformador\/img\/2020\/09\/20\/frenaafp2.jpg_1970638775.jpg\" alt=\"Manifestantes ondean banderas de M\u00e9xico en el plant\u00f3n en el centro de Ciudad de M\u00e9xico. AFP\/P. Pardo\" width=\"320\" height=\"320\" data-fullscreen=\"\/__export\/1600628990701\/sites\/elinformador\/img\/2020\/09\/20\/frenaafp2.jpg_1709026569.jpg\" \/><\/div><figcaption class=\"swiper-caption\">Manifestantes ondean banderas de M\u00e9xico en el plant\u00f3n en el centro de Ciudad de M\u00e9xico. AFP\/P. Pardo<\/p>\n<\/figcaption><\/figure>\n<figure class=\"swiper-slide swiper-image swiper-slide-next\" data-index=\"0\">\n<div class=\"swiper-responsive\" data-openfullscreen=\"\"><button class=\"swiper-fullscreen icon icon__fullscreen_outline\"><\/button><img loading=\"lazy\" decoding=\"async\" title=\"Las casas de campa\u00f1a se ven este domingo sobre la avenida Ju\u00e1rez. AFP\/P. Pardo\" src=\"https:\/\/www.informador.mx\/__export\/1600628988930\/sites\/elinformador\/img\/2020\/09\/20\/frena20safp3.jpg_1970638775.jpg\" alt=\"Las casas de campa\u00f1a se ven este domingo sobre la avenida Ju\u00e1rez. AFP\/P. Pardo\" width=\"320\" height=\"320\" data-fullscreen=\"\/__export\/1600628988930\/sites\/elinformador\/img\/2020\/09\/20\/frena20safp3.jpg_1709026569.jpg\" \/><\/div><figcaption class=\"swiper-caption\">Las casas de campa\u00f1a se ven este domingo sobre la avenida Ju\u00e1rez. AFP\/P. Pardo<\/p>\n<\/figcaption><\/figure>\n<figure class=\"swiper-slide swiper-image\" data-index=\"0\">\n<div class=\"swiper-responsive\" data-openfullscreen=\"\"><button class=\"swiper-fullscreen icon icon__fullscreen_outline\"><\/button><img loading=\"lazy\" decoding=\"async\" title=\"AFP\/P. Pardo\" src=\"https:\/\/www.informador.mx\/__export\/1600628987714\/sites\/elinformador\/img\/2020\/09\/20\/frenaafp1.jpg_1970638775.jpg\" alt=\"AFP\/P. Pardo\" width=\"320\" height=\"320\" data-fullscreen=\"\/__export\/1600628987714\/sites\/elinformador\/img\/2020\/09\/20\/frenaafp1.jpg_1709026569.jpg\" \/><\/div><figcaption class=\"swiper-caption\">AFP\/P. Pardo<\/p>\n<\/figcaption><\/figure>\n<\/div>\n<\/div>\n<\/div>\n<div class=\"news-body row\">\n<p>El Presidente Andres Manuel L\u00f3pez Obrador llam\u00f3 hoy a los manifestantes que\u00a0instalaron <strong>un plant\u00f3n en Ciudad de M\u00e9xico a quedarse<\/strong> junto a sus l\u00edderes y afirm\u00f3 que se les garantizar\u00e1n sus libertades.<\/p>\n<blockquote class=\"twitter-tweet\" data-width=\"550\" data-dnt=\"true\">\n<p lang=\"es\" dir=\"ltr\">Integrantes de FRENAAA pasaron la noche en Avenida Ju\u00e1rez,  hoy intentar\u00e1n llegar al Z\u00f3calo de CDMX.<\/p>\n<p>\ud83d\udcf7<a href=\"https:\/\/twitter.com\/ObturadorMX_?ref_src=twsrc%5Etfw\">@ObturadorMX_<\/a> <a href=\"https:\/\/t.co\/t8cCRIbU2c\">pic.twitter.com\/t8cCRIbU2c<\/a><\/p>\n<p>&mdash; Ruido en la Red (@RuidoEnLaRed) <a href=\"https:\/\/twitter.com\/RuidoEnLaRed\/status\/1307724038442086402?ref_src=twsrc%5Etfw\">September 20, 2020<\/a><\/p><\/blockquote>\n<p><script async src=\"https:\/\/platform.twitter.com\/widgets.js\" charset=\"utf-8\"><\/script><\/p>\n<p>&#8220;Ahora que hay un plant\u00f3n en el centro de la ciudad, cosa que hicimos nosotros durante mucho tiempo luchando por la justicia y por la democracia, ellos deben de saber que tienen todas las <strong>garant\u00edas <\/strong>para manifestarse, que no van a ser molestados, que se van a poder quedar ah\u00ed en sus casas de campa\u00f1a como nosotros lo hicimos&#8221;, dijo L\u00f3pez Obrador desde Jojutla, en Morelos, donde realiza una gira este domingo.<\/p>\n<p>&#8220;<strong>Ojal\u00e1 y se queden un tiempo suficiente<\/strong>, que no sea nada m\u00e1s ef\u00edmero, unos cuantos d\u00edas; nosotros nos quedamos ah\u00ed varias veces hasta m\u00e1s de un mes&#8221;.<\/p>\n<blockquote class=\"twitter-tweet\" data-width=\"550\" data-dnt=\"true\">\n<p lang=\"es\" dir=\"ltr\">\u00bfQu\u00e9 les dice el presidente L\u00f3pez Obrador a los l\u00edderes de FRENAA?<\/p>\n<p>Que su protesta no sea ef\u00edmera, que se queden en el plant\u00f3n y les asegur\u00f3 que no ser\u00e1n molestados. <a href=\"https:\/\/t.co\/Y0NSXv5ni3\">pic.twitter.com\/Y0NSXv5ni3<\/a><\/p>\n<p>&mdash; Ruido en la Red (@RuidoEnLaRed) <a href=\"https:\/\/twitter.com\/RuidoEnLaRed\/status\/1307748525246091266?ref_src=twsrc%5Etfw\">September 20, 2020<\/a><\/p><\/blockquote>\n<p><script async src=\"https:\/\/platform.twitter.com\/widgets.js\" charset=\"utf-8\"><\/script><\/p>\n<p>Decenas de opositores a L\u00f3pez Obrador instalaron ayer un plant\u00f3n en una de las principales avenidas del centro de Ciudad de M\u00e9xico para protestar contra el manejo del Mandatario de la pandemia del COVID-19 y pedir su renuncia.<\/p>\n<p>Con gritos de &#8220;L\u00f3pez vete ya&#8221; o &#8220;No al comunismo&#8221; y liderados por el colectivo llamado<strong>Frente Nacional Anti-AMLO (Frena)<\/strong>, los manifestantes hab\u00edan <strong>convocando a ocupar el Z\u00f3calo<\/strong> de la capital desde el inicio del fin de semana pero ante el bloqueo de las fuerzas policiales, comenzaron a instarse desde el s\u00e1bado en la avenida Ju\u00e1rez.<\/p>\n<p>L\u00f3pez Obrador pidi\u00f3 que los <strong>l\u00edderes del movimiento<\/strong> tambi\u00e9n pernocten en las casas de campa\u00f1a.<\/p>\n<p>&#8220;No estoy llamando a que se vayan a acampar todos al Z\u00f3calo, nada m\u00e1s que es interesante que ellos vivan este proceso, ya no es la protesta en carros, ahora que ya tomaron la decisi\u00f3n de bajarse de los carros y protestar y acampar. Que se queden ah\u00ed, nada m\u00e1s que se queden todos, tambi\u00e9n los dirigentes, a dormir ah\u00ed en las casas de campa\u00f1a, que no se vayan a ir a los hoteles en la noche y que dejen nada m\u00e1s a la gente ah\u00ed durmiendo, sino que se queden los meros meros, los de arriba, los que encabezan este movimiento&#8221;.<\/p>\n<p><strong>Este domingo se montaron m\u00e1s carpas<\/strong>mientras algunos de los participantes dec\u00edan que estaban esperando a <strong>m\u00e1s manifestantes<\/strong> que llegar\u00edan en caravana procedentes de otros estados del pa\u00eds.<\/p>\n<p>Frena ha realizado diversas manifestaciones antes en la capital y otras ciudades para exigir la renuncia del presidente al cuestionar sus pol\u00edticas econ\u00f3micas y decisiones como la cancelaci\u00f3n del aeropuerto nuevo aeropuerto de Ciudad de M\u00e9xico que se constru\u00eda en Texcoco.<\/p>\n<blockquote><p>Que se queden todos, tambi\u00e9n los dirigentes, a dormir ah\u00ed en las casas de campa\u00f1a<\/p><\/blockquote>\n<p>Antes se hab\u00edan manifestado desde sus veh\u00edculos ante la pandemia del coronavirus.<\/p>\n<p>En su discurso de hoy en Jojutla, L\u00f3pez Obrador\u00a0dijo que las protestas son una se\u00f1al de que &#8220;las cosas est\u00e1n cambiando en el pa\u00eds&#8221;.<\/p>\n<p>&#8220;Ahora protestan los que antes estaban acostumbrados a vivir al amparo del poder p\u00fablico, est\u00e1n protestando los conservadores, antes protestaba el pueblo raso&#8221;, afirm\u00f3.<\/p>\n<p>&#8220;De verdad, las cosas est\u00e1n cambiando y una prueba es precisamente esas protestas de los que antes se dedicaban a medrar, a saquear, los que se dedicaban a quedarse con lo que pertenece a todo el pueblo&#8221;.<\/p>\n<p><em>Con informaci\u00f3n de AFP\/AP<\/em><\/p>\n<\/div>\n<\/div>\n","protected":false},"excerpt":{"rendered":"<p>AMLO llama a manifestantes de Frena a quedarse en plant\u00f3n Por Redacci\u00f3n QP Opositores montan&#8230;<\/p>\n","protected":false},"author":2,"featured_media":65292,"comment_status":"open","ping_status":"open","sticky":false,"template":"","format":"standard","meta":{"_monsterinsights_skip_tracking":false,"_monsterinsights_sitenote_active":false,"_monsterinsights_sitenote_note":"","_monsterinsights_sitenote_category":0,"footnotes":""},"categories":[2],"tags":[],"class_list":["post-65289","post","type-post","status-publish","format-standard","has-post-thumbnail","hentry","category-noticias"],"yoast_head":"<!-- This site is optimized with the Yoast SEO plugin v27.3 - https:\/\/yoast.com\/product\/yoast-seo-wordpress\/ -->\n<title>AMLO llama a manifestantes de Frena a quedarse en plant\u00f3n -<\/title>\n<meta name=\"robots\" content=\"index, follow, max-snippet:-1, max-image-preview:large, max-video-preview:-1\" \/>\n<link rel=\"canonical\" href=\"https:\/\/quehacerpolitico.mx\/?p=65289\" \/>\n<meta property=\"og:locale\" content=\"es_MX\" \/>\n<meta property=\"og:type\" content=\"article\" \/>\n<meta property=\"og:title\" content=\"AMLO llama a manifestantes de Frena a quedarse en plant\u00f3n -\" \/>\n<meta property=\"og:description\" content=\"AMLO llama a manifestantes de Frena a quedarse en plant\u00f3n Por Redacci\u00f3n QP Opositores montan...\" \/>\n<meta property=\"og:url\" content=\"https:\/\/quehacerpolitico.mx\/?p=65289\" \/>\n<meta property=\"article:published_time\" content=\"2020-09-20T20:29:50+00:00\" \/>\n<meta property=\"og:image\" content=\"https:\/\/quehacerpolitico.mx\/wp-content\/uploads\/2020\/09\/70145BF8-6543-402B-9138-9B0D0A5BC29B.jpeg\" \/>\n\t<meta property=\"og:image:width\" content=\"1242\" \/>\n\t<meta property=\"og:image:height\" content=\"679\" \/>\n\t<meta property=\"og:image:type\" content=\"image\/jpeg\" \/>\n<meta name=\"author\" content=\"Redacci\u00f3n QP\" \/>\n<meta name=\"twitter:card\" content=\"summary_large_image\" \/>\n<meta name=\"twitter:label1\" content=\"Escrito por\" \/>\n\t<meta name=\"twitter:data1\" content=\"Redacci\u00f3n QP\" \/>\n\t<meta name=\"twitter:label2\" content=\"Tiempo de lectura\" \/>\n\t<meta name=\"twitter:data2\" content=\"3 minutos\" \/>\n<script type=\"application\/ld+json\" class=\"yoast-schema-graph\">{\"@context\":\"https:\\\/\\\/schema.org\",\"@graph\":[{\"@type\":\"Article\",\"@id\":\"https:\\\/\\\/quehacerpolitico.mx\\\/?p=65289#article\",\"isPartOf\":{\"@id\":\"https:\\\/\\\/quehacerpolitico.mx\\\/?p=65289\"},\"author\":{\"name\":\"Redacci\u00f3n QP\",\"@id\":\"https:\\\/\\\/quehacerpolitico.mx\\\/#\\\/schema\\\/person\\\/496d8ad2d1d3f8036101dca7ee39e585\"},\"headline\":\"AMLO llama a manifestantes de Frena a quedarse en plant\u00f3n\",\"datePublished\":\"2020-09-20T20:29:50+00:00\",\"mainEntityOfPage\":{\"@id\":\"https:\\\/\\\/quehacerpolitico.mx\\\/?p=65289\"},\"wordCount\":677,\"commentCount\":0,\"image\":{\"@id\":\"https:\\\/\\\/quehacerpolitico.mx\\\/?p=65289#primaryimage\"},\"thumbnailUrl\":\"https:\\\/\\\/quehacerpolitico.mx\\\/wp-content\\\/uploads\\\/2020\\\/09\\\/70145BF8-6543-402B-9138-9B0D0A5BC29B.jpeg\",\"articleSection\":[\"Noticias\"],\"inLanguage\":\"es\",\"potentialAction\":[{\"@type\":\"CommentAction\",\"name\":\"Comment\",\"target\":[\"https:\\\/\\\/quehacerpolitico.mx\\\/?p=65289#respond\"]}]},{\"@type\":\"WebPage\",\"@id\":\"https:\\\/\\\/quehacerpolitico.mx\\\/?p=65289\",\"url\":\"https:\\\/\\\/quehacerpolitico.mx\\\/?p=65289\",\"name\":\"AMLO llama a manifestantes de Frena a quedarse en plant\u00f3n -\",\"isPartOf\":{\"@id\":\"https:\\\/\\\/quehacerpolitico.mx\\\/#website\"},\"primaryImageOfPage\":{\"@id\":\"https:\\\/\\\/quehacerpolitico.mx\\\/?p=65289#primaryimage\"},\"image\":{\"@id\":\"https:\\\/\\\/quehacerpolitico.mx\\\/?p=65289#primaryimage\"},\"thumbnailUrl\":\"https:\\\/\\\/quehacerpolitico.mx\\\/wp-content\\\/uploads\\\/2020\\\/09\\\/70145BF8-6543-402B-9138-9B0D0A5BC29B.jpeg\",\"datePublished\":\"2020-09-20T20:29:50+00:00\",\"author\":{\"@id\":\"https:\\\/\\\/quehacerpolitico.mx\\\/#\\\/schema\\\/person\\\/496d8ad2d1d3f8036101dca7ee39e585\"},\"breadcrumb\":{\"@id\":\"https:\\\/\\\/quehacerpolitico.mx\\\/?p=65289#breadcrumb\"},\"inLanguage\":\"es\",\"potentialAction\":[{\"@type\":\"ReadAction\",\"target\":[\"https:\\\/\\\/quehacerpolitico.mx\\\/?p=65289\"]}]},{\"@type\":\"ImageObject\",\"inLanguage\":\"es\",\"@id\":\"https:\\\/\\\/quehacerpolitico.mx\\\/?p=65289#primaryimage\",\"url\":\"https:\\\/\\\/quehacerpolitico.mx\\\/wp-content\\\/uploads\\\/2020\\\/09\\\/70145BF8-6543-402B-9138-9B0D0A5BC29B.jpeg\",\"contentUrl\":\"https:\\\/\\\/quehacerpolitico.mx\\\/wp-content\\\/uploads\\\/2020\\\/09\\\/70145BF8-6543-402B-9138-9B0D0A5BC29B.jpeg\",\"width\":1242,\"height\":679},{\"@type\":\"BreadcrumbList\",\"@id\":\"https:\\\/\\\/quehacerpolitico.mx\\\/?p=65289#breadcrumb\",\"itemListElement\":[{\"@type\":\"ListItem\",\"position\":1,\"name\":\"Inicio\",\"item\":\"https:\\\/\\\/quehacerpolitico.mx\\\/\"},{\"@type\":\"ListItem\",\"position\":2,\"name\":\"AMLO llama a manifestantes de Frena a quedarse en plant\u00f3n\"}]},{\"@type\":\"WebSite\",\"@id\":\"https:\\\/\\\/quehacerpolitico.mx\\\/#website\",\"url\":\"https:\\\/\\\/quehacerpolitico.mx\\\/\",\"name\":\"\",\"description\":\"\",\"potentialAction\":[{\"@type\":\"SearchAction\",\"target\":{\"@type\":\"EntryPoint\",\"urlTemplate\":\"https:\\\/\\\/quehacerpolitico.mx\\\/?s={search_term_string}\"},\"query-input\":{\"@type\":\"PropertyValueSpecification\",\"valueRequired\":true,\"valueName\":\"search_term_string\"}}],\"inLanguage\":\"es\"},{\"@type\":\"Person\",\"@id\":\"https:\\\/\\\/quehacerpolitico.mx\\\/#\\\/schema\\\/person\\\/496d8ad2d1d3f8036101dca7ee39e585\",\"name\":\"Redacci\u00f3n QP\",\"image\":{\"@type\":\"ImageObject\",\"inLanguage\":\"es\",\"@id\":\"https:\\\/\\\/secure.gravatar.com\\\/avatar\\\/c7164ed6fdec453195284ad24a5ae5b6e1eed2b848477fa2a4787ba9adf39a41?s=96&d=mm&r=g\",\"url\":\"https:\\\/\\\/secure.gravatar.com\\\/avatar\\\/c7164ed6fdec453195284ad24a5ae5b6e1eed2b848477fa2a4787ba9adf39a41?s=96&d=mm&r=g\",\"contentUrl\":\"https:\\\/\\\/secure.gravatar.com\\\/avatar\\\/c7164ed6fdec453195284ad24a5ae5b6e1eed2b848477fa2a4787ba9adf39a41?s=96&d=mm&r=g\",\"caption\":\"Redacci\u00f3n QP\"},\"url\":\"https:\\\/\\\/quehacerpolitico.mx\\\/?author=2\"}]}<\/script>\n<!-- \/ Yoast SEO plugin. -->","yoast_head_json":{"title":"AMLO llama a manifestantes de Frena a quedarse en plant\u00f3n -","robots":{"index":"index","follow":"follow","max-snippet":"max-snippet:-1","max-image-preview":"max-image-preview:large","max-video-preview":"max-video-preview:-1"},"canonical":"https:\/\/quehacerpolitico.mx\/?p=65289","og_locale":"es_MX","og_type":"article","og_title":"AMLO llama a manifestantes de Frena a quedarse en plant\u00f3n -","og_description":"AMLO llama a manifestantes de Frena a quedarse en plant\u00f3n Por Redacci\u00f3n QP Opositores montan...","og_url":"https:\/\/quehacerpolitico.mx\/?p=65289","article_published_time":"2020-09-20T20:29:50+00:00","og_image":[{"width":1242,"height":679,"url":"https:\/\/quehacerpolitico.mx\/wp-content\/uploads\/2020\/09\/70145BF8-6543-402B-9138-9B0D0A5BC29B.jpeg","type":"image\/jpeg"}],"author":"Redacci\u00f3n QP","twitter_card":"summary_large_image","twitter_misc":{"Escrito por":"Redacci\u00f3n QP","Tiempo de lectura":"3 minutos"},"schema":{"@context":"https:\/\/schema.org","@graph":[{"@type":"Article","@id":"https:\/\/quehacerpolitico.mx\/?p=65289#article","isPartOf":{"@id":"https:\/\/quehacerpolitico.mx\/?p=65289"},"author":{"name":"Redacci\u00f3n QP","@id":"https:\/\/quehacerpolitico.mx\/#\/schema\/person\/496d8ad2d1d3f8036101dca7ee39e585"},"headline":"AMLO llama a manifestantes de Frena a quedarse en plant\u00f3n","datePublished":"2020-09-20T20:29:50+00:00","mainEntityOfPage":{"@id":"https:\/\/quehacerpolitico.mx\/?p=65289"},"wordCount":677,"commentCount":0,"image":{"@id":"https:\/\/quehacerpolitico.mx\/?p=65289#primaryimage"},"thumbnailUrl":"https:\/\/quehacerpolitico.mx\/wp-content\/uploads\/2020\/09\/70145BF8-6543-402B-9138-9B0D0A5BC29B.jpeg","articleSection":["Noticias"],"inLanguage":"es","potentialAction":[{"@type":"CommentAction","name":"Comment","target":["https:\/\/quehacerpolitico.mx\/?p=65289#respond"]}]},{"@type":"WebPage","@id":"https:\/\/quehacerpolitico.mx\/?p=65289","url":"https:\/\/quehacerpolitico.mx\/?p=65289","name":"AMLO llama a manifestantes de Frena a quedarse en plant\u00f3n -","isPartOf":{"@id":"https:\/\/quehacerpolitico.mx\/#website"},"primaryImageOfPage":{"@id":"https:\/\/quehacerpolitico.mx\/?p=65289#primaryimage"},"image":{"@id":"https:\/\/quehacerpolitico.mx\/?p=65289#primaryimage"},"thumbnailUrl":"https:\/\/quehacerpolitico.mx\/wp-content\/uploads\/2020\/09\/70145BF8-6543-402B-9138-9B0D0A5BC29B.jpeg","datePublished":"2020-09-20T20:29:50+00:00","author":{"@id":"https:\/\/quehacerpolitico.mx\/#\/schema\/person\/496d8ad2d1d3f8036101dca7ee39e585"},"breadcrumb":{"@id":"https:\/\/quehacerpolitico.mx\/?p=65289#breadcrumb"},"inLanguage":"es","potentialAction":[{"@type":"ReadAction","target":["https:\/\/quehacerpolitico.mx\/?p=65289"]}]},{"@type":"ImageObject","inLanguage":"es","@id":"https:\/\/quehacerpolitico.mx\/?p=65289#primaryimage","url":"https:\/\/quehacerpolitico.mx\/wp-content\/uploads\/2020\/09\/70145BF8-6543-402B-9138-9B0D0A5BC29B.jpeg","contentUrl":"https:\/\/quehacerpolitico.mx\/wp-content\/uploads\/2020\/09\/70145BF8-6543-402B-9138-9B0D0A5BC29B.jpeg","width":1242,"height":679},{"@type":"BreadcrumbList","@id":"https:\/\/quehacerpolitico.mx\/?p=65289#breadcrumb","itemListElement":[{"@type":"ListItem","position":1,"name":"Inicio","item":"https:\/\/quehacerpolitico.mx\/"},{"@type":"ListItem","position":2,"name":"AMLO llama a manifestantes de Frena a quedarse en plant\u00f3n"}]},{"@type":"WebSite","@id":"https:\/\/quehacerpolitico.mx\/#website","url":"https:\/\/quehacerpolitico.mx\/","name":"","description":"","potentialAction":[{"@type":"SearchAction","target":{"@type":"EntryPoint","urlTemplate":"https:\/\/quehacerpolitico.mx\/?s={search_term_string}"},"query-input":{"@type":"PropertyValueSpecification","valueRequired":true,"valueName":"search_term_string"}}],"inLanguage":"es"},{"@type":"Person","@id":"https:\/\/quehacerpolitico.mx\/#\/schema\/person\/496d8ad2d1d3f8036101dca7ee39e585","name":"Redacci\u00f3n QP","image":{"@type":"ImageObject","inLanguage":"es","@id":"https:\/\/secure.gravatar.com\/avatar\/c7164ed6fdec453195284ad24a5ae5b6e1eed2b848477fa2a4787ba9adf39a41?s=96&d=mm&r=g","url":"https:\/\/secure.gravatar.com\/avatar\/c7164ed6fdec453195284ad24a5ae5b6e1eed2b848477fa2a4787ba9adf39a41?s=96&d=mm&r=g","contentUrl":"https:\/\/secure.gravatar.com\/avatar\/c7164ed6fdec453195284ad24a5ae5b6e1eed2b848477fa2a4787ba9adf39a41?s=96&d=mm&r=g","caption":"Redacci\u00f3n QP"},"url":"https:\/\/quehacerpolitico.mx\/?author=2"}]}},"featured_image_urls":{"full":["https:\/\/quehacerpolitico.mx\/wp-content\/uploads\/2020\/09\/70145BF8-6543-402B-9138-9B0D0A5BC29B.jpeg",1242,679,false],"thumbnail":["https:\/\/quehacerpolitico.mx\/wp-content\/uploads\/2020\/09\/70145BF8-6543-402B-9138-9B0D0A5BC29B-150x150.jpeg",150,150,true],"medium":["https:\/\/quehacerpolitico.mx\/wp-content\/uploads\/2020\/09\/70145BF8-6543-402B-9138-9B0D0A5BC29B-300x164.jpeg",300,164,true],"medium_large":["https:\/\/quehacerpolitico.mx\/wp-content\/uploads\/2020\/09\/70145BF8-6543-402B-9138-9B0D0A5BC29B-768x420.jpeg",640,350,true],"large":["https:\/\/quehacerpolitico.mx\/wp-content\/uploads\/2020\/09\/70145BF8-6543-402B-9138-9B0D0A5BC29B-1024x560.jpeg",640,350,true],"1536x1536":["https:\/\/quehacerpolitico.mx\/wp-content\/uploads\/2020\/09\/70145BF8-6543-402B-9138-9B0D0A5BC29B.jpeg",1242,679,false],"2048x2048":["https:\/\/quehacerpolitico.mx\/wp-content\/uploads\/2020\/09\/70145BF8-6543-402B-9138-9B0D0A5BC29B.jpeg",1242,679,false],"covernews-featured":["https:\/\/quehacerpolitico.mx\/wp-content\/uploads\/2020\/09\/70145BF8-6543-402B-9138-9B0D0A5BC29B.jpeg",1024,560,false],"covernews-medium":["https:\/\/quehacerpolitico.mx\/wp-content\/uploads\/2020\/09\/70145BF8-6543-402B-9138-9B0D0A5BC29B.jpeg",540,295,false]},"author_info":{"display_name":"Redacci\u00f3n QP","author_link":"https:\/\/quehacerpolitico.mx\/?author=2"},"category_info":"<a href=\"https:\/\/quehacerpolitico.mx\/?cat=2\" rel=\"category\">Noticias<\/a>","tag_info":"Noticias","comment_count":"0","_links":{"self":[{"href":"https:\/\/quehacerpolitico.mx\/index.php?rest_route=\/wp\/v2\/posts\/65289","targetHints":{"allow":["GET"]}}],"collection":[{"href":"https:\/\/quehacerpolitico.mx\/index.php?rest_route=\/wp\/v2\/posts"}],"about":[{"href":"https:\/\/quehacerpolitico.mx\/index.php?rest_route=\/wp\/v2\/types\/post"}],"author":[{"embeddable":true,"href":"https:\/\/quehacerpolitico.mx\/index.php?rest_route=\/wp\/v2\/users\/2"}],"replies":[{"embeddable":true,"href":"https:\/\/quehacerpolitico.mx\/index.php?rest_route=%2Fwp%2Fv2%2Fcomments&post=65289"}],"version-history":[{"count":0,"href":"https:\/\/quehacerpolitico.mx\/index.php?rest_route=\/wp\/v2\/posts\/65289\/revisions"}],"wp:featuredmedia":[{"embeddable":true,"href":"https:\/\/quehacerpolitico.mx\/index.php?rest_route=\/wp\/v2\/media\/65292"}],"wp:attachment":[{"href":"https:\/\/quehacerpolitico.mx\/index.php?rest_route=%2Fwp%2Fv2%2Fmedia&parent=65289"}],"wp:term":[{"taxonomy":"category","embeddable":true,"href":"https:\/\/quehacerpolitico.mx\/index.php?rest_route=%2Fwp%2Fv2%2Fcategories&post=65289"},{"taxonomy":"post_tag","embeddable":true,"href":"https:\/\/quehacerpolitico.mx\/index.php?rest_route=%2Fwp%2Fv2%2Ftags&post=65289"}],"curies":[{"name":"wp","href":"https:\/\/api.w.org\/{rel}","templated":true}]}}