{"id":65050,"date":"2020-09-14T20:28:33","date_gmt":"2020-09-15T01:28:33","guid":{"rendered":"http:\/\/quehacerpolitico.mx\/?p=65050"},"modified":"2020-09-14T20:28:33","modified_gmt":"2020-09-15T01:28:33","slug":"acuerdan-rescatar-cuerpos-en-pasta-de-conchos-cfe-se-hara-cargo","status":"publish","type":"post","link":"https:\/\/quehacerpolitico.mx\/?p=65050","title":{"rendered":"Acuerdan rescatar cuerpos en Pasta de Conchos; CFE se har\u00e1 cargo"},"content":{"rendered":"<h1 class=\"news-title\">Acuerdan rescatar cuerpos en Pasta de Conchos; CFE se har\u00e1 cargo<br \/>\nPor Redacci\u00f3n QP<\/h1>\n<p>Estiman que operativo costar\u00e1 cerca de los 75 millones de d\u00f3lares<\/p>\n<p>Luego de una reuni\u00f3n de m\u00e1s de tres horas entre familiares de los 65 mineros cuyos cuerpos quedaron atrapados en pasta de Conchos\u00a0con el Presidente Andr\u00e9s Manuel L\u00f3pez Obrador, \u00a0se acord\u00f3 iniciar de inmediato <strong>el rescate de cuerpos y a partir de este lunes se inicia el proceso de reparaci\u00f3n integral,<\/strong> el cual incluye la individual y colectiva.<\/p>\n<p>En reuni\u00f3n con medios afuera de Palacio Nacional, Alejandro Encinas, subsecretario de Derechos Humanos, indic\u00f3 que los familiares otorgaron el consentimiento para que la Comisi\u00f3n Federal de Electricidad (CFE) extraiga el carb\u00f3n para su autoabastecimiento.<\/p>\n<p>Alejandro Encinas inform\u00f3 que el rescate de los cuerpos en la mina en Coahuila\u00a0podr\u00eda estar cerca de los 75 millones de d\u00f3lares (cerca de mil 700 millones de pesos). &#8220;Es aproximadamente el costo que implicar\u00eda el rescate&#8221;, detall\u00f3.<\/p>\n<p>En una minuta firmada entre el Gobierno federal y los familiares de los mineros atrapados tras una explosi\u00f3n en 2006\u00a0se acord\u00f3 tambi\u00e9n el pago de la <strong>indemnizaci\u00f3n para cada una de las 65 familias afectadas<\/strong>, la cual se efectuar\u00e1 a trav\u00e9s de las Secretar\u00eda de Gobernaci\u00f3n (Segob) a m\u00e1s tardar el 31 de diciembre de este a\u00f1o, previo acuerdo de las v\u00edctimas.<\/p>\n<p>Como quinto acuerdo, las obras p\u00fablicas previstas en la<strong> reparaci\u00f3n integral de tipo colectiva<\/strong> iniciar\u00e1n en enero de 2021, a cargo de la Secretar\u00eda de Desarrollo Agrario Territorial y Urbano (Sadatu) y en homenaje a las v\u00edctimas se construir\u00e1 un memorial en una parte del predio de la mina de Pasta de Conchos a cargo de la Sedatu &#8220;espacio que ser\u00e1 inviolable&#8221;.<\/p>\n<p>Tambi\u00e9n se aprob\u00f3 que la Segob dar\u00e1 inicio con el proceso de negociaci\u00f3n de un acuerdo de soluci\u00f3n amistosa, en el cual se plasmar\u00e1n los detalles de la reparaci\u00f3n integral acordados y previstos en el Sistema Interamericano de Derechos Humanos.<\/p>\n<p>Como octavo acuerdo se inform\u00f3 que el Presidente\u00a0L\u00f3pez Obrador asistir\u00e1 a Nueva Rosita, Coahuila, el pr\u00f3ximo 23 de octubre a supervisar el cumplimiento de estos acuerdos.<\/p>\n<p>Con informaci\u00f3n de SUN<\/p>\n","protected":false},"excerpt":{"rendered":"<p>Acuerdan rescatar cuerpos en Pasta de Conchos; CFE se har\u00e1 cargo Por Redacci\u00f3n QP Estiman&#8230;<\/p>\n","protected":false},"author":2,"featured_media":65051,"comment_status":"open","ping_status":"open","sticky":false,"template":"","format":"standard","meta":{"_monsterinsights_skip_tracking":false,"_monsterinsights_sitenote_active":false,"_monsterinsights_sitenote_note":"","_monsterinsights_sitenote_category":0,"footnotes":""},"categories":[2],"tags":[],"class_list":["post-65050","post","type-post","status-publish","format-standard","has-post-thumbnail","hentry","category-noticias"],"yoast_head":"<!-- This site is optimized with the Yoast SEO plugin v27.3 - https:\/\/yoast.com\/product\/yoast-seo-wordpress\/ -->\n<title>Acuerdan rescatar cuerpos en Pasta de Conchos; CFE se har\u00e1 cargo -<\/title>\n<meta name=\"robots\" content=\"index, follow, max-snippet:-1, max-image-preview:large, max-video-preview:-1\" \/>\n<link rel=\"canonical\" href=\"https:\/\/quehacerpolitico.mx\/?p=65050\" \/>\n<meta property=\"og:locale\" content=\"es_MX\" \/>\n<meta property=\"og:type\" content=\"article\" \/>\n<meta property=\"og:title\" content=\"Acuerdan rescatar cuerpos en Pasta de Conchos; CFE se har\u00e1 cargo -\" \/>\n<meta property=\"og:description\" content=\"Acuerdan rescatar cuerpos en Pasta de Conchos; CFE se har\u00e1 cargo Por Redacci\u00f3n QP Estiman...\" \/>\n<meta property=\"og:url\" content=\"https:\/\/quehacerpolitico.mx\/?p=65050\" \/>\n<meta property=\"article:published_time\" content=\"2020-09-15T01:28:33+00:00\" \/>\n<meta property=\"og:image\" content=\"https:\/\/quehacerpolitico.mx\/wp-content\/uploads\/2020\/09\/FAFEE067-5617-4265-9223-8A317BC57EED.jpeg\" \/>\n\t<meta property=\"og:image:width\" content=\"480\" \/>\n\t<meta property=\"og:image:height\" content=\"316\" \/>\n\t<meta property=\"og:image:type\" content=\"image\/jpeg\" \/>\n<meta name=\"author\" content=\"Redacci\u00f3n QP\" \/>\n<meta name=\"twitter:card\" content=\"summary_large_image\" \/>\n<meta name=\"twitter:label1\" content=\"Escrito por\" \/>\n\t<meta name=\"twitter:data1\" content=\"Redacci\u00f3n QP\" \/>\n\t<meta name=\"twitter:label2\" content=\"Tiempo de lectura\" \/>\n\t<meta name=\"twitter:data2\" content=\"2 minutos\" \/>\n<script type=\"application\/ld+json\" class=\"yoast-schema-graph\">{\"@context\":\"https:\\\/\\\/schema.org\",\"@graph\":[{\"@type\":\"Article\",\"@id\":\"https:\\\/\\\/quehacerpolitico.mx\\\/?p=65050#article\",\"isPartOf\":{\"@id\":\"https:\\\/\\\/quehacerpolitico.mx\\\/?p=65050\"},\"author\":{\"name\":\"Redacci\u00f3n QP\",\"@id\":\"https:\\\/\\\/quehacerpolitico.mx\\\/#\\\/schema\\\/person\\\/496d8ad2d1d3f8036101dca7ee39e585\"},\"headline\":\"Acuerdan rescatar cuerpos en Pasta de Conchos; CFE se har\u00e1 cargo\",\"datePublished\":\"2020-09-15T01:28:33+00:00\",\"mainEntityOfPage\":{\"@id\":\"https:\\\/\\\/quehacerpolitico.mx\\\/?p=65050\"},\"wordCount\":391,\"commentCount\":0,\"image\":{\"@id\":\"https:\\\/\\\/quehacerpolitico.mx\\\/?p=65050#primaryimage\"},\"thumbnailUrl\":\"https:\\\/\\\/quehacerpolitico.mx\\\/wp-content\\\/uploads\\\/2020\\\/09\\\/FAFEE067-5617-4265-9223-8A317BC57EED.jpeg\",\"articleSection\":[\"Noticias\"],\"inLanguage\":\"es\",\"potentialAction\":[{\"@type\":\"CommentAction\",\"name\":\"Comment\",\"target\":[\"https:\\\/\\\/quehacerpolitico.mx\\\/?p=65050#respond\"]}]},{\"@type\":\"WebPage\",\"@id\":\"https:\\\/\\\/quehacerpolitico.mx\\\/?p=65050\",\"url\":\"https:\\\/\\\/quehacerpolitico.mx\\\/?p=65050\",\"name\":\"Acuerdan rescatar cuerpos en Pasta de Conchos; CFE se har\u00e1 cargo -\",\"isPartOf\":{\"@id\":\"https:\\\/\\\/quehacerpolitico.mx\\\/#website\"},\"primaryImageOfPage\":{\"@id\":\"https:\\\/\\\/quehacerpolitico.mx\\\/?p=65050#primaryimage\"},\"image\":{\"@id\":\"https:\\\/\\\/quehacerpolitico.mx\\\/?p=65050#primaryimage\"},\"thumbnailUrl\":\"https:\\\/\\\/quehacerpolitico.mx\\\/wp-content\\\/uploads\\\/2020\\\/09\\\/FAFEE067-5617-4265-9223-8A317BC57EED.jpeg\",\"datePublished\":\"2020-09-15T01:28:33+00:00\",\"author\":{\"@id\":\"https:\\\/\\\/quehacerpolitico.mx\\\/#\\\/schema\\\/person\\\/496d8ad2d1d3f8036101dca7ee39e585\"},\"breadcrumb\":{\"@id\":\"https:\\\/\\\/quehacerpolitico.mx\\\/?p=65050#breadcrumb\"},\"inLanguage\":\"es\",\"potentialAction\":[{\"@type\":\"ReadAction\",\"target\":[\"https:\\\/\\\/quehacerpolitico.mx\\\/?p=65050\"]}]},{\"@type\":\"ImageObject\",\"inLanguage\":\"es\",\"@id\":\"https:\\\/\\\/quehacerpolitico.mx\\\/?p=65050#primaryimage\",\"url\":\"https:\\\/\\\/quehacerpolitico.mx\\\/wp-content\\\/uploads\\\/2020\\\/09\\\/FAFEE067-5617-4265-9223-8A317BC57EED.jpeg\",\"contentUrl\":\"https:\\\/\\\/quehacerpolitico.mx\\\/wp-content\\\/uploads\\\/2020\\\/09\\\/FAFEE067-5617-4265-9223-8A317BC57EED.jpeg\",\"width\":480,\"height\":316},{\"@type\":\"BreadcrumbList\",\"@id\":\"https:\\\/\\\/quehacerpolitico.mx\\\/?p=65050#breadcrumb\",\"itemListElement\":[{\"@type\":\"ListItem\",\"position\":1,\"name\":\"Inicio\",\"item\":\"https:\\\/\\\/quehacerpolitico.mx\\\/\"},{\"@type\":\"ListItem\",\"position\":2,\"name\":\"Acuerdan rescatar cuerpos en Pasta de Conchos; CFE se har\u00e1 cargo\"}]},{\"@type\":\"WebSite\",\"@id\":\"https:\\\/\\\/quehacerpolitico.mx\\\/#website\",\"url\":\"https:\\\/\\\/quehacerpolitico.mx\\\/\",\"name\":\"\",\"description\":\"\",\"potentialAction\":[{\"@type\":\"SearchAction\",\"target\":{\"@type\":\"EntryPoint\",\"urlTemplate\":\"https:\\\/\\\/quehacerpolitico.mx\\\/?s={search_term_string}\"},\"query-input\":{\"@type\":\"PropertyValueSpecification\",\"valueRequired\":true,\"valueName\":\"search_term_string\"}}],\"inLanguage\":\"es\"},{\"@type\":\"Person\",\"@id\":\"https:\\\/\\\/quehacerpolitico.mx\\\/#\\\/schema\\\/person\\\/496d8ad2d1d3f8036101dca7ee39e585\",\"name\":\"Redacci\u00f3n QP\",\"image\":{\"@type\":\"ImageObject\",\"inLanguage\":\"es\",\"@id\":\"https:\\\/\\\/secure.gravatar.com\\\/avatar\\\/c7164ed6fdec453195284ad24a5ae5b6e1eed2b848477fa2a4787ba9adf39a41?s=96&d=mm&r=g\",\"url\":\"https:\\\/\\\/secure.gravatar.com\\\/avatar\\\/c7164ed6fdec453195284ad24a5ae5b6e1eed2b848477fa2a4787ba9adf39a41?s=96&d=mm&r=g\",\"contentUrl\":\"https:\\\/\\\/secure.gravatar.com\\\/avatar\\\/c7164ed6fdec453195284ad24a5ae5b6e1eed2b848477fa2a4787ba9adf39a41?s=96&d=mm&r=g\",\"caption\":\"Redacci\u00f3n QP\"},\"url\":\"https:\\\/\\\/quehacerpolitico.mx\\\/?author=2\"}]}<\/script>\n<!-- \/ Yoast SEO plugin. -->","yoast_head_json":{"title":"Acuerdan rescatar cuerpos en Pasta de Conchos; CFE se har\u00e1 cargo -","robots":{"index":"index","follow":"follow","max-snippet":"max-snippet:-1","max-image-preview":"max-image-preview:large","max-video-preview":"max-video-preview:-1"},"canonical":"https:\/\/quehacerpolitico.mx\/?p=65050","og_locale":"es_MX","og_type":"article","og_title":"Acuerdan rescatar cuerpos en Pasta de Conchos; CFE se har\u00e1 cargo -","og_description":"Acuerdan rescatar cuerpos en Pasta de Conchos; CFE se har\u00e1 cargo Por Redacci\u00f3n QP Estiman...","og_url":"https:\/\/quehacerpolitico.mx\/?p=65050","article_published_time":"2020-09-15T01:28:33+00:00","og_image":[{"width":480,"height":316,"url":"https:\/\/quehacerpolitico.mx\/wp-content\/uploads\/2020\/09\/FAFEE067-5617-4265-9223-8A317BC57EED.jpeg","type":"image\/jpeg"}],"author":"Redacci\u00f3n QP","twitter_card":"summary_large_image","twitter_misc":{"Escrito por":"Redacci\u00f3n QP","Tiempo de lectura":"2 minutos"},"schema":{"@context":"https:\/\/schema.org","@graph":[{"@type":"Article","@id":"https:\/\/quehacerpolitico.mx\/?p=65050#article","isPartOf":{"@id":"https:\/\/quehacerpolitico.mx\/?p=65050"},"author":{"name":"Redacci\u00f3n QP","@id":"https:\/\/quehacerpolitico.mx\/#\/schema\/person\/496d8ad2d1d3f8036101dca7ee39e585"},"headline":"Acuerdan rescatar cuerpos en Pasta de Conchos; CFE se har\u00e1 cargo","datePublished":"2020-09-15T01:28:33+00:00","mainEntityOfPage":{"@id":"https:\/\/quehacerpolitico.mx\/?p=65050"},"wordCount":391,"commentCount":0,"image":{"@id":"https:\/\/quehacerpolitico.mx\/?p=65050#primaryimage"},"thumbnailUrl":"https:\/\/quehacerpolitico.mx\/wp-content\/uploads\/2020\/09\/FAFEE067-5617-4265-9223-8A317BC57EED.jpeg","articleSection":["Noticias"],"inLanguage":"es","potentialAction":[{"@type":"CommentAction","name":"Comment","target":["https:\/\/quehacerpolitico.mx\/?p=65050#respond"]}]},{"@type":"WebPage","@id":"https:\/\/quehacerpolitico.mx\/?p=65050","url":"https:\/\/quehacerpolitico.mx\/?p=65050","name":"Acuerdan rescatar cuerpos en Pasta de Conchos; CFE se har\u00e1 cargo -","isPartOf":{"@id":"https:\/\/quehacerpolitico.mx\/#website"},"primaryImageOfPage":{"@id":"https:\/\/quehacerpolitico.mx\/?p=65050#primaryimage"},"image":{"@id":"https:\/\/quehacerpolitico.mx\/?p=65050#primaryimage"},"thumbnailUrl":"https:\/\/quehacerpolitico.mx\/wp-content\/uploads\/2020\/09\/FAFEE067-5617-4265-9223-8A317BC57EED.jpeg","datePublished":"2020-09-15T01:28:33+00:00","author":{"@id":"https:\/\/quehacerpolitico.mx\/#\/schema\/person\/496d8ad2d1d3f8036101dca7ee39e585"},"breadcrumb":{"@id":"https:\/\/quehacerpolitico.mx\/?p=65050#breadcrumb"},"inLanguage":"es","potentialAction":[{"@type":"ReadAction","target":["https:\/\/quehacerpolitico.mx\/?p=65050"]}]},{"@type":"ImageObject","inLanguage":"es","@id":"https:\/\/quehacerpolitico.mx\/?p=65050#primaryimage","url":"https:\/\/quehacerpolitico.mx\/wp-content\/uploads\/2020\/09\/FAFEE067-5617-4265-9223-8A317BC57EED.jpeg","contentUrl":"https:\/\/quehacerpolitico.mx\/wp-content\/uploads\/2020\/09\/FAFEE067-5617-4265-9223-8A317BC57EED.jpeg","width":480,"height":316},{"@type":"BreadcrumbList","@id":"https:\/\/quehacerpolitico.mx\/?p=65050#breadcrumb","itemListElement":[{"@type":"ListItem","position":1,"name":"Inicio","item":"https:\/\/quehacerpolitico.mx\/"},{"@type":"ListItem","position":2,"name":"Acuerdan rescatar cuerpos en Pasta de Conchos; CFE se har\u00e1 cargo"}]},{"@type":"WebSite","@id":"https:\/\/quehacerpolitico.mx\/#website","url":"https:\/\/quehacerpolitico.mx\/","name":"","description":"","potentialAction":[{"@type":"SearchAction","target":{"@type":"EntryPoint","urlTemplate":"https:\/\/quehacerpolitico.mx\/?s={search_term_string}"},"query-input":{"@type":"PropertyValueSpecification","valueRequired":true,"valueName":"search_term_string"}}],"inLanguage":"es"},{"@type":"Person","@id":"https:\/\/quehacerpolitico.mx\/#\/schema\/person\/496d8ad2d1d3f8036101dca7ee39e585","name":"Redacci\u00f3n QP","image":{"@type":"ImageObject","inLanguage":"es","@id":"https:\/\/secure.gravatar.com\/avatar\/c7164ed6fdec453195284ad24a5ae5b6e1eed2b848477fa2a4787ba9adf39a41?s=96&d=mm&r=g","url":"https:\/\/secure.gravatar.com\/avatar\/c7164ed6fdec453195284ad24a5ae5b6e1eed2b848477fa2a4787ba9adf39a41?s=96&d=mm&r=g","contentUrl":"https:\/\/secure.gravatar.com\/avatar\/c7164ed6fdec453195284ad24a5ae5b6e1eed2b848477fa2a4787ba9adf39a41?s=96&d=mm&r=g","caption":"Redacci\u00f3n QP"},"url":"https:\/\/quehacerpolitico.mx\/?author=2"}]}},"featured_image_urls":{"full":["https:\/\/quehacerpolitico.mx\/wp-content\/uploads\/2020\/09\/FAFEE067-5617-4265-9223-8A317BC57EED.jpeg",480,316,false],"thumbnail":["https:\/\/quehacerpolitico.mx\/wp-content\/uploads\/2020\/09\/FAFEE067-5617-4265-9223-8A317BC57EED-150x150.jpeg",150,150,true],"medium":["https:\/\/quehacerpolitico.mx\/wp-content\/uploads\/2020\/09\/FAFEE067-5617-4265-9223-8A317BC57EED-300x198.jpeg",300,198,true],"medium_large":["https:\/\/quehacerpolitico.mx\/wp-content\/uploads\/2020\/09\/FAFEE067-5617-4265-9223-8A317BC57EED.jpeg",480,316,false],"large":["https:\/\/quehacerpolitico.mx\/wp-content\/uploads\/2020\/09\/FAFEE067-5617-4265-9223-8A317BC57EED.jpeg",480,316,false],"1536x1536":["https:\/\/quehacerpolitico.mx\/wp-content\/uploads\/2020\/09\/FAFEE067-5617-4265-9223-8A317BC57EED.jpeg",480,316,false],"2048x2048":["https:\/\/quehacerpolitico.mx\/wp-content\/uploads\/2020\/09\/FAFEE067-5617-4265-9223-8A317BC57EED.jpeg",480,316,false],"covernews-featured":["https:\/\/quehacerpolitico.mx\/wp-content\/uploads\/2020\/09\/FAFEE067-5617-4265-9223-8A317BC57EED.jpeg",480,316,false],"covernews-medium":["https:\/\/quehacerpolitico.mx\/wp-content\/uploads\/2020\/09\/FAFEE067-5617-4265-9223-8A317BC57EED.jpeg",480,316,false]},"author_info":{"display_name":"Redacci\u00f3n QP","author_link":"https:\/\/quehacerpolitico.mx\/?author=2"},"category_info":"<a href=\"https:\/\/quehacerpolitico.mx\/?cat=2\" rel=\"category\">Noticias<\/a>","tag_info":"Noticias","comment_count":"0","_links":{"self":[{"href":"https:\/\/quehacerpolitico.mx\/index.php?rest_route=\/wp\/v2\/posts\/65050","targetHints":{"allow":["GET"]}}],"collection":[{"href":"https:\/\/quehacerpolitico.mx\/index.php?rest_route=\/wp\/v2\/posts"}],"about":[{"href":"https:\/\/quehacerpolitico.mx\/index.php?rest_route=\/wp\/v2\/types\/post"}],"author":[{"embeddable":true,"href":"https:\/\/quehacerpolitico.mx\/index.php?rest_route=\/wp\/v2\/users\/2"}],"replies":[{"embeddable":true,"href":"https:\/\/quehacerpolitico.mx\/index.php?rest_route=%2Fwp%2Fv2%2Fcomments&post=65050"}],"version-history":[{"count":0,"href":"https:\/\/quehacerpolitico.mx\/index.php?rest_route=\/wp\/v2\/posts\/65050\/revisions"}],"wp:featuredmedia":[{"embeddable":true,"href":"https:\/\/quehacerpolitico.mx\/index.php?rest_route=\/wp\/v2\/media\/65051"}],"wp:attachment":[{"href":"https:\/\/quehacerpolitico.mx\/index.php?rest_route=%2Fwp%2Fv2%2Fmedia&parent=65050"}],"wp:term":[{"taxonomy":"category","embeddable":true,"href":"https:\/\/quehacerpolitico.mx\/index.php?rest_route=%2Fwp%2Fv2%2Fcategories&post=65050"},{"taxonomy":"post_tag","embeddable":true,"href":"https:\/\/quehacerpolitico.mx\/index.php?rest_route=%2Fwp%2Fv2%2Ftags&post=65050"}],"curies":[{"name":"wp","href":"https:\/\/api.w.org\/{rel}","templated":true}]}}