{"id":65009,"date":"2020-09-13T19:24:02","date_gmt":"2020-09-14T00:24:02","guid":{"rendered":"http:\/\/quehacerpolitico.mx\/?p=65009"},"modified":"2020-09-13T19:24:02","modified_gmt":"2020-09-14T00:24:02","slug":"estas-son-las-158-colonias-de-la-ciudad-de-mexico-en-atencion-prioritaria-por-covid-19-2","status":"publish","type":"post","link":"https:\/\/quehacerpolitico.mx\/?p=65009","title":{"rendered":"Estas son las 158 colonias de la Ciudad de M\u00e9xico en atenci\u00f3n prioritaria por COVID-19"},"content":{"rendered":"<h1>Estas son las 158 colonias de la Ciudad de M\u00e9xico en atenci\u00f3n prioritaria por COVID-19<br \/>\nPor Redacci\u00f3n QP<\/h1>\n<p>El Gobierno de la CDMX actualiza el programa de Atenci\u00f3n Prioritaria con 16 nuevas colonias que sustituyen al mismo n\u00famero de demarcaciones<\/p>\n<p>El <strong>Gobierno de la Ciudad de M\u00e9xico<\/strong> comparti\u00f3 la lista de las <strong>158 colonias del programa de\u00a0atenci\u00f3n prioritaria<\/strong> por <strong>COVID-19<\/strong>.<\/p>\n<p>De la lista salieron 16 colonias que lograron disminuir el n\u00famero de casos de COVID-19, sin embargo, se agreg\u00f3 el mismo n\u00famero de demarcaciones.<\/p>\n<p>El Gobierno capitalino se\u00f1al\u00f3 que las 158 colonias de esta lista registran 2 mil 54 casos de coronavirus, lo que representa el 36% de los positivos activos en la CDMX.<\/p>\n<blockquote class=\"twitter-tweet\" data-width=\"550\" data-dnt=\"true\">\n<p lang=\"es\" dir=\"ltr\">El Gobierno de la Ciudad de M\u00e9xico informa: Lista de Colonias, Pueblos y Barrios de Atenci\u00f3n Prioritaria por COVID-19. <br \/>\ud83d\udc49\ud83c\udffc <a href=\"https:\/\/t.co\/EXen0cvbaF\">https:\/\/t.co\/EXen0cvbaF<\/a> <a href=\"https:\/\/t.co\/IgPmSgvjot\">pic.twitter.com\/IgPmSgvjot<\/a><\/p>\n<p>&mdash; Gobierno de la Ciudad de M\u00e9xico (@GobCDMX) <a href=\"https:\/\/twitter.com\/GobCDMX\/status\/1305287329565880322?ref_src=twsrc%5Etfw\">September 13, 2020<\/a><\/p><\/blockquote>\n<p><script async src=\"https:\/\/platform.twitter.com\/widgets.js\" charset=\"utf-8\"><\/script><\/p>\n<p><strong>A continuaci\u00f3n compartimos la lista de las colonias que estar\u00e1n en el programa de atenci\u00f3n prioritaria del 16 al 22 de septiembre:<\/strong><\/p>\n<h2>\u00c1lvaro Obreg\u00f3n:<\/h2>\n<p>San Clemente<\/p>\n<p>Lomas de Capula<\/p>\n<p>Lomas de Becerra<\/p>\n<p>Barrio Norte<\/p>\n<p>Olivar de los Padres<\/p>\n<p>Olivar del Conde 1ra Secci\u00f3n I<\/p>\n<p>Las \u00c1guilas (AMPL)<\/p>\n<p>Torres de Potrero<\/p>\n<p>Santa Rosa Xochiac (PBLO)<\/p>\n<p>Tizapan San \u00c1ngel<\/p>\n<p>Jardines del Pedregal<\/p>\n<p>Lomas de la Era<\/p>\n<p>San Bartolo Ameyalco (PBLO)<\/p>\n<h2>Azcapotzalco:<\/h2>\n<p>Reynosa Tamaulipas<\/p>\n<p>Arenal<\/p>\n<p>Del Gas<\/p>\n<p>San Juan Tlihuaca (PBLO)<\/p>\n<p>Tezozomoc<\/p>\n<p>El Rosario C (U HAB)<\/p>\n<h2>Benito Ju\u00e1rez:<\/h2>\n<p>Nativitas<\/p>\n<h2>Coyoac\u00e1n:<\/h2>\n<p>Los Reyes (PBLO)<\/p>\n<p>CTM VI Culhuac\u00e1n (U HAB)<\/p>\n<p>Pedregal de Santo Domingo VI<\/p>\n<p>Pedregal de Santo Domingo IV<\/p>\n<p>Pedregal de Santa \u00darsula III<\/p>\n<p>Ajusco I<\/p>\n<p>Ajusco II<\/p>\n<h2>Cuajimalpa:<\/h2>\n<p>La Pila<\/p>\n<p>San Mateo Tlaltengango (PBLO)<\/p>\n<p>San Pedro Cuajimalpa (PBLO)<\/p>\n<p>Loma del Padre<\/p>\n<p>Las Lajas<\/p>\n<p>San Lorenzo Acopilco (PBLO)<\/p>\n<p>Navidad (Granjas de Navidad)<\/p>\n<h2>Cuauht\u00e9moc:<\/h2>\n<p>Obrera<\/p>\n<p>Doctores IV<\/p>\n<p>Morelos III<\/p>\n<p>Doctores II<\/p>\n<p>Doctores III<\/p>\n<p>Guerrero IV<\/p>\n<p>Peralvillo II<\/p>\n<p>Centro VIII<\/p>\n<h2>Gustavo A. Madero:<\/h2>\n<p>La Candelaria Ticom\u00e1n (BARR)<\/p>\n<p>Gabriel Hern\u00e1ndez<\/p>\n<p>M\u00e1rtires de R\u00edo Blanco<\/p>\n<p>San Juan de Arag\u00f3n 1A Secci\u00f3n (U HAB) II<\/p>\n<p>Nueva Atzacoalco III<\/p>\n<p>Loma de la Palma<\/p>\n<p>San Juan de Arag\u00f3n (PBLO)<\/p>\n<p>Gabriel Hern\u00e1ndez (AMPL) II<\/p>\n<p>Nueva Atzacoalco II<\/p>\n<p>Santa Isabel Tola (PBLO)<\/p>\n<p>San Felipe de Jes\u00fas IV<\/p>\n<p>San Felipe de Jes\u00fas III<\/p>\n<p>La Pur\u00edsima Ticom\u00e1n (BARR)<\/p>\n<p>Cuchilla del Tesoro<\/p>\n<h2>Iztacalco:<\/h2>\n<p>Pantitl\u00e1n I<\/p>\n<p>Pantitl\u00e1n II<\/p>\n<p>Pantitl\u00e1n V<\/p>\n<p>Pantitl\u00e1n IV<\/p>\n<p>Santa Anita<\/p>\n<h2>Iztapalapa:<\/h2>\n<p>Lomas Estrella 2a Secci\u00f3n I<\/p>\n<p>Aculco (PBLO)<\/p>\n<p>Las Pe\u00f1as I<\/p>\n<p>Ixtlahuacan<\/p>\n<p>Lomas de San Lorenzo I<\/p>\n<p>Valle de San Lorenzo I<\/p>\n<p>Consejo Agrarista Mexicano I<\/p>\n<p>San Juan Xalpa I<\/p>\n<p>San Antonio (BARR)<\/p>\n<p>San Lorenzo Tezonco (PBLO)<\/p>\n<p>Cerro de la Estrella I<\/p>\n<p>Guadalupe del Moral<\/p>\n<p>Mirasoles (U HAB)<\/p>\n<p>Lomas de San Lorenzo II<\/p>\n<h2>Magdalena Contreras:<\/h2>\n<p>Barros Sierra<\/p>\n<p>Tierra Colorada<\/p>\n<p>Las Palmas<\/p>\n<p>Pueblo Nuevo Alto<\/p>\n<p>Tierra Unida<\/p>\n<p>La Cruz<\/p>\n<p>San Bartolo Ameyalco<\/p>\n<p>Potrerillo<\/p>\n<p>Los Padres<\/p>\n<p>La Carbonera<\/p>\n<p>San Bernabe Ocotepec (PBLO)<\/p>\n<p>El Rosal<\/p>\n<p>Lomas de San Bernabe<\/p>\n<p>El Tanque<\/p>\n<p>Las Cruces<\/p>\n<p>Barranca Seca<\/p>\n<p>Cazulco (BARR)<\/p>\n<p>El Ocotal<\/p>\n<p>La Malinche<\/p>\n<p>San Nicol\u00e1s Totolpan (PBLO)<\/p>\n<p>San Jer\u00f3nimo Aculco \u2013 Lidice (PBLO)<\/p>\n<h2>Miguel Hidalgo:<\/h2>\n<p>Am\u00e9rica<\/p>\n<p>Tlaxpana<\/p>\n<p>Popotla II<\/p>\n<p>An\u00e1huac I<\/p>\n<p>An\u00e1huac II<\/p>\n<h2>Milpa Alta:<\/h2>\n<p>San Pedro Atocpan (PBLO)<\/p>\n<p>San Pablo Oztotepec (PBLO)<\/p>\n<p>San Salvador Cuauhtenco (PBLO)<\/p>\n<p>Villa Milpa Alta (PBLO)<\/p>\n<p>San Antonio Tecomitl (PBLO)<\/p>\n<h2>Tlahuac:<\/h2>\n<p>La Habana<\/p>\n<p>San Jos\u00e9<\/p>\n<p>La Conchita I<\/p>\n<p>Unidades Habitacionales de Santa Ana Poniente I<\/p>\n<p>Miguel Hidalgo OTE<\/p>\n<p>Agr\u00edcola Metropolitana<\/p>\n<p>Miguel Hidalgo<\/p>\n<p>San Francisco Tlaltenco (PBLO)<\/p>\n<p>San Andr\u00e9s Mixquic (PBLO)<\/p>\n<p>Selene (AMPL)<\/p>\n<p>San Pedro Tl\u00e1huac (PBLO)<\/p>\n<p>Santiago Zapotitl\u00e1n (PBLO)<\/p>\n<p>La Conchita II<\/p>\n<h2>Tlalpan:<\/h2>\n<p>Lomas de Padierna II<\/p>\n<p>H\u00e9roes de Padierna I<\/p>\n<p>Santo Tom\u00e1s Ajusco<\/p>\n<p>Pedral de San Nicol\u00e1s 3a secci\u00f3n<\/p>\n<p>Ejidos de San Pedro M\u00e1rtir I (Norte)<\/p>\n<p>Pedregal de San Nicol\u00e1s 2a secc<\/p>\n<p>Popular Santa Teresa<\/p>\n<p>Ampliaci\u00f3n Miguel Hidalgo 2a secc<\/p>\n<p>Miguel Hidalgo<\/p>\n<p>San Miguel Xicalco (PBLO)<\/p>\n<p>San Miguel Ajusco (PBLO)<\/p>\n<p>Pedregal de San Nicol\u00e1s 1a secc<\/p>\n<p>Ampliaci\u00f3n Miguel Hidalgo 3a secc<\/p>\n<p>Lomas de Padierna I<\/p>\n<p>San Pedro M\u00e1rtir (PBLO)<\/p>\n<p>La Magdalena Petlacalco (PBLO)<\/p>\n<p>Mesa Los Hornos, Texcaltenco<\/p>\n<p>San Miguel Topilejo (PBLO)<\/p>\n<p>San Andr\u00e9s Totoltepec (PBLO)<\/p>\n<h2>Venustiano Carranza:<\/h2>\n<p>Romero Rubio<\/p>\n<p>Sim\u00f3n Bol\u00edvar<\/p>\n<p>Moctezuma 2a Secci\u00f3n II<\/p>\n<p>Moctezuma 2a Secci\u00f3n III<\/p>\n<p>El Arenal 4a secci\u00f3n<\/p>\n<p>Caracol<\/p>\n<p>Cuchilla Pantitl\u00e1n<\/p>\n<p>Morelos I<\/p>\n<p>Morelos II<\/p>\n<h2>Xochimilco:<\/h2>\n<p>San Lorenzo Atemoaya (PBLO)<\/p>\n<p>San Luis Tlaxialtemalco (PBLO)<\/p>\n<p>Santiago Tulyehualco (PBLO)<\/p>\n<p>San Andr\u00e9s Ahuayucan (PBLO)<\/p>\n<p>Xaltocan (BARR)<\/p>\n<p>Santiago Tepalcatlalpan (PBLO)<\/p>\n<p>San Mateo Xalpa (PBLO)<\/p>\n<p>Santa Cruz Acalpixca (PBLO)<\/p>\n<p>San Gregorio Atlapulco (PBLO)<\/p>\n<p>Estas colonias saldr\u00e1n del programa de atenci\u00f3n prioritaria <strong>cuando cumplan dos semanas con menos de 10 casos<\/strong> y un porcentaje de positividad de pruebas menor al promedio de la capital.<\/p>\n<p>Con informaci\u00f3n del Gobierno de la Ciudad de M\u00e9xico<\/p>\n","protected":false},"excerpt":{"rendered":"<p>Estas son las 158 colonias de la Ciudad de M\u00e9xico en atenci\u00f3n prioritaria por COVID-19&#8230;<\/p>\n","protected":false},"author":2,"featured_media":65011,"comment_status":"open","ping_status":"open","sticky":false,"template":"","format":"standard","meta":{"_monsterinsights_skip_tracking":false,"_monsterinsights_sitenote_active":false,"_monsterinsights_sitenote_note":"","_monsterinsights_sitenote_category":0,"footnotes":""},"categories":[55],"tags":[],"class_list":["post-65009","post","type-post","status-publish","format-standard","has-post-thumbnail","hentry","category-cdmx"],"yoast_head":"<!-- This site is optimized with the Yoast SEO plugin v27.3 - https:\/\/yoast.com\/product\/yoast-seo-wordpress\/ -->\n<title>Estas son las 158 colonias de la Ciudad de M\u00e9xico en atenci\u00f3n prioritaria por COVID-19 -<\/title>\n<meta name=\"robots\" content=\"index, follow, max-snippet:-1, max-image-preview:large, max-video-preview:-1\" \/>\n<link rel=\"canonical\" href=\"https:\/\/quehacerpolitico.mx\/?p=65009\" \/>\n<meta property=\"og:locale\" content=\"es_MX\" \/>\n<meta property=\"og:type\" content=\"article\" \/>\n<meta property=\"og:title\" content=\"Estas son las 158 colonias de la Ciudad de M\u00e9xico en atenci\u00f3n prioritaria por COVID-19 -\" \/>\n<meta property=\"og:description\" content=\"Estas son las 158 colonias de la Ciudad de M\u00e9xico en atenci\u00f3n prioritaria por COVID-19...\" \/>\n<meta property=\"og:url\" content=\"https:\/\/quehacerpolitico.mx\/?p=65009\" \/>\n<meta property=\"article:published_time\" content=\"2020-09-14T00:24:02+00:00\" \/>\n<meta property=\"og:image\" content=\"https:\/\/quehacerpolitico.mx\/wp-content\/uploads\/2020\/09\/2577872D-5289-40EB-92F5-88474778EE64.jpeg\" \/>\n\t<meta property=\"og:image:width\" content=\"662\" \/>\n\t<meta property=\"og:image:height\" content=\"437\" \/>\n\t<meta property=\"og:image:type\" content=\"image\/jpeg\" \/>\n<meta name=\"author\" content=\"Redacci\u00f3n QP\" \/>\n<meta name=\"twitter:card\" content=\"summary_large_image\" \/>\n<meta name=\"twitter:label1\" content=\"Escrito por\" \/>\n\t<meta name=\"twitter:data1\" content=\"Redacci\u00f3n QP\" \/>\n\t<meta name=\"twitter:label2\" content=\"Tiempo de lectura\" \/>\n\t<meta name=\"twitter:data2\" content=\"4 minutos\" \/>\n<script type=\"application\/ld+json\" class=\"yoast-schema-graph\">{\"@context\":\"https:\\\/\\\/schema.org\",\"@graph\":[{\"@type\":\"Article\",\"@id\":\"https:\\\/\\\/quehacerpolitico.mx\\\/?p=65009#article\",\"isPartOf\":{\"@id\":\"https:\\\/\\\/quehacerpolitico.mx\\\/?p=65009\"},\"author\":{\"name\":\"Redacci\u00f3n QP\",\"@id\":\"https:\\\/\\\/quehacerpolitico.mx\\\/#\\\/schema\\\/person\\\/496d8ad2d1d3f8036101dca7ee39e585\"},\"headline\":\"Estas son las 158 colonias de la Ciudad de M\u00e9xico en atenci\u00f3n prioritaria por COVID-19\",\"datePublished\":\"2020-09-14T00:24:02+00:00\",\"mainEntityOfPage\":{\"@id\":\"https:\\\/\\\/quehacerpolitico.mx\\\/?p=65009\"},\"wordCount\":784,\"commentCount\":0,\"image\":{\"@id\":\"https:\\\/\\\/quehacerpolitico.mx\\\/?p=65009#primaryimage\"},\"thumbnailUrl\":\"https:\\\/\\\/quehacerpolitico.mx\\\/wp-content\\\/uploads\\\/2020\\\/09\\\/2577872D-5289-40EB-92F5-88474778EE64.jpeg\",\"articleSection\":[\"CDMX\"],\"inLanguage\":\"es\",\"potentialAction\":[{\"@type\":\"CommentAction\",\"name\":\"Comment\",\"target\":[\"https:\\\/\\\/quehacerpolitico.mx\\\/?p=65009#respond\"]}]},{\"@type\":\"WebPage\",\"@id\":\"https:\\\/\\\/quehacerpolitico.mx\\\/?p=65009\",\"url\":\"https:\\\/\\\/quehacerpolitico.mx\\\/?p=65009\",\"name\":\"Estas son las 158 colonias de la Ciudad de M\u00e9xico en atenci\u00f3n prioritaria por COVID-19 -\",\"isPartOf\":{\"@id\":\"https:\\\/\\\/quehacerpolitico.mx\\\/#website\"},\"primaryImageOfPage\":{\"@id\":\"https:\\\/\\\/quehacerpolitico.mx\\\/?p=65009#primaryimage\"},\"image\":{\"@id\":\"https:\\\/\\\/quehacerpolitico.mx\\\/?p=65009#primaryimage\"},\"thumbnailUrl\":\"https:\\\/\\\/quehacerpolitico.mx\\\/wp-content\\\/uploads\\\/2020\\\/09\\\/2577872D-5289-40EB-92F5-88474778EE64.jpeg\",\"datePublished\":\"2020-09-14T00:24:02+00:00\",\"author\":{\"@id\":\"https:\\\/\\\/quehacerpolitico.mx\\\/#\\\/schema\\\/person\\\/496d8ad2d1d3f8036101dca7ee39e585\"},\"breadcrumb\":{\"@id\":\"https:\\\/\\\/quehacerpolitico.mx\\\/?p=65009#breadcrumb\"},\"inLanguage\":\"es\",\"potentialAction\":[{\"@type\":\"ReadAction\",\"target\":[\"https:\\\/\\\/quehacerpolitico.mx\\\/?p=65009\"]}]},{\"@type\":\"ImageObject\",\"inLanguage\":\"es\",\"@id\":\"https:\\\/\\\/quehacerpolitico.mx\\\/?p=65009#primaryimage\",\"url\":\"https:\\\/\\\/quehacerpolitico.mx\\\/wp-content\\\/uploads\\\/2020\\\/09\\\/2577872D-5289-40EB-92F5-88474778EE64.jpeg\",\"contentUrl\":\"https:\\\/\\\/quehacerpolitico.mx\\\/wp-content\\\/uploads\\\/2020\\\/09\\\/2577872D-5289-40EB-92F5-88474778EE64.jpeg\",\"width\":662,\"height\":437},{\"@type\":\"BreadcrumbList\",\"@id\":\"https:\\\/\\\/quehacerpolitico.mx\\\/?p=65009#breadcrumb\",\"itemListElement\":[{\"@type\":\"ListItem\",\"position\":1,\"name\":\"Inicio\",\"item\":\"https:\\\/\\\/quehacerpolitico.mx\\\/\"},{\"@type\":\"ListItem\",\"position\":2,\"name\":\"Estas son las 158 colonias de la Ciudad de M\u00e9xico en atenci\u00f3n prioritaria por COVID-19\"}]},{\"@type\":\"WebSite\",\"@id\":\"https:\\\/\\\/quehacerpolitico.mx\\\/#website\",\"url\":\"https:\\\/\\\/quehacerpolitico.mx\\\/\",\"name\":\"\",\"description\":\"\",\"potentialAction\":[{\"@type\":\"SearchAction\",\"target\":{\"@type\":\"EntryPoint\",\"urlTemplate\":\"https:\\\/\\\/quehacerpolitico.mx\\\/?s={search_term_string}\"},\"query-input\":{\"@type\":\"PropertyValueSpecification\",\"valueRequired\":true,\"valueName\":\"search_term_string\"}}],\"inLanguage\":\"es\"},{\"@type\":\"Person\",\"@id\":\"https:\\\/\\\/quehacerpolitico.mx\\\/#\\\/schema\\\/person\\\/496d8ad2d1d3f8036101dca7ee39e585\",\"name\":\"Redacci\u00f3n QP\",\"image\":{\"@type\":\"ImageObject\",\"inLanguage\":\"es\",\"@id\":\"https:\\\/\\\/secure.gravatar.com\\\/avatar\\\/c7164ed6fdec453195284ad24a5ae5b6e1eed2b848477fa2a4787ba9adf39a41?s=96&d=mm&r=g\",\"url\":\"https:\\\/\\\/secure.gravatar.com\\\/avatar\\\/c7164ed6fdec453195284ad24a5ae5b6e1eed2b848477fa2a4787ba9adf39a41?s=96&d=mm&r=g\",\"contentUrl\":\"https:\\\/\\\/secure.gravatar.com\\\/avatar\\\/c7164ed6fdec453195284ad24a5ae5b6e1eed2b848477fa2a4787ba9adf39a41?s=96&d=mm&r=g\",\"caption\":\"Redacci\u00f3n QP\"},\"url\":\"https:\\\/\\\/quehacerpolitico.mx\\\/?author=2\"}]}<\/script>\n<!-- \/ Yoast SEO plugin. -->","yoast_head_json":{"title":"Estas son las 158 colonias de la Ciudad de M\u00e9xico en atenci\u00f3n prioritaria por COVID-19 -","robots":{"index":"index","follow":"follow","max-snippet":"max-snippet:-1","max-image-preview":"max-image-preview:large","max-video-preview":"max-video-preview:-1"},"canonical":"https:\/\/quehacerpolitico.mx\/?p=65009","og_locale":"es_MX","og_type":"article","og_title":"Estas son las 158 colonias de la Ciudad de M\u00e9xico en atenci\u00f3n prioritaria por COVID-19 -","og_description":"Estas son las 158 colonias de la Ciudad de M\u00e9xico en atenci\u00f3n prioritaria por COVID-19...","og_url":"https:\/\/quehacerpolitico.mx\/?p=65009","article_published_time":"2020-09-14T00:24:02+00:00","og_image":[{"width":662,"height":437,"url":"https:\/\/quehacerpolitico.mx\/wp-content\/uploads\/2020\/09\/2577872D-5289-40EB-92F5-88474778EE64.jpeg","type":"image\/jpeg"}],"author":"Redacci\u00f3n QP","twitter_card":"summary_large_image","twitter_misc":{"Escrito por":"Redacci\u00f3n QP","Tiempo de lectura":"4 minutos"},"schema":{"@context":"https:\/\/schema.org","@graph":[{"@type":"Article","@id":"https:\/\/quehacerpolitico.mx\/?p=65009#article","isPartOf":{"@id":"https:\/\/quehacerpolitico.mx\/?p=65009"},"author":{"name":"Redacci\u00f3n QP","@id":"https:\/\/quehacerpolitico.mx\/#\/schema\/person\/496d8ad2d1d3f8036101dca7ee39e585"},"headline":"Estas son las 158 colonias de la Ciudad de M\u00e9xico en atenci\u00f3n prioritaria por COVID-19","datePublished":"2020-09-14T00:24:02+00:00","mainEntityOfPage":{"@id":"https:\/\/quehacerpolitico.mx\/?p=65009"},"wordCount":784,"commentCount":0,"image":{"@id":"https:\/\/quehacerpolitico.mx\/?p=65009#primaryimage"},"thumbnailUrl":"https:\/\/quehacerpolitico.mx\/wp-content\/uploads\/2020\/09\/2577872D-5289-40EB-92F5-88474778EE64.jpeg","articleSection":["CDMX"],"inLanguage":"es","potentialAction":[{"@type":"CommentAction","name":"Comment","target":["https:\/\/quehacerpolitico.mx\/?p=65009#respond"]}]},{"@type":"WebPage","@id":"https:\/\/quehacerpolitico.mx\/?p=65009","url":"https:\/\/quehacerpolitico.mx\/?p=65009","name":"Estas son las 158 colonias de la Ciudad de M\u00e9xico en atenci\u00f3n prioritaria por COVID-19 -","isPartOf":{"@id":"https:\/\/quehacerpolitico.mx\/#website"},"primaryImageOfPage":{"@id":"https:\/\/quehacerpolitico.mx\/?p=65009#primaryimage"},"image":{"@id":"https:\/\/quehacerpolitico.mx\/?p=65009#primaryimage"},"thumbnailUrl":"https:\/\/quehacerpolitico.mx\/wp-content\/uploads\/2020\/09\/2577872D-5289-40EB-92F5-88474778EE64.jpeg","datePublished":"2020-09-14T00:24:02+00:00","author":{"@id":"https:\/\/quehacerpolitico.mx\/#\/schema\/person\/496d8ad2d1d3f8036101dca7ee39e585"},"breadcrumb":{"@id":"https:\/\/quehacerpolitico.mx\/?p=65009#breadcrumb"},"inLanguage":"es","potentialAction":[{"@type":"ReadAction","target":["https:\/\/quehacerpolitico.mx\/?p=65009"]}]},{"@type":"ImageObject","inLanguage":"es","@id":"https:\/\/quehacerpolitico.mx\/?p=65009#primaryimage","url":"https:\/\/quehacerpolitico.mx\/wp-content\/uploads\/2020\/09\/2577872D-5289-40EB-92F5-88474778EE64.jpeg","contentUrl":"https:\/\/quehacerpolitico.mx\/wp-content\/uploads\/2020\/09\/2577872D-5289-40EB-92F5-88474778EE64.jpeg","width":662,"height":437},{"@type":"BreadcrumbList","@id":"https:\/\/quehacerpolitico.mx\/?p=65009#breadcrumb","itemListElement":[{"@type":"ListItem","position":1,"name":"Inicio","item":"https:\/\/quehacerpolitico.mx\/"},{"@type":"ListItem","position":2,"name":"Estas son las 158 colonias de la Ciudad de M\u00e9xico en atenci\u00f3n prioritaria por COVID-19"}]},{"@type":"WebSite","@id":"https:\/\/quehacerpolitico.mx\/#website","url":"https:\/\/quehacerpolitico.mx\/","name":"","description":"","potentialAction":[{"@type":"SearchAction","target":{"@type":"EntryPoint","urlTemplate":"https:\/\/quehacerpolitico.mx\/?s={search_term_string}"},"query-input":{"@type":"PropertyValueSpecification","valueRequired":true,"valueName":"search_term_string"}}],"inLanguage":"es"},{"@type":"Person","@id":"https:\/\/quehacerpolitico.mx\/#\/schema\/person\/496d8ad2d1d3f8036101dca7ee39e585","name":"Redacci\u00f3n QP","image":{"@type":"ImageObject","inLanguage":"es","@id":"https:\/\/secure.gravatar.com\/avatar\/c7164ed6fdec453195284ad24a5ae5b6e1eed2b848477fa2a4787ba9adf39a41?s=96&d=mm&r=g","url":"https:\/\/secure.gravatar.com\/avatar\/c7164ed6fdec453195284ad24a5ae5b6e1eed2b848477fa2a4787ba9adf39a41?s=96&d=mm&r=g","contentUrl":"https:\/\/secure.gravatar.com\/avatar\/c7164ed6fdec453195284ad24a5ae5b6e1eed2b848477fa2a4787ba9adf39a41?s=96&d=mm&r=g","caption":"Redacci\u00f3n QP"},"url":"https:\/\/quehacerpolitico.mx\/?author=2"}]}},"featured_image_urls":{"full":["https:\/\/quehacerpolitico.mx\/wp-content\/uploads\/2020\/09\/2577872D-5289-40EB-92F5-88474778EE64.jpeg",662,437,false],"thumbnail":["https:\/\/quehacerpolitico.mx\/wp-content\/uploads\/2020\/09\/2577872D-5289-40EB-92F5-88474778EE64-150x150.jpeg",150,150,true],"medium":["https:\/\/quehacerpolitico.mx\/wp-content\/uploads\/2020\/09\/2577872D-5289-40EB-92F5-88474778EE64-300x198.jpeg",300,198,true],"medium_large":["https:\/\/quehacerpolitico.mx\/wp-content\/uploads\/2020\/09\/2577872D-5289-40EB-92F5-88474778EE64.jpeg",640,422,false],"large":["https:\/\/quehacerpolitico.mx\/wp-content\/uploads\/2020\/09\/2577872D-5289-40EB-92F5-88474778EE64.jpeg",640,422,false],"1536x1536":["https:\/\/quehacerpolitico.mx\/wp-content\/uploads\/2020\/09\/2577872D-5289-40EB-92F5-88474778EE64.jpeg",662,437,false],"2048x2048":["https:\/\/quehacerpolitico.mx\/wp-content\/uploads\/2020\/09\/2577872D-5289-40EB-92F5-88474778EE64.jpeg",662,437,false],"covernews-featured":["https:\/\/quehacerpolitico.mx\/wp-content\/uploads\/2020\/09\/2577872D-5289-40EB-92F5-88474778EE64.jpeg",662,437,false],"covernews-medium":["https:\/\/quehacerpolitico.mx\/wp-content\/uploads\/2020\/09\/2577872D-5289-40EB-92F5-88474778EE64.jpeg",515,340,false]},"author_info":{"display_name":"Redacci\u00f3n QP","author_link":"https:\/\/quehacerpolitico.mx\/?author=2"},"category_info":"<a href=\"https:\/\/quehacerpolitico.mx\/?cat=55\" rel=\"category\">CDMX<\/a>","tag_info":"CDMX","comment_count":"0","_links":{"self":[{"href":"https:\/\/quehacerpolitico.mx\/index.php?rest_route=\/wp\/v2\/posts\/65009","targetHints":{"allow":["GET"]}}],"collection":[{"href":"https:\/\/quehacerpolitico.mx\/index.php?rest_route=\/wp\/v2\/posts"}],"about":[{"href":"https:\/\/quehacerpolitico.mx\/index.php?rest_route=\/wp\/v2\/types\/post"}],"author":[{"embeddable":true,"href":"https:\/\/quehacerpolitico.mx\/index.php?rest_route=\/wp\/v2\/users\/2"}],"replies":[{"embeddable":true,"href":"https:\/\/quehacerpolitico.mx\/index.php?rest_route=%2Fwp%2Fv2%2Fcomments&post=65009"}],"version-history":[{"count":0,"href":"https:\/\/quehacerpolitico.mx\/index.php?rest_route=\/wp\/v2\/posts\/65009\/revisions"}],"wp:featuredmedia":[{"embeddable":true,"href":"https:\/\/quehacerpolitico.mx\/index.php?rest_route=\/wp\/v2\/media\/65011"}],"wp:attachment":[{"href":"https:\/\/quehacerpolitico.mx\/index.php?rest_route=%2Fwp%2Fv2%2Fmedia&parent=65009"}],"wp:term":[{"taxonomy":"category","embeddable":true,"href":"https:\/\/quehacerpolitico.mx\/index.php?rest_route=%2Fwp%2Fv2%2Fcategories&post=65009"},{"taxonomy":"post_tag","embeddable":true,"href":"https:\/\/quehacerpolitico.mx\/index.php?rest_route=%2Fwp%2Fv2%2Ftags&post=65009"}],"curies":[{"name":"wp","href":"https:\/\/api.w.org\/{rel}","templated":true}]}}