{"id":64974,"date":"2020-09-13T16:23:36","date_gmt":"2020-09-13T21:23:36","guid":{"rendered":"http:\/\/quehacerpolitico.mx\/?p=64974"},"modified":"2020-09-13T16:23:36","modified_gmt":"2020-09-13T21:23:36","slug":"amlo-y-sheinbaum-supervisan-ampliacion-de-la-linea-12-del-metro","status":"publish","type":"post","link":"https:\/\/quehacerpolitico.mx\/?p=64974","title":{"rendered":"AMLO y Sheinbaum supervisan ampliaci\u00f3n de la L\u00ednea 12 del Metro"},"content":{"rendered":"<div class=\"field-title-style\">\n<p>AMLO y Sheinbaum supervisan ampliaci\u00f3n de la L\u00ednea 12 del Metro<br \/>\nPor Redacci\u00f3n QP<\/p>\n<p>Sansores San Rom\u00e1n reconoci\u00f3 la trayectoria pol\u00edtica de L\u00f3pez Obrador y enfatiz\u00f3 \u201csolo cada 100 a\u00f1os nace un l\u00edder como t\u00fa\u201d.<\/p>\n<p>El presidente Andr\u00e9s Manuel L\u00f3pez Obrador realiz\u00f3 un recorrido por las obras de ampliaci\u00f3n de la Linea 12 del Metro, que llegar\u00e1 hasta <strong>Observatorio<\/strong>, en la alcald\u00eda<strong> \u00c1lvaro Obreg\u00f3n.<\/strong><\/p>\n<blockquote class=\"twitter-tweet\" data-width=\"550\" data-dnt=\"true\">\n<p lang=\"es\" dir=\"ltr\">La ampliaci\u00f3n tendr\u00e1 una inversi\u00f3n de \ud83d\udcb09,901 mdp y contar\u00e1 con 3 estaciones \ud83d\ude89  que conectar\u00e1n con la Terminal Poniente, L1, L9 del Metro y el Tren Interurbano M\u00e9xico-Toluca; adem\u00e1s de generar 3,600 empleos directos y 4,000 indirectos \ud83d\udcbc.<a href=\"https:\/\/twitter.com\/hashtag\/M%C3%A1sYMejorMovilidad?src=hash&amp;ref_src=twsrc%5Etfw\">#M\u00e1sYMejorMovilidad<\/a> <a href=\"https:\/\/t.co\/IjRGlTszjQ\">pic.twitter.com\/IjRGlTszjQ<\/a><\/p>\n<p>&mdash; Gobierno de la Ciudad de M\u00e9xico (@GobCDMX) <a href=\"https:\/\/twitter.com\/GobCDMX\/status\/1305221788973096960?ref_src=twsrc%5Etfw\">September 13, 2020<\/a><\/p><\/blockquote>\n<p><script async src=\"https:\/\/platform.twitter.com\/widgets.js\" charset=\"utf-8\"><\/script><\/p>\n<p>Durante la supervisi\u00f3n de esta obra, el mandatario federal estuvo acompa\u00f1ado por la jefa de gobierno de la Ciudad de M\u00e9xico, Claudia Sheinbaum; el director de Obras, Jes\u00fas Esteva y la alcaldesa Layda Sansores.<\/p>\n<p>Al hacer uso de la voz para dar la bienvenida, Sansores San Rom\u00e1n reconoci\u00f3 la trayectoria pol\u00edtica de L\u00f3pez Obrador y enfatiz\u00f3<strong> \u201c<\/strong>solo cada 100 a\u00f1os nace un <strong>l\u00edder <\/strong>como t\u00fa<strong>\u201d.<\/strong><\/p>\n<p>Agreg\u00f3 que los obregorenses lo apoyan por \u201csu austeridad mon\u00e1stica\u201d, el combate al huachicoleo \u201cporque pusiste punto final a pensiones y mansiones de ex presidentes, porque dirigiste al sur tu<strong> mirada visionaria.<\/strong><\/p>\n<p>Por su parte, la jefa de gobierno Claudia Sheinbaum inform\u00f3 que <strong>el gobierno federal <\/strong>ha invertido m\u00e1s de 30 mil millones de <strong>pesos <\/strong>en <strong>diferentes proyectos<\/strong>: Tren Interurbano M\u00e9xico-Toluca, ampliaci\u00f3n de la L\u00ednea 12 del Metro y Cetram Indios Verdes.<\/p>\n<p>Agreg\u00f3 que con L\u00f3pez Obrador \u201cllevamos muchos a\u00f1os caminando y hoy estamos con un enorme orgullo y emoci\u00f3n de seguir caminando juntos\u201d.<\/p>\n<p>Por su parte, el Presidente de M\u00e9xico resalt\u00f3 que ambas funcionarias \u201cvienen luchando desde hace muchos a\u00f1os por este cambio, por la transformaci\u00f3n de Mexico\u201d.<\/p>\n<blockquote class=\"twitter-tweet\" data-width=\"550\" data-dnt=\"true\">\n<p lang=\"es\" dir=\"ltr\"><a href=\"https:\/\/twitter.com\/hashtag\/EnVivo?src=hash&amp;ref_src=twsrc%5Etfw\">#EnVivo<\/a> \u25b6\ufe0f La <a href=\"https:\/\/twitter.com\/hashtag\/JefaDeGobierno?src=hash&amp;ref_src=twsrc%5Etfw\">#JefaDeGobierno<\/a> en compa\u00f1\u00eda del Presidente de M\u00e9xico realizan recorrido de supervisi\u00f3n de obra en ampliaci\u00f3n de L\u00ednea 12 del <a href=\"https:\/\/twitter.com\/MetroCDMX?ref_src=twsrc%5Etfw\">@MetroCDMX<\/a>; los acompa\u00f1an el coordinador general de Comunicaci\u00f3n Social del <a href=\"https:\/\/twitter.com\/GobiernoMX?ref_src=twsrc%5Etfw\">@GobiernoMX<\/a>, <a href=\"https:\/\/twitter.com\/SOBSECDMX?ref_src=twsrc%5Etfw\">@SOBSECDMX<\/a> y <a href=\"https:\/\/twitter.com\/AlcaldiaAO?ref_src=twsrc%5Etfw\">@AlcaldiaAO<\/a> <a href=\"https:\/\/t.co\/FhAYIuVveB\">https:\/\/t.co\/FhAYIuVveB<\/a><\/p>\n<p>&mdash; Gobierno de la Ciudad de M\u00e9xico (@GobCDMX) <a href=\"https:\/\/twitter.com\/GobCDMX\/status\/1305183302920306692?ref_src=twsrc%5Etfw\">September 13, 2020<\/a><\/p><\/blockquote>\n<p><script async src=\"https:\/\/platform.twitter.com\/widgets.js\" charset=\"utf-8\"><\/script><\/p>\n<\/div>\n","protected":false},"excerpt":{"rendered":"<p>AMLO y Sheinbaum supervisan ampliaci\u00f3n de la L\u00ednea 12 del Metro Por Redacci\u00f3n QP Sansores&#8230;<\/p>\n","protected":false},"author":2,"featured_media":64977,"comment_status":"open","ping_status":"open","sticky":false,"template":"","format":"standard","meta":{"_monsterinsights_skip_tracking":false,"_monsterinsights_sitenote_active":false,"_monsterinsights_sitenote_note":"","_monsterinsights_sitenote_category":0,"footnotes":""},"categories":[55],"tags":[],"class_list":["post-64974","post","type-post","status-publish","format-standard","has-post-thumbnail","hentry","category-cdmx"],"yoast_head":"<!-- This site is optimized with the Yoast SEO plugin v27.3 - https:\/\/yoast.com\/product\/yoast-seo-wordpress\/ -->\n<title>AMLO y Sheinbaum supervisan ampliaci\u00f3n de la L\u00ednea 12 del Metro -<\/title>\n<meta name=\"robots\" content=\"index, follow, max-snippet:-1, max-image-preview:large, max-video-preview:-1\" \/>\n<link rel=\"canonical\" href=\"https:\/\/quehacerpolitico.mx\/?p=64974\" \/>\n<meta property=\"og:locale\" content=\"es_MX\" \/>\n<meta property=\"og:type\" content=\"article\" \/>\n<meta property=\"og:title\" content=\"AMLO y Sheinbaum supervisan ampliaci\u00f3n de la L\u00ednea 12 del Metro -\" \/>\n<meta property=\"og:description\" content=\"AMLO y Sheinbaum supervisan ampliaci\u00f3n de la L\u00ednea 12 del Metro Por Redacci\u00f3n QP Sansores...\" \/>\n<meta property=\"og:url\" content=\"https:\/\/quehacerpolitico.mx\/?p=64974\" \/>\n<meta property=\"article:published_time\" content=\"2020-09-13T21:23:36+00:00\" \/>\n<meta property=\"og:image\" content=\"https:\/\/quehacerpolitico.mx\/wp-content\/uploads\/2020\/09\/49003A80-4A3C-4A9E-86B9-8E9C019724AB-1.jpeg\" \/>\n\t<meta property=\"og:image:width\" content=\"1024\" \/>\n\t<meta property=\"og:image:height\" content=\"683\" \/>\n\t<meta property=\"og:image:type\" content=\"image\/jpeg\" \/>\n<meta name=\"author\" content=\"Redacci\u00f3n QP\" \/>\n<meta name=\"twitter:card\" content=\"summary_large_image\" \/>\n<meta name=\"twitter:label1\" content=\"Escrito por\" \/>\n\t<meta name=\"twitter:data1\" content=\"Redacci\u00f3n QP\" \/>\n\t<meta name=\"twitter:label2\" content=\"Tiempo de lectura\" \/>\n\t<meta name=\"twitter:data2\" content=\"1 minuto\" \/>\n<script type=\"application\/ld+json\" class=\"yoast-schema-graph\">{\"@context\":\"https:\\\/\\\/schema.org\",\"@graph\":[{\"@type\":\"Article\",\"@id\":\"https:\\\/\\\/quehacerpolitico.mx\\\/?p=64974#article\",\"isPartOf\":{\"@id\":\"https:\\\/\\\/quehacerpolitico.mx\\\/?p=64974\"},\"author\":{\"name\":\"Redacci\u00f3n QP\",\"@id\":\"https:\\\/\\\/quehacerpolitico.mx\\\/#\\\/schema\\\/person\\\/496d8ad2d1d3f8036101dca7ee39e585\"},\"headline\":\"AMLO y Sheinbaum supervisan ampliaci\u00f3n de la L\u00ednea 12 del Metro\",\"datePublished\":\"2020-09-13T21:23:36+00:00\",\"mainEntityOfPage\":{\"@id\":\"https:\\\/\\\/quehacerpolitico.mx\\\/?p=64974\"},\"wordCount\":299,\"commentCount\":0,\"image\":{\"@id\":\"https:\\\/\\\/quehacerpolitico.mx\\\/?p=64974#primaryimage\"},\"thumbnailUrl\":\"https:\\\/\\\/quehacerpolitico.mx\\\/wp-content\\\/uploads\\\/2020\\\/09\\\/49003A80-4A3C-4A9E-86B9-8E9C019724AB-1.jpeg\",\"articleSection\":[\"CDMX\"],\"inLanguage\":\"es\",\"potentialAction\":[{\"@type\":\"CommentAction\",\"name\":\"Comment\",\"target\":[\"https:\\\/\\\/quehacerpolitico.mx\\\/?p=64974#respond\"]}]},{\"@type\":\"WebPage\",\"@id\":\"https:\\\/\\\/quehacerpolitico.mx\\\/?p=64974\",\"url\":\"https:\\\/\\\/quehacerpolitico.mx\\\/?p=64974\",\"name\":\"AMLO y Sheinbaum supervisan ampliaci\u00f3n de la L\u00ednea 12 del Metro -\",\"isPartOf\":{\"@id\":\"https:\\\/\\\/quehacerpolitico.mx\\\/#website\"},\"primaryImageOfPage\":{\"@id\":\"https:\\\/\\\/quehacerpolitico.mx\\\/?p=64974#primaryimage\"},\"image\":{\"@id\":\"https:\\\/\\\/quehacerpolitico.mx\\\/?p=64974#primaryimage\"},\"thumbnailUrl\":\"https:\\\/\\\/quehacerpolitico.mx\\\/wp-content\\\/uploads\\\/2020\\\/09\\\/49003A80-4A3C-4A9E-86B9-8E9C019724AB-1.jpeg\",\"datePublished\":\"2020-09-13T21:23:36+00:00\",\"author\":{\"@id\":\"https:\\\/\\\/quehacerpolitico.mx\\\/#\\\/schema\\\/person\\\/496d8ad2d1d3f8036101dca7ee39e585\"},\"breadcrumb\":{\"@id\":\"https:\\\/\\\/quehacerpolitico.mx\\\/?p=64974#breadcrumb\"},\"inLanguage\":\"es\",\"potentialAction\":[{\"@type\":\"ReadAction\",\"target\":[\"https:\\\/\\\/quehacerpolitico.mx\\\/?p=64974\"]}]},{\"@type\":\"ImageObject\",\"inLanguage\":\"es\",\"@id\":\"https:\\\/\\\/quehacerpolitico.mx\\\/?p=64974#primaryimage\",\"url\":\"https:\\\/\\\/quehacerpolitico.mx\\\/wp-content\\\/uploads\\\/2020\\\/09\\\/49003A80-4A3C-4A9E-86B9-8E9C019724AB-1.jpeg\",\"contentUrl\":\"https:\\\/\\\/quehacerpolitico.mx\\\/wp-content\\\/uploads\\\/2020\\\/09\\\/49003A80-4A3C-4A9E-86B9-8E9C019724AB-1.jpeg\",\"width\":1024,\"height\":683},{\"@type\":\"BreadcrumbList\",\"@id\":\"https:\\\/\\\/quehacerpolitico.mx\\\/?p=64974#breadcrumb\",\"itemListElement\":[{\"@type\":\"ListItem\",\"position\":1,\"name\":\"Inicio\",\"item\":\"https:\\\/\\\/quehacerpolitico.mx\\\/\"},{\"@type\":\"ListItem\",\"position\":2,\"name\":\"AMLO y Sheinbaum supervisan ampliaci\u00f3n de la L\u00ednea 12 del Metro\"}]},{\"@type\":\"WebSite\",\"@id\":\"https:\\\/\\\/quehacerpolitico.mx\\\/#website\",\"url\":\"https:\\\/\\\/quehacerpolitico.mx\\\/\",\"name\":\"\",\"description\":\"\",\"potentialAction\":[{\"@type\":\"SearchAction\",\"target\":{\"@type\":\"EntryPoint\",\"urlTemplate\":\"https:\\\/\\\/quehacerpolitico.mx\\\/?s={search_term_string}\"},\"query-input\":{\"@type\":\"PropertyValueSpecification\",\"valueRequired\":true,\"valueName\":\"search_term_string\"}}],\"inLanguage\":\"es\"},{\"@type\":\"Person\",\"@id\":\"https:\\\/\\\/quehacerpolitico.mx\\\/#\\\/schema\\\/person\\\/496d8ad2d1d3f8036101dca7ee39e585\",\"name\":\"Redacci\u00f3n QP\",\"image\":{\"@type\":\"ImageObject\",\"inLanguage\":\"es\",\"@id\":\"https:\\\/\\\/secure.gravatar.com\\\/avatar\\\/c7164ed6fdec453195284ad24a5ae5b6e1eed2b848477fa2a4787ba9adf39a41?s=96&d=mm&r=g\",\"url\":\"https:\\\/\\\/secure.gravatar.com\\\/avatar\\\/c7164ed6fdec453195284ad24a5ae5b6e1eed2b848477fa2a4787ba9adf39a41?s=96&d=mm&r=g\",\"contentUrl\":\"https:\\\/\\\/secure.gravatar.com\\\/avatar\\\/c7164ed6fdec453195284ad24a5ae5b6e1eed2b848477fa2a4787ba9adf39a41?s=96&d=mm&r=g\",\"caption\":\"Redacci\u00f3n QP\"},\"url\":\"https:\\\/\\\/quehacerpolitico.mx\\\/?author=2\"}]}<\/script>\n<!-- \/ Yoast SEO plugin. -->","yoast_head_json":{"title":"AMLO y Sheinbaum supervisan ampliaci\u00f3n de la L\u00ednea 12 del Metro -","robots":{"index":"index","follow":"follow","max-snippet":"max-snippet:-1","max-image-preview":"max-image-preview:large","max-video-preview":"max-video-preview:-1"},"canonical":"https:\/\/quehacerpolitico.mx\/?p=64974","og_locale":"es_MX","og_type":"article","og_title":"AMLO y Sheinbaum supervisan ampliaci\u00f3n de la L\u00ednea 12 del Metro -","og_description":"AMLO y Sheinbaum supervisan ampliaci\u00f3n de la L\u00ednea 12 del Metro Por Redacci\u00f3n QP Sansores...","og_url":"https:\/\/quehacerpolitico.mx\/?p=64974","article_published_time":"2020-09-13T21:23:36+00:00","og_image":[{"width":1024,"height":683,"url":"https:\/\/quehacerpolitico.mx\/wp-content\/uploads\/2020\/09\/49003A80-4A3C-4A9E-86B9-8E9C019724AB-1.jpeg","type":"image\/jpeg"}],"author":"Redacci\u00f3n QP","twitter_card":"summary_large_image","twitter_misc":{"Escrito por":"Redacci\u00f3n QP","Tiempo de lectura":"1 minuto"},"schema":{"@context":"https:\/\/schema.org","@graph":[{"@type":"Article","@id":"https:\/\/quehacerpolitico.mx\/?p=64974#article","isPartOf":{"@id":"https:\/\/quehacerpolitico.mx\/?p=64974"},"author":{"name":"Redacci\u00f3n QP","@id":"https:\/\/quehacerpolitico.mx\/#\/schema\/person\/496d8ad2d1d3f8036101dca7ee39e585"},"headline":"AMLO y Sheinbaum supervisan ampliaci\u00f3n de la L\u00ednea 12 del Metro","datePublished":"2020-09-13T21:23:36+00:00","mainEntityOfPage":{"@id":"https:\/\/quehacerpolitico.mx\/?p=64974"},"wordCount":299,"commentCount":0,"image":{"@id":"https:\/\/quehacerpolitico.mx\/?p=64974#primaryimage"},"thumbnailUrl":"https:\/\/quehacerpolitico.mx\/wp-content\/uploads\/2020\/09\/49003A80-4A3C-4A9E-86B9-8E9C019724AB-1.jpeg","articleSection":["CDMX"],"inLanguage":"es","potentialAction":[{"@type":"CommentAction","name":"Comment","target":["https:\/\/quehacerpolitico.mx\/?p=64974#respond"]}]},{"@type":"WebPage","@id":"https:\/\/quehacerpolitico.mx\/?p=64974","url":"https:\/\/quehacerpolitico.mx\/?p=64974","name":"AMLO y Sheinbaum supervisan ampliaci\u00f3n de la L\u00ednea 12 del Metro -","isPartOf":{"@id":"https:\/\/quehacerpolitico.mx\/#website"},"primaryImageOfPage":{"@id":"https:\/\/quehacerpolitico.mx\/?p=64974#primaryimage"},"image":{"@id":"https:\/\/quehacerpolitico.mx\/?p=64974#primaryimage"},"thumbnailUrl":"https:\/\/quehacerpolitico.mx\/wp-content\/uploads\/2020\/09\/49003A80-4A3C-4A9E-86B9-8E9C019724AB-1.jpeg","datePublished":"2020-09-13T21:23:36+00:00","author":{"@id":"https:\/\/quehacerpolitico.mx\/#\/schema\/person\/496d8ad2d1d3f8036101dca7ee39e585"},"breadcrumb":{"@id":"https:\/\/quehacerpolitico.mx\/?p=64974#breadcrumb"},"inLanguage":"es","potentialAction":[{"@type":"ReadAction","target":["https:\/\/quehacerpolitico.mx\/?p=64974"]}]},{"@type":"ImageObject","inLanguage":"es","@id":"https:\/\/quehacerpolitico.mx\/?p=64974#primaryimage","url":"https:\/\/quehacerpolitico.mx\/wp-content\/uploads\/2020\/09\/49003A80-4A3C-4A9E-86B9-8E9C019724AB-1.jpeg","contentUrl":"https:\/\/quehacerpolitico.mx\/wp-content\/uploads\/2020\/09\/49003A80-4A3C-4A9E-86B9-8E9C019724AB-1.jpeg","width":1024,"height":683},{"@type":"BreadcrumbList","@id":"https:\/\/quehacerpolitico.mx\/?p=64974#breadcrumb","itemListElement":[{"@type":"ListItem","position":1,"name":"Inicio","item":"https:\/\/quehacerpolitico.mx\/"},{"@type":"ListItem","position":2,"name":"AMLO y Sheinbaum supervisan ampliaci\u00f3n de la L\u00ednea 12 del Metro"}]},{"@type":"WebSite","@id":"https:\/\/quehacerpolitico.mx\/#website","url":"https:\/\/quehacerpolitico.mx\/","name":"","description":"","potentialAction":[{"@type":"SearchAction","target":{"@type":"EntryPoint","urlTemplate":"https:\/\/quehacerpolitico.mx\/?s={search_term_string}"},"query-input":{"@type":"PropertyValueSpecification","valueRequired":true,"valueName":"search_term_string"}}],"inLanguage":"es"},{"@type":"Person","@id":"https:\/\/quehacerpolitico.mx\/#\/schema\/person\/496d8ad2d1d3f8036101dca7ee39e585","name":"Redacci\u00f3n QP","image":{"@type":"ImageObject","inLanguage":"es","@id":"https:\/\/secure.gravatar.com\/avatar\/c7164ed6fdec453195284ad24a5ae5b6e1eed2b848477fa2a4787ba9adf39a41?s=96&d=mm&r=g","url":"https:\/\/secure.gravatar.com\/avatar\/c7164ed6fdec453195284ad24a5ae5b6e1eed2b848477fa2a4787ba9adf39a41?s=96&d=mm&r=g","contentUrl":"https:\/\/secure.gravatar.com\/avatar\/c7164ed6fdec453195284ad24a5ae5b6e1eed2b848477fa2a4787ba9adf39a41?s=96&d=mm&r=g","caption":"Redacci\u00f3n QP"},"url":"https:\/\/quehacerpolitico.mx\/?author=2"}]}},"featured_image_urls":{"full":["https:\/\/quehacerpolitico.mx\/wp-content\/uploads\/2020\/09\/49003A80-4A3C-4A9E-86B9-8E9C019724AB-1.jpeg",1024,683,false],"thumbnail":["https:\/\/quehacerpolitico.mx\/wp-content\/uploads\/2020\/09\/49003A80-4A3C-4A9E-86B9-8E9C019724AB-1-150x150.jpeg",150,150,true],"medium":["https:\/\/quehacerpolitico.mx\/wp-content\/uploads\/2020\/09\/49003A80-4A3C-4A9E-86B9-8E9C019724AB-1-300x200.jpeg",300,200,true],"medium_large":["https:\/\/quehacerpolitico.mx\/wp-content\/uploads\/2020\/09\/49003A80-4A3C-4A9E-86B9-8E9C019724AB-1-768x512.jpeg",640,427,true],"large":["https:\/\/quehacerpolitico.mx\/wp-content\/uploads\/2020\/09\/49003A80-4A3C-4A9E-86B9-8E9C019724AB-1.jpeg",640,427,false],"1536x1536":["https:\/\/quehacerpolitico.mx\/wp-content\/uploads\/2020\/09\/49003A80-4A3C-4A9E-86B9-8E9C019724AB-1.jpeg",1024,683,false],"2048x2048":["https:\/\/quehacerpolitico.mx\/wp-content\/uploads\/2020\/09\/49003A80-4A3C-4A9E-86B9-8E9C019724AB-1.jpeg",1024,683,false],"covernews-featured":["https:\/\/quehacerpolitico.mx\/wp-content\/uploads\/2020\/09\/49003A80-4A3C-4A9E-86B9-8E9C019724AB-1.jpeg",1024,683,false],"covernews-medium":["https:\/\/quehacerpolitico.mx\/wp-content\/uploads\/2020\/09\/49003A80-4A3C-4A9E-86B9-8E9C019724AB-1.jpeg",510,340,false]},"author_info":{"display_name":"Redacci\u00f3n QP","author_link":"https:\/\/quehacerpolitico.mx\/?author=2"},"category_info":"<a href=\"https:\/\/quehacerpolitico.mx\/?cat=55\" rel=\"category\">CDMX<\/a>","tag_info":"CDMX","comment_count":"0","_links":{"self":[{"href":"https:\/\/quehacerpolitico.mx\/index.php?rest_route=\/wp\/v2\/posts\/64974","targetHints":{"allow":["GET"]}}],"collection":[{"href":"https:\/\/quehacerpolitico.mx\/index.php?rest_route=\/wp\/v2\/posts"}],"about":[{"href":"https:\/\/quehacerpolitico.mx\/index.php?rest_route=\/wp\/v2\/types\/post"}],"author":[{"embeddable":true,"href":"https:\/\/quehacerpolitico.mx\/index.php?rest_route=\/wp\/v2\/users\/2"}],"replies":[{"embeddable":true,"href":"https:\/\/quehacerpolitico.mx\/index.php?rest_route=%2Fwp%2Fv2%2Fcomments&post=64974"}],"version-history":[{"count":0,"href":"https:\/\/quehacerpolitico.mx\/index.php?rest_route=\/wp\/v2\/posts\/64974\/revisions"}],"wp:featuredmedia":[{"embeddable":true,"href":"https:\/\/quehacerpolitico.mx\/index.php?rest_route=\/wp\/v2\/media\/64977"}],"wp:attachment":[{"href":"https:\/\/quehacerpolitico.mx\/index.php?rest_route=%2Fwp%2Fv2%2Fmedia&parent=64974"}],"wp:term":[{"taxonomy":"category","embeddable":true,"href":"https:\/\/quehacerpolitico.mx\/index.php?rest_route=%2Fwp%2Fv2%2Fcategories&post=64974"},{"taxonomy":"post_tag","embeddable":true,"href":"https:\/\/quehacerpolitico.mx\/index.php?rest_route=%2Fwp%2Fv2%2Ftags&post=64974"}],"curies":[{"name":"wp","href":"https:\/\/api.w.org\/{rel}","templated":true}]}}