{"id":64971,"date":"2020-09-13T16:04:48","date_gmt":"2020-09-13T21:04:48","guid":{"rendered":"http:\/\/quehacerpolitico.mx\/?p=64971"},"modified":"2020-09-13T16:04:48","modified_gmt":"2020-09-13T21:04:48","slug":"internacionales-carolina-alonso-romei-el-tiempo-da-un-respiro-a-los-bomberos-en-eu-pero-preocupa-el-pronostico","status":"publish","type":"post","link":"https:\/\/quehacerpolitico.mx\/?p=64971","title":{"rendered":"Internacionales\/\/\/Carolina Alonso Romei\/\/\/El tiempo da un respiro a los bomberos en EU, pero preocupa el pron\u00f3stico"},"content":{"rendered":"<div class=\"news-header-top\">\n<div class=\"news-data\">\n<h1 class=\"news-title\">El tiempo da un respiro a los bomberos en EU, pero preocupa el pron\u00f3stico<\/h1>\n<\/div>\n<\/div>\n<div class=\"news-subtitle\">\nPor Carolina Alonso Romei<\/div>\n<div>Internacionalista<\/div>\n<div>\n<div class=\"news-subtitle\">\n<p>Autoridades alertan que el tiempo &#8220;contribuir\u00e1 probablemente a expandir fuegos existentes y a iniciar otros nuevos&#8221; en Oreg\u00f3n y el norte de California<\/p>\n<\/div>\n<div class=\"social-share-box normal\">\n<p>Los vientos suaves, la mayor humedad y las bajas temperaturas de la madrugada ayudaron este domingo a los bomberos en las tareas de contenci\u00f3n de las decenas de fuegos que queman en el oeste de Estados Unidos, pero preocupa el pron\u00f3stico meteorol\u00f3gico de cara a las pr\u00f3ximas horas.<\/p>\n<p>Pese a las condiciones favorables de esta madrugada, el Servicio Nacional de Meteorolog\u00eda de EU emiti\u00f3 un aviso de cara al resto del domingo y <strong>alert\u00f3 de que el tiempo &#8220;contribuir\u00e1 probablemente a expandir fuegos existentes y a iniciar otros nuevos&#8221; en Oreg\u00f3n y el norte de California<\/strong>, las regiones m\u00e1s afectadas.<\/p>\n<p>De todos los pron\u00f3sticos, el que m\u00e1s preocupa es el de fuertes vientos, que podr\u00edan volver a descontrolar los incendios y echar a perder todos los avances logrados este fin de semana.<\/p>\n<h4>Hallan a decenas de desaparecidos<\/h4>\n<p>Desde que se iniciaron la mayor\u00eda de los fuegos a mediados de agosto, m\u00e1s de una treintena de personas han fallecido en los tres estados de la costa oeste de EU -California, Oreg\u00f3n y Washington- decenas de miles de vecinos siguen evacuados y hay varias personas desaparecidas.<\/p>\n<p><strong>Junto a las mejores condiciones atmosf\u00e9ricas, otra nota positiva del domingo fue el anuncio de que se ha hallado a casi una cincuentena de personas que se encontraban desaparecidas en el sur de Oreg\u00f3n<\/strong>, lo que ha reducido significativamente la lista de potenciales v\u00edctimas mortales.<\/p>\n<p>En el Norte de California, los bomberos alcanzaron una contenci\u00f3n del 28 % del incendio bautizado como August Complex, en los condados de Mendocino y Humboldt, el mayor de la historia reciente del estado y que ya ha arrasado 355.102 hect\u00e1reas en una zona monta\u00f1osa de muy dif\u00edcil acceso para las tareas de extinci\u00f3n.<\/p>\n<h4>El humo persiste<\/h4>\n<p>Los m\u00faltiples fuegos emanan enormes cantidades de humo que cubren pr\u00e1cticamente la totalidad de los cielos de la regi\u00f3n, y ciudades como Portland (Oreg\u00f3n), Seattle (Washington) y San Francisco (California) copan este domingo la lista de \u00e1reas metropolitanas con la peor calidad del aire del mundo.<\/p>\n<p>Las previsiones meteorol\u00f3gicas, sin embargo, indican que el viento procedente del oc\u00e9ano Pac\u00edfico podr\u00eda empezar a soplar con fuerza a partir de la tarde del domingo y disipar parte del humo de cara al lunes, por lo menos en las zonas m\u00e1s cercanas a la l\u00ednea de costa.<\/p>\n<p><strong>Una de las sorpresas del fin de semana fue la renuncia del jefe de bomberos del estado de Oreg\u00f3n, James Walker, por motivos que no han trascendido<\/strong>, y su reemplazo por la que hasta ahora era su ayudante, Mariana Ruiz-Temple.<\/p>\n<h4>El miedo a lo que podr\u00eda venir<\/h4>\n<p>La mayor parte de los fuegos se declararon el fin de semana del 15 de agosto a causa de una tormenta el\u00e9ctrica nada habitual en la regi\u00f3n en la que cayeron m\u00e1s de 10 mil rayos, y desde entonces la sequedad, los fuertes vientos y las altas temperaturas los han hecho extenderse a gran velocidad.<\/p>\n<p>Uno de los aspectos que m\u00e1s preocupan a las autoridades es que esta situaci\u00f3n se est\u00e1 dando cuando a\u00fan no se ha llegado a octubre y noviembre, que tradicionalmente constituyen la &#8220;temporada&#8221; de incendios en California, por lo que en los pr\u00f3ximos meses las circunstancias podr\u00edan empeorar todav\u00eda m\u00e1s.<\/p>\n<p><strong>El presidente de EU, Donald Trump, tiene previsto visitar California este lunes para informarse &#8220;in situ&#8221; de la situaci\u00f3n en la lucha contra los fuegos,<\/strong> despu\u00e9s de celebrar varios actos electorales a lo largo del fin de semana en la vecina Nevada y justo antes de visitar Arizona, dos estados clave de cara a las elecciones presidenciales de noviembre.<\/p>\n<p>Con informaci\u00f3n de EFE<\/p>\n<\/div>\n<\/div>\n","protected":false},"excerpt":{"rendered":"<p>El tiempo da un respiro a los bomberos en EU, pero preocupa el pron\u00f3stico Por&#8230;<\/p>\n","protected":false},"author":2,"featured_media":64972,"comment_status":"open","ping_status":"open","sticky":false,"template":"","format":"standard","meta":{"_monsterinsights_skip_tracking":false,"_monsterinsights_sitenote_active":false,"_monsterinsights_sitenote_note":"","_monsterinsights_sitenote_category":0,"footnotes":""},"categories":[1],"tags":[],"class_list":["post-64971","post","type-post","status-publish","format-standard","has-post-thumbnail","hentry","category-sin-categoria"],"yoast_head":"<!-- This site is optimized with the Yoast SEO plugin v27.3 - https:\/\/yoast.com\/product\/yoast-seo-wordpress\/ -->\n<title>Internacionales\/\/\/Carolina Alonso Romei\/\/\/El tiempo da un respiro a los bomberos en EU, pero preocupa el pron\u00f3stico -<\/title>\n<meta name=\"robots\" content=\"index, follow, max-snippet:-1, max-image-preview:large, max-video-preview:-1\" \/>\n<link rel=\"canonical\" href=\"https:\/\/quehacerpolitico.mx\/?p=64971\" \/>\n<meta property=\"og:locale\" content=\"es_MX\" \/>\n<meta property=\"og:type\" content=\"article\" \/>\n<meta property=\"og:title\" content=\"Internacionales\/\/\/Carolina Alonso Romei\/\/\/El tiempo da un respiro a los bomberos en EU, pero preocupa el pron\u00f3stico -\" \/>\n<meta property=\"og:description\" content=\"El tiempo da un respiro a los bomberos en EU, pero preocupa el pron\u00f3stico Por...\" \/>\n<meta property=\"og:url\" content=\"https:\/\/quehacerpolitico.mx\/?p=64971\" \/>\n<meta property=\"article:published_time\" content=\"2020-09-13T21:04:48+00:00\" \/>\n<meta property=\"og:image\" content=\"https:\/\/quehacerpolitico.mx\/wp-content\/uploads\/2020\/09\/79FBB429-B89B-4E98-A1F6-D9FE13B8884B.jpeg\" \/>\n\t<meta property=\"og:image:width\" content=\"320\" \/>\n\t<meta property=\"og:image:height\" content=\"305\" \/>\n\t<meta property=\"og:image:type\" content=\"image\/jpeg\" \/>\n<meta name=\"author\" content=\"Redacci\u00f3n QP\" \/>\n<meta name=\"twitter:card\" content=\"summary_large_image\" \/>\n<meta name=\"twitter:label1\" content=\"Escrito por\" \/>\n\t<meta name=\"twitter:data1\" content=\"Redacci\u00f3n QP\" \/>\n\t<meta name=\"twitter:label2\" content=\"Tiempo de lectura\" \/>\n\t<meta name=\"twitter:data2\" content=\"3 minutos\" \/>\n<script type=\"application\/ld+json\" class=\"yoast-schema-graph\">{\"@context\":\"https:\\\/\\\/schema.org\",\"@graph\":[{\"@type\":\"Article\",\"@id\":\"https:\\\/\\\/quehacerpolitico.mx\\\/?p=64971#article\",\"isPartOf\":{\"@id\":\"https:\\\/\\\/quehacerpolitico.mx\\\/?p=64971\"},\"author\":{\"name\":\"Redacci\u00f3n QP\",\"@id\":\"https:\\\/\\\/quehacerpolitico.mx\\\/#\\\/schema\\\/person\\\/496d8ad2d1d3f8036101dca7ee39e585\"},\"headline\":\"Internacionales\\\/\\\/\\\/Carolina Alonso Romei\\\/\\\/\\\/El tiempo da un respiro a los bomberos en EU, pero preocupa el pron\u00f3stico\",\"datePublished\":\"2020-09-13T21:04:48+00:00\",\"mainEntityOfPage\":{\"@id\":\"https:\\\/\\\/quehacerpolitico.mx\\\/?p=64971\"},\"wordCount\":698,\"commentCount\":0,\"image\":{\"@id\":\"https:\\\/\\\/quehacerpolitico.mx\\\/?p=64971#primaryimage\"},\"thumbnailUrl\":\"https:\\\/\\\/quehacerpolitico.mx\\\/wp-content\\\/uploads\\\/2020\\\/09\\\/79FBB429-B89B-4E98-A1F6-D9FE13B8884B.jpeg\",\"articleSection\":[\"Internacionales\"],\"inLanguage\":\"es\",\"potentialAction\":[{\"@type\":\"CommentAction\",\"name\":\"Comment\",\"target\":[\"https:\\\/\\\/quehacerpolitico.mx\\\/?p=64971#respond\"]}]},{\"@type\":\"WebPage\",\"@id\":\"https:\\\/\\\/quehacerpolitico.mx\\\/?p=64971\",\"url\":\"https:\\\/\\\/quehacerpolitico.mx\\\/?p=64971\",\"name\":\"Internacionales\\\/\\\/\\\/Carolina Alonso Romei\\\/\\\/\\\/El tiempo da un respiro a los bomberos en EU, pero preocupa el pron\u00f3stico -\",\"isPartOf\":{\"@id\":\"https:\\\/\\\/quehacerpolitico.mx\\\/#website\"},\"primaryImageOfPage\":{\"@id\":\"https:\\\/\\\/quehacerpolitico.mx\\\/?p=64971#primaryimage\"},\"image\":{\"@id\":\"https:\\\/\\\/quehacerpolitico.mx\\\/?p=64971#primaryimage\"},\"thumbnailUrl\":\"https:\\\/\\\/quehacerpolitico.mx\\\/wp-content\\\/uploads\\\/2020\\\/09\\\/79FBB429-B89B-4E98-A1F6-D9FE13B8884B.jpeg\",\"datePublished\":\"2020-09-13T21:04:48+00:00\",\"author\":{\"@id\":\"https:\\\/\\\/quehacerpolitico.mx\\\/#\\\/schema\\\/person\\\/496d8ad2d1d3f8036101dca7ee39e585\"},\"breadcrumb\":{\"@id\":\"https:\\\/\\\/quehacerpolitico.mx\\\/?p=64971#breadcrumb\"},\"inLanguage\":\"es\",\"potentialAction\":[{\"@type\":\"ReadAction\",\"target\":[\"https:\\\/\\\/quehacerpolitico.mx\\\/?p=64971\"]}]},{\"@type\":\"ImageObject\",\"inLanguage\":\"es\",\"@id\":\"https:\\\/\\\/quehacerpolitico.mx\\\/?p=64971#primaryimage\",\"url\":\"https:\\\/\\\/quehacerpolitico.mx\\\/wp-content\\\/uploads\\\/2020\\\/09\\\/79FBB429-B89B-4E98-A1F6-D9FE13B8884B.jpeg\",\"contentUrl\":\"https:\\\/\\\/quehacerpolitico.mx\\\/wp-content\\\/uploads\\\/2020\\\/09\\\/79FBB429-B89B-4E98-A1F6-D9FE13B8884B.jpeg\",\"width\":320,\"height\":305},{\"@type\":\"BreadcrumbList\",\"@id\":\"https:\\\/\\\/quehacerpolitico.mx\\\/?p=64971#breadcrumb\",\"itemListElement\":[{\"@type\":\"ListItem\",\"position\":1,\"name\":\"Inicio\",\"item\":\"https:\\\/\\\/quehacerpolitico.mx\\\/\"},{\"@type\":\"ListItem\",\"position\":2,\"name\":\"Internacionales\\\/\\\/\\\/Carolina Alonso Romei\\\/\\\/\\\/El tiempo da un respiro a los bomberos en EU, pero preocupa el pron\u00f3stico\"}]},{\"@type\":\"WebSite\",\"@id\":\"https:\\\/\\\/quehacerpolitico.mx\\\/#website\",\"url\":\"https:\\\/\\\/quehacerpolitico.mx\\\/\",\"name\":\"\",\"description\":\"\",\"potentialAction\":[{\"@type\":\"SearchAction\",\"target\":{\"@type\":\"EntryPoint\",\"urlTemplate\":\"https:\\\/\\\/quehacerpolitico.mx\\\/?s={search_term_string}\"},\"query-input\":{\"@type\":\"PropertyValueSpecification\",\"valueRequired\":true,\"valueName\":\"search_term_string\"}}],\"inLanguage\":\"es\"},{\"@type\":\"Person\",\"@id\":\"https:\\\/\\\/quehacerpolitico.mx\\\/#\\\/schema\\\/person\\\/496d8ad2d1d3f8036101dca7ee39e585\",\"name\":\"Redacci\u00f3n QP\",\"image\":{\"@type\":\"ImageObject\",\"inLanguage\":\"es\",\"@id\":\"https:\\\/\\\/secure.gravatar.com\\\/avatar\\\/c7164ed6fdec453195284ad24a5ae5b6e1eed2b848477fa2a4787ba9adf39a41?s=96&d=mm&r=g\",\"url\":\"https:\\\/\\\/secure.gravatar.com\\\/avatar\\\/c7164ed6fdec453195284ad24a5ae5b6e1eed2b848477fa2a4787ba9adf39a41?s=96&d=mm&r=g\",\"contentUrl\":\"https:\\\/\\\/secure.gravatar.com\\\/avatar\\\/c7164ed6fdec453195284ad24a5ae5b6e1eed2b848477fa2a4787ba9adf39a41?s=96&d=mm&r=g\",\"caption\":\"Redacci\u00f3n QP\"},\"url\":\"https:\\\/\\\/quehacerpolitico.mx\\\/?author=2\"}]}<\/script>\n<!-- \/ Yoast SEO plugin. -->","yoast_head_json":{"title":"Internacionales\/\/\/Carolina Alonso Romei\/\/\/El tiempo da un respiro a los bomberos en EU, pero preocupa el pron\u00f3stico -","robots":{"index":"index","follow":"follow","max-snippet":"max-snippet:-1","max-image-preview":"max-image-preview:large","max-video-preview":"max-video-preview:-1"},"canonical":"https:\/\/quehacerpolitico.mx\/?p=64971","og_locale":"es_MX","og_type":"article","og_title":"Internacionales\/\/\/Carolina Alonso Romei\/\/\/El tiempo da un respiro a los bomberos en EU, pero preocupa el pron\u00f3stico -","og_description":"El tiempo da un respiro a los bomberos en EU, pero preocupa el pron\u00f3stico Por...","og_url":"https:\/\/quehacerpolitico.mx\/?p=64971","article_published_time":"2020-09-13T21:04:48+00:00","og_image":[{"width":320,"height":305,"url":"https:\/\/quehacerpolitico.mx\/wp-content\/uploads\/2020\/09\/79FBB429-B89B-4E98-A1F6-D9FE13B8884B.jpeg","type":"image\/jpeg"}],"author":"Redacci\u00f3n QP","twitter_card":"summary_large_image","twitter_misc":{"Escrito por":"Redacci\u00f3n QP","Tiempo de lectura":"3 minutos"},"schema":{"@context":"https:\/\/schema.org","@graph":[{"@type":"Article","@id":"https:\/\/quehacerpolitico.mx\/?p=64971#article","isPartOf":{"@id":"https:\/\/quehacerpolitico.mx\/?p=64971"},"author":{"name":"Redacci\u00f3n QP","@id":"https:\/\/quehacerpolitico.mx\/#\/schema\/person\/496d8ad2d1d3f8036101dca7ee39e585"},"headline":"Internacionales\/\/\/Carolina Alonso Romei\/\/\/El tiempo da un respiro a los bomberos en EU, pero preocupa el pron\u00f3stico","datePublished":"2020-09-13T21:04:48+00:00","mainEntityOfPage":{"@id":"https:\/\/quehacerpolitico.mx\/?p=64971"},"wordCount":698,"commentCount":0,"image":{"@id":"https:\/\/quehacerpolitico.mx\/?p=64971#primaryimage"},"thumbnailUrl":"https:\/\/quehacerpolitico.mx\/wp-content\/uploads\/2020\/09\/79FBB429-B89B-4E98-A1F6-D9FE13B8884B.jpeg","articleSection":["Internacionales"],"inLanguage":"es","potentialAction":[{"@type":"CommentAction","name":"Comment","target":["https:\/\/quehacerpolitico.mx\/?p=64971#respond"]}]},{"@type":"WebPage","@id":"https:\/\/quehacerpolitico.mx\/?p=64971","url":"https:\/\/quehacerpolitico.mx\/?p=64971","name":"Internacionales\/\/\/Carolina Alonso Romei\/\/\/El tiempo da un respiro a los bomberos en EU, pero preocupa el pron\u00f3stico -","isPartOf":{"@id":"https:\/\/quehacerpolitico.mx\/#website"},"primaryImageOfPage":{"@id":"https:\/\/quehacerpolitico.mx\/?p=64971#primaryimage"},"image":{"@id":"https:\/\/quehacerpolitico.mx\/?p=64971#primaryimage"},"thumbnailUrl":"https:\/\/quehacerpolitico.mx\/wp-content\/uploads\/2020\/09\/79FBB429-B89B-4E98-A1F6-D9FE13B8884B.jpeg","datePublished":"2020-09-13T21:04:48+00:00","author":{"@id":"https:\/\/quehacerpolitico.mx\/#\/schema\/person\/496d8ad2d1d3f8036101dca7ee39e585"},"breadcrumb":{"@id":"https:\/\/quehacerpolitico.mx\/?p=64971#breadcrumb"},"inLanguage":"es","potentialAction":[{"@type":"ReadAction","target":["https:\/\/quehacerpolitico.mx\/?p=64971"]}]},{"@type":"ImageObject","inLanguage":"es","@id":"https:\/\/quehacerpolitico.mx\/?p=64971#primaryimage","url":"https:\/\/quehacerpolitico.mx\/wp-content\/uploads\/2020\/09\/79FBB429-B89B-4E98-A1F6-D9FE13B8884B.jpeg","contentUrl":"https:\/\/quehacerpolitico.mx\/wp-content\/uploads\/2020\/09\/79FBB429-B89B-4E98-A1F6-D9FE13B8884B.jpeg","width":320,"height":305},{"@type":"BreadcrumbList","@id":"https:\/\/quehacerpolitico.mx\/?p=64971#breadcrumb","itemListElement":[{"@type":"ListItem","position":1,"name":"Inicio","item":"https:\/\/quehacerpolitico.mx\/"},{"@type":"ListItem","position":2,"name":"Internacionales\/\/\/Carolina Alonso Romei\/\/\/El tiempo da un respiro a los bomberos en EU, pero preocupa el pron\u00f3stico"}]},{"@type":"WebSite","@id":"https:\/\/quehacerpolitico.mx\/#website","url":"https:\/\/quehacerpolitico.mx\/","name":"","description":"","potentialAction":[{"@type":"SearchAction","target":{"@type":"EntryPoint","urlTemplate":"https:\/\/quehacerpolitico.mx\/?s={search_term_string}"},"query-input":{"@type":"PropertyValueSpecification","valueRequired":true,"valueName":"search_term_string"}}],"inLanguage":"es"},{"@type":"Person","@id":"https:\/\/quehacerpolitico.mx\/#\/schema\/person\/496d8ad2d1d3f8036101dca7ee39e585","name":"Redacci\u00f3n QP","image":{"@type":"ImageObject","inLanguage":"es","@id":"https:\/\/secure.gravatar.com\/avatar\/c7164ed6fdec453195284ad24a5ae5b6e1eed2b848477fa2a4787ba9adf39a41?s=96&d=mm&r=g","url":"https:\/\/secure.gravatar.com\/avatar\/c7164ed6fdec453195284ad24a5ae5b6e1eed2b848477fa2a4787ba9adf39a41?s=96&d=mm&r=g","contentUrl":"https:\/\/secure.gravatar.com\/avatar\/c7164ed6fdec453195284ad24a5ae5b6e1eed2b848477fa2a4787ba9adf39a41?s=96&d=mm&r=g","caption":"Redacci\u00f3n QP"},"url":"https:\/\/quehacerpolitico.mx\/?author=2"}]}},"featured_image_urls":{"full":["https:\/\/quehacerpolitico.mx\/wp-content\/uploads\/2020\/09\/79FBB429-B89B-4E98-A1F6-D9FE13B8884B.jpeg",320,305,false],"thumbnail":["https:\/\/quehacerpolitico.mx\/wp-content\/uploads\/2020\/09\/79FBB429-B89B-4E98-A1F6-D9FE13B8884B-150x150.jpeg",150,150,true],"medium":["https:\/\/quehacerpolitico.mx\/wp-content\/uploads\/2020\/09\/79FBB429-B89B-4E98-A1F6-D9FE13B8884B-300x286.jpeg",300,286,true],"medium_large":["https:\/\/quehacerpolitico.mx\/wp-content\/uploads\/2020\/09\/79FBB429-B89B-4E98-A1F6-D9FE13B8884B.jpeg",320,305,false],"large":["https:\/\/quehacerpolitico.mx\/wp-content\/uploads\/2020\/09\/79FBB429-B89B-4E98-A1F6-D9FE13B8884B.jpeg",320,305,false],"1536x1536":["https:\/\/quehacerpolitico.mx\/wp-content\/uploads\/2020\/09\/79FBB429-B89B-4E98-A1F6-D9FE13B8884B.jpeg",320,305,false],"2048x2048":["https:\/\/quehacerpolitico.mx\/wp-content\/uploads\/2020\/09\/79FBB429-B89B-4E98-A1F6-D9FE13B8884B.jpeg",320,305,false],"covernews-featured":["https:\/\/quehacerpolitico.mx\/wp-content\/uploads\/2020\/09\/79FBB429-B89B-4E98-A1F6-D9FE13B8884B.jpeg",320,305,false],"covernews-medium":["https:\/\/quehacerpolitico.mx\/wp-content\/uploads\/2020\/09\/79FBB429-B89B-4E98-A1F6-D9FE13B8884B.jpeg",320,305,false]},"author_info":{"display_name":"Redacci\u00f3n QP","author_link":"https:\/\/quehacerpolitico.mx\/?author=2"},"category_info":"<a href=\"https:\/\/quehacerpolitico.mx\/?cat=1\" rel=\"category\">Internacionales<\/a>","tag_info":"Internacionales","comment_count":"0","_links":{"self":[{"href":"https:\/\/quehacerpolitico.mx\/index.php?rest_route=\/wp\/v2\/posts\/64971","targetHints":{"allow":["GET"]}}],"collection":[{"href":"https:\/\/quehacerpolitico.mx\/index.php?rest_route=\/wp\/v2\/posts"}],"about":[{"href":"https:\/\/quehacerpolitico.mx\/index.php?rest_route=\/wp\/v2\/types\/post"}],"author":[{"embeddable":true,"href":"https:\/\/quehacerpolitico.mx\/index.php?rest_route=\/wp\/v2\/users\/2"}],"replies":[{"embeddable":true,"href":"https:\/\/quehacerpolitico.mx\/index.php?rest_route=%2Fwp%2Fv2%2Fcomments&post=64971"}],"version-history":[{"count":0,"href":"https:\/\/quehacerpolitico.mx\/index.php?rest_route=\/wp\/v2\/posts\/64971\/revisions"}],"wp:featuredmedia":[{"embeddable":true,"href":"https:\/\/quehacerpolitico.mx\/index.php?rest_route=\/wp\/v2\/media\/64972"}],"wp:attachment":[{"href":"https:\/\/quehacerpolitico.mx\/index.php?rest_route=%2Fwp%2Fv2%2Fmedia&parent=64971"}],"wp:term":[{"taxonomy":"category","embeddable":true,"href":"https:\/\/quehacerpolitico.mx\/index.php?rest_route=%2Fwp%2Fv2%2Fcategories&post=64971"},{"taxonomy":"post_tag","embeddable":true,"href":"https:\/\/quehacerpolitico.mx\/index.php?rest_route=%2Fwp%2Fv2%2Ftags&post=64971"}],"curies":[{"name":"wp","href":"https:\/\/api.w.org\/{rel}","templated":true}]}}