{"id":64960,"date":"2020-09-13T14:40:07","date_gmt":"2020-09-13T19:40:07","guid":{"rendered":"http:\/\/quehacerpolitico.mx\/?p=64960"},"modified":"2020-09-13T14:40:07","modified_gmt":"2020-09-13T19:40:07","slug":"sanitizan-barras-praderas-tras-muerte-de-la-jefa-por-covid-19","status":"publish","type":"post","link":"https:\/\/quehacerpolitico.mx\/?p=64960","title":{"rendered":"Sanitizan Barras Praderas tras muerte de \u2018La Jefa\u2019 por COVID-19"},"content":{"rendered":"<h1>Sanitizan Barras Praderas tras muerte de \u2018La Jefa\u2019 por COVID-19<br \/>\nPor Redacci\u00f3n QP<\/h1>\n<p>Autoridades del Estado de M\u00e9xico informaron que se articul\u00f3 un programa de pruebas COVID-19 para los j\u00f3venes que asisten al gimnasio Barras Praderas al aire libre<\/p>\n<p>Autoridades del <strong>Estado de M\u00e9xico<\/strong> realizaron la <strong>sanitizaci\u00f3n<\/strong> con ozono en los <strong>aparatos<\/strong> del <strong>gimnasio Barras Praderas<\/strong>, en el municipio de <strong>Naucalpan<\/strong>, luego de darse a conocer la muerte de <strong>Jos\u00e9 Luis Espinosa<\/strong>, conocido como <strong>\u2018La Jefa\u2019<\/strong>.<\/p>\n<p>Detallaron que se articula un programa de <strong>pruebas COVID-19<\/strong> para los <strong>j\u00f3venes<\/strong> que asisten al gimnasio Barras Praderas al aire libre.<\/p>\n<p><strong>\u2018La Jefa\u2019<\/strong> estuvo enfermo poco m\u00e1s de un mes por el coronavirus.<\/p>\n<div class=\"fb-post fb_iframe_widget fb_iframe_widget_fluid\" data-href=\"https:\/\/www.facebook.com\/GYM.LABOMBA\/posts\/1420829571453640\" data-show-text=\"true\" data-width=\"\"><iframe class=\"\" title=\"fb:post Facebook Social Plugin\" src=\"https:\/\/www.facebook.com\/v2.9\/plugins\/post.php?app_id=1682834525072774&amp;channel=https%3A%2F%2Fstaticxx.facebook.com%2Fx%2Fconnect%2Fxd_arbiter%2F%3Fversion%3D46%23cb%3Df3ccb6adbaaac12%26domain%3Dlopezdoriga.com%26origin%3Dhttps%253A%252F%252Flopezdoriga.com%252Ff334f82e69750f%26relation%3Dparent.parent&amp;container_width=354&amp;href=https%3A%2F%2Fwww.facebook.com%2FGYM.LABOMBA%2Fposts%2F1420829571453640&amp;locale=es_LA&amp;sdk=joey&amp;show_text=true\" name=\"ff2361f838468e\" height=\"1000px\" frameborder=\"0\" scrolling=\"no\" allowfullscreen=\"allowfullscreen\" data-testid=\"fb:post Facebook Social Plugin\" data-mce-fragment=\"1\"><\/iframe><\/div>\n<blockquote><p>\u201cDespu\u00e9s de casi un mes de aferrarse como todo un guerrero, lamentamos compartir la noticia que Jos\u00e9 Luis Espinosa (la jefa) perdi\u00f3 la batalla el d\u00eda de hoy. Con mucho dolor nos unimos al la pena que embarga a la familia. Descansa en paz mi hermano y que mi Dios todo poderoso te d\u00e9 la luz y gu\u00ede tu camino hacia el descanso eterno, gracias por tu gran amistad, ense\u00f1anzas y ese ejemplo de vida, no es un adi\u00f3s sino un hasta pronto\u201d, se lee en la cuenta oficial de Las Barras Praderas en Facebook.<\/p><\/blockquote>\n<p>Espinosa padec\u00eda diabetes, pero destacaba que el ejercicio f\u00edsico lo saco adelante con la enfermedad, adem\u00e1s de constancia y mentalidad.<\/p>\n<p>Hace unas semanas, la esposa de <strong>\u2018La Jefa\u2019<\/strong>muri\u00f3 a causa del mismo padecimiento.<\/p>\n<p>Los gimnasios en el <strong>Estado de M\u00e9xico<\/strong> pueden operar al 30 por ciento de su capacidad.<\/p>\n<div class=\"cu-embedded-content\">\n<div class=\"embedded\">Con Informaci\u00f3n de ForoTV<\/div>\n<\/div>\n","protected":false},"excerpt":{"rendered":"<p>Sanitizan Barras Praderas tras muerte de \u2018La Jefa\u2019 por COVID-19 Por Redacci\u00f3n QP Autoridades del&#8230;<\/p>\n","protected":false},"author":2,"featured_media":64962,"comment_status":"open","ping_status":"open","sticky":false,"template":"","format":"standard","meta":{"_monsterinsights_skip_tracking":false,"_monsterinsights_sitenote_active":false,"_monsterinsights_sitenote_note":"","_monsterinsights_sitenote_category":0,"footnotes":""},"categories":[54],"tags":[],"class_list":["post-64960","post","type-post","status-publish","format-standard","has-post-thumbnail","hentry","category-deportes"],"yoast_head":"<!-- This site is optimized with the Yoast SEO plugin v27.3 - https:\/\/yoast.com\/product\/yoast-seo-wordpress\/ -->\n<title>Sanitizan Barras Praderas tras muerte de \u2018La Jefa\u2019 por COVID-19 -<\/title>\n<meta name=\"robots\" content=\"index, follow, max-snippet:-1, max-image-preview:large, max-video-preview:-1\" \/>\n<link rel=\"canonical\" href=\"https:\/\/quehacerpolitico.mx\/?p=64960\" \/>\n<meta property=\"og:locale\" content=\"es_MX\" \/>\n<meta property=\"og:type\" content=\"article\" \/>\n<meta property=\"og:title\" content=\"Sanitizan Barras Praderas tras muerte de \u2018La Jefa\u2019 por COVID-19 -\" \/>\n<meta property=\"og:description\" content=\"Sanitizan Barras Praderas tras muerte de \u2018La Jefa\u2019 por COVID-19 Por Redacci\u00f3n QP Autoridades del...\" \/>\n<meta property=\"og:url\" content=\"https:\/\/quehacerpolitico.mx\/?p=64960\" \/>\n<meta property=\"article:published_time\" content=\"2020-09-13T19:40:07+00:00\" \/>\n<meta property=\"og:image\" content=\"https:\/\/quehacerpolitico.mx\/wp-content\/uploads\/2020\/09\/046FDDE9-E6E6-4A9A-8B7F-5F9F1DF548A0.jpeg\" \/>\n\t<meta property=\"og:image:width\" content=\"720\" \/>\n\t<meta property=\"og:image:height\" content=\"720\" \/>\n\t<meta property=\"og:image:type\" content=\"image\/jpeg\" \/>\n<meta name=\"author\" content=\"Redacci\u00f3n QP\" \/>\n<meta name=\"twitter:card\" content=\"summary_large_image\" \/>\n<meta name=\"twitter:label1\" content=\"Escrito por\" \/>\n\t<meta name=\"twitter:data1\" content=\"Redacci\u00f3n QP\" \/>\n\t<meta name=\"twitter:label2\" content=\"Tiempo de lectura\" \/>\n\t<meta name=\"twitter:data2\" content=\"1 minuto\" \/>\n<script type=\"application\/ld+json\" class=\"yoast-schema-graph\">{\"@context\":\"https:\\\/\\\/schema.org\",\"@graph\":[{\"@type\":\"Article\",\"@id\":\"https:\\\/\\\/quehacerpolitico.mx\\\/?p=64960#article\",\"isPartOf\":{\"@id\":\"https:\\\/\\\/quehacerpolitico.mx\\\/?p=64960\"},\"author\":{\"name\":\"Redacci\u00f3n QP\",\"@id\":\"https:\\\/\\\/quehacerpolitico.mx\\\/#\\\/schema\\\/person\\\/496d8ad2d1d3f8036101dca7ee39e585\"},\"headline\":\"Sanitizan Barras Praderas tras muerte de \u2018La Jefa\u2019 por COVID-19\",\"datePublished\":\"2020-09-13T19:40:07+00:00\",\"mainEntityOfPage\":{\"@id\":\"https:\\\/\\\/quehacerpolitico.mx\\\/?p=64960\"},\"wordCount\":284,\"commentCount\":0,\"image\":{\"@id\":\"https:\\\/\\\/quehacerpolitico.mx\\\/?p=64960#primaryimage\"},\"thumbnailUrl\":\"https:\\\/\\\/quehacerpolitico.mx\\\/wp-content\\\/uploads\\\/2020\\\/09\\\/046FDDE9-E6E6-4A9A-8B7F-5F9F1DF548A0.jpeg\",\"articleSection\":[\"Deportes\"],\"inLanguage\":\"es\",\"potentialAction\":[{\"@type\":\"CommentAction\",\"name\":\"Comment\",\"target\":[\"https:\\\/\\\/quehacerpolitico.mx\\\/?p=64960#respond\"]}]},{\"@type\":\"WebPage\",\"@id\":\"https:\\\/\\\/quehacerpolitico.mx\\\/?p=64960\",\"url\":\"https:\\\/\\\/quehacerpolitico.mx\\\/?p=64960\",\"name\":\"Sanitizan Barras Praderas tras muerte de \u2018La Jefa\u2019 por COVID-19 -\",\"isPartOf\":{\"@id\":\"https:\\\/\\\/quehacerpolitico.mx\\\/#website\"},\"primaryImageOfPage\":{\"@id\":\"https:\\\/\\\/quehacerpolitico.mx\\\/?p=64960#primaryimage\"},\"image\":{\"@id\":\"https:\\\/\\\/quehacerpolitico.mx\\\/?p=64960#primaryimage\"},\"thumbnailUrl\":\"https:\\\/\\\/quehacerpolitico.mx\\\/wp-content\\\/uploads\\\/2020\\\/09\\\/046FDDE9-E6E6-4A9A-8B7F-5F9F1DF548A0.jpeg\",\"datePublished\":\"2020-09-13T19:40:07+00:00\",\"author\":{\"@id\":\"https:\\\/\\\/quehacerpolitico.mx\\\/#\\\/schema\\\/person\\\/496d8ad2d1d3f8036101dca7ee39e585\"},\"breadcrumb\":{\"@id\":\"https:\\\/\\\/quehacerpolitico.mx\\\/?p=64960#breadcrumb\"},\"inLanguage\":\"es\",\"potentialAction\":[{\"@type\":\"ReadAction\",\"target\":[\"https:\\\/\\\/quehacerpolitico.mx\\\/?p=64960\"]}]},{\"@type\":\"ImageObject\",\"inLanguage\":\"es\",\"@id\":\"https:\\\/\\\/quehacerpolitico.mx\\\/?p=64960#primaryimage\",\"url\":\"https:\\\/\\\/quehacerpolitico.mx\\\/wp-content\\\/uploads\\\/2020\\\/09\\\/046FDDE9-E6E6-4A9A-8B7F-5F9F1DF548A0.jpeg\",\"contentUrl\":\"https:\\\/\\\/quehacerpolitico.mx\\\/wp-content\\\/uploads\\\/2020\\\/09\\\/046FDDE9-E6E6-4A9A-8B7F-5F9F1DF548A0.jpeg\",\"width\":720,\"height\":720},{\"@type\":\"BreadcrumbList\",\"@id\":\"https:\\\/\\\/quehacerpolitico.mx\\\/?p=64960#breadcrumb\",\"itemListElement\":[{\"@type\":\"ListItem\",\"position\":1,\"name\":\"Inicio\",\"item\":\"https:\\\/\\\/quehacerpolitico.mx\\\/\"},{\"@type\":\"ListItem\",\"position\":2,\"name\":\"Sanitizan Barras Praderas tras muerte de \u2018La Jefa\u2019 por COVID-19\"}]},{\"@type\":\"WebSite\",\"@id\":\"https:\\\/\\\/quehacerpolitico.mx\\\/#website\",\"url\":\"https:\\\/\\\/quehacerpolitico.mx\\\/\",\"name\":\"\",\"description\":\"\",\"potentialAction\":[{\"@type\":\"SearchAction\",\"target\":{\"@type\":\"EntryPoint\",\"urlTemplate\":\"https:\\\/\\\/quehacerpolitico.mx\\\/?s={search_term_string}\"},\"query-input\":{\"@type\":\"PropertyValueSpecification\",\"valueRequired\":true,\"valueName\":\"search_term_string\"}}],\"inLanguage\":\"es\"},{\"@type\":\"Person\",\"@id\":\"https:\\\/\\\/quehacerpolitico.mx\\\/#\\\/schema\\\/person\\\/496d8ad2d1d3f8036101dca7ee39e585\",\"name\":\"Redacci\u00f3n QP\",\"image\":{\"@type\":\"ImageObject\",\"inLanguage\":\"es\",\"@id\":\"https:\\\/\\\/secure.gravatar.com\\\/avatar\\\/c7164ed6fdec453195284ad24a5ae5b6e1eed2b848477fa2a4787ba9adf39a41?s=96&d=mm&r=g\",\"url\":\"https:\\\/\\\/secure.gravatar.com\\\/avatar\\\/c7164ed6fdec453195284ad24a5ae5b6e1eed2b848477fa2a4787ba9adf39a41?s=96&d=mm&r=g\",\"contentUrl\":\"https:\\\/\\\/secure.gravatar.com\\\/avatar\\\/c7164ed6fdec453195284ad24a5ae5b6e1eed2b848477fa2a4787ba9adf39a41?s=96&d=mm&r=g\",\"caption\":\"Redacci\u00f3n QP\"},\"url\":\"https:\\\/\\\/quehacerpolitico.mx\\\/?author=2\"}]}<\/script>\n<!-- \/ Yoast SEO plugin. -->","yoast_head_json":{"title":"Sanitizan Barras Praderas tras muerte de \u2018La Jefa\u2019 por COVID-19 -","robots":{"index":"index","follow":"follow","max-snippet":"max-snippet:-1","max-image-preview":"max-image-preview:large","max-video-preview":"max-video-preview:-1"},"canonical":"https:\/\/quehacerpolitico.mx\/?p=64960","og_locale":"es_MX","og_type":"article","og_title":"Sanitizan Barras Praderas tras muerte de \u2018La Jefa\u2019 por COVID-19 -","og_description":"Sanitizan Barras Praderas tras muerte de \u2018La Jefa\u2019 por COVID-19 Por Redacci\u00f3n QP Autoridades del...","og_url":"https:\/\/quehacerpolitico.mx\/?p=64960","article_published_time":"2020-09-13T19:40:07+00:00","og_image":[{"width":720,"height":720,"url":"https:\/\/quehacerpolitico.mx\/wp-content\/uploads\/2020\/09\/046FDDE9-E6E6-4A9A-8B7F-5F9F1DF548A0.jpeg","type":"image\/jpeg"}],"author":"Redacci\u00f3n QP","twitter_card":"summary_large_image","twitter_misc":{"Escrito por":"Redacci\u00f3n QP","Tiempo de lectura":"1 minuto"},"schema":{"@context":"https:\/\/schema.org","@graph":[{"@type":"Article","@id":"https:\/\/quehacerpolitico.mx\/?p=64960#article","isPartOf":{"@id":"https:\/\/quehacerpolitico.mx\/?p=64960"},"author":{"name":"Redacci\u00f3n QP","@id":"https:\/\/quehacerpolitico.mx\/#\/schema\/person\/496d8ad2d1d3f8036101dca7ee39e585"},"headline":"Sanitizan Barras Praderas tras muerte de \u2018La Jefa\u2019 por COVID-19","datePublished":"2020-09-13T19:40:07+00:00","mainEntityOfPage":{"@id":"https:\/\/quehacerpolitico.mx\/?p=64960"},"wordCount":284,"commentCount":0,"image":{"@id":"https:\/\/quehacerpolitico.mx\/?p=64960#primaryimage"},"thumbnailUrl":"https:\/\/quehacerpolitico.mx\/wp-content\/uploads\/2020\/09\/046FDDE9-E6E6-4A9A-8B7F-5F9F1DF548A0.jpeg","articleSection":["Deportes"],"inLanguage":"es","potentialAction":[{"@type":"CommentAction","name":"Comment","target":["https:\/\/quehacerpolitico.mx\/?p=64960#respond"]}]},{"@type":"WebPage","@id":"https:\/\/quehacerpolitico.mx\/?p=64960","url":"https:\/\/quehacerpolitico.mx\/?p=64960","name":"Sanitizan Barras Praderas tras muerte de \u2018La Jefa\u2019 por COVID-19 -","isPartOf":{"@id":"https:\/\/quehacerpolitico.mx\/#website"},"primaryImageOfPage":{"@id":"https:\/\/quehacerpolitico.mx\/?p=64960#primaryimage"},"image":{"@id":"https:\/\/quehacerpolitico.mx\/?p=64960#primaryimage"},"thumbnailUrl":"https:\/\/quehacerpolitico.mx\/wp-content\/uploads\/2020\/09\/046FDDE9-E6E6-4A9A-8B7F-5F9F1DF548A0.jpeg","datePublished":"2020-09-13T19:40:07+00:00","author":{"@id":"https:\/\/quehacerpolitico.mx\/#\/schema\/person\/496d8ad2d1d3f8036101dca7ee39e585"},"breadcrumb":{"@id":"https:\/\/quehacerpolitico.mx\/?p=64960#breadcrumb"},"inLanguage":"es","potentialAction":[{"@type":"ReadAction","target":["https:\/\/quehacerpolitico.mx\/?p=64960"]}]},{"@type":"ImageObject","inLanguage":"es","@id":"https:\/\/quehacerpolitico.mx\/?p=64960#primaryimage","url":"https:\/\/quehacerpolitico.mx\/wp-content\/uploads\/2020\/09\/046FDDE9-E6E6-4A9A-8B7F-5F9F1DF548A0.jpeg","contentUrl":"https:\/\/quehacerpolitico.mx\/wp-content\/uploads\/2020\/09\/046FDDE9-E6E6-4A9A-8B7F-5F9F1DF548A0.jpeg","width":720,"height":720},{"@type":"BreadcrumbList","@id":"https:\/\/quehacerpolitico.mx\/?p=64960#breadcrumb","itemListElement":[{"@type":"ListItem","position":1,"name":"Inicio","item":"https:\/\/quehacerpolitico.mx\/"},{"@type":"ListItem","position":2,"name":"Sanitizan Barras Praderas tras muerte de \u2018La Jefa\u2019 por COVID-19"}]},{"@type":"WebSite","@id":"https:\/\/quehacerpolitico.mx\/#website","url":"https:\/\/quehacerpolitico.mx\/","name":"","description":"","potentialAction":[{"@type":"SearchAction","target":{"@type":"EntryPoint","urlTemplate":"https:\/\/quehacerpolitico.mx\/?s={search_term_string}"},"query-input":{"@type":"PropertyValueSpecification","valueRequired":true,"valueName":"search_term_string"}}],"inLanguage":"es"},{"@type":"Person","@id":"https:\/\/quehacerpolitico.mx\/#\/schema\/person\/496d8ad2d1d3f8036101dca7ee39e585","name":"Redacci\u00f3n QP","image":{"@type":"ImageObject","inLanguage":"es","@id":"https:\/\/secure.gravatar.com\/avatar\/c7164ed6fdec453195284ad24a5ae5b6e1eed2b848477fa2a4787ba9adf39a41?s=96&d=mm&r=g","url":"https:\/\/secure.gravatar.com\/avatar\/c7164ed6fdec453195284ad24a5ae5b6e1eed2b848477fa2a4787ba9adf39a41?s=96&d=mm&r=g","contentUrl":"https:\/\/secure.gravatar.com\/avatar\/c7164ed6fdec453195284ad24a5ae5b6e1eed2b848477fa2a4787ba9adf39a41?s=96&d=mm&r=g","caption":"Redacci\u00f3n QP"},"url":"https:\/\/quehacerpolitico.mx\/?author=2"}]}},"featured_image_urls":{"full":["https:\/\/quehacerpolitico.mx\/wp-content\/uploads\/2020\/09\/046FDDE9-E6E6-4A9A-8B7F-5F9F1DF548A0.jpeg",720,720,false],"thumbnail":["https:\/\/quehacerpolitico.mx\/wp-content\/uploads\/2020\/09\/046FDDE9-E6E6-4A9A-8B7F-5F9F1DF548A0-150x150.jpeg",150,150,true],"medium":["https:\/\/quehacerpolitico.mx\/wp-content\/uploads\/2020\/09\/046FDDE9-E6E6-4A9A-8B7F-5F9F1DF548A0-300x300.jpeg",300,300,true],"medium_large":["https:\/\/quehacerpolitico.mx\/wp-content\/uploads\/2020\/09\/046FDDE9-E6E6-4A9A-8B7F-5F9F1DF548A0.jpeg",640,640,false],"large":["https:\/\/quehacerpolitico.mx\/wp-content\/uploads\/2020\/09\/046FDDE9-E6E6-4A9A-8B7F-5F9F1DF548A0.jpeg",640,640,false],"1536x1536":["https:\/\/quehacerpolitico.mx\/wp-content\/uploads\/2020\/09\/046FDDE9-E6E6-4A9A-8B7F-5F9F1DF548A0.jpeg",720,720,false],"2048x2048":["https:\/\/quehacerpolitico.mx\/wp-content\/uploads\/2020\/09\/046FDDE9-E6E6-4A9A-8B7F-5F9F1DF548A0.jpeg",720,720,false],"covernews-featured":["https:\/\/quehacerpolitico.mx\/wp-content\/uploads\/2020\/09\/046FDDE9-E6E6-4A9A-8B7F-5F9F1DF548A0.jpeg",720,720,false],"covernews-medium":["https:\/\/quehacerpolitico.mx\/wp-content\/uploads\/2020\/09\/046FDDE9-E6E6-4A9A-8B7F-5F9F1DF548A0.jpeg",340,340,false]},"author_info":{"display_name":"Redacci\u00f3n QP","author_link":"https:\/\/quehacerpolitico.mx\/?author=2"},"category_info":"<a href=\"https:\/\/quehacerpolitico.mx\/?cat=54\" rel=\"category\">Deportes<\/a>","tag_info":"Deportes","comment_count":"0","_links":{"self":[{"href":"https:\/\/quehacerpolitico.mx\/index.php?rest_route=\/wp\/v2\/posts\/64960","targetHints":{"allow":["GET"]}}],"collection":[{"href":"https:\/\/quehacerpolitico.mx\/index.php?rest_route=\/wp\/v2\/posts"}],"about":[{"href":"https:\/\/quehacerpolitico.mx\/index.php?rest_route=\/wp\/v2\/types\/post"}],"author":[{"embeddable":true,"href":"https:\/\/quehacerpolitico.mx\/index.php?rest_route=\/wp\/v2\/users\/2"}],"replies":[{"embeddable":true,"href":"https:\/\/quehacerpolitico.mx\/index.php?rest_route=%2Fwp%2Fv2%2Fcomments&post=64960"}],"version-history":[{"count":0,"href":"https:\/\/quehacerpolitico.mx\/index.php?rest_route=\/wp\/v2\/posts\/64960\/revisions"}],"wp:featuredmedia":[{"embeddable":true,"href":"https:\/\/quehacerpolitico.mx\/index.php?rest_route=\/wp\/v2\/media\/64962"}],"wp:attachment":[{"href":"https:\/\/quehacerpolitico.mx\/index.php?rest_route=%2Fwp%2Fv2%2Fmedia&parent=64960"}],"wp:term":[{"taxonomy":"category","embeddable":true,"href":"https:\/\/quehacerpolitico.mx\/index.php?rest_route=%2Fwp%2Fv2%2Fcategories&post=64960"},{"taxonomy":"post_tag","embeddable":true,"href":"https:\/\/quehacerpolitico.mx\/index.php?rest_route=%2Fwp%2Fv2%2Ftags&post=64960"}],"curies":[{"name":"wp","href":"https:\/\/api.w.org\/{rel}","templated":true}]}}