{"id":64921,"date":"2020-09-12T22:06:47","date_gmt":"2020-09-13T03:06:47","guid":{"rendered":"http:\/\/quehacerpolitico.mx\/?p=64921"},"modified":"2020-09-12T22:06:47","modified_gmt":"2020-09-13T03:06:47","slug":"van-71-candidatos-por-la-dirigencia-de-morena","status":"publish","type":"post","link":"https:\/\/quehacerpolitico.mx\/?p=64921","title":{"rendered":"Van 71 candidatos por la dirigencia de Morena"},"content":{"rendered":"<h1 class=\"news-title\">Van 71 candidatos por la dirigencia de Morena<br \/>\nPor Redacci\u00f3n QP<\/h1>\n<div class=\"news-subtitle\">\n<p>Detallan que 35 aspirantes buscan encabezar la presidencia y 36 quieren la secretar\u00eda general<\/p>\n<\/div>\n<div class=\"social-share-box normal\">\n<p>Morena tiene ya 71 candidatos que aspiran llegar a la dirigencia nacional del partido: se trata de 35 que buscan encabezar la presidencia y 36 quieren la secretar\u00eda general. La Comisi\u00f3n de Prerrogativas y Partidos Pol\u00edticos del Instituto Nacional Electoral (INE) aprob\u00f3 hoy s\u00e1bado por unanimidad las 71 candidaturas.<\/p>\n<p>La Direcci\u00f3n Ejecutiva de Prerrogativas y Partidos Pol\u00edticos del INE fue la instancia encargada de realizar el an\u00e1lisis de las solicitudes recibidas entre el 5 y el 8 de septiembre para verificar que quienes solicitaron su inscripci\u00f3n en la convocatoria cumplieran con los requisitos establecidos en la misma. <strong>El acuerdo aprobado establece que, de 105 solicitudes recibidas, una fue extempor\u00e1nea y 33 no cumplieron con ser militantes del partido.<\/strong><\/p>\n<p>A partir de que el INE notifique a las y los candidatos su dictaminaci\u00f3n favorable, contar\u00e1n con 12 horas para solicitar al Instituto, si es su voluntad, que se utilice el nombre completo o nombre corto en las encuestas. Se permitir\u00e1 \u00fanicamente nombres acortados, no apodos o sobrenombres. Lo que sigue ahora es que se lleve a cabo una encuesta de reconocimiento, toda vez que el Consejo General del INE estableci\u00f3 que si existen m\u00e1s de seis candidaturas para ambos cargos, es necesario reducir el n\u00famero de \u00e9stas.<\/p>\n<p>Por ello la Comisi\u00f3n determin\u00f3 seleccionar a tres empresas del gremio demosc\u00f3pico para que realicen esta encuesta de reconocimiento, la cual estar\u00e1 a cargo de Demotecnia 2.0 S. C., Mendoza Blanco y Asociados S. C. y Parametr\u00eda S. A de C. V.<\/p>\n<p>Asimismo, la Comisi\u00f3n design\u00f3 a la Maestra Patricia Isabel Romero Mares y al Doctor Carlos Erwin Rodr\u00edguez Hern\u00e1ndez como integrantes del grupo de expertos que definir\u00e1 las caracter\u00edsticas y metodolog\u00eda de la encuesta p\u00fablica abierta de reconocimiento que permita reducir el n\u00famero de candidaturas a un m\u00e1ximo de seis, grupo en el que tambi\u00e9n participar\u00e1 un representante de cada empresa designada.<\/p>\n<p>El levantamiento y procesamiento de esta encuesta de reconocimiento se llevar\u00e1 a cabo del 16 al 22 de septiembre, mientras que la encuesta nacional abierta, del 26 de septiembre al 2 de octubre.<\/p>\n<p>Con informaci\u00f3n de SUN<\/p>\n<\/div>\n","protected":false},"excerpt":{"rendered":"<p>Van 71 candidatos por la dirigencia de Morena Por Redacci\u00f3n QP Detallan que 35 aspirantes&#8230;<\/p>\n","protected":false},"author":2,"featured_media":64922,"comment_status":"open","ping_status":"open","sticky":false,"template":"","format":"standard","meta":{"_monsterinsights_skip_tracking":false,"_monsterinsights_sitenote_active":false,"_monsterinsights_sitenote_note":"","_monsterinsights_sitenote_category":0,"footnotes":""},"categories":[2],"tags":[],"class_list":["post-64921","post","type-post","status-publish","format-standard","has-post-thumbnail","hentry","category-noticias"],"yoast_head":"<!-- This site is optimized with the Yoast SEO plugin v27.3 - https:\/\/yoast.com\/product\/yoast-seo-wordpress\/ -->\n<title>Van 71 candidatos por la dirigencia de Morena -<\/title>\n<meta name=\"robots\" content=\"index, follow, max-snippet:-1, max-image-preview:large, max-video-preview:-1\" \/>\n<link rel=\"canonical\" href=\"https:\/\/quehacerpolitico.mx\/?p=64921\" \/>\n<meta property=\"og:locale\" content=\"es_MX\" \/>\n<meta property=\"og:type\" content=\"article\" \/>\n<meta property=\"og:title\" content=\"Van 71 candidatos por la dirigencia de Morena -\" \/>\n<meta property=\"og:description\" content=\"Van 71 candidatos por la dirigencia de Morena Por Redacci\u00f3n QP Detallan que 35 aspirantes...\" \/>\n<meta property=\"og:url\" content=\"https:\/\/quehacerpolitico.mx\/?p=64921\" \/>\n<meta property=\"article:published_time\" content=\"2020-09-13T03:06:47+00:00\" \/>\n<meta property=\"og:image\" content=\"https:\/\/quehacerpolitico.mx\/wp-content\/uploads\/2020\/09\/51171B3D-99FF-4D6A-8B7F-80BDA49D60AC.jpeg\" \/>\n\t<meta property=\"og:image:width\" content=\"770\" \/>\n\t<meta property=\"og:image:height\" content=\"392\" \/>\n\t<meta property=\"og:image:type\" content=\"image\/jpeg\" \/>\n<meta name=\"author\" content=\"Redacci\u00f3n QP\" \/>\n<meta name=\"twitter:card\" content=\"summary_large_image\" \/>\n<meta name=\"twitter:label1\" content=\"Escrito por\" \/>\n\t<meta name=\"twitter:data1\" content=\"Redacci\u00f3n QP\" \/>\n\t<meta name=\"twitter:label2\" content=\"Tiempo de lectura\" \/>\n\t<meta name=\"twitter:data2\" content=\"2 minutos\" \/>\n<script type=\"application\/ld+json\" class=\"yoast-schema-graph\">{\"@context\":\"https:\\\/\\\/schema.org\",\"@graph\":[{\"@type\":\"Article\",\"@id\":\"https:\\\/\\\/quehacerpolitico.mx\\\/?p=64921#article\",\"isPartOf\":{\"@id\":\"https:\\\/\\\/quehacerpolitico.mx\\\/?p=64921\"},\"author\":{\"name\":\"Redacci\u00f3n QP\",\"@id\":\"https:\\\/\\\/quehacerpolitico.mx\\\/#\\\/schema\\\/person\\\/496d8ad2d1d3f8036101dca7ee39e585\"},\"headline\":\"Van 71 candidatos por la dirigencia de Morena\",\"datePublished\":\"2020-09-13T03:06:47+00:00\",\"mainEntityOfPage\":{\"@id\":\"https:\\\/\\\/quehacerpolitico.mx\\\/?p=64921\"},\"wordCount\":389,\"commentCount\":0,\"image\":{\"@id\":\"https:\\\/\\\/quehacerpolitico.mx\\\/?p=64921#primaryimage\"},\"thumbnailUrl\":\"https:\\\/\\\/quehacerpolitico.mx\\\/wp-content\\\/uploads\\\/2020\\\/09\\\/51171B3D-99FF-4D6A-8B7F-80BDA49D60AC.jpeg\",\"articleSection\":[\"Noticias\"],\"inLanguage\":\"es\",\"potentialAction\":[{\"@type\":\"CommentAction\",\"name\":\"Comment\",\"target\":[\"https:\\\/\\\/quehacerpolitico.mx\\\/?p=64921#respond\"]}]},{\"@type\":\"WebPage\",\"@id\":\"https:\\\/\\\/quehacerpolitico.mx\\\/?p=64921\",\"url\":\"https:\\\/\\\/quehacerpolitico.mx\\\/?p=64921\",\"name\":\"Van 71 candidatos por la dirigencia de Morena -\",\"isPartOf\":{\"@id\":\"https:\\\/\\\/quehacerpolitico.mx\\\/#website\"},\"primaryImageOfPage\":{\"@id\":\"https:\\\/\\\/quehacerpolitico.mx\\\/?p=64921#primaryimage\"},\"image\":{\"@id\":\"https:\\\/\\\/quehacerpolitico.mx\\\/?p=64921#primaryimage\"},\"thumbnailUrl\":\"https:\\\/\\\/quehacerpolitico.mx\\\/wp-content\\\/uploads\\\/2020\\\/09\\\/51171B3D-99FF-4D6A-8B7F-80BDA49D60AC.jpeg\",\"datePublished\":\"2020-09-13T03:06:47+00:00\",\"author\":{\"@id\":\"https:\\\/\\\/quehacerpolitico.mx\\\/#\\\/schema\\\/person\\\/496d8ad2d1d3f8036101dca7ee39e585\"},\"breadcrumb\":{\"@id\":\"https:\\\/\\\/quehacerpolitico.mx\\\/?p=64921#breadcrumb\"},\"inLanguage\":\"es\",\"potentialAction\":[{\"@type\":\"ReadAction\",\"target\":[\"https:\\\/\\\/quehacerpolitico.mx\\\/?p=64921\"]}]},{\"@type\":\"ImageObject\",\"inLanguage\":\"es\",\"@id\":\"https:\\\/\\\/quehacerpolitico.mx\\\/?p=64921#primaryimage\",\"url\":\"https:\\\/\\\/quehacerpolitico.mx\\\/wp-content\\\/uploads\\\/2020\\\/09\\\/51171B3D-99FF-4D6A-8B7F-80BDA49D60AC.jpeg\",\"contentUrl\":\"https:\\\/\\\/quehacerpolitico.mx\\\/wp-content\\\/uploads\\\/2020\\\/09\\\/51171B3D-99FF-4D6A-8B7F-80BDA49D60AC.jpeg\",\"width\":770,\"height\":392},{\"@type\":\"BreadcrumbList\",\"@id\":\"https:\\\/\\\/quehacerpolitico.mx\\\/?p=64921#breadcrumb\",\"itemListElement\":[{\"@type\":\"ListItem\",\"position\":1,\"name\":\"Inicio\",\"item\":\"https:\\\/\\\/quehacerpolitico.mx\\\/\"},{\"@type\":\"ListItem\",\"position\":2,\"name\":\"Van 71 candidatos por la dirigencia de Morena\"}]},{\"@type\":\"WebSite\",\"@id\":\"https:\\\/\\\/quehacerpolitico.mx\\\/#website\",\"url\":\"https:\\\/\\\/quehacerpolitico.mx\\\/\",\"name\":\"\",\"description\":\"\",\"potentialAction\":[{\"@type\":\"SearchAction\",\"target\":{\"@type\":\"EntryPoint\",\"urlTemplate\":\"https:\\\/\\\/quehacerpolitico.mx\\\/?s={search_term_string}\"},\"query-input\":{\"@type\":\"PropertyValueSpecification\",\"valueRequired\":true,\"valueName\":\"search_term_string\"}}],\"inLanguage\":\"es\"},{\"@type\":\"Person\",\"@id\":\"https:\\\/\\\/quehacerpolitico.mx\\\/#\\\/schema\\\/person\\\/496d8ad2d1d3f8036101dca7ee39e585\",\"name\":\"Redacci\u00f3n QP\",\"image\":{\"@type\":\"ImageObject\",\"inLanguage\":\"es\",\"@id\":\"https:\\\/\\\/secure.gravatar.com\\\/avatar\\\/c7164ed6fdec453195284ad24a5ae5b6e1eed2b848477fa2a4787ba9adf39a41?s=96&d=mm&r=g\",\"url\":\"https:\\\/\\\/secure.gravatar.com\\\/avatar\\\/c7164ed6fdec453195284ad24a5ae5b6e1eed2b848477fa2a4787ba9adf39a41?s=96&d=mm&r=g\",\"contentUrl\":\"https:\\\/\\\/secure.gravatar.com\\\/avatar\\\/c7164ed6fdec453195284ad24a5ae5b6e1eed2b848477fa2a4787ba9adf39a41?s=96&d=mm&r=g\",\"caption\":\"Redacci\u00f3n QP\"},\"url\":\"https:\\\/\\\/quehacerpolitico.mx\\\/?author=2\"}]}<\/script>\n<!-- \/ Yoast SEO plugin. -->","yoast_head_json":{"title":"Van 71 candidatos por la dirigencia de Morena -","robots":{"index":"index","follow":"follow","max-snippet":"max-snippet:-1","max-image-preview":"max-image-preview:large","max-video-preview":"max-video-preview:-1"},"canonical":"https:\/\/quehacerpolitico.mx\/?p=64921","og_locale":"es_MX","og_type":"article","og_title":"Van 71 candidatos por la dirigencia de Morena -","og_description":"Van 71 candidatos por la dirigencia de Morena Por Redacci\u00f3n QP Detallan que 35 aspirantes...","og_url":"https:\/\/quehacerpolitico.mx\/?p=64921","article_published_time":"2020-09-13T03:06:47+00:00","og_image":[{"width":770,"height":392,"url":"https:\/\/quehacerpolitico.mx\/wp-content\/uploads\/2020\/09\/51171B3D-99FF-4D6A-8B7F-80BDA49D60AC.jpeg","type":"image\/jpeg"}],"author":"Redacci\u00f3n QP","twitter_card":"summary_large_image","twitter_misc":{"Escrito por":"Redacci\u00f3n QP","Tiempo de lectura":"2 minutos"},"schema":{"@context":"https:\/\/schema.org","@graph":[{"@type":"Article","@id":"https:\/\/quehacerpolitico.mx\/?p=64921#article","isPartOf":{"@id":"https:\/\/quehacerpolitico.mx\/?p=64921"},"author":{"name":"Redacci\u00f3n QP","@id":"https:\/\/quehacerpolitico.mx\/#\/schema\/person\/496d8ad2d1d3f8036101dca7ee39e585"},"headline":"Van 71 candidatos por la dirigencia de Morena","datePublished":"2020-09-13T03:06:47+00:00","mainEntityOfPage":{"@id":"https:\/\/quehacerpolitico.mx\/?p=64921"},"wordCount":389,"commentCount":0,"image":{"@id":"https:\/\/quehacerpolitico.mx\/?p=64921#primaryimage"},"thumbnailUrl":"https:\/\/quehacerpolitico.mx\/wp-content\/uploads\/2020\/09\/51171B3D-99FF-4D6A-8B7F-80BDA49D60AC.jpeg","articleSection":["Noticias"],"inLanguage":"es","potentialAction":[{"@type":"CommentAction","name":"Comment","target":["https:\/\/quehacerpolitico.mx\/?p=64921#respond"]}]},{"@type":"WebPage","@id":"https:\/\/quehacerpolitico.mx\/?p=64921","url":"https:\/\/quehacerpolitico.mx\/?p=64921","name":"Van 71 candidatos por la dirigencia de Morena -","isPartOf":{"@id":"https:\/\/quehacerpolitico.mx\/#website"},"primaryImageOfPage":{"@id":"https:\/\/quehacerpolitico.mx\/?p=64921#primaryimage"},"image":{"@id":"https:\/\/quehacerpolitico.mx\/?p=64921#primaryimage"},"thumbnailUrl":"https:\/\/quehacerpolitico.mx\/wp-content\/uploads\/2020\/09\/51171B3D-99FF-4D6A-8B7F-80BDA49D60AC.jpeg","datePublished":"2020-09-13T03:06:47+00:00","author":{"@id":"https:\/\/quehacerpolitico.mx\/#\/schema\/person\/496d8ad2d1d3f8036101dca7ee39e585"},"breadcrumb":{"@id":"https:\/\/quehacerpolitico.mx\/?p=64921#breadcrumb"},"inLanguage":"es","potentialAction":[{"@type":"ReadAction","target":["https:\/\/quehacerpolitico.mx\/?p=64921"]}]},{"@type":"ImageObject","inLanguage":"es","@id":"https:\/\/quehacerpolitico.mx\/?p=64921#primaryimage","url":"https:\/\/quehacerpolitico.mx\/wp-content\/uploads\/2020\/09\/51171B3D-99FF-4D6A-8B7F-80BDA49D60AC.jpeg","contentUrl":"https:\/\/quehacerpolitico.mx\/wp-content\/uploads\/2020\/09\/51171B3D-99FF-4D6A-8B7F-80BDA49D60AC.jpeg","width":770,"height":392},{"@type":"BreadcrumbList","@id":"https:\/\/quehacerpolitico.mx\/?p=64921#breadcrumb","itemListElement":[{"@type":"ListItem","position":1,"name":"Inicio","item":"https:\/\/quehacerpolitico.mx\/"},{"@type":"ListItem","position":2,"name":"Van 71 candidatos por la dirigencia de Morena"}]},{"@type":"WebSite","@id":"https:\/\/quehacerpolitico.mx\/#website","url":"https:\/\/quehacerpolitico.mx\/","name":"","description":"","potentialAction":[{"@type":"SearchAction","target":{"@type":"EntryPoint","urlTemplate":"https:\/\/quehacerpolitico.mx\/?s={search_term_string}"},"query-input":{"@type":"PropertyValueSpecification","valueRequired":true,"valueName":"search_term_string"}}],"inLanguage":"es"},{"@type":"Person","@id":"https:\/\/quehacerpolitico.mx\/#\/schema\/person\/496d8ad2d1d3f8036101dca7ee39e585","name":"Redacci\u00f3n QP","image":{"@type":"ImageObject","inLanguage":"es","@id":"https:\/\/secure.gravatar.com\/avatar\/c7164ed6fdec453195284ad24a5ae5b6e1eed2b848477fa2a4787ba9adf39a41?s=96&d=mm&r=g","url":"https:\/\/secure.gravatar.com\/avatar\/c7164ed6fdec453195284ad24a5ae5b6e1eed2b848477fa2a4787ba9adf39a41?s=96&d=mm&r=g","contentUrl":"https:\/\/secure.gravatar.com\/avatar\/c7164ed6fdec453195284ad24a5ae5b6e1eed2b848477fa2a4787ba9adf39a41?s=96&d=mm&r=g","caption":"Redacci\u00f3n QP"},"url":"https:\/\/quehacerpolitico.mx\/?author=2"}]}},"featured_image_urls":{"full":["https:\/\/quehacerpolitico.mx\/wp-content\/uploads\/2020\/09\/51171B3D-99FF-4D6A-8B7F-80BDA49D60AC.jpeg",770,392,false],"thumbnail":["https:\/\/quehacerpolitico.mx\/wp-content\/uploads\/2020\/09\/51171B3D-99FF-4D6A-8B7F-80BDA49D60AC-150x150.jpeg",150,150,true],"medium":["https:\/\/quehacerpolitico.mx\/wp-content\/uploads\/2020\/09\/51171B3D-99FF-4D6A-8B7F-80BDA49D60AC-300x153.jpeg",300,153,true],"medium_large":["https:\/\/quehacerpolitico.mx\/wp-content\/uploads\/2020\/09\/51171B3D-99FF-4D6A-8B7F-80BDA49D60AC-768x391.jpeg",640,326,true],"large":["https:\/\/quehacerpolitico.mx\/wp-content\/uploads\/2020\/09\/51171B3D-99FF-4D6A-8B7F-80BDA49D60AC.jpeg",640,326,false],"1536x1536":["https:\/\/quehacerpolitico.mx\/wp-content\/uploads\/2020\/09\/51171B3D-99FF-4D6A-8B7F-80BDA49D60AC.jpeg",770,392,false],"2048x2048":["https:\/\/quehacerpolitico.mx\/wp-content\/uploads\/2020\/09\/51171B3D-99FF-4D6A-8B7F-80BDA49D60AC.jpeg",770,392,false],"covernews-featured":["https:\/\/quehacerpolitico.mx\/wp-content\/uploads\/2020\/09\/51171B3D-99FF-4D6A-8B7F-80BDA49D60AC.jpeg",770,392,false],"covernews-medium":["https:\/\/quehacerpolitico.mx\/wp-content\/uploads\/2020\/09\/51171B3D-99FF-4D6A-8B7F-80BDA49D60AC.jpeg",540,275,false]},"author_info":{"display_name":"Redacci\u00f3n QP","author_link":"https:\/\/quehacerpolitico.mx\/?author=2"},"category_info":"<a href=\"https:\/\/quehacerpolitico.mx\/?cat=2\" rel=\"category\">Noticias<\/a>","tag_info":"Noticias","comment_count":"0","_links":{"self":[{"href":"https:\/\/quehacerpolitico.mx\/index.php?rest_route=\/wp\/v2\/posts\/64921","targetHints":{"allow":["GET"]}}],"collection":[{"href":"https:\/\/quehacerpolitico.mx\/index.php?rest_route=\/wp\/v2\/posts"}],"about":[{"href":"https:\/\/quehacerpolitico.mx\/index.php?rest_route=\/wp\/v2\/types\/post"}],"author":[{"embeddable":true,"href":"https:\/\/quehacerpolitico.mx\/index.php?rest_route=\/wp\/v2\/users\/2"}],"replies":[{"embeddable":true,"href":"https:\/\/quehacerpolitico.mx\/index.php?rest_route=%2Fwp%2Fv2%2Fcomments&post=64921"}],"version-history":[{"count":0,"href":"https:\/\/quehacerpolitico.mx\/index.php?rest_route=\/wp\/v2\/posts\/64921\/revisions"}],"wp:featuredmedia":[{"embeddable":true,"href":"https:\/\/quehacerpolitico.mx\/index.php?rest_route=\/wp\/v2\/media\/64922"}],"wp:attachment":[{"href":"https:\/\/quehacerpolitico.mx\/index.php?rest_route=%2Fwp%2Fv2%2Fmedia&parent=64921"}],"wp:term":[{"taxonomy":"category","embeddable":true,"href":"https:\/\/quehacerpolitico.mx\/index.php?rest_route=%2Fwp%2Fv2%2Fcategories&post=64921"},{"taxonomy":"post_tag","embeddable":true,"href":"https:\/\/quehacerpolitico.mx\/index.php?rest_route=%2Fwp%2Fv2%2Ftags&post=64921"}],"curies":[{"name":"wp","href":"https:\/\/api.w.org\/{rel}","templated":true}]}}