{"id":64909,"date":"2020-09-12T18:56:30","date_gmt":"2020-09-12T23:56:30","guid":{"rendered":"http:\/\/quehacerpolitico.mx\/?p=64909"},"modified":"2020-09-12T18:56:30","modified_gmt":"2020-09-12T23:56:30","slug":"acuarios-y-circos-en-cdmx-podran-retomar-actividades-la-proxima-semana","status":"publish","type":"post","link":"https:\/\/quehacerpolitico.mx\/?p=64909","title":{"rendered":"Acuarios y circos en CDMX podr\u00e1n retomar actividades la pr\u00f3xima semana"},"content":{"rendered":"<p>Acuarios y circos en CDMX podr\u00e1n retomar actividades la pr\u00f3xima semana<br \/>\nPor Redacci\u00f3n QP<\/p>\n<p>Acuarios, circos, gimnasios y centros deportivos podr\u00e1n reanudar actividades la pr\u00f3xima semana, estos \u00faltimos solo podr\u00e1n llevarlas a cabo en espacios abiertos.<\/p>\n<p>La Ciudad de M\u00e9xico permanecer\u00e1 en <strong>sem\u00e1foro naranja<\/strong> de riesgo por <strong>COVID-19<\/strong> la semana del 14 al 20 de septiembre, sin embargo, algunas <strong>actividades<\/strong> podr\u00e1n <strong>reiniciarse<\/strong> como <strong>acuarios, gimnasios, centros deportivos y circos tradicionales,<\/strong> esto de acuerdo con la <strong>Gaceta capitalina.<\/strong><\/p>\n<p>A partir del pr\u00f3ximo jueves 17 de septiembre podr\u00e1n reanudar actividades los<strong> acuarios<\/strong> al 30 por ciento de capacidad. Sera obligatorio el uso de cubrebocas.<\/p>\n<p>Este mismo d\u00eda podr\u00e1n <strong>reiniciar actividades gimnasios <\/strong>y <strong>centros deportivos<\/strong>, pero solo podr\u00e1n llevar a cabo<strong>actividades en espacios abiertos <\/strong>y al 30 por ciento de capacidad.<\/p>\n<p>En lo que respecta a los <strong>circos tradicionales,<\/strong> estos podr\u00e1n reanudar actividades a partir del 19 de septiembre, con un 30 por ciento de aforo y solo podr\u00e1n llevar a cabo <strong>funciones en espacios abiertos.<\/strong><\/p>\n<p>El uso de cubrebocas ser\u00e1 obligatorio para el p\u00fablico en general durante la funci\u00f3n, as\u00ed como para los actores, acr\u00f3batas, presentadores o cualquier otra persona involucrada en el espect\u00e1culo.<\/p>\n<p>En la Gaceta tambi\u00e9n se inform\u00f3 que el 14 de septiembre se reanudan labores administrativas en las universidades p\u00fablicas y privadas.<\/p>\n<p>Con informaci\u00f3n de Multimedios Digital<\/p>\n","protected":false},"excerpt":{"rendered":"<p>Acuarios y circos en CDMX podr\u00e1n retomar actividades la pr\u00f3xima semana Por Redacci\u00f3n QP Acuarios,&#8230;<\/p>\n","protected":false},"author":2,"featured_media":64910,"comment_status":"open","ping_status":"open","sticky":false,"template":"","format":"standard","meta":{"_monsterinsights_skip_tracking":false,"_monsterinsights_sitenote_active":false,"_monsterinsights_sitenote_note":"","_monsterinsights_sitenote_category":0,"footnotes":""},"categories":[55],"tags":[],"class_list":["post-64909","post","type-post","status-publish","format-standard","has-post-thumbnail","hentry","category-cdmx"],"yoast_head":"<!-- This site is optimized with the Yoast SEO plugin v27.3 - https:\/\/yoast.com\/product\/yoast-seo-wordpress\/ -->\n<title>Acuarios y circos en CDMX podr\u00e1n retomar actividades la pr\u00f3xima semana -<\/title>\n<meta name=\"robots\" content=\"index, follow, max-snippet:-1, max-image-preview:large, max-video-preview:-1\" \/>\n<link rel=\"canonical\" href=\"https:\/\/quehacerpolitico.mx\/?p=64909\" \/>\n<meta property=\"og:locale\" content=\"es_MX\" \/>\n<meta property=\"og:type\" content=\"article\" \/>\n<meta property=\"og:title\" content=\"Acuarios y circos en CDMX podr\u00e1n retomar actividades la pr\u00f3xima semana -\" \/>\n<meta property=\"og:description\" content=\"Acuarios y circos en CDMX podr\u00e1n retomar actividades la pr\u00f3xima semana Por Redacci\u00f3n QP Acuarios,...\" \/>\n<meta property=\"og:url\" content=\"https:\/\/quehacerpolitico.mx\/?p=64909\" \/>\n<meta property=\"article:published_time\" content=\"2020-09-12T23:56:30+00:00\" \/>\n<meta property=\"og:image\" content=\"https:\/\/quehacerpolitico.mx\/wp-content\/uploads\/2020\/09\/81219A64-CED4-4550-BA75-C5BE5A9DBAD8.jpeg\" \/>\n\t<meta property=\"og:image:width\" content=\"1200\" \/>\n\t<meta property=\"og:image:height\" content=\"675\" \/>\n\t<meta property=\"og:image:type\" content=\"image\/jpeg\" \/>\n<meta name=\"author\" content=\"Redacci\u00f3n QP\" \/>\n<meta name=\"twitter:card\" content=\"summary_large_image\" \/>\n<meta name=\"twitter:label1\" content=\"Escrito por\" \/>\n\t<meta name=\"twitter:data1\" content=\"Redacci\u00f3n QP\" \/>\n\t<meta name=\"twitter:label2\" content=\"Tiempo de lectura\" \/>\n\t<meta name=\"twitter:data2\" content=\"1 minuto\" \/>\n<script type=\"application\/ld+json\" class=\"yoast-schema-graph\">{\"@context\":\"https:\\\/\\\/schema.org\",\"@graph\":[{\"@type\":\"Article\",\"@id\":\"https:\\\/\\\/quehacerpolitico.mx\\\/?p=64909#article\",\"isPartOf\":{\"@id\":\"https:\\\/\\\/quehacerpolitico.mx\\\/?p=64909\"},\"author\":{\"name\":\"Redacci\u00f3n QP\",\"@id\":\"https:\\\/\\\/quehacerpolitico.mx\\\/#\\\/schema\\\/person\\\/496d8ad2d1d3f8036101dca7ee39e585\"},\"headline\":\"Acuarios y circos en CDMX podr\u00e1n retomar actividades la pr\u00f3xima semana\",\"datePublished\":\"2020-09-12T23:56:30+00:00\",\"mainEntityOfPage\":{\"@id\":\"https:\\\/\\\/quehacerpolitico.mx\\\/?p=64909\"},\"wordCount\":246,\"commentCount\":0,\"image\":{\"@id\":\"https:\\\/\\\/quehacerpolitico.mx\\\/?p=64909#primaryimage\"},\"thumbnailUrl\":\"https:\\\/\\\/quehacerpolitico.mx\\\/wp-content\\\/uploads\\\/2020\\\/09\\\/81219A64-CED4-4550-BA75-C5BE5A9DBAD8.jpeg\",\"articleSection\":[\"CDMX\"],\"inLanguage\":\"es\",\"potentialAction\":[{\"@type\":\"CommentAction\",\"name\":\"Comment\",\"target\":[\"https:\\\/\\\/quehacerpolitico.mx\\\/?p=64909#respond\"]}]},{\"@type\":\"WebPage\",\"@id\":\"https:\\\/\\\/quehacerpolitico.mx\\\/?p=64909\",\"url\":\"https:\\\/\\\/quehacerpolitico.mx\\\/?p=64909\",\"name\":\"Acuarios y circos en CDMX podr\u00e1n retomar actividades la pr\u00f3xima semana -\",\"isPartOf\":{\"@id\":\"https:\\\/\\\/quehacerpolitico.mx\\\/#website\"},\"primaryImageOfPage\":{\"@id\":\"https:\\\/\\\/quehacerpolitico.mx\\\/?p=64909#primaryimage\"},\"image\":{\"@id\":\"https:\\\/\\\/quehacerpolitico.mx\\\/?p=64909#primaryimage\"},\"thumbnailUrl\":\"https:\\\/\\\/quehacerpolitico.mx\\\/wp-content\\\/uploads\\\/2020\\\/09\\\/81219A64-CED4-4550-BA75-C5BE5A9DBAD8.jpeg\",\"datePublished\":\"2020-09-12T23:56:30+00:00\",\"author\":{\"@id\":\"https:\\\/\\\/quehacerpolitico.mx\\\/#\\\/schema\\\/person\\\/496d8ad2d1d3f8036101dca7ee39e585\"},\"breadcrumb\":{\"@id\":\"https:\\\/\\\/quehacerpolitico.mx\\\/?p=64909#breadcrumb\"},\"inLanguage\":\"es\",\"potentialAction\":[{\"@type\":\"ReadAction\",\"target\":[\"https:\\\/\\\/quehacerpolitico.mx\\\/?p=64909\"]}]},{\"@type\":\"ImageObject\",\"inLanguage\":\"es\",\"@id\":\"https:\\\/\\\/quehacerpolitico.mx\\\/?p=64909#primaryimage\",\"url\":\"https:\\\/\\\/quehacerpolitico.mx\\\/wp-content\\\/uploads\\\/2020\\\/09\\\/81219A64-CED4-4550-BA75-C5BE5A9DBAD8.jpeg\",\"contentUrl\":\"https:\\\/\\\/quehacerpolitico.mx\\\/wp-content\\\/uploads\\\/2020\\\/09\\\/81219A64-CED4-4550-BA75-C5BE5A9DBAD8.jpeg\",\"width\":1200,\"height\":675},{\"@type\":\"BreadcrumbList\",\"@id\":\"https:\\\/\\\/quehacerpolitico.mx\\\/?p=64909#breadcrumb\",\"itemListElement\":[{\"@type\":\"ListItem\",\"position\":1,\"name\":\"Inicio\",\"item\":\"https:\\\/\\\/quehacerpolitico.mx\\\/\"},{\"@type\":\"ListItem\",\"position\":2,\"name\":\"Acuarios y circos en CDMX podr\u00e1n retomar actividades la pr\u00f3xima semana\"}]},{\"@type\":\"WebSite\",\"@id\":\"https:\\\/\\\/quehacerpolitico.mx\\\/#website\",\"url\":\"https:\\\/\\\/quehacerpolitico.mx\\\/\",\"name\":\"\",\"description\":\"\",\"potentialAction\":[{\"@type\":\"SearchAction\",\"target\":{\"@type\":\"EntryPoint\",\"urlTemplate\":\"https:\\\/\\\/quehacerpolitico.mx\\\/?s={search_term_string}\"},\"query-input\":{\"@type\":\"PropertyValueSpecification\",\"valueRequired\":true,\"valueName\":\"search_term_string\"}}],\"inLanguage\":\"es\"},{\"@type\":\"Person\",\"@id\":\"https:\\\/\\\/quehacerpolitico.mx\\\/#\\\/schema\\\/person\\\/496d8ad2d1d3f8036101dca7ee39e585\",\"name\":\"Redacci\u00f3n QP\",\"image\":{\"@type\":\"ImageObject\",\"inLanguage\":\"es\",\"@id\":\"https:\\\/\\\/secure.gravatar.com\\\/avatar\\\/c7164ed6fdec453195284ad24a5ae5b6e1eed2b848477fa2a4787ba9adf39a41?s=96&d=mm&r=g\",\"url\":\"https:\\\/\\\/secure.gravatar.com\\\/avatar\\\/c7164ed6fdec453195284ad24a5ae5b6e1eed2b848477fa2a4787ba9adf39a41?s=96&d=mm&r=g\",\"contentUrl\":\"https:\\\/\\\/secure.gravatar.com\\\/avatar\\\/c7164ed6fdec453195284ad24a5ae5b6e1eed2b848477fa2a4787ba9adf39a41?s=96&d=mm&r=g\",\"caption\":\"Redacci\u00f3n QP\"},\"url\":\"https:\\\/\\\/quehacerpolitico.mx\\\/?author=2\"}]}<\/script>\n<!-- \/ Yoast SEO plugin. -->","yoast_head_json":{"title":"Acuarios y circos en CDMX podr\u00e1n retomar actividades la pr\u00f3xima semana -","robots":{"index":"index","follow":"follow","max-snippet":"max-snippet:-1","max-image-preview":"max-image-preview:large","max-video-preview":"max-video-preview:-1"},"canonical":"https:\/\/quehacerpolitico.mx\/?p=64909","og_locale":"es_MX","og_type":"article","og_title":"Acuarios y circos en CDMX podr\u00e1n retomar actividades la pr\u00f3xima semana -","og_description":"Acuarios y circos en CDMX podr\u00e1n retomar actividades la pr\u00f3xima semana Por Redacci\u00f3n QP Acuarios,...","og_url":"https:\/\/quehacerpolitico.mx\/?p=64909","article_published_time":"2020-09-12T23:56:30+00:00","og_image":[{"width":1200,"height":675,"url":"https:\/\/quehacerpolitico.mx\/wp-content\/uploads\/2020\/09\/81219A64-CED4-4550-BA75-C5BE5A9DBAD8.jpeg","type":"image\/jpeg"}],"author":"Redacci\u00f3n QP","twitter_card":"summary_large_image","twitter_misc":{"Escrito por":"Redacci\u00f3n QP","Tiempo de lectura":"1 minuto"},"schema":{"@context":"https:\/\/schema.org","@graph":[{"@type":"Article","@id":"https:\/\/quehacerpolitico.mx\/?p=64909#article","isPartOf":{"@id":"https:\/\/quehacerpolitico.mx\/?p=64909"},"author":{"name":"Redacci\u00f3n QP","@id":"https:\/\/quehacerpolitico.mx\/#\/schema\/person\/496d8ad2d1d3f8036101dca7ee39e585"},"headline":"Acuarios y circos en CDMX podr\u00e1n retomar actividades la pr\u00f3xima semana","datePublished":"2020-09-12T23:56:30+00:00","mainEntityOfPage":{"@id":"https:\/\/quehacerpolitico.mx\/?p=64909"},"wordCount":246,"commentCount":0,"image":{"@id":"https:\/\/quehacerpolitico.mx\/?p=64909#primaryimage"},"thumbnailUrl":"https:\/\/quehacerpolitico.mx\/wp-content\/uploads\/2020\/09\/81219A64-CED4-4550-BA75-C5BE5A9DBAD8.jpeg","articleSection":["CDMX"],"inLanguage":"es","potentialAction":[{"@type":"CommentAction","name":"Comment","target":["https:\/\/quehacerpolitico.mx\/?p=64909#respond"]}]},{"@type":"WebPage","@id":"https:\/\/quehacerpolitico.mx\/?p=64909","url":"https:\/\/quehacerpolitico.mx\/?p=64909","name":"Acuarios y circos en CDMX podr\u00e1n retomar actividades la pr\u00f3xima semana -","isPartOf":{"@id":"https:\/\/quehacerpolitico.mx\/#website"},"primaryImageOfPage":{"@id":"https:\/\/quehacerpolitico.mx\/?p=64909#primaryimage"},"image":{"@id":"https:\/\/quehacerpolitico.mx\/?p=64909#primaryimage"},"thumbnailUrl":"https:\/\/quehacerpolitico.mx\/wp-content\/uploads\/2020\/09\/81219A64-CED4-4550-BA75-C5BE5A9DBAD8.jpeg","datePublished":"2020-09-12T23:56:30+00:00","author":{"@id":"https:\/\/quehacerpolitico.mx\/#\/schema\/person\/496d8ad2d1d3f8036101dca7ee39e585"},"breadcrumb":{"@id":"https:\/\/quehacerpolitico.mx\/?p=64909#breadcrumb"},"inLanguage":"es","potentialAction":[{"@type":"ReadAction","target":["https:\/\/quehacerpolitico.mx\/?p=64909"]}]},{"@type":"ImageObject","inLanguage":"es","@id":"https:\/\/quehacerpolitico.mx\/?p=64909#primaryimage","url":"https:\/\/quehacerpolitico.mx\/wp-content\/uploads\/2020\/09\/81219A64-CED4-4550-BA75-C5BE5A9DBAD8.jpeg","contentUrl":"https:\/\/quehacerpolitico.mx\/wp-content\/uploads\/2020\/09\/81219A64-CED4-4550-BA75-C5BE5A9DBAD8.jpeg","width":1200,"height":675},{"@type":"BreadcrumbList","@id":"https:\/\/quehacerpolitico.mx\/?p=64909#breadcrumb","itemListElement":[{"@type":"ListItem","position":1,"name":"Inicio","item":"https:\/\/quehacerpolitico.mx\/"},{"@type":"ListItem","position":2,"name":"Acuarios y circos en CDMX podr\u00e1n retomar actividades la pr\u00f3xima semana"}]},{"@type":"WebSite","@id":"https:\/\/quehacerpolitico.mx\/#website","url":"https:\/\/quehacerpolitico.mx\/","name":"","description":"","potentialAction":[{"@type":"SearchAction","target":{"@type":"EntryPoint","urlTemplate":"https:\/\/quehacerpolitico.mx\/?s={search_term_string}"},"query-input":{"@type":"PropertyValueSpecification","valueRequired":true,"valueName":"search_term_string"}}],"inLanguage":"es"},{"@type":"Person","@id":"https:\/\/quehacerpolitico.mx\/#\/schema\/person\/496d8ad2d1d3f8036101dca7ee39e585","name":"Redacci\u00f3n QP","image":{"@type":"ImageObject","inLanguage":"es","@id":"https:\/\/secure.gravatar.com\/avatar\/c7164ed6fdec453195284ad24a5ae5b6e1eed2b848477fa2a4787ba9adf39a41?s=96&d=mm&r=g","url":"https:\/\/secure.gravatar.com\/avatar\/c7164ed6fdec453195284ad24a5ae5b6e1eed2b848477fa2a4787ba9adf39a41?s=96&d=mm&r=g","contentUrl":"https:\/\/secure.gravatar.com\/avatar\/c7164ed6fdec453195284ad24a5ae5b6e1eed2b848477fa2a4787ba9adf39a41?s=96&d=mm&r=g","caption":"Redacci\u00f3n QP"},"url":"https:\/\/quehacerpolitico.mx\/?author=2"}]}},"featured_image_urls":{"full":["https:\/\/quehacerpolitico.mx\/wp-content\/uploads\/2020\/09\/81219A64-CED4-4550-BA75-C5BE5A9DBAD8.jpeg",1200,675,false],"thumbnail":["https:\/\/quehacerpolitico.mx\/wp-content\/uploads\/2020\/09\/81219A64-CED4-4550-BA75-C5BE5A9DBAD8-150x150.jpeg",150,150,true],"medium":["https:\/\/quehacerpolitico.mx\/wp-content\/uploads\/2020\/09\/81219A64-CED4-4550-BA75-C5BE5A9DBAD8-300x169.jpeg",300,169,true],"medium_large":["https:\/\/quehacerpolitico.mx\/wp-content\/uploads\/2020\/09\/81219A64-CED4-4550-BA75-C5BE5A9DBAD8-768x432.jpeg",640,360,true],"large":["https:\/\/quehacerpolitico.mx\/wp-content\/uploads\/2020\/09\/81219A64-CED4-4550-BA75-C5BE5A9DBAD8-1024x576.jpeg",640,360,true],"1536x1536":["https:\/\/quehacerpolitico.mx\/wp-content\/uploads\/2020\/09\/81219A64-CED4-4550-BA75-C5BE5A9DBAD8.jpeg",1200,675,false],"2048x2048":["https:\/\/quehacerpolitico.mx\/wp-content\/uploads\/2020\/09\/81219A64-CED4-4550-BA75-C5BE5A9DBAD8.jpeg",1200,675,false],"covernews-featured":["https:\/\/quehacerpolitico.mx\/wp-content\/uploads\/2020\/09\/81219A64-CED4-4550-BA75-C5BE5A9DBAD8.jpeg",1024,576,false],"covernews-medium":["https:\/\/quehacerpolitico.mx\/wp-content\/uploads\/2020\/09\/81219A64-CED4-4550-BA75-C5BE5A9DBAD8.jpeg",540,304,false]},"author_info":{"display_name":"Redacci\u00f3n QP","author_link":"https:\/\/quehacerpolitico.mx\/?author=2"},"category_info":"<a href=\"https:\/\/quehacerpolitico.mx\/?cat=55\" rel=\"category\">CDMX<\/a>","tag_info":"CDMX","comment_count":"0","_links":{"self":[{"href":"https:\/\/quehacerpolitico.mx\/index.php?rest_route=\/wp\/v2\/posts\/64909","targetHints":{"allow":["GET"]}}],"collection":[{"href":"https:\/\/quehacerpolitico.mx\/index.php?rest_route=\/wp\/v2\/posts"}],"about":[{"href":"https:\/\/quehacerpolitico.mx\/index.php?rest_route=\/wp\/v2\/types\/post"}],"author":[{"embeddable":true,"href":"https:\/\/quehacerpolitico.mx\/index.php?rest_route=\/wp\/v2\/users\/2"}],"replies":[{"embeddable":true,"href":"https:\/\/quehacerpolitico.mx\/index.php?rest_route=%2Fwp%2Fv2%2Fcomments&post=64909"}],"version-history":[{"count":0,"href":"https:\/\/quehacerpolitico.mx\/index.php?rest_route=\/wp\/v2\/posts\/64909\/revisions"}],"wp:featuredmedia":[{"embeddable":true,"href":"https:\/\/quehacerpolitico.mx\/index.php?rest_route=\/wp\/v2\/media\/64910"}],"wp:attachment":[{"href":"https:\/\/quehacerpolitico.mx\/index.php?rest_route=%2Fwp%2Fv2%2Fmedia&parent=64909"}],"wp:term":[{"taxonomy":"category","embeddable":true,"href":"https:\/\/quehacerpolitico.mx\/index.php?rest_route=%2Fwp%2Fv2%2Fcategories&post=64909"},{"taxonomy":"post_tag","embeddable":true,"href":"https:\/\/quehacerpolitico.mx\/index.php?rest_route=%2Fwp%2Fv2%2Ftags&post=64909"}],"curies":[{"name":"wp","href":"https:\/\/api.w.org\/{rel}","templated":true}]}}