{"id":64905,"date":"2020-09-12T18:42:24","date_gmt":"2020-09-12T23:42:24","guid":{"rendered":"http:\/\/quehacerpolitico.mx\/?p=64905"},"modified":"2020-09-12T18:42:24","modified_gmt":"2020-09-12T23:42:24","slug":"el-pan-exige-a-lopez-gatell-revelar-proyeccion-de-muertos-por-covid-19","status":"publish","type":"post","link":"https:\/\/quehacerpolitico.mx\/?p=64905","title":{"rendered":"El PAN exige a L\u00f3pez-Gatell revelar proyecci\u00f3n de muertos por COVID-19"},"content":{"rendered":"<h1 class=\"news-title\">El PAN exige a L\u00f3pez-Gatell revelar proyecci\u00f3n de muertos por COVID-19<br \/>\nPor Redacci\u00f3n QP<\/h1>\n<p>En un comunicado, el partido se\u00f1ala \u00a0que esta proyecci\u00f3n ser\u00eda para enderezar los esfuerzos sanitarios y lograr la atenci\u00f3n oportuna<\/p>\n<p>El grupo parlamentario del PAN\u00a0en la C\u00e1mara de Diputados exigi\u00f3 al subsecretario Hugo L\u00f3pez-Gatell, para que d\u00e9 a conocer la informaci\u00f3n real de la pandemia en M\u00e9xico y exponga ante la opini\u00f3n p\u00fablica, <strong>una proyecci\u00f3n s\u00f3lida de contagios y posibles fallecimientos hasta diciembre pr\u00f3ximo<\/strong>; pues mas de 70 mil muertos al d\u00eda de hoy ya es se\u00f1al de alarma.<\/p>\n<p>En un comunicado, el PAN dijo que esta proyecci\u00f3n ser\u00eda <strong>para enderezar los esfuerzos sanitarios y lograr la atenci\u00f3n oportuna<\/strong>. &#8220;A\u00fan hay tiempo para que el gobierno de Andres Manuel L\u00f3pez Obrador entregue buenas cuentas al pa\u00eds, pese a los m\u00e1s de 70 mil muertos que ya tenemos&#8221;.<\/p>\n<p>De manera paralela, el l\u00edder nacional del PAN, Marko Cort\u00e9s lament\u00f3 el tener m\u00e1s de 70 mil muertos por la pandemia, pues dijo que M\u00e9xico se encuentra en una situaci\u00f3n catastr\u00f3fica y critic\u00f3 que el gobierno de Andr\u00e9s Manuel L\u00f3pez Obrador prefiera seguir echando culpas antes de reconocer sus errores y corregir para atender la pandemia.<\/p>\n<div class=\"banner b2\">\n<div id=\"div-gpt-ad-1505954097040-2\" data-google-query-id=\"CMGuksDj5OsCFRJIAQodfecAvg\">\n<p>&#8220;M\u00e1s de 70 mil defunciones oficiales por #Covid19 en M\u00e9xico. Nos encontramos en una situaci\u00f3n m\u00e1s que catastr\u00f3fica, pero el gobierno prefiere seguir echando culpas, antes de reconocer sus errores, corregir y cambiar la estrategia&#8221;, poste\u00f3 el l\u00edder nacional panista en Twitter.<\/p>\n<blockquote class=\"twitter-tweet\" data-width=\"550\" data-dnt=\"true\">\n<p lang=\"es\" dir=\"ltr\">M\u00e1s de 70 mil defunciones oficiales por <a href=\"https:\/\/twitter.com\/hashtag\/Covid19?src=hash&amp;ref_src=twsrc%5Etfw\">#Covid19<\/a> en M\u00e9xico. Nos encontramos en una situaci\u00f3n m\u00e1s que catastr\u00f3fica, pero el gobierno prefiere seguir echando culpas, antes de reconocer sus errores, corregir y cambiar la estrategia.<\/p>\n<p>&mdash; Marko Cort\u00e9s (@MarkoCortes) <a href=\"https:\/\/twitter.com\/MarkoCortes\/status\/1304601685831098373?ref_src=twsrc%5Etfw\">September 12, 2020<\/a><\/p><\/blockquote>\n<p><script async src=\"https:\/\/platform.twitter.com\/widgets.js\" charset=\"utf-8\"><\/script><\/p>\n<div>\n<div id=\"twitter-43\" class=\"ck-twitter\">\n<p>A trav\u00e9s del diputado Iv\u00e1n Rodr\u00edguez Rivera, dijo que el increment\u00f3 de esta cifra ya es un patr\u00f3n de Gobierno com\u00fan y adoptado desde que inici\u00f3 la pandemia, pero las propuestas del PAN siguen en pie para detener esta situaci\u00f3n. &#8220;Ojal\u00e1 que los funcionarios de la 4T la adopten&#8221;.<\/p>\n<p>&#8220;Desde el d\u00eda uno propusimos a una agenda no s\u00f3lo a nivel m\u00e9dico para pacientes con la enfermedad, sino en el \u00e1mbito del Sistema de Salud y recuperaci\u00f3n econ\u00f3mica, <strong>todos sabemos que si no hay dinero en los hogares, el auto cuidado se complica tambi\u00e9n<\/strong>&#8220;, dijo el panista.<\/p>\n<p>Estos llamados, coment\u00f3, han sido negados y relegados de forma sistem\u00e1tica, el gobierno quiso trabajar solo y no pudo: &#8220;cay\u00f3&#8221;.<\/p>\n<p>La propuesta hoy es muy clara y advirti\u00f3 que los diputados, deben ser parte del Comit\u00e9 Cient\u00edfico y de Salubridad para que exista un acompa\u00f1amiento en las decisiones y conozcamos la viabilidad de lo que hemos estado insistiendo y es sencillo.<\/p>\n<p>Se trata, de <strong>asegurar al personal m\u00e9dico, revisar las finanzas del sector salud, valorar el Ingreso B\u00e1sico Universal para las familias m\u00e1s pobres y el abastecimiento de medicamentos.<\/strong><\/p>\n<p>&#8220;Nos duele mucho que en M\u00e9xico se haya olvidado el sentido com\u00fan y el resentimiento por las estrategias y programas sociales ya existentes se tengan que comprimir por el simple hecho de que son del pasado y dise\u00f1adas por otro presidente que no es L\u00f3pez Obrador y su grupo de la 4T&#8221;.<\/p>\n<p>Con informaci\u00f3n de SUN<\/p>\n<\/div>\n<\/div>\n<\/div>\n<\/div>\n","protected":false},"excerpt":{"rendered":"<p>El PAN exige a L\u00f3pez-Gatell revelar proyecci\u00f3n de muertos por COVID-19 Por Redacci\u00f3n QP En&#8230;<\/p>\n","protected":false},"author":2,"featured_media":64907,"comment_status":"open","ping_status":"open","sticky":false,"template":"","format":"standard","meta":{"_monsterinsights_skip_tracking":false,"_monsterinsights_sitenote_active":false,"_monsterinsights_sitenote_note":"","_monsterinsights_sitenote_category":0,"footnotes":""},"categories":[2],"tags":[],"class_list":["post-64905","post","type-post","status-publish","format-standard","has-post-thumbnail","hentry","category-noticias"],"yoast_head":"<!-- This site is optimized with the Yoast SEO plugin v27.3 - https:\/\/yoast.com\/product\/yoast-seo-wordpress\/ -->\n<title>El PAN exige a L\u00f3pez-Gatell revelar proyecci\u00f3n de muertos por COVID-19 -<\/title>\n<meta name=\"robots\" content=\"index, follow, max-snippet:-1, max-image-preview:large, max-video-preview:-1\" \/>\n<link rel=\"canonical\" href=\"https:\/\/quehacerpolitico.mx\/?p=64905\" \/>\n<meta property=\"og:locale\" content=\"es_MX\" \/>\n<meta property=\"og:type\" content=\"article\" \/>\n<meta property=\"og:title\" content=\"El PAN exige a L\u00f3pez-Gatell revelar proyecci\u00f3n de muertos por COVID-19 -\" \/>\n<meta property=\"og:description\" content=\"El PAN exige a L\u00f3pez-Gatell revelar proyecci\u00f3n de muertos por COVID-19 Por Redacci\u00f3n QP En...\" \/>\n<meta property=\"og:url\" content=\"https:\/\/quehacerpolitico.mx\/?p=64905\" \/>\n<meta property=\"article:published_time\" content=\"2020-09-12T23:42:24+00:00\" \/>\n<meta property=\"og:image\" content=\"https:\/\/quehacerpolitico.mx\/wp-content\/uploads\/2020\/09\/05227406-ECC6-413F-8F72-C9E34AFC4BC7.jpeg\" \/>\n\t<meta property=\"og:image:width\" content=\"420\" \/>\n\t<meta property=\"og:image:height\" content=\"280\" \/>\n\t<meta property=\"og:image:type\" content=\"image\/jpeg\" \/>\n<meta name=\"author\" content=\"Redacci\u00f3n QP\" \/>\n<meta name=\"twitter:card\" content=\"summary_large_image\" \/>\n<meta name=\"twitter:label1\" content=\"Escrito por\" \/>\n\t<meta name=\"twitter:data1\" content=\"Redacci\u00f3n QP\" \/>\n\t<meta name=\"twitter:label2\" content=\"Tiempo de lectura\" \/>\n\t<meta name=\"twitter:data2\" content=\"3 minutos\" \/>\n<script type=\"application\/ld+json\" class=\"yoast-schema-graph\">{\"@context\":\"https:\\\/\\\/schema.org\",\"@graph\":[{\"@type\":\"Article\",\"@id\":\"https:\\\/\\\/quehacerpolitico.mx\\\/?p=64905#article\",\"isPartOf\":{\"@id\":\"https:\\\/\\\/quehacerpolitico.mx\\\/?p=64905\"},\"author\":{\"name\":\"Redacci\u00f3n QP\",\"@id\":\"https:\\\/\\\/quehacerpolitico.mx\\\/#\\\/schema\\\/person\\\/496d8ad2d1d3f8036101dca7ee39e585\"},\"headline\":\"El PAN exige a L\u00f3pez-Gatell revelar proyecci\u00f3n de muertos por COVID-19\",\"datePublished\":\"2020-09-12T23:42:24+00:00\",\"mainEntityOfPage\":{\"@id\":\"https:\\\/\\\/quehacerpolitico.mx\\\/?p=64905\"},\"wordCount\":559,\"commentCount\":0,\"image\":{\"@id\":\"https:\\\/\\\/quehacerpolitico.mx\\\/?p=64905#primaryimage\"},\"thumbnailUrl\":\"https:\\\/\\\/quehacerpolitico.mx\\\/wp-content\\\/uploads\\\/2020\\\/09\\\/05227406-ECC6-413F-8F72-C9E34AFC4BC7.jpeg\",\"articleSection\":[\"Noticias\"],\"inLanguage\":\"es\",\"potentialAction\":[{\"@type\":\"CommentAction\",\"name\":\"Comment\",\"target\":[\"https:\\\/\\\/quehacerpolitico.mx\\\/?p=64905#respond\"]}]},{\"@type\":\"WebPage\",\"@id\":\"https:\\\/\\\/quehacerpolitico.mx\\\/?p=64905\",\"url\":\"https:\\\/\\\/quehacerpolitico.mx\\\/?p=64905\",\"name\":\"El PAN exige a L\u00f3pez-Gatell revelar proyecci\u00f3n de muertos por COVID-19 -\",\"isPartOf\":{\"@id\":\"https:\\\/\\\/quehacerpolitico.mx\\\/#website\"},\"primaryImageOfPage\":{\"@id\":\"https:\\\/\\\/quehacerpolitico.mx\\\/?p=64905#primaryimage\"},\"image\":{\"@id\":\"https:\\\/\\\/quehacerpolitico.mx\\\/?p=64905#primaryimage\"},\"thumbnailUrl\":\"https:\\\/\\\/quehacerpolitico.mx\\\/wp-content\\\/uploads\\\/2020\\\/09\\\/05227406-ECC6-413F-8F72-C9E34AFC4BC7.jpeg\",\"datePublished\":\"2020-09-12T23:42:24+00:00\",\"author\":{\"@id\":\"https:\\\/\\\/quehacerpolitico.mx\\\/#\\\/schema\\\/person\\\/496d8ad2d1d3f8036101dca7ee39e585\"},\"breadcrumb\":{\"@id\":\"https:\\\/\\\/quehacerpolitico.mx\\\/?p=64905#breadcrumb\"},\"inLanguage\":\"es\",\"potentialAction\":[{\"@type\":\"ReadAction\",\"target\":[\"https:\\\/\\\/quehacerpolitico.mx\\\/?p=64905\"]}]},{\"@type\":\"ImageObject\",\"inLanguage\":\"es\",\"@id\":\"https:\\\/\\\/quehacerpolitico.mx\\\/?p=64905#primaryimage\",\"url\":\"https:\\\/\\\/quehacerpolitico.mx\\\/wp-content\\\/uploads\\\/2020\\\/09\\\/05227406-ECC6-413F-8F72-C9E34AFC4BC7.jpeg\",\"contentUrl\":\"https:\\\/\\\/quehacerpolitico.mx\\\/wp-content\\\/uploads\\\/2020\\\/09\\\/05227406-ECC6-413F-8F72-C9E34AFC4BC7.jpeg\",\"width\":420,\"height\":280},{\"@type\":\"BreadcrumbList\",\"@id\":\"https:\\\/\\\/quehacerpolitico.mx\\\/?p=64905#breadcrumb\",\"itemListElement\":[{\"@type\":\"ListItem\",\"position\":1,\"name\":\"Inicio\",\"item\":\"https:\\\/\\\/quehacerpolitico.mx\\\/\"},{\"@type\":\"ListItem\",\"position\":2,\"name\":\"El PAN exige a L\u00f3pez-Gatell revelar proyecci\u00f3n de muertos por COVID-19\"}]},{\"@type\":\"WebSite\",\"@id\":\"https:\\\/\\\/quehacerpolitico.mx\\\/#website\",\"url\":\"https:\\\/\\\/quehacerpolitico.mx\\\/\",\"name\":\"\",\"description\":\"\",\"potentialAction\":[{\"@type\":\"SearchAction\",\"target\":{\"@type\":\"EntryPoint\",\"urlTemplate\":\"https:\\\/\\\/quehacerpolitico.mx\\\/?s={search_term_string}\"},\"query-input\":{\"@type\":\"PropertyValueSpecification\",\"valueRequired\":true,\"valueName\":\"search_term_string\"}}],\"inLanguage\":\"es\"},{\"@type\":\"Person\",\"@id\":\"https:\\\/\\\/quehacerpolitico.mx\\\/#\\\/schema\\\/person\\\/496d8ad2d1d3f8036101dca7ee39e585\",\"name\":\"Redacci\u00f3n QP\",\"image\":{\"@type\":\"ImageObject\",\"inLanguage\":\"es\",\"@id\":\"https:\\\/\\\/secure.gravatar.com\\\/avatar\\\/c7164ed6fdec453195284ad24a5ae5b6e1eed2b848477fa2a4787ba9adf39a41?s=96&d=mm&r=g\",\"url\":\"https:\\\/\\\/secure.gravatar.com\\\/avatar\\\/c7164ed6fdec453195284ad24a5ae5b6e1eed2b848477fa2a4787ba9adf39a41?s=96&d=mm&r=g\",\"contentUrl\":\"https:\\\/\\\/secure.gravatar.com\\\/avatar\\\/c7164ed6fdec453195284ad24a5ae5b6e1eed2b848477fa2a4787ba9adf39a41?s=96&d=mm&r=g\",\"caption\":\"Redacci\u00f3n QP\"},\"url\":\"https:\\\/\\\/quehacerpolitico.mx\\\/?author=2\"}]}<\/script>\n<!-- \/ Yoast SEO plugin. -->","yoast_head_json":{"title":"El PAN exige a L\u00f3pez-Gatell revelar proyecci\u00f3n de muertos por COVID-19 -","robots":{"index":"index","follow":"follow","max-snippet":"max-snippet:-1","max-image-preview":"max-image-preview:large","max-video-preview":"max-video-preview:-1"},"canonical":"https:\/\/quehacerpolitico.mx\/?p=64905","og_locale":"es_MX","og_type":"article","og_title":"El PAN exige a L\u00f3pez-Gatell revelar proyecci\u00f3n de muertos por COVID-19 -","og_description":"El PAN exige a L\u00f3pez-Gatell revelar proyecci\u00f3n de muertos por COVID-19 Por Redacci\u00f3n QP En...","og_url":"https:\/\/quehacerpolitico.mx\/?p=64905","article_published_time":"2020-09-12T23:42:24+00:00","og_image":[{"width":420,"height":280,"url":"https:\/\/quehacerpolitico.mx\/wp-content\/uploads\/2020\/09\/05227406-ECC6-413F-8F72-C9E34AFC4BC7.jpeg","type":"image\/jpeg"}],"author":"Redacci\u00f3n QP","twitter_card":"summary_large_image","twitter_misc":{"Escrito por":"Redacci\u00f3n QP","Tiempo de lectura":"3 minutos"},"schema":{"@context":"https:\/\/schema.org","@graph":[{"@type":"Article","@id":"https:\/\/quehacerpolitico.mx\/?p=64905#article","isPartOf":{"@id":"https:\/\/quehacerpolitico.mx\/?p=64905"},"author":{"name":"Redacci\u00f3n QP","@id":"https:\/\/quehacerpolitico.mx\/#\/schema\/person\/496d8ad2d1d3f8036101dca7ee39e585"},"headline":"El PAN exige a L\u00f3pez-Gatell revelar proyecci\u00f3n de muertos por COVID-19","datePublished":"2020-09-12T23:42:24+00:00","mainEntityOfPage":{"@id":"https:\/\/quehacerpolitico.mx\/?p=64905"},"wordCount":559,"commentCount":0,"image":{"@id":"https:\/\/quehacerpolitico.mx\/?p=64905#primaryimage"},"thumbnailUrl":"https:\/\/quehacerpolitico.mx\/wp-content\/uploads\/2020\/09\/05227406-ECC6-413F-8F72-C9E34AFC4BC7.jpeg","articleSection":["Noticias"],"inLanguage":"es","potentialAction":[{"@type":"CommentAction","name":"Comment","target":["https:\/\/quehacerpolitico.mx\/?p=64905#respond"]}]},{"@type":"WebPage","@id":"https:\/\/quehacerpolitico.mx\/?p=64905","url":"https:\/\/quehacerpolitico.mx\/?p=64905","name":"El PAN exige a L\u00f3pez-Gatell revelar proyecci\u00f3n de muertos por COVID-19 -","isPartOf":{"@id":"https:\/\/quehacerpolitico.mx\/#website"},"primaryImageOfPage":{"@id":"https:\/\/quehacerpolitico.mx\/?p=64905#primaryimage"},"image":{"@id":"https:\/\/quehacerpolitico.mx\/?p=64905#primaryimage"},"thumbnailUrl":"https:\/\/quehacerpolitico.mx\/wp-content\/uploads\/2020\/09\/05227406-ECC6-413F-8F72-C9E34AFC4BC7.jpeg","datePublished":"2020-09-12T23:42:24+00:00","author":{"@id":"https:\/\/quehacerpolitico.mx\/#\/schema\/person\/496d8ad2d1d3f8036101dca7ee39e585"},"breadcrumb":{"@id":"https:\/\/quehacerpolitico.mx\/?p=64905#breadcrumb"},"inLanguage":"es","potentialAction":[{"@type":"ReadAction","target":["https:\/\/quehacerpolitico.mx\/?p=64905"]}]},{"@type":"ImageObject","inLanguage":"es","@id":"https:\/\/quehacerpolitico.mx\/?p=64905#primaryimage","url":"https:\/\/quehacerpolitico.mx\/wp-content\/uploads\/2020\/09\/05227406-ECC6-413F-8F72-C9E34AFC4BC7.jpeg","contentUrl":"https:\/\/quehacerpolitico.mx\/wp-content\/uploads\/2020\/09\/05227406-ECC6-413F-8F72-C9E34AFC4BC7.jpeg","width":420,"height":280},{"@type":"BreadcrumbList","@id":"https:\/\/quehacerpolitico.mx\/?p=64905#breadcrumb","itemListElement":[{"@type":"ListItem","position":1,"name":"Inicio","item":"https:\/\/quehacerpolitico.mx\/"},{"@type":"ListItem","position":2,"name":"El PAN exige a L\u00f3pez-Gatell revelar proyecci\u00f3n de muertos por COVID-19"}]},{"@type":"WebSite","@id":"https:\/\/quehacerpolitico.mx\/#website","url":"https:\/\/quehacerpolitico.mx\/","name":"","description":"","potentialAction":[{"@type":"SearchAction","target":{"@type":"EntryPoint","urlTemplate":"https:\/\/quehacerpolitico.mx\/?s={search_term_string}"},"query-input":{"@type":"PropertyValueSpecification","valueRequired":true,"valueName":"search_term_string"}}],"inLanguage":"es"},{"@type":"Person","@id":"https:\/\/quehacerpolitico.mx\/#\/schema\/person\/496d8ad2d1d3f8036101dca7ee39e585","name":"Redacci\u00f3n QP","image":{"@type":"ImageObject","inLanguage":"es","@id":"https:\/\/secure.gravatar.com\/avatar\/c7164ed6fdec453195284ad24a5ae5b6e1eed2b848477fa2a4787ba9adf39a41?s=96&d=mm&r=g","url":"https:\/\/secure.gravatar.com\/avatar\/c7164ed6fdec453195284ad24a5ae5b6e1eed2b848477fa2a4787ba9adf39a41?s=96&d=mm&r=g","contentUrl":"https:\/\/secure.gravatar.com\/avatar\/c7164ed6fdec453195284ad24a5ae5b6e1eed2b848477fa2a4787ba9adf39a41?s=96&d=mm&r=g","caption":"Redacci\u00f3n QP"},"url":"https:\/\/quehacerpolitico.mx\/?author=2"}]}},"featured_image_urls":{"full":["https:\/\/quehacerpolitico.mx\/wp-content\/uploads\/2020\/09\/05227406-ECC6-413F-8F72-C9E34AFC4BC7.jpeg",420,280,false],"thumbnail":["https:\/\/quehacerpolitico.mx\/wp-content\/uploads\/2020\/09\/05227406-ECC6-413F-8F72-C9E34AFC4BC7-150x150.jpeg",150,150,true],"medium":["https:\/\/quehacerpolitico.mx\/wp-content\/uploads\/2020\/09\/05227406-ECC6-413F-8F72-C9E34AFC4BC7-300x200.jpeg",300,200,true],"medium_large":["https:\/\/quehacerpolitico.mx\/wp-content\/uploads\/2020\/09\/05227406-ECC6-413F-8F72-C9E34AFC4BC7.jpeg",420,280,false],"large":["https:\/\/quehacerpolitico.mx\/wp-content\/uploads\/2020\/09\/05227406-ECC6-413F-8F72-C9E34AFC4BC7.jpeg",420,280,false],"1536x1536":["https:\/\/quehacerpolitico.mx\/wp-content\/uploads\/2020\/09\/05227406-ECC6-413F-8F72-C9E34AFC4BC7.jpeg",420,280,false],"2048x2048":["https:\/\/quehacerpolitico.mx\/wp-content\/uploads\/2020\/09\/05227406-ECC6-413F-8F72-C9E34AFC4BC7.jpeg",420,280,false],"covernews-featured":["https:\/\/quehacerpolitico.mx\/wp-content\/uploads\/2020\/09\/05227406-ECC6-413F-8F72-C9E34AFC4BC7.jpeg",420,280,false],"covernews-medium":["https:\/\/quehacerpolitico.mx\/wp-content\/uploads\/2020\/09\/05227406-ECC6-413F-8F72-C9E34AFC4BC7.jpeg",420,280,false]},"author_info":{"display_name":"Redacci\u00f3n QP","author_link":"https:\/\/quehacerpolitico.mx\/?author=2"},"category_info":"<a href=\"https:\/\/quehacerpolitico.mx\/?cat=2\" rel=\"category\">Noticias<\/a>","tag_info":"Noticias","comment_count":"0","_links":{"self":[{"href":"https:\/\/quehacerpolitico.mx\/index.php?rest_route=\/wp\/v2\/posts\/64905","targetHints":{"allow":["GET"]}}],"collection":[{"href":"https:\/\/quehacerpolitico.mx\/index.php?rest_route=\/wp\/v2\/posts"}],"about":[{"href":"https:\/\/quehacerpolitico.mx\/index.php?rest_route=\/wp\/v2\/types\/post"}],"author":[{"embeddable":true,"href":"https:\/\/quehacerpolitico.mx\/index.php?rest_route=\/wp\/v2\/users\/2"}],"replies":[{"embeddable":true,"href":"https:\/\/quehacerpolitico.mx\/index.php?rest_route=%2Fwp%2Fv2%2Fcomments&post=64905"}],"version-history":[{"count":0,"href":"https:\/\/quehacerpolitico.mx\/index.php?rest_route=\/wp\/v2\/posts\/64905\/revisions"}],"wp:featuredmedia":[{"embeddable":true,"href":"https:\/\/quehacerpolitico.mx\/index.php?rest_route=\/wp\/v2\/media\/64907"}],"wp:attachment":[{"href":"https:\/\/quehacerpolitico.mx\/index.php?rest_route=%2Fwp%2Fv2%2Fmedia&parent=64905"}],"wp:term":[{"taxonomy":"category","embeddable":true,"href":"https:\/\/quehacerpolitico.mx\/index.php?rest_route=%2Fwp%2Fv2%2Fcategories&post=64905"},{"taxonomy":"post_tag","embeddable":true,"href":"https:\/\/quehacerpolitico.mx\/index.php?rest_route=%2Fwp%2Fv2%2Ftags&post=64905"}],"curies":[{"name":"wp","href":"https:\/\/api.w.org\/{rel}","templated":true}]}}