{"id":64871,"date":"2020-09-12T14:54:46","date_gmt":"2020-09-12T19:54:46","guid":{"rendered":"http:\/\/quehacerpolitico.mx\/?p=64871"},"modified":"2020-09-12T14:54:46","modified_gmt":"2020-09-12T19:54:46","slug":"checo-perez-habria-recibido-llamada-de-red-bull","status":"publish","type":"post","link":"https:\/\/quehacerpolitico.mx\/?p=64871","title":{"rendered":"Checo&#8221; P\u00e9rez habr\u00eda recibido llamada de Red Bull"},"content":{"rendered":"<h1 class=\"news-title\">Checo&#8221; P\u00e9rez habr\u00eda recibido llamada de Red Bull<br \/>\nPor Redacci\u00f3n QP<\/h1>\n<div class=\"news-subtitle\">\n<p>El acercamiento habr\u00eda sido para conocer la situaci\u00f3n del mexicano y saber cu\u00e1les eran sus intenciones en el futuro<\/p>\n<\/div>\n<div class=\"social-share-box normal\">\n<p>Luego de anunciar su salida de Racing Point\u00a0al final de la temporada 2020 de la F\u00f3rmula 1, el piloto mexicano, Sergio P\u00e9rez, habr\u00eda recibido una llamada por parte de Christian Horner, director del equipo de Red Bull en la m\u00e1xima categor\u00eda asegura la reportera de F\u00f3rmula 1, Noem\u00ed de Miguel.<\/p>\n<p>La llamada habr\u00eda sido para conocer la situaci\u00f3n de &#8220;Checo&#8221; y saber cu\u00e1les eran sus intenciones en el futuro. Hay que recordar que <strong>Red Bull s\u00f3lo ha confirmado a Max Verstappen para la siguiente temporada, poniendo en duda la continuidad de Alex Albon y sin intenci\u00f3n de regresar a Pierre Gasly<\/strong> luego de la experiencia en la temporada 2019.<\/p>\n<p>Por otro lado, &#8220;Checo&#8221; ha comentado que buscar\u00e1 la mejor opci\u00f3n, que tiene propuestas en las que incluso algunas le han sorprendido, ahora se puede pensar que hablaba de un posible acercamiento con la escuder\u00eda de Red Bull<\/p>\n<blockquote class=\"twitter-tweet\" data-width=\"550\" data-dnt=\"true\">\n<p lang=\"es\" dir=\"ltr\">Ha sido un buen fin de semana, vamos a concretarlo pelando por buenos puntos ma\u00f1ana.<br \/>Har\u00e1 mucho calor; nos espera un buen reto en Mugello \ud83d\udcaa<a href=\"https:\/\/twitter.com\/hashtag\/TuscanGP?src=hash&amp;ref_src=twsrc%5Etfw\">#TuscanGP<\/a> <a href=\"https:\/\/t.co\/uuXis5X5cp\">pic.twitter.com\/uuXis5X5cp<\/a><\/p>\n<p>&mdash; Sergio P\u00e9rez (@SChecoPerez) <a href=\"https:\/\/twitter.com\/SChecoPerez\/status\/1304825501656047619?ref_src=twsrc%5Etfw\">September 12, 2020<\/a><\/p><\/blockquote>\n<p><script async src=\"https:\/\/platform.twitter.com\/widgets.js\" charset=\"utf-8\"><\/script><\/p>\n<p>Por ahora, Red Bull busca un piloto que sea el compa\u00f1ero de la joya de la m\u00e1xima categor\u00eda, el holand\u00e9s Max Verstappen, en la que tambi\u00e9n ha sonado el nombre del alem\u00e1n Nico H\u00fclkenberg, piloto que sustituy\u00f3 a Sergio P\u00e9rez en Racing Point las dos semanas que el nacido en Jalisco estuvo en cuarentena al dar positivo al coronavirus.<\/p>\n<p>As\u00ed que por ahora habr\u00e1 que esperar para saber si el futuro de &#8220;Checo&#8221; P\u00e9rez <strong>seguir\u00e1 en la F\u00f3rmula 1<\/strong> y de ser as\u00ed, si lo har\u00e1 en un equipo competitivo como Red Bull o tendr\u00e1 la oportunidad en otros equipos como Haas o Alfa Romeo, quienes tampoco han confirmado sus asientos de la siguiente temporada.<\/p>\n<p>Con Informaci\u00f3n de SUN<\/p>\n<\/div>\n","protected":false},"excerpt":{"rendered":"<p>Checo&#8221; P\u00e9rez habr\u00eda recibido llamada de Red Bull Por Redacci\u00f3n QP El acercamiento habr\u00eda sido&#8230;<\/p>\n","protected":false},"author":2,"featured_media":64872,"comment_status":"open","ping_status":"open","sticky":false,"template":"","format":"standard","meta":{"_monsterinsights_skip_tracking":false,"_monsterinsights_sitenote_active":false,"_monsterinsights_sitenote_note":"","_monsterinsights_sitenote_category":0,"footnotes":""},"categories":[54],"tags":[],"class_list":["post-64871","post","type-post","status-publish","format-standard","has-post-thumbnail","hentry","category-deportes"],"yoast_head":"<!-- This site is optimized with the Yoast SEO plugin v27.3 - https:\/\/yoast.com\/product\/yoast-seo-wordpress\/ -->\n<title>Checo&#039;&#039; P\u00e9rez habr\u00eda recibido llamada de Red Bull -<\/title>\n<meta name=\"robots\" content=\"index, follow, max-snippet:-1, max-image-preview:large, max-video-preview:-1\" \/>\n<link rel=\"canonical\" href=\"https:\/\/quehacerpolitico.mx\/?p=64871\" \/>\n<meta property=\"og:locale\" content=\"es_MX\" \/>\n<meta property=\"og:type\" content=\"article\" \/>\n<meta property=\"og:title\" content=\"Checo&#039;&#039; P\u00e9rez habr\u00eda recibido llamada de Red Bull -\" \/>\n<meta property=\"og:description\" content=\"Checo&#8221; P\u00e9rez habr\u00eda recibido llamada de Red Bull Por Redacci\u00f3n QP El acercamiento habr\u00eda sido...\" \/>\n<meta property=\"og:url\" content=\"https:\/\/quehacerpolitico.mx\/?p=64871\" \/>\n<meta property=\"article:published_time\" content=\"2020-09-12T19:54:46+00:00\" \/>\n<meta property=\"og:image\" content=\"https:\/\/quehacerpolitico.mx\/wp-content\/uploads\/2020\/09\/22CBF891-654D-4C5D-B2DF-09F9F47627D7.jpeg\" \/>\n\t<meta property=\"og:image:width\" content=\"787\" \/>\n\t<meta property=\"og:image:height\" content=\"524\" \/>\n\t<meta property=\"og:image:type\" content=\"image\/jpeg\" \/>\n<meta name=\"author\" content=\"Redacci\u00f3n QP\" \/>\n<meta name=\"twitter:card\" content=\"summary_large_image\" \/>\n<meta name=\"twitter:label1\" content=\"Escrito por\" \/>\n\t<meta name=\"twitter:data1\" content=\"Redacci\u00f3n QP\" \/>\n\t<meta name=\"twitter:label2\" content=\"Tiempo de lectura\" \/>\n\t<meta name=\"twitter:data2\" content=\"2 minutos\" \/>\n<script type=\"application\/ld+json\" class=\"yoast-schema-graph\">{\"@context\":\"https:\\\/\\\/schema.org\",\"@graph\":[{\"@type\":\"Article\",\"@id\":\"https:\\\/\\\/quehacerpolitico.mx\\\/?p=64871#article\",\"isPartOf\":{\"@id\":\"https:\\\/\\\/quehacerpolitico.mx\\\/?p=64871\"},\"author\":{\"name\":\"Redacci\u00f3n QP\",\"@id\":\"https:\\\/\\\/quehacerpolitico.mx\\\/#\\\/schema\\\/person\\\/496d8ad2d1d3f8036101dca7ee39e585\"},\"headline\":\"Checo&#8221; P\u00e9rez habr\u00eda recibido llamada de Red Bull\",\"datePublished\":\"2020-09-12T19:54:46+00:00\",\"mainEntityOfPage\":{\"@id\":\"https:\\\/\\\/quehacerpolitico.mx\\\/?p=64871\"},\"wordCount\":338,\"commentCount\":0,\"image\":{\"@id\":\"https:\\\/\\\/quehacerpolitico.mx\\\/?p=64871#primaryimage\"},\"thumbnailUrl\":\"https:\\\/\\\/quehacerpolitico.mx\\\/wp-content\\\/uploads\\\/2020\\\/09\\\/22CBF891-654D-4C5D-B2DF-09F9F47627D7.jpeg\",\"articleSection\":[\"Deportes\"],\"inLanguage\":\"es\",\"potentialAction\":[{\"@type\":\"CommentAction\",\"name\":\"Comment\",\"target\":[\"https:\\\/\\\/quehacerpolitico.mx\\\/?p=64871#respond\"]}]},{\"@type\":\"WebPage\",\"@id\":\"https:\\\/\\\/quehacerpolitico.mx\\\/?p=64871\",\"url\":\"https:\\\/\\\/quehacerpolitico.mx\\\/?p=64871\",\"name\":\"Checo'' P\u00e9rez habr\u00eda recibido llamada de Red Bull -\",\"isPartOf\":{\"@id\":\"https:\\\/\\\/quehacerpolitico.mx\\\/#website\"},\"primaryImageOfPage\":{\"@id\":\"https:\\\/\\\/quehacerpolitico.mx\\\/?p=64871#primaryimage\"},\"image\":{\"@id\":\"https:\\\/\\\/quehacerpolitico.mx\\\/?p=64871#primaryimage\"},\"thumbnailUrl\":\"https:\\\/\\\/quehacerpolitico.mx\\\/wp-content\\\/uploads\\\/2020\\\/09\\\/22CBF891-654D-4C5D-B2DF-09F9F47627D7.jpeg\",\"datePublished\":\"2020-09-12T19:54:46+00:00\",\"author\":{\"@id\":\"https:\\\/\\\/quehacerpolitico.mx\\\/#\\\/schema\\\/person\\\/496d8ad2d1d3f8036101dca7ee39e585\"},\"breadcrumb\":{\"@id\":\"https:\\\/\\\/quehacerpolitico.mx\\\/?p=64871#breadcrumb\"},\"inLanguage\":\"es\",\"potentialAction\":[{\"@type\":\"ReadAction\",\"target\":[\"https:\\\/\\\/quehacerpolitico.mx\\\/?p=64871\"]}]},{\"@type\":\"ImageObject\",\"inLanguage\":\"es\",\"@id\":\"https:\\\/\\\/quehacerpolitico.mx\\\/?p=64871#primaryimage\",\"url\":\"https:\\\/\\\/quehacerpolitico.mx\\\/wp-content\\\/uploads\\\/2020\\\/09\\\/22CBF891-654D-4C5D-B2DF-09F9F47627D7.jpeg\",\"contentUrl\":\"https:\\\/\\\/quehacerpolitico.mx\\\/wp-content\\\/uploads\\\/2020\\\/09\\\/22CBF891-654D-4C5D-B2DF-09F9F47627D7.jpeg\",\"width\":787,\"height\":524},{\"@type\":\"BreadcrumbList\",\"@id\":\"https:\\\/\\\/quehacerpolitico.mx\\\/?p=64871#breadcrumb\",\"itemListElement\":[{\"@type\":\"ListItem\",\"position\":1,\"name\":\"Inicio\",\"item\":\"https:\\\/\\\/quehacerpolitico.mx\\\/\"},{\"@type\":\"ListItem\",\"position\":2,\"name\":\"Checo&#8221; P\u00e9rez habr\u00eda recibido llamada de Red Bull\"}]},{\"@type\":\"WebSite\",\"@id\":\"https:\\\/\\\/quehacerpolitico.mx\\\/#website\",\"url\":\"https:\\\/\\\/quehacerpolitico.mx\\\/\",\"name\":\"\",\"description\":\"\",\"potentialAction\":[{\"@type\":\"SearchAction\",\"target\":{\"@type\":\"EntryPoint\",\"urlTemplate\":\"https:\\\/\\\/quehacerpolitico.mx\\\/?s={search_term_string}\"},\"query-input\":{\"@type\":\"PropertyValueSpecification\",\"valueRequired\":true,\"valueName\":\"search_term_string\"}}],\"inLanguage\":\"es\"},{\"@type\":\"Person\",\"@id\":\"https:\\\/\\\/quehacerpolitico.mx\\\/#\\\/schema\\\/person\\\/496d8ad2d1d3f8036101dca7ee39e585\",\"name\":\"Redacci\u00f3n QP\",\"image\":{\"@type\":\"ImageObject\",\"inLanguage\":\"es\",\"@id\":\"https:\\\/\\\/secure.gravatar.com\\\/avatar\\\/c7164ed6fdec453195284ad24a5ae5b6e1eed2b848477fa2a4787ba9adf39a41?s=96&d=mm&r=g\",\"url\":\"https:\\\/\\\/secure.gravatar.com\\\/avatar\\\/c7164ed6fdec453195284ad24a5ae5b6e1eed2b848477fa2a4787ba9adf39a41?s=96&d=mm&r=g\",\"contentUrl\":\"https:\\\/\\\/secure.gravatar.com\\\/avatar\\\/c7164ed6fdec453195284ad24a5ae5b6e1eed2b848477fa2a4787ba9adf39a41?s=96&d=mm&r=g\",\"caption\":\"Redacci\u00f3n QP\"},\"url\":\"https:\\\/\\\/quehacerpolitico.mx\\\/?author=2\"}]}<\/script>\n<!-- \/ Yoast SEO plugin. -->","yoast_head_json":{"title":"Checo'' P\u00e9rez habr\u00eda recibido llamada de Red Bull -","robots":{"index":"index","follow":"follow","max-snippet":"max-snippet:-1","max-image-preview":"max-image-preview:large","max-video-preview":"max-video-preview:-1"},"canonical":"https:\/\/quehacerpolitico.mx\/?p=64871","og_locale":"es_MX","og_type":"article","og_title":"Checo'' P\u00e9rez habr\u00eda recibido llamada de Red Bull -","og_description":"Checo&#8221; P\u00e9rez habr\u00eda recibido llamada de Red Bull Por Redacci\u00f3n QP El acercamiento habr\u00eda sido...","og_url":"https:\/\/quehacerpolitico.mx\/?p=64871","article_published_time":"2020-09-12T19:54:46+00:00","og_image":[{"width":787,"height":524,"url":"https:\/\/quehacerpolitico.mx\/wp-content\/uploads\/2020\/09\/22CBF891-654D-4C5D-B2DF-09F9F47627D7.jpeg","type":"image\/jpeg"}],"author":"Redacci\u00f3n QP","twitter_card":"summary_large_image","twitter_misc":{"Escrito por":"Redacci\u00f3n QP","Tiempo de lectura":"2 minutos"},"schema":{"@context":"https:\/\/schema.org","@graph":[{"@type":"Article","@id":"https:\/\/quehacerpolitico.mx\/?p=64871#article","isPartOf":{"@id":"https:\/\/quehacerpolitico.mx\/?p=64871"},"author":{"name":"Redacci\u00f3n QP","@id":"https:\/\/quehacerpolitico.mx\/#\/schema\/person\/496d8ad2d1d3f8036101dca7ee39e585"},"headline":"Checo&#8221; P\u00e9rez habr\u00eda recibido llamada de Red Bull","datePublished":"2020-09-12T19:54:46+00:00","mainEntityOfPage":{"@id":"https:\/\/quehacerpolitico.mx\/?p=64871"},"wordCount":338,"commentCount":0,"image":{"@id":"https:\/\/quehacerpolitico.mx\/?p=64871#primaryimage"},"thumbnailUrl":"https:\/\/quehacerpolitico.mx\/wp-content\/uploads\/2020\/09\/22CBF891-654D-4C5D-B2DF-09F9F47627D7.jpeg","articleSection":["Deportes"],"inLanguage":"es","potentialAction":[{"@type":"CommentAction","name":"Comment","target":["https:\/\/quehacerpolitico.mx\/?p=64871#respond"]}]},{"@type":"WebPage","@id":"https:\/\/quehacerpolitico.mx\/?p=64871","url":"https:\/\/quehacerpolitico.mx\/?p=64871","name":"Checo'' P\u00e9rez habr\u00eda recibido llamada de Red Bull -","isPartOf":{"@id":"https:\/\/quehacerpolitico.mx\/#website"},"primaryImageOfPage":{"@id":"https:\/\/quehacerpolitico.mx\/?p=64871#primaryimage"},"image":{"@id":"https:\/\/quehacerpolitico.mx\/?p=64871#primaryimage"},"thumbnailUrl":"https:\/\/quehacerpolitico.mx\/wp-content\/uploads\/2020\/09\/22CBF891-654D-4C5D-B2DF-09F9F47627D7.jpeg","datePublished":"2020-09-12T19:54:46+00:00","author":{"@id":"https:\/\/quehacerpolitico.mx\/#\/schema\/person\/496d8ad2d1d3f8036101dca7ee39e585"},"breadcrumb":{"@id":"https:\/\/quehacerpolitico.mx\/?p=64871#breadcrumb"},"inLanguage":"es","potentialAction":[{"@type":"ReadAction","target":["https:\/\/quehacerpolitico.mx\/?p=64871"]}]},{"@type":"ImageObject","inLanguage":"es","@id":"https:\/\/quehacerpolitico.mx\/?p=64871#primaryimage","url":"https:\/\/quehacerpolitico.mx\/wp-content\/uploads\/2020\/09\/22CBF891-654D-4C5D-B2DF-09F9F47627D7.jpeg","contentUrl":"https:\/\/quehacerpolitico.mx\/wp-content\/uploads\/2020\/09\/22CBF891-654D-4C5D-B2DF-09F9F47627D7.jpeg","width":787,"height":524},{"@type":"BreadcrumbList","@id":"https:\/\/quehacerpolitico.mx\/?p=64871#breadcrumb","itemListElement":[{"@type":"ListItem","position":1,"name":"Inicio","item":"https:\/\/quehacerpolitico.mx\/"},{"@type":"ListItem","position":2,"name":"Checo&#8221; P\u00e9rez habr\u00eda recibido llamada de Red Bull"}]},{"@type":"WebSite","@id":"https:\/\/quehacerpolitico.mx\/#website","url":"https:\/\/quehacerpolitico.mx\/","name":"","description":"","potentialAction":[{"@type":"SearchAction","target":{"@type":"EntryPoint","urlTemplate":"https:\/\/quehacerpolitico.mx\/?s={search_term_string}"},"query-input":{"@type":"PropertyValueSpecification","valueRequired":true,"valueName":"search_term_string"}}],"inLanguage":"es"},{"@type":"Person","@id":"https:\/\/quehacerpolitico.mx\/#\/schema\/person\/496d8ad2d1d3f8036101dca7ee39e585","name":"Redacci\u00f3n QP","image":{"@type":"ImageObject","inLanguage":"es","@id":"https:\/\/secure.gravatar.com\/avatar\/c7164ed6fdec453195284ad24a5ae5b6e1eed2b848477fa2a4787ba9adf39a41?s=96&d=mm&r=g","url":"https:\/\/secure.gravatar.com\/avatar\/c7164ed6fdec453195284ad24a5ae5b6e1eed2b848477fa2a4787ba9adf39a41?s=96&d=mm&r=g","contentUrl":"https:\/\/secure.gravatar.com\/avatar\/c7164ed6fdec453195284ad24a5ae5b6e1eed2b848477fa2a4787ba9adf39a41?s=96&d=mm&r=g","caption":"Redacci\u00f3n QP"},"url":"https:\/\/quehacerpolitico.mx\/?author=2"}]}},"featured_image_urls":{"full":["https:\/\/quehacerpolitico.mx\/wp-content\/uploads\/2020\/09\/22CBF891-654D-4C5D-B2DF-09F9F47627D7.jpeg",787,524,false],"thumbnail":["https:\/\/quehacerpolitico.mx\/wp-content\/uploads\/2020\/09\/22CBF891-654D-4C5D-B2DF-09F9F47627D7-150x150.jpeg",150,150,true],"medium":["https:\/\/quehacerpolitico.mx\/wp-content\/uploads\/2020\/09\/22CBF891-654D-4C5D-B2DF-09F9F47627D7-300x200.jpeg",300,200,true],"medium_large":["https:\/\/quehacerpolitico.mx\/wp-content\/uploads\/2020\/09\/22CBF891-654D-4C5D-B2DF-09F9F47627D7-768x511.jpeg",640,426,true],"large":["https:\/\/quehacerpolitico.mx\/wp-content\/uploads\/2020\/09\/22CBF891-654D-4C5D-B2DF-09F9F47627D7.jpeg",640,426,false],"1536x1536":["https:\/\/quehacerpolitico.mx\/wp-content\/uploads\/2020\/09\/22CBF891-654D-4C5D-B2DF-09F9F47627D7.jpeg",787,524,false],"2048x2048":["https:\/\/quehacerpolitico.mx\/wp-content\/uploads\/2020\/09\/22CBF891-654D-4C5D-B2DF-09F9F47627D7.jpeg",787,524,false],"covernews-featured":["https:\/\/quehacerpolitico.mx\/wp-content\/uploads\/2020\/09\/22CBF891-654D-4C5D-B2DF-09F9F47627D7.jpeg",787,524,false],"covernews-medium":["https:\/\/quehacerpolitico.mx\/wp-content\/uploads\/2020\/09\/22CBF891-654D-4C5D-B2DF-09F9F47627D7.jpeg",511,340,false]},"author_info":{"display_name":"Redacci\u00f3n QP","author_link":"https:\/\/quehacerpolitico.mx\/?author=2"},"category_info":"<a href=\"https:\/\/quehacerpolitico.mx\/?cat=54\" rel=\"category\">Deportes<\/a>","tag_info":"Deportes","comment_count":"0","_links":{"self":[{"href":"https:\/\/quehacerpolitico.mx\/index.php?rest_route=\/wp\/v2\/posts\/64871","targetHints":{"allow":["GET"]}}],"collection":[{"href":"https:\/\/quehacerpolitico.mx\/index.php?rest_route=\/wp\/v2\/posts"}],"about":[{"href":"https:\/\/quehacerpolitico.mx\/index.php?rest_route=\/wp\/v2\/types\/post"}],"author":[{"embeddable":true,"href":"https:\/\/quehacerpolitico.mx\/index.php?rest_route=\/wp\/v2\/users\/2"}],"replies":[{"embeddable":true,"href":"https:\/\/quehacerpolitico.mx\/index.php?rest_route=%2Fwp%2Fv2%2Fcomments&post=64871"}],"version-history":[{"count":0,"href":"https:\/\/quehacerpolitico.mx\/index.php?rest_route=\/wp\/v2\/posts\/64871\/revisions"}],"wp:featuredmedia":[{"embeddable":true,"href":"https:\/\/quehacerpolitico.mx\/index.php?rest_route=\/wp\/v2\/media\/64872"}],"wp:attachment":[{"href":"https:\/\/quehacerpolitico.mx\/index.php?rest_route=%2Fwp%2Fv2%2Fmedia&parent=64871"}],"wp:term":[{"taxonomy":"category","embeddable":true,"href":"https:\/\/quehacerpolitico.mx\/index.php?rest_route=%2Fwp%2Fv2%2Fcategories&post=64871"},{"taxonomy":"post_tag","embeddable":true,"href":"https:\/\/quehacerpolitico.mx\/index.php?rest_route=%2Fwp%2Fv2%2Ftags&post=64871"}],"curies":[{"name":"wp","href":"https:\/\/api.w.org\/{rel}","templated":true}]}}