{"id":6463,"date":"2018-10-09T02:36:44","date_gmt":"2018-10-09T02:36:44","guid":{"rendered":"http:\/\/quehacerpolitico.mx\/ruiz-esparza-confirma-que-bajo-campana-del-naim-epn-quiere-las-cosas-civilizadamente-dice\/"},"modified":"2018-10-09T02:36:44","modified_gmt":"2018-10-09T02:36:44","slug":"ruiz-esparza-confirma-que-bajo-campana-del-naim-epn-quiere-las-cosas-civilizadamente-dice","status":"publish","type":"post","link":"https:\/\/quehacerpolitico.mx\/?p=6463","title":{"rendered":"Ruiz Esparza confirma que baj\u00f3 campa\u00f1a del NAIM; \u201cEPN quiere las cosas civilizadamente\u201d, dice"},"content":{"rendered":"<h3><strong>El titular de la\u00a0 Secretar\u00eda de Comunicaciones y Transportes, Gerardo Ruiz Esparza, confirm\u00f3 que \u00e9l decidi\u00f3 bajar la campa\u00f1a a favor del Nuevo Aeropuerto Internacional de M\u00e9xico\u00a0para no confrontarse con el Gobierno entrante e insisti\u00f3 en que el Presidente Enrique Pe\u00f1a Nieto quiere hacer \u201clas cosas civilizadamente y con tranquilidad\u201d.<\/strong><\/h3>\n<p><strong>Gerardo Ruiz Esparza<\/strong>, titular de la <strong>Secretar\u00eda de Comunicaciones y Transportes<\/strong> (SCT), confirm\u00f3 que \u00e9l decidi\u00f3 bajar la campa\u00f1a a favor del <strong>Nuevo Aeropuerto Internacional de M\u00e9xico<\/strong>(NAIM) para no confrontarse con el Gobierno entrante.<\/p>\n<blockquote>\n<p>\u201cDiferimos la campa\u00f1a, no es que se haya cancelado, porque no es un momento propicio para entrar a una confrontaci\u00f3n de s\u00ed o no, entonces, m\u00e1s que bajarla la diferimos, y va a venir despu\u00e9s\u201d, declar\u00f3 el titular de la SCT luego de participar en un foro sobre competencia econ\u00f3mica.<\/p>\n<\/blockquote>\n<p>Insisti\u00f3 en que el Presidente Enrique Pe\u00f1a Nieto quiere hacer \u201clas cosas civilizadamente y con tranquilidad\u201d.<\/p>\n<p>El Presidente electo, Andr\u00e9s Manuel L\u00f3pez Obrador, inform\u00f3 este d\u00eda que en d\u00edas pasados Javier Jim\u00e9nez Espri\u00fa, pr\u00f3ximo titular de la SCT, recibi\u00f3 un correo electr\u00f3nico del Secretario Gerardo Ruiz Esparz en donde le inform\u00f3 que cancelaron una campa\u00f1a a favor del Nuevo Aeropuerto que se llevaba a cabo en medios de comunicaci\u00f3n y en transportes.<\/p>\n<blockquote>\n<p>Detall\u00f3 que se hizo de manera formal la solicitud de la cancelaci\u00f3n de la campa\u00f1a. Y que fue la propia Presidencia quien hizo la solicitud de la cancelaci\u00f3n. Sin embargo, dijo, tal vez ni el Presidente Enrique Pe\u00f1a Nieto est\u00e9 informado sobre ello.<\/p>\n<\/blockquote>\n<p>La construcci\u00f3n de un Nuevo Aeropuerto, ya sea en Texcoco, en donde se desarrolla actualmente, o en Santa Luc\u00eda, que es la propuesta del Presidente electo, son las dos opciones que est\u00e1n sobre la mesa y que tendr\u00e1n que elegir los mexicanos a trav\u00e9s de una consulta ciudadana el pr\u00f3ximo 28 de octubre.<\/p>\n<p>La primera ha sido fuertemente criticada por estar inmersa en presuntos actos de corrupci\u00f3n y por los da\u00f1os ambientales que generar\u00eda, mientras que la segunda ha sido descartada por varios organismos que la califican como improvisada e \u201cinviable\u201d.<\/p>\n<div id=\"attachment_3481890\" class=\"wp-caption alignnone\"><img loading=\"lazy\" decoding=\"async\" class=\"wp-image-3481890 size-full\" src=\"http:\/\/www.sinembargo.mx\/wp-content\/uploads\/2018\/10\/dpacfmyuyaaf_i2.jpg\" sizes=\"auto, (max-width: 700px) 100vw, 700px\" srcset=\"http:\/\/www.sinembargo.mx\/wp-content\/uploads\/2018\/10\/dpacfmyuyaaf_i2.jpg 700w, http:\/\/www.sinembargo.mx\/wp-content\/uploads\/2018\/10\/dpacfmyuyaaf_i2-300x144.jpg 300w\" alt=\"\" width=\"700\" height=\"337\" \/><\/p>\n<p class=\"wp-caption-text\">El titular de la SCT, Gerardo Ruiz Esparza, habl\u00f3 acerca de la campa\u00f1a sobre el NAIM. Foto: Twitter @SCT_mx<\/p>\n<\/div>\n<p>El actual titular de la SCT habl\u00f3 tambi\u00e9n sobre la consulta sobre el NAIM. Opin\u00f3 que el tema se abordar\u00e1 de manera imparcial, pero consider\u00f3 que los estudios de factibilidad sobre la ubicaci\u00f3n del Nuevo Aeropuerto determinaron que la mejor opci\u00f3n es en Texcoco.<\/p>\n<blockquote>\n<p>\u201cTodos los estudios autorizados durante cuatro a\u00f1os est\u00e1n dados. Son los mejores especialistas del mundo, esa es la opini\u00f3n, creo yo, a mi modo de ver\u201d, asegur\u00f3.\u00e7Este lunes, Consulta Mitofsky public\u00f3 una encuesta en la que arroja que el 64.9 por ciento de los mexicanos est\u00e1 \u201cpoco o nada interesado\u201d en participar en la consulta que promover\u00e1 el Presidente electo, Andr\u00e9s Manuel L\u00f3pez Obrador.<\/p>\n<p>Este lunes, Consulta Mitofsky public\u00f3 una encuesta en la que arroja que el 64.9 por ciento de los mexicanos est\u00e1 \u201cpoco o nada interesado\u201d en participar en la consulta que promover\u00e1 el Presidente electo, Andr\u00e9s Manuel L\u00f3pez Obrador.<\/p>\n<p>La encuesta de Consulta Mitofsky revel\u00f3 que el porcentaje de ciudadanos interesados en participar en la convocatoria ha ca\u00eddo hasta 31.4 por ciento respecto al 44.7 por ciento registrado en septiembre.<\/p>\n<blockquote>\n<p>La semana pasada, habitantes de 28 municipios del oriente del Estado de M\u00e9xico insistieron que la construcci\u00f3n del Nuevo Aeropuerto Internacional de M\u00e9xico en la zona de Texcoco es una imposici\u00f3n a la naturaleza por parte del Gobierno de Enrique Pe\u00f1a Nieto.<\/p>\n<p>En una reuni\u00f3n con el futuro Secretario de Comunicaciones y Transportes, Javier Jim\u00e9nez Espri\u00fa, y el pr\u00f3ximo subsecretario de Derechos Humanos, Alejandro Encinas, denunciaron las afectaciones al medio ambiente que han ocasionado las minas que surten a la obra y que van desde la devastaci\u00f3n de cerros hasta asesinatos de l\u00edderes como Jes\u00fas Javier Ramos, defensor del territorio en la zona del Tenayo.<\/p>\n<p>El equipo del Gobierno de Andr\u00e9s Manuel L\u00f3pez Obrador reconoci\u00f3 las graves afectaciones ambientales y sociales que ha ocasionado la obra en Texcoco, pero recalcaron que la consulta, que se realizar\u00e1 el 28 de octubre, decidir\u00e1 el futuro de la construcci\u00f3n.<\/p>\n<\/blockquote>\n<\/blockquote>\n","protected":false},"excerpt":{"rendered":"<p>Ruiz Esparza confirma que baj\u00f3 campa\u00f1a del NAIM; \u201cEPN quiere las cosas civilizadamente\u201d, dice<br \/>\nPor Redacci\u00f3n QP<\/p>\n","protected":false},"author":2,"featured_media":6462,"comment_status":"open","ping_status":"open","sticky":false,"template":"","format":"standard","meta":{"_monsterinsights_skip_tracking":false,"_monsterinsights_sitenote_active":false,"_monsterinsights_sitenote_note":"","_monsterinsights_sitenote_category":0,"footnotes":""},"categories":[2],"tags":[],"class_list":["post-6463","post","type-post","status-publish","format-standard","has-post-thumbnail","hentry","category-noticias"],"yoast_head":"<!-- This site is optimized with the Yoast SEO plugin v27.3 - https:\/\/yoast.com\/product\/yoast-seo-wordpress\/ -->\n<title>Ruiz Esparza confirma que baj\u00f3 campa\u00f1a del NAIM; \u201cEPN quiere las cosas civilizadamente\u201d, dice -<\/title>\n<meta name=\"robots\" content=\"index, follow, max-snippet:-1, max-image-preview:large, max-video-preview:-1\" \/>\n<link rel=\"canonical\" href=\"https:\/\/quehacerpolitico.mx\/?p=6463\" \/>\n<meta property=\"og:locale\" content=\"es_MX\" \/>\n<meta property=\"og:type\" content=\"article\" \/>\n<meta property=\"og:title\" content=\"Ruiz Esparza confirma que baj\u00f3 campa\u00f1a del NAIM; \u201cEPN quiere las cosas civilizadamente\u201d, dice -\" \/>\n<meta property=\"og:description\" content=\"Ruiz Esparza confirma que baj\u00f3 campa\u00f1a del NAIM; \u201cEPN quiere las cosas civilizadamente\u201d, dice Por Redacci\u00f3n QP\" \/>\n<meta property=\"og:url\" content=\"https:\/\/quehacerpolitico.mx\/?p=6463\" \/>\n<meta property=\"article:published_time\" content=\"2018-10-09T02:36:44+00:00\" \/>\n<meta name=\"author\" content=\"Redacci\u00f3n QP\" \/>\n<meta name=\"twitter:card\" content=\"summary_large_image\" \/>\n<meta name=\"twitter:label1\" content=\"Escrito por\" \/>\n\t<meta name=\"twitter:data1\" content=\"Redacci\u00f3n QP\" \/>\n\t<meta name=\"twitter:label2\" content=\"Tiempo de lectura\" \/>\n\t<meta name=\"twitter:data2\" content=\"4 minutos\" \/>\n<script type=\"application\/ld+json\" class=\"yoast-schema-graph\">{\"@context\":\"https:\\\/\\\/schema.org\",\"@graph\":[{\"@type\":\"Article\",\"@id\":\"https:\\\/\\\/quehacerpolitico.mx\\\/?p=6463#article\",\"isPartOf\":{\"@id\":\"https:\\\/\\\/quehacerpolitico.mx\\\/?p=6463\"},\"author\":{\"name\":\"Redacci\u00f3n QP\",\"@id\":\"https:\\\/\\\/quehacerpolitico.mx\\\/#\\\/schema\\\/person\\\/496d8ad2d1d3f8036101dca7ee39e585\"},\"headline\":\"Ruiz Esparza confirma que baj\u00f3 campa\u00f1a del NAIM; \u201cEPN quiere las cosas civilizadamente\u201d, dice\",\"datePublished\":\"2018-10-09T02:36:44+00:00\",\"mainEntityOfPage\":{\"@id\":\"https:\\\/\\\/quehacerpolitico.mx\\\/?p=6463\"},\"wordCount\":755,\"commentCount\":0,\"image\":{\"@id\":\"https:\\\/\\\/quehacerpolitico.mx\\\/?p=6463#primaryimage\"},\"thumbnailUrl\":\"\",\"articleSection\":[\"Noticias\"],\"inLanguage\":\"es\",\"potentialAction\":[{\"@type\":\"CommentAction\",\"name\":\"Comment\",\"target\":[\"https:\\\/\\\/quehacerpolitico.mx\\\/?p=6463#respond\"]}]},{\"@type\":\"WebPage\",\"@id\":\"https:\\\/\\\/quehacerpolitico.mx\\\/?p=6463\",\"url\":\"https:\\\/\\\/quehacerpolitico.mx\\\/?p=6463\",\"name\":\"Ruiz Esparza confirma que baj\u00f3 campa\u00f1a del NAIM; \u201cEPN quiere las cosas civilizadamente\u201d, dice -\",\"isPartOf\":{\"@id\":\"https:\\\/\\\/quehacerpolitico.mx\\\/#website\"},\"primaryImageOfPage\":{\"@id\":\"https:\\\/\\\/quehacerpolitico.mx\\\/?p=6463#primaryimage\"},\"image\":{\"@id\":\"https:\\\/\\\/quehacerpolitico.mx\\\/?p=6463#primaryimage\"},\"thumbnailUrl\":\"\",\"datePublished\":\"2018-10-09T02:36:44+00:00\",\"author\":{\"@id\":\"https:\\\/\\\/quehacerpolitico.mx\\\/#\\\/schema\\\/person\\\/496d8ad2d1d3f8036101dca7ee39e585\"},\"breadcrumb\":{\"@id\":\"https:\\\/\\\/quehacerpolitico.mx\\\/?p=6463#breadcrumb\"},\"inLanguage\":\"es\",\"potentialAction\":[{\"@type\":\"ReadAction\",\"target\":[\"https:\\\/\\\/quehacerpolitico.mx\\\/?p=6463\"]}]},{\"@type\":\"ImageObject\",\"inLanguage\":\"es\",\"@id\":\"https:\\\/\\\/quehacerpolitico.mx\\\/?p=6463#primaryimage\",\"url\":\"\",\"contentUrl\":\"\"},{\"@type\":\"BreadcrumbList\",\"@id\":\"https:\\\/\\\/quehacerpolitico.mx\\\/?p=6463#breadcrumb\",\"itemListElement\":[{\"@type\":\"ListItem\",\"position\":1,\"name\":\"Inicio\",\"item\":\"https:\\\/\\\/quehacerpolitico.mx\\\/\"},{\"@type\":\"ListItem\",\"position\":2,\"name\":\"Ruiz Esparza confirma que baj\u00f3 campa\u00f1a del NAIM; \u201cEPN quiere las cosas civilizadamente\u201d, dice\"}]},{\"@type\":\"WebSite\",\"@id\":\"https:\\\/\\\/quehacerpolitico.mx\\\/#website\",\"url\":\"https:\\\/\\\/quehacerpolitico.mx\\\/\",\"name\":\"\",\"description\":\"\",\"potentialAction\":[{\"@type\":\"SearchAction\",\"target\":{\"@type\":\"EntryPoint\",\"urlTemplate\":\"https:\\\/\\\/quehacerpolitico.mx\\\/?s={search_term_string}\"},\"query-input\":{\"@type\":\"PropertyValueSpecification\",\"valueRequired\":true,\"valueName\":\"search_term_string\"}}],\"inLanguage\":\"es\"},{\"@type\":\"Person\",\"@id\":\"https:\\\/\\\/quehacerpolitico.mx\\\/#\\\/schema\\\/person\\\/496d8ad2d1d3f8036101dca7ee39e585\",\"name\":\"Redacci\u00f3n QP\",\"image\":{\"@type\":\"ImageObject\",\"inLanguage\":\"es\",\"@id\":\"https:\\\/\\\/secure.gravatar.com\\\/avatar\\\/c7164ed6fdec453195284ad24a5ae5b6e1eed2b848477fa2a4787ba9adf39a41?s=96&d=mm&r=g\",\"url\":\"https:\\\/\\\/secure.gravatar.com\\\/avatar\\\/c7164ed6fdec453195284ad24a5ae5b6e1eed2b848477fa2a4787ba9adf39a41?s=96&d=mm&r=g\",\"contentUrl\":\"https:\\\/\\\/secure.gravatar.com\\\/avatar\\\/c7164ed6fdec453195284ad24a5ae5b6e1eed2b848477fa2a4787ba9adf39a41?s=96&d=mm&r=g\",\"caption\":\"Redacci\u00f3n QP\"},\"url\":\"https:\\\/\\\/quehacerpolitico.mx\\\/?author=2\"}]}<\/script>\n<!-- \/ Yoast SEO plugin. -->","yoast_head_json":{"title":"Ruiz Esparza confirma que baj\u00f3 campa\u00f1a del NAIM; \u201cEPN quiere las cosas civilizadamente\u201d, dice -","robots":{"index":"index","follow":"follow","max-snippet":"max-snippet:-1","max-image-preview":"max-image-preview:large","max-video-preview":"max-video-preview:-1"},"canonical":"https:\/\/quehacerpolitico.mx\/?p=6463","og_locale":"es_MX","og_type":"article","og_title":"Ruiz Esparza confirma que baj\u00f3 campa\u00f1a del NAIM; \u201cEPN quiere las cosas civilizadamente\u201d, dice -","og_description":"Ruiz Esparza confirma que baj\u00f3 campa\u00f1a del NAIM; \u201cEPN quiere las cosas civilizadamente\u201d, dice Por Redacci\u00f3n QP","og_url":"https:\/\/quehacerpolitico.mx\/?p=6463","article_published_time":"2018-10-09T02:36:44+00:00","author":"Redacci\u00f3n QP","twitter_card":"summary_large_image","twitter_misc":{"Escrito por":"Redacci\u00f3n QP","Tiempo de lectura":"4 minutos"},"schema":{"@context":"https:\/\/schema.org","@graph":[{"@type":"Article","@id":"https:\/\/quehacerpolitico.mx\/?p=6463#article","isPartOf":{"@id":"https:\/\/quehacerpolitico.mx\/?p=6463"},"author":{"name":"Redacci\u00f3n QP","@id":"https:\/\/quehacerpolitico.mx\/#\/schema\/person\/496d8ad2d1d3f8036101dca7ee39e585"},"headline":"Ruiz Esparza confirma que baj\u00f3 campa\u00f1a del NAIM; \u201cEPN quiere las cosas civilizadamente\u201d, dice","datePublished":"2018-10-09T02:36:44+00:00","mainEntityOfPage":{"@id":"https:\/\/quehacerpolitico.mx\/?p=6463"},"wordCount":755,"commentCount":0,"image":{"@id":"https:\/\/quehacerpolitico.mx\/?p=6463#primaryimage"},"thumbnailUrl":"","articleSection":["Noticias"],"inLanguage":"es","potentialAction":[{"@type":"CommentAction","name":"Comment","target":["https:\/\/quehacerpolitico.mx\/?p=6463#respond"]}]},{"@type":"WebPage","@id":"https:\/\/quehacerpolitico.mx\/?p=6463","url":"https:\/\/quehacerpolitico.mx\/?p=6463","name":"Ruiz Esparza confirma que baj\u00f3 campa\u00f1a del NAIM; \u201cEPN quiere las cosas civilizadamente\u201d, dice -","isPartOf":{"@id":"https:\/\/quehacerpolitico.mx\/#website"},"primaryImageOfPage":{"@id":"https:\/\/quehacerpolitico.mx\/?p=6463#primaryimage"},"image":{"@id":"https:\/\/quehacerpolitico.mx\/?p=6463#primaryimage"},"thumbnailUrl":"","datePublished":"2018-10-09T02:36:44+00:00","author":{"@id":"https:\/\/quehacerpolitico.mx\/#\/schema\/person\/496d8ad2d1d3f8036101dca7ee39e585"},"breadcrumb":{"@id":"https:\/\/quehacerpolitico.mx\/?p=6463#breadcrumb"},"inLanguage":"es","potentialAction":[{"@type":"ReadAction","target":["https:\/\/quehacerpolitico.mx\/?p=6463"]}]},{"@type":"ImageObject","inLanguage":"es","@id":"https:\/\/quehacerpolitico.mx\/?p=6463#primaryimage","url":"","contentUrl":""},{"@type":"BreadcrumbList","@id":"https:\/\/quehacerpolitico.mx\/?p=6463#breadcrumb","itemListElement":[{"@type":"ListItem","position":1,"name":"Inicio","item":"https:\/\/quehacerpolitico.mx\/"},{"@type":"ListItem","position":2,"name":"Ruiz Esparza confirma que baj\u00f3 campa\u00f1a del NAIM; \u201cEPN quiere las cosas civilizadamente\u201d, dice"}]},{"@type":"WebSite","@id":"https:\/\/quehacerpolitico.mx\/#website","url":"https:\/\/quehacerpolitico.mx\/","name":"","description":"","potentialAction":[{"@type":"SearchAction","target":{"@type":"EntryPoint","urlTemplate":"https:\/\/quehacerpolitico.mx\/?s={search_term_string}"},"query-input":{"@type":"PropertyValueSpecification","valueRequired":true,"valueName":"search_term_string"}}],"inLanguage":"es"},{"@type":"Person","@id":"https:\/\/quehacerpolitico.mx\/#\/schema\/person\/496d8ad2d1d3f8036101dca7ee39e585","name":"Redacci\u00f3n QP","image":{"@type":"ImageObject","inLanguage":"es","@id":"https:\/\/secure.gravatar.com\/avatar\/c7164ed6fdec453195284ad24a5ae5b6e1eed2b848477fa2a4787ba9adf39a41?s=96&d=mm&r=g","url":"https:\/\/secure.gravatar.com\/avatar\/c7164ed6fdec453195284ad24a5ae5b6e1eed2b848477fa2a4787ba9adf39a41?s=96&d=mm&r=g","contentUrl":"https:\/\/secure.gravatar.com\/avatar\/c7164ed6fdec453195284ad24a5ae5b6e1eed2b848477fa2a4787ba9adf39a41?s=96&d=mm&r=g","caption":"Redacci\u00f3n QP"},"url":"https:\/\/quehacerpolitico.mx\/?author=2"}]}},"featured_image_urls":{"full":"","thumbnail":"","medium":"","medium_large":"","large":"","1536x1536":"","2048x2048":"","covernews-featured":"","covernews-medium":""},"author_info":{"display_name":"Redacci\u00f3n QP","author_link":"https:\/\/quehacerpolitico.mx\/?author=2"},"category_info":"<a href=\"https:\/\/quehacerpolitico.mx\/?cat=2\" rel=\"category\">Noticias<\/a>","tag_info":"Noticias","comment_count":"0","_links":{"self":[{"href":"https:\/\/quehacerpolitico.mx\/index.php?rest_route=\/wp\/v2\/posts\/6463","targetHints":{"allow":["GET"]}}],"collection":[{"href":"https:\/\/quehacerpolitico.mx\/index.php?rest_route=\/wp\/v2\/posts"}],"about":[{"href":"https:\/\/quehacerpolitico.mx\/index.php?rest_route=\/wp\/v2\/types\/post"}],"author":[{"embeddable":true,"href":"https:\/\/quehacerpolitico.mx\/index.php?rest_route=\/wp\/v2\/users\/2"}],"replies":[{"embeddable":true,"href":"https:\/\/quehacerpolitico.mx\/index.php?rest_route=%2Fwp%2Fv2%2Fcomments&post=6463"}],"version-history":[{"count":0,"href":"https:\/\/quehacerpolitico.mx\/index.php?rest_route=\/wp\/v2\/posts\/6463\/revisions"}],"wp:featuredmedia":[{"embeddable":true,"href":"https:\/\/quehacerpolitico.mx\/index.php?rest_route=\/"}],"wp:attachment":[{"href":"https:\/\/quehacerpolitico.mx\/index.php?rest_route=%2Fwp%2Fv2%2Fmedia&parent=6463"}],"wp:term":[{"taxonomy":"category","embeddable":true,"href":"https:\/\/quehacerpolitico.mx\/index.php?rest_route=%2Fwp%2Fv2%2Fcategories&post=6463"},{"taxonomy":"post_tag","embeddable":true,"href":"https:\/\/quehacerpolitico.mx\/index.php?rest_route=%2Fwp%2Fv2%2Ftags&post=6463"}],"curies":[{"name":"wp","href":"https:\/\/api.w.org\/{rel}","templated":true}]}}