{"id":6459,"date":"2018-10-08T20:08:15","date_gmt":"2018-10-08T20:08:15","guid":{"rendered":"http:\/\/quehacerpolitico.mx\/la-politica-economica-es-un-fracaso-rotundo-tiene-que-cambiar-dice-amlo-al-presentar-sembrando-vida\/"},"modified":"2018-10-08T20:08:15","modified_gmt":"2018-10-08T20:08:15","slug":"la-politica-economica-es-un-fracaso-rotundo-tiene-que-cambiar-dice-amlo-al-presentar-sembrando-vida","status":"publish","type":"post","link":"https:\/\/quehacerpolitico.mx\/?p=6459","title":{"rendered":"La pol\u00edtica econ\u00f3mica es un fracaso rotundo, tiene que cambiar, dice AMLO al presentar \u201cSembrando Vida\u201d"},"content":{"rendered":"<h3>Luego de su triunfo el 1 de julio, L\u00f3pez Obrador anunci\u00f3 la transformaci\u00f3n de la Secretar\u00eda de Desarrollo Social (Sedesol) en la Secretar\u00eda del Bienestar que estar\u00e1 a cargo de Albores. Y tambi\u00e9n adelanto\u00a0el anuncio del proyecto para la siembra de un mill\u00f3n de \u00e1rboles frutales y maderables.<\/h3>\n<p>El Presidente electo, Andr\u00e9s Manuel L\u00f3pez Obrador,\u00a0present\u00f3 esta ma\u00f1ana su programa \u201cSembrando Vida\u201d, el cual generar\u00e1 400 mil empleos.<\/p>\n<p>En el encuentro, donde estuvo acompa\u00f1ado de la pr\u00f3xima titular de la Secretar\u00eda del Bienestar, Mar\u00eda Luisa Albores Gonz\u00e1lez, L\u00f3pez Obrador consider\u00f3 que la pol\u00edtica econ\u00f3mica de M\u00e9xico ha sido un fracaso rotundo debido al aumento en la importaci\u00f3n de alimentos como ma\u00edz y cacao.<\/p>\n<blockquote>\n<p>\u201cEs incre\u00edble que M\u00e9xico importe productos como caf\u00e9 y cacao. Es el desastre que signific\u00f3 esta pol\u00edtica neoliberal\u201d, indic\u00f3.<\/p>\n<p>El Presidente electo puso como ejemplo la situaci\u00f3n que vive la industria petrolera: \u201cDijeron que con la Reforma Energ\u00e9tica iba a aumentar la producci\u00f3n de petr\u00f3leo, que \u00edbamos a estar extrayendo 3 millones de barriles diarios y estamos extrayendo 1 mill\u00f3n 800 mil barriles y en picada\u201d.<\/p>\n<p>\u201cEs lo mismo, compramos caf\u00e9, compramos cacao, compramos el ma\u00edz. Tiene que cambiar la pol\u00edtica econ\u00f3mica que ha sido un fracaso rotundo\u201d, consider\u00f3.<br \/>El Presidente electo asegur\u00f3 que el programa \u201cSembrando Vida\u201d es prioritario para su gobierno, pues atender\u00e1 la regi\u00f3n m\u00e1s abandonada del pa\u00eds, el sur-sureste.<\/p>\n<blockquote>\n<p>\u201cNo queremos diluir la acci\u00f3n del gobierno, por eso se decidi\u00f3 unir 25 proyectos nacionales estrat\u00e9gicos para la transformaci\u00f3n del pa\u00eds y uno de estos proyectos es este de sembrar un mill\u00f3n de \u00e1rboles\u201d, destac\u00f3.<\/p>\n<\/blockquote>\n<p>El tabasque\u00f1o asegur\u00f3 que el programa es importante y record\u00f3 que en los \u00faltimos 30 a\u00f1os la regi\u00f3n del norte ha crecido 4 por ciento, la zona centro un 2 por ciento y la zona sureste cero por ciento.<\/p>\n<p>Andr\u00e9s Manuel dijo que el reto es generar crecimiento en el sur-sureste, pues indic\u00f3 que los recursos naturales y culturales de esta zona son de los m\u00e1s importantes del pa\u00eds. \u201cSe van a crear 400 mil empleos directos, no es empleo temporal, en estas 10 regiones, en estas 500 mil hect\u00e1reas con jornadas de 5 mil pesos\u201d, explic\u00f3.<\/p>\n<p>El Presidente electo indic\u00f3 que el programa requerir\u00e1 una inversi\u00f3n de entre 12 y 15 mil millones de pesos pero se generar\u00e1n al menos 400 mil empleos.<\/p>\n<blockquote>\n<p>\u201cEl campo es la f\u00e1brica m\u00e1s importante de M\u00e9xico y tenemos todo. Este programa es fundamental, es producir, es recuperar la tradici\u00f3n productiva\u201d, dijo.<\/p>\n<\/blockquote>\n<p>En el evento se anunci\u00f3 tambi\u00e9n los estados que estar\u00e1n dentro del programa: Campeche, Chiapas, Colima, Guerrero, Hidalgo, Michoac\u00e1n, Morelos, Oaxaca, Puebla, Quintana Roo, San Luis Potos\u00ed, Tabasco, Tamalipas, Tlaxcala, Veracruz, Yucat\u00e1n, Sinaloa, Durango y Chihuahua.<\/p>\n<div id=\"attachment_3481851\" class=\"wp-caption alignnone\"><img loading=\"lazy\" decoding=\"async\" class=\"size-full wp-image-3481851\" src=\"http:\/\/www.sinembargo.mx\/wp-content\/uploads\/2018\/10\/08-10-18-fotos-06-amlo-sembrando-vida.jpeg\" sizes=\"auto, (max-width: 700px) 100vw, 700px\" srcset=\"http:\/\/www.sinembargo.mx\/wp-content\/uploads\/2018\/10\/08-10-18-fotos-06-amlo-sembrando-vida.jpeg 700w, http:\/\/www.sinembargo.mx\/wp-content\/uploads\/2018\/10\/08-10-18-fotos-06-amlo-sembrando-vida-300x180.jpeg 300w\" alt=\"\" width=\"700\" height=\"421\" \/><\/p>\n<p class=\"wp-caption-text\">Este lunes, el Presidente electo present\u00f3 el programa \u201cSembrando vida\u201d. Foto: Prensa AMLO<\/p>\n<\/div>\n<blockquote>\n<p>\u201cEs un proyecto que se llama Sembrando Vida, porque es lo que vamos a intentar hacer estos 6 a\u00f1os: sembrar vida en las comunidades que han sido abandonadas\u201d, dijo la futura Secretaria de Bienestar. Explic\u00f3 que M\u00e9xico es un pa\u00eds con el cuatro lugar en biodiversidad a nivel mundial: el 70 por ciento de las especies conocidas de este planeta. Detall\u00f3 que el 21 por ciento de la riqueza en las selvas tropicales, y ser\u00e1 ah\u00ed donde empiece este proyecto.<\/p>\n<\/blockquote>\n<p>Inform\u00f3 que en M\u00e9xico hay una deforestaci\u00f3n nacional, de 2000 a 2005, de 235 mil hect\u00e1reas que se perdieron al a\u00f1o. En el periodo de 2005 a 2010 se perdieron 235 mil hect\u00e1reas se perdieron al a\u00f1o en M\u00e9xico: la biodiversidad, el suelo, plantas, todo.\u00a0Los objetivos del programa son: atender las dos problem\u00e1ticas m\u00e1s fuertes del campo, la pobreza ambiental y la degradaci\u00f3n ambiental. Y detall\u00f3 que \u00e9ste ser\u00e1 impulsado en 19 estados donde se sembrar\u00e1n 1 mill\u00f3n de hect\u00e1reas.\u00a0El programa propone plantaciones agroforestales y una milpa intercalada entre \u00e1rboles frutales.<\/p>\n<p>Albores dijo que en el tr\u00f3pico mexicano hay problemas de pobreza rural y degradaci\u00f3n ambiental. Detall\u00f3 que el 61 por ciento de la poblaci\u00f3n rural vive en pobreza y el 21 por ciento, en pobreza extrema. Destac\u00f3 que en las \u00e1reas forestales del pa\u00eds hay rezago social, marginaci\u00f3n y pobreza. Precis\u00f3 que en M\u00e9xico habitan 11.4 millones de personas en estas zonas, las cuales el 68 por ciento vive en casas sin drenaje y el 67 por ciento en casas sin energ\u00eda el\u00e9ctrica.<\/p>\n<p>Detall\u00f3 que el programa atender\u00e1 prioritariamente a peque\u00f1os productores de los estados del pa\u00eds, quienes recibir\u00e1n 5 mil pesos mensuales por su jornal. \u201cVamos a trabajar con la gente m\u00e1s pobre, con la gente que menos tiene\u201d, destac\u00f3 Albores.<\/p>\n<p>Luego de su triunfo el 1 de julio, L\u00f3pez Obrador anunci\u00f3 la transformaci\u00f3n de la Secretar\u00eda de Desarrollo Social (Sedesol) en la Secretar\u00eda del Bienestar que estar\u00e1 a cargo de Albores. Y tambi\u00e9n adelanto\u00a0el anuncio del proyecto para la siembra de un mill\u00f3n de \u00e1rboles frutales y maderables.<\/p>\n<p>Hugo Ch\u00e1vez ser\u00e1 el director t\u00e9cnico de dicho programa, con el cual se pretenden generar 400 mil empleos permanentes. El plan permitir\u00e1, de acuerdo con AMLO, la siembra de 500 mil \u00e1rboles en 2019.<\/p>\n<p>Ayer, durante su gira de Agradecimiento en Zacatecas, el Presidente electo tambi\u00e9n\u00a0que entre las medidas que se analizar\u00e1n para combatir la violencia en M\u00e9xico est\u00e1 la legalizaci\u00f3n de las drogas, pero dijo que tambi\u00e9n se buscar\u00e1 hacer m\u00e1s competitivo al campo donde hay siembra de amapola, como Guerrero, para que los campesinos tengan otras opciones.<\/p>\n<blockquote>\n<p>\u201cEn el caso de Guerrero, en la monta\u00f1a, donde se siembra amapola, pues tambi\u00e9n explorar la posibilidad de que se le pague mejor al campesino que siembra ma\u00edz, si en vez de pagarle 3,500 la tonelada, se les paga 10 mil pesos, porque adem\u00e1s se les pide que siembren ma\u00edz criollo, nativo, no transg\u00e9nico, ya tiene otro precio porque nosotros vamos a promover que se consuma ese ma\u00edz, no el transg\u00e9nico\u201d, destac\u00f3.<\/p>\n<\/blockquote>\n<p>\u201cGarantizar que se les va a comprar ese ma\u00edz a 10 a 15 pesos el kilo, tambi\u00e9n puede ser atractivo para ya no sembrar amapola\u201d, a\u00f1adi\u00f3.<\/p>\n<\/blockquote>\n","protected":false},"excerpt":{"rendered":"<p>La pol\u00edtica econ\u00f3mica es un fracaso rotundo, tiene que cambiar, dice AMLO al presentar \u201cSembrando Vida\u201d<br \/>\nPor Redacci\u00f3n QP<\/p>\n","protected":false},"author":2,"featured_media":6458,"comment_status":"open","ping_status":"open","sticky":false,"template":"","format":"standard","meta":{"_monsterinsights_skip_tracking":false,"_monsterinsights_sitenote_active":false,"_monsterinsights_sitenote_note":"","_monsterinsights_sitenote_category":0,"footnotes":""},"categories":[2],"tags":[],"class_list":["post-6459","post","type-post","status-publish","format-standard","has-post-thumbnail","hentry","category-noticias"],"yoast_head":"<!-- This site is optimized with the Yoast SEO plugin v27.3 - https:\/\/yoast.com\/product\/yoast-seo-wordpress\/ -->\n<title>La pol\u00edtica econ\u00f3mica es un fracaso rotundo, tiene que cambiar, dice AMLO al presentar \u201cSembrando Vida\u201d -<\/title>\n<meta name=\"robots\" content=\"index, follow, max-snippet:-1, max-image-preview:large, max-video-preview:-1\" \/>\n<link rel=\"canonical\" href=\"https:\/\/quehacerpolitico.mx\/?p=6459\" \/>\n<meta property=\"og:locale\" content=\"es_MX\" \/>\n<meta property=\"og:type\" content=\"article\" \/>\n<meta property=\"og:title\" content=\"La pol\u00edtica econ\u00f3mica es un fracaso rotundo, tiene que cambiar, dice AMLO al presentar \u201cSembrando Vida\u201d -\" \/>\n<meta property=\"og:description\" content=\"La pol\u00edtica econ\u00f3mica es un fracaso rotundo, tiene que cambiar, dice AMLO al presentar \u201cSembrando Vida\u201d Por Redacci\u00f3n QP\" \/>\n<meta property=\"og:url\" content=\"https:\/\/quehacerpolitico.mx\/?p=6459\" \/>\n<meta property=\"article:published_time\" content=\"2018-10-08T20:08:15+00:00\" \/>\n<meta name=\"author\" content=\"Redacci\u00f3n QP\" \/>\n<meta name=\"twitter:card\" content=\"summary_large_image\" \/>\n<meta name=\"twitter:label1\" content=\"Escrito por\" \/>\n\t<meta name=\"twitter:data1\" content=\"Redacci\u00f3n QP\" \/>\n\t<meta name=\"twitter:label2\" content=\"Tiempo de lectura\" \/>\n\t<meta name=\"twitter:data2\" content=\"5 minutos\" \/>\n<script type=\"application\/ld+json\" class=\"yoast-schema-graph\">{\"@context\":\"https:\\\/\\\/schema.org\",\"@graph\":[{\"@type\":\"Article\",\"@id\":\"https:\\\/\\\/quehacerpolitico.mx\\\/?p=6459#article\",\"isPartOf\":{\"@id\":\"https:\\\/\\\/quehacerpolitico.mx\\\/?p=6459\"},\"author\":{\"name\":\"Redacci\u00f3n QP\",\"@id\":\"https:\\\/\\\/quehacerpolitico.mx\\\/#\\\/schema\\\/person\\\/496d8ad2d1d3f8036101dca7ee39e585\"},\"headline\":\"La pol\u00edtica econ\u00f3mica es un fracaso rotundo, tiene que cambiar, dice AMLO al presentar \u201cSembrando Vida\u201d\",\"datePublished\":\"2018-10-08T20:08:15+00:00\",\"mainEntityOfPage\":{\"@id\":\"https:\\\/\\\/quehacerpolitico.mx\\\/?p=6459\"},\"wordCount\":1077,\"commentCount\":0,\"image\":{\"@id\":\"https:\\\/\\\/quehacerpolitico.mx\\\/?p=6459#primaryimage\"},\"thumbnailUrl\":\"\",\"articleSection\":[\"Noticias\"],\"inLanguage\":\"es\",\"potentialAction\":[{\"@type\":\"CommentAction\",\"name\":\"Comment\",\"target\":[\"https:\\\/\\\/quehacerpolitico.mx\\\/?p=6459#respond\"]}]},{\"@type\":\"WebPage\",\"@id\":\"https:\\\/\\\/quehacerpolitico.mx\\\/?p=6459\",\"url\":\"https:\\\/\\\/quehacerpolitico.mx\\\/?p=6459\",\"name\":\"La pol\u00edtica econ\u00f3mica es un fracaso rotundo, tiene que cambiar, dice AMLO al presentar \u201cSembrando Vida\u201d -\",\"isPartOf\":{\"@id\":\"https:\\\/\\\/quehacerpolitico.mx\\\/#website\"},\"primaryImageOfPage\":{\"@id\":\"https:\\\/\\\/quehacerpolitico.mx\\\/?p=6459#primaryimage\"},\"image\":{\"@id\":\"https:\\\/\\\/quehacerpolitico.mx\\\/?p=6459#primaryimage\"},\"thumbnailUrl\":\"\",\"datePublished\":\"2018-10-08T20:08:15+00:00\",\"author\":{\"@id\":\"https:\\\/\\\/quehacerpolitico.mx\\\/#\\\/schema\\\/person\\\/496d8ad2d1d3f8036101dca7ee39e585\"},\"breadcrumb\":{\"@id\":\"https:\\\/\\\/quehacerpolitico.mx\\\/?p=6459#breadcrumb\"},\"inLanguage\":\"es\",\"potentialAction\":[{\"@type\":\"ReadAction\",\"target\":[\"https:\\\/\\\/quehacerpolitico.mx\\\/?p=6459\"]}]},{\"@type\":\"ImageObject\",\"inLanguage\":\"es\",\"@id\":\"https:\\\/\\\/quehacerpolitico.mx\\\/?p=6459#primaryimage\",\"url\":\"\",\"contentUrl\":\"\"},{\"@type\":\"BreadcrumbList\",\"@id\":\"https:\\\/\\\/quehacerpolitico.mx\\\/?p=6459#breadcrumb\",\"itemListElement\":[{\"@type\":\"ListItem\",\"position\":1,\"name\":\"Inicio\",\"item\":\"https:\\\/\\\/quehacerpolitico.mx\\\/\"},{\"@type\":\"ListItem\",\"position\":2,\"name\":\"La pol\u00edtica econ\u00f3mica es un fracaso rotundo, tiene que cambiar, dice AMLO al presentar \u201cSembrando Vida\u201d\"}]},{\"@type\":\"WebSite\",\"@id\":\"https:\\\/\\\/quehacerpolitico.mx\\\/#website\",\"url\":\"https:\\\/\\\/quehacerpolitico.mx\\\/\",\"name\":\"\",\"description\":\"\",\"potentialAction\":[{\"@type\":\"SearchAction\",\"target\":{\"@type\":\"EntryPoint\",\"urlTemplate\":\"https:\\\/\\\/quehacerpolitico.mx\\\/?s={search_term_string}\"},\"query-input\":{\"@type\":\"PropertyValueSpecification\",\"valueRequired\":true,\"valueName\":\"search_term_string\"}}],\"inLanguage\":\"es\"},{\"@type\":\"Person\",\"@id\":\"https:\\\/\\\/quehacerpolitico.mx\\\/#\\\/schema\\\/person\\\/496d8ad2d1d3f8036101dca7ee39e585\",\"name\":\"Redacci\u00f3n QP\",\"image\":{\"@type\":\"ImageObject\",\"inLanguage\":\"es\",\"@id\":\"https:\\\/\\\/secure.gravatar.com\\\/avatar\\\/c7164ed6fdec453195284ad24a5ae5b6e1eed2b848477fa2a4787ba9adf39a41?s=96&d=mm&r=g\",\"url\":\"https:\\\/\\\/secure.gravatar.com\\\/avatar\\\/c7164ed6fdec453195284ad24a5ae5b6e1eed2b848477fa2a4787ba9adf39a41?s=96&d=mm&r=g\",\"contentUrl\":\"https:\\\/\\\/secure.gravatar.com\\\/avatar\\\/c7164ed6fdec453195284ad24a5ae5b6e1eed2b848477fa2a4787ba9adf39a41?s=96&d=mm&r=g\",\"caption\":\"Redacci\u00f3n QP\"},\"url\":\"https:\\\/\\\/quehacerpolitico.mx\\\/?author=2\"}]}<\/script>\n<!-- \/ Yoast SEO plugin. -->","yoast_head_json":{"title":"La pol\u00edtica econ\u00f3mica es un fracaso rotundo, tiene que cambiar, dice AMLO al presentar \u201cSembrando Vida\u201d -","robots":{"index":"index","follow":"follow","max-snippet":"max-snippet:-1","max-image-preview":"max-image-preview:large","max-video-preview":"max-video-preview:-1"},"canonical":"https:\/\/quehacerpolitico.mx\/?p=6459","og_locale":"es_MX","og_type":"article","og_title":"La pol\u00edtica econ\u00f3mica es un fracaso rotundo, tiene que cambiar, dice AMLO al presentar \u201cSembrando Vida\u201d -","og_description":"La pol\u00edtica econ\u00f3mica es un fracaso rotundo, tiene que cambiar, dice AMLO al presentar \u201cSembrando Vida\u201d Por Redacci\u00f3n QP","og_url":"https:\/\/quehacerpolitico.mx\/?p=6459","article_published_time":"2018-10-08T20:08:15+00:00","author":"Redacci\u00f3n QP","twitter_card":"summary_large_image","twitter_misc":{"Escrito por":"Redacci\u00f3n QP","Tiempo de lectura":"5 minutos"},"schema":{"@context":"https:\/\/schema.org","@graph":[{"@type":"Article","@id":"https:\/\/quehacerpolitico.mx\/?p=6459#article","isPartOf":{"@id":"https:\/\/quehacerpolitico.mx\/?p=6459"},"author":{"name":"Redacci\u00f3n QP","@id":"https:\/\/quehacerpolitico.mx\/#\/schema\/person\/496d8ad2d1d3f8036101dca7ee39e585"},"headline":"La pol\u00edtica econ\u00f3mica es un fracaso rotundo, tiene que cambiar, dice AMLO al presentar \u201cSembrando Vida\u201d","datePublished":"2018-10-08T20:08:15+00:00","mainEntityOfPage":{"@id":"https:\/\/quehacerpolitico.mx\/?p=6459"},"wordCount":1077,"commentCount":0,"image":{"@id":"https:\/\/quehacerpolitico.mx\/?p=6459#primaryimage"},"thumbnailUrl":"","articleSection":["Noticias"],"inLanguage":"es","potentialAction":[{"@type":"CommentAction","name":"Comment","target":["https:\/\/quehacerpolitico.mx\/?p=6459#respond"]}]},{"@type":"WebPage","@id":"https:\/\/quehacerpolitico.mx\/?p=6459","url":"https:\/\/quehacerpolitico.mx\/?p=6459","name":"La pol\u00edtica econ\u00f3mica es un fracaso rotundo, tiene que cambiar, dice AMLO al presentar \u201cSembrando Vida\u201d -","isPartOf":{"@id":"https:\/\/quehacerpolitico.mx\/#website"},"primaryImageOfPage":{"@id":"https:\/\/quehacerpolitico.mx\/?p=6459#primaryimage"},"image":{"@id":"https:\/\/quehacerpolitico.mx\/?p=6459#primaryimage"},"thumbnailUrl":"","datePublished":"2018-10-08T20:08:15+00:00","author":{"@id":"https:\/\/quehacerpolitico.mx\/#\/schema\/person\/496d8ad2d1d3f8036101dca7ee39e585"},"breadcrumb":{"@id":"https:\/\/quehacerpolitico.mx\/?p=6459#breadcrumb"},"inLanguage":"es","potentialAction":[{"@type":"ReadAction","target":["https:\/\/quehacerpolitico.mx\/?p=6459"]}]},{"@type":"ImageObject","inLanguage":"es","@id":"https:\/\/quehacerpolitico.mx\/?p=6459#primaryimage","url":"","contentUrl":""},{"@type":"BreadcrumbList","@id":"https:\/\/quehacerpolitico.mx\/?p=6459#breadcrumb","itemListElement":[{"@type":"ListItem","position":1,"name":"Inicio","item":"https:\/\/quehacerpolitico.mx\/"},{"@type":"ListItem","position":2,"name":"La pol\u00edtica econ\u00f3mica es un fracaso rotundo, tiene que cambiar, dice AMLO al presentar \u201cSembrando Vida\u201d"}]},{"@type":"WebSite","@id":"https:\/\/quehacerpolitico.mx\/#website","url":"https:\/\/quehacerpolitico.mx\/","name":"","description":"","potentialAction":[{"@type":"SearchAction","target":{"@type":"EntryPoint","urlTemplate":"https:\/\/quehacerpolitico.mx\/?s={search_term_string}"},"query-input":{"@type":"PropertyValueSpecification","valueRequired":true,"valueName":"search_term_string"}}],"inLanguage":"es"},{"@type":"Person","@id":"https:\/\/quehacerpolitico.mx\/#\/schema\/person\/496d8ad2d1d3f8036101dca7ee39e585","name":"Redacci\u00f3n QP","image":{"@type":"ImageObject","inLanguage":"es","@id":"https:\/\/secure.gravatar.com\/avatar\/c7164ed6fdec453195284ad24a5ae5b6e1eed2b848477fa2a4787ba9adf39a41?s=96&d=mm&r=g","url":"https:\/\/secure.gravatar.com\/avatar\/c7164ed6fdec453195284ad24a5ae5b6e1eed2b848477fa2a4787ba9adf39a41?s=96&d=mm&r=g","contentUrl":"https:\/\/secure.gravatar.com\/avatar\/c7164ed6fdec453195284ad24a5ae5b6e1eed2b848477fa2a4787ba9adf39a41?s=96&d=mm&r=g","caption":"Redacci\u00f3n QP"},"url":"https:\/\/quehacerpolitico.mx\/?author=2"}]}},"featured_image_urls":{"full":"","thumbnail":"","medium":"","medium_large":"","large":"","1536x1536":"","2048x2048":"","covernews-featured":"","covernews-medium":""},"author_info":{"display_name":"Redacci\u00f3n QP","author_link":"https:\/\/quehacerpolitico.mx\/?author=2"},"category_info":"<a href=\"https:\/\/quehacerpolitico.mx\/?cat=2\" rel=\"category\">Noticias<\/a>","tag_info":"Noticias","comment_count":"0","_links":{"self":[{"href":"https:\/\/quehacerpolitico.mx\/index.php?rest_route=\/wp\/v2\/posts\/6459","targetHints":{"allow":["GET"]}}],"collection":[{"href":"https:\/\/quehacerpolitico.mx\/index.php?rest_route=\/wp\/v2\/posts"}],"about":[{"href":"https:\/\/quehacerpolitico.mx\/index.php?rest_route=\/wp\/v2\/types\/post"}],"author":[{"embeddable":true,"href":"https:\/\/quehacerpolitico.mx\/index.php?rest_route=\/wp\/v2\/users\/2"}],"replies":[{"embeddable":true,"href":"https:\/\/quehacerpolitico.mx\/index.php?rest_route=%2Fwp%2Fv2%2Fcomments&post=6459"}],"version-history":[{"count":0,"href":"https:\/\/quehacerpolitico.mx\/index.php?rest_route=\/wp\/v2\/posts\/6459\/revisions"}],"wp:featuredmedia":[{"embeddable":true,"href":"https:\/\/quehacerpolitico.mx\/index.php?rest_route=\/"}],"wp:attachment":[{"href":"https:\/\/quehacerpolitico.mx\/index.php?rest_route=%2Fwp%2Fv2%2Fmedia&parent=6459"}],"wp:term":[{"taxonomy":"category","embeddable":true,"href":"https:\/\/quehacerpolitico.mx\/index.php?rest_route=%2Fwp%2Fv2%2Fcategories&post=6459"},{"taxonomy":"post_tag","embeddable":true,"href":"https:\/\/quehacerpolitico.mx\/index.php?rest_route=%2Fwp%2Fv2%2Ftags&post=6459"}],"curies":[{"name":"wp","href":"https:\/\/api.w.org\/{rel}","templated":true}]}}