{"id":64527,"date":"2020-09-07T22:04:20","date_gmt":"2020-09-08T03:04:20","guid":{"rendered":"http:\/\/quehacerpolitico.mx\/?p=64527"},"modified":"2020-09-07T22:04:20","modified_gmt":"2020-09-08T03:04:20","slug":"internacionales-carolina-alonso-romei-la-oms-comienza-a-revisar-su-respuesta-a-la-pandemia-de-covid-19","status":"publish","type":"post","link":"https:\/\/quehacerpolitico.mx\/?p=64527","title":{"rendered":"Internacionales\/\/\/Carolina Alonso Romei\/\/\/La OMS comienza a revisar su respuesta a la pandemia de COVID-19"},"content":{"rendered":"<div class=\"news-header-top\">\n<div class=\"news-data\">\n<h1 class=\"news-title\">La OMS comienza a revisar su respuesta a la pandemia de COVID-19<\/h1>\n<\/div>\n<\/div>\n<div class=\"news-subtitle\">Por Carolina Alonso Romei<\/div>\n<div>Internacionalista<\/div>\n<div>\n<div class=\"news-subtitle\">\n<p>El comit\u00e9\u00a0celebrar\u00e1 su primer encuentro los d\u00edas 8 y 9 de septiembre<\/p>\n<\/div>\n<div class=\"social-share-box normal\">\n<p>El director general de la Organizaci\u00f3n Mundial de la Salud (OMS), Tedros Adhanom Ghebreyesus, anunci\u00f3 que <strong>esta semana se celebrar\u00e1 una primera reuni\u00f3n de expertos del organismo para examinar la respuesta de \u00e9ste a la pandemia<\/strong> de COVID-19, desde su inicio.<\/p>\n<p>El comit\u00e9, que celebrar\u00e1 su primer encuentro los d\u00edas 8 y 9 de septiembre, <strong>&#8220;evaluar\u00e1 el funcionamiento de las Regulaciones Sanitarias Internacionales durante la pandemia y recomendar\u00e1 cambios si lo considera necesario&#8221;<\/strong>, se\u00f1al\u00f3 Tedros en conferencia de prensa.<\/p>\n<p>La OMS facilit\u00f3 la lista de 23 expertos que forman parte del comit\u00e9, entre los que figuran la espa\u00f1ola Carmen Aramburu (directora de Salud en la Delegaci\u00f3n del Gobierno espa\u00f1ol en Catalu\u00f1a) y la chilena Ximena Aguilera, principal responsable del centro de Epidemiolog\u00eda en la Universidad del Desarrollo.<\/p>\n<p>Entre los distintos puntos a revisar estar\u00e1n la convocatoria de comit\u00e9s de emergencia en enero, cuando se conoc\u00edan los primeros casos en China, o la declaraci\u00f3n de emergencia internacional a finales de ese mes, se\u00f1al\u00f3 Tedros.<\/p>\n<p><strong>Paralelamente a este comit\u00e9, otro totalmente independiente de la OMS deber\u00e1 llevar a cabo su propia revisi\u00f3n de la gesti\u00f3n que el organismo ha hecho de la pandemia<\/strong>, aunque por ahora s\u00f3lo se sabe que esta segunda comisi\u00f3n estar\u00e1 copresidida por la exprimera ministra neozelandesa Helen Clark y por la antigua presidenta de Liberia, Ellen Johnson Sirleaf.<\/p>\n<p><strong>La gesti\u00f3n de la pandemia por parte de la OMS ha recibido diversas cr\u00edticas, especialmente desde Estados Unidos<\/strong>, que llevaron al Gobierno de ese pa\u00eds a anunciar su salida de la organizaci\u00f3n el pr\u00f3ximo a\u00f1o.<\/p>\n<p>Con informaci\u00f3n de EFE<\/p>\n<\/div>\n<\/div>\n","protected":false},"excerpt":{"rendered":"<p>La OMS comienza a revisar su respuesta a la pandemia de COVID-19 Por Carolina Alonso&#8230;<\/p>\n","protected":false},"author":2,"featured_media":64528,"comment_status":"open","ping_status":"open","sticky":false,"template":"","format":"standard","meta":{"_monsterinsights_skip_tracking":false,"_monsterinsights_sitenote_active":false,"_monsterinsights_sitenote_note":"","_monsterinsights_sitenote_category":0,"footnotes":""},"categories":[1],"tags":[],"class_list":["post-64527","post","type-post","status-publish","format-standard","has-post-thumbnail","hentry","category-sin-categoria"],"yoast_head":"<!-- This site is optimized with the Yoast SEO plugin v27.3 - https:\/\/yoast.com\/product\/yoast-seo-wordpress\/ -->\n<title>Internacionales\/\/\/Carolina Alonso Romei\/\/\/La OMS comienza a revisar su respuesta a la pandemia de COVID-19 -<\/title>\n<meta name=\"robots\" content=\"index, follow, max-snippet:-1, max-image-preview:large, max-video-preview:-1\" \/>\n<link rel=\"canonical\" href=\"https:\/\/quehacerpolitico.mx\/?p=64527\" \/>\n<meta property=\"og:locale\" content=\"es_MX\" \/>\n<meta property=\"og:type\" content=\"article\" \/>\n<meta property=\"og:title\" content=\"Internacionales\/\/\/Carolina Alonso Romei\/\/\/La OMS comienza a revisar su respuesta a la pandemia de COVID-19 -\" \/>\n<meta property=\"og:description\" content=\"La OMS comienza a revisar su respuesta a la pandemia de COVID-19 Por Carolina Alonso...\" \/>\n<meta property=\"og:url\" content=\"https:\/\/quehacerpolitico.mx\/?p=64527\" \/>\n<meta property=\"article:published_time\" content=\"2020-09-08T03:04:20+00:00\" \/>\n<meta property=\"og:image\" content=\"https:\/\/quehacerpolitico.mx\/wp-content\/uploads\/2020\/09\/CC387C21-6DC5-4B01-83A6-3A3B865849E3.jpeg\" \/>\n\t<meta property=\"og:image:width\" content=\"739\" \/>\n\t<meta property=\"og:image:height\" content=\"415\" \/>\n\t<meta property=\"og:image:type\" content=\"image\/jpeg\" \/>\n<meta name=\"author\" content=\"Redacci\u00f3n QP\" \/>\n<meta name=\"twitter:card\" content=\"summary_large_image\" \/>\n<meta name=\"twitter:label1\" content=\"Escrito por\" \/>\n\t<meta name=\"twitter:data1\" content=\"Redacci\u00f3n QP\" \/>\n\t<meta name=\"twitter:label2\" content=\"Tiempo de lectura\" \/>\n\t<meta name=\"twitter:data2\" content=\"2 minutos\" \/>\n<script type=\"application\/ld+json\" class=\"yoast-schema-graph\">{\"@context\":\"https:\\\/\\\/schema.org\",\"@graph\":[{\"@type\":\"Article\",\"@id\":\"https:\\\/\\\/quehacerpolitico.mx\\\/?p=64527#article\",\"isPartOf\":{\"@id\":\"https:\\\/\\\/quehacerpolitico.mx\\\/?p=64527\"},\"author\":{\"name\":\"Redacci\u00f3n QP\",\"@id\":\"https:\\\/\\\/quehacerpolitico.mx\\\/#\\\/schema\\\/person\\\/496d8ad2d1d3f8036101dca7ee39e585\"},\"headline\":\"Internacionales\\\/\\\/\\\/Carolina Alonso Romei\\\/\\\/\\\/La OMS comienza a revisar su respuesta a la pandemia de COVID-19\",\"datePublished\":\"2020-09-08T03:04:20+00:00\",\"mainEntityOfPage\":{\"@id\":\"https:\\\/\\\/quehacerpolitico.mx\\\/?p=64527\"},\"wordCount\":326,\"commentCount\":0,\"image\":{\"@id\":\"https:\\\/\\\/quehacerpolitico.mx\\\/?p=64527#primaryimage\"},\"thumbnailUrl\":\"https:\\\/\\\/quehacerpolitico.mx\\\/wp-content\\\/uploads\\\/2020\\\/09\\\/CC387C21-6DC5-4B01-83A6-3A3B865849E3.jpeg\",\"articleSection\":[\"Internacionales\"],\"inLanguage\":\"es\",\"potentialAction\":[{\"@type\":\"CommentAction\",\"name\":\"Comment\",\"target\":[\"https:\\\/\\\/quehacerpolitico.mx\\\/?p=64527#respond\"]}]},{\"@type\":\"WebPage\",\"@id\":\"https:\\\/\\\/quehacerpolitico.mx\\\/?p=64527\",\"url\":\"https:\\\/\\\/quehacerpolitico.mx\\\/?p=64527\",\"name\":\"Internacionales\\\/\\\/\\\/Carolina Alonso Romei\\\/\\\/\\\/La OMS comienza a revisar su respuesta a la pandemia de COVID-19 -\",\"isPartOf\":{\"@id\":\"https:\\\/\\\/quehacerpolitico.mx\\\/#website\"},\"primaryImageOfPage\":{\"@id\":\"https:\\\/\\\/quehacerpolitico.mx\\\/?p=64527#primaryimage\"},\"image\":{\"@id\":\"https:\\\/\\\/quehacerpolitico.mx\\\/?p=64527#primaryimage\"},\"thumbnailUrl\":\"https:\\\/\\\/quehacerpolitico.mx\\\/wp-content\\\/uploads\\\/2020\\\/09\\\/CC387C21-6DC5-4B01-83A6-3A3B865849E3.jpeg\",\"datePublished\":\"2020-09-08T03:04:20+00:00\",\"author\":{\"@id\":\"https:\\\/\\\/quehacerpolitico.mx\\\/#\\\/schema\\\/person\\\/496d8ad2d1d3f8036101dca7ee39e585\"},\"breadcrumb\":{\"@id\":\"https:\\\/\\\/quehacerpolitico.mx\\\/?p=64527#breadcrumb\"},\"inLanguage\":\"es\",\"potentialAction\":[{\"@type\":\"ReadAction\",\"target\":[\"https:\\\/\\\/quehacerpolitico.mx\\\/?p=64527\"]}]},{\"@type\":\"ImageObject\",\"inLanguage\":\"es\",\"@id\":\"https:\\\/\\\/quehacerpolitico.mx\\\/?p=64527#primaryimage\",\"url\":\"https:\\\/\\\/quehacerpolitico.mx\\\/wp-content\\\/uploads\\\/2020\\\/09\\\/CC387C21-6DC5-4B01-83A6-3A3B865849E3.jpeg\",\"contentUrl\":\"https:\\\/\\\/quehacerpolitico.mx\\\/wp-content\\\/uploads\\\/2020\\\/09\\\/CC387C21-6DC5-4B01-83A6-3A3B865849E3.jpeg\",\"width\":739,\"height\":415},{\"@type\":\"BreadcrumbList\",\"@id\":\"https:\\\/\\\/quehacerpolitico.mx\\\/?p=64527#breadcrumb\",\"itemListElement\":[{\"@type\":\"ListItem\",\"position\":1,\"name\":\"Inicio\",\"item\":\"https:\\\/\\\/quehacerpolitico.mx\\\/\"},{\"@type\":\"ListItem\",\"position\":2,\"name\":\"Internacionales\\\/\\\/\\\/Carolina Alonso Romei\\\/\\\/\\\/La OMS comienza a revisar su respuesta a la pandemia de COVID-19\"}]},{\"@type\":\"WebSite\",\"@id\":\"https:\\\/\\\/quehacerpolitico.mx\\\/#website\",\"url\":\"https:\\\/\\\/quehacerpolitico.mx\\\/\",\"name\":\"\",\"description\":\"\",\"potentialAction\":[{\"@type\":\"SearchAction\",\"target\":{\"@type\":\"EntryPoint\",\"urlTemplate\":\"https:\\\/\\\/quehacerpolitico.mx\\\/?s={search_term_string}\"},\"query-input\":{\"@type\":\"PropertyValueSpecification\",\"valueRequired\":true,\"valueName\":\"search_term_string\"}}],\"inLanguage\":\"es\"},{\"@type\":\"Person\",\"@id\":\"https:\\\/\\\/quehacerpolitico.mx\\\/#\\\/schema\\\/person\\\/496d8ad2d1d3f8036101dca7ee39e585\",\"name\":\"Redacci\u00f3n QP\",\"image\":{\"@type\":\"ImageObject\",\"inLanguage\":\"es\",\"@id\":\"https:\\\/\\\/secure.gravatar.com\\\/avatar\\\/c7164ed6fdec453195284ad24a5ae5b6e1eed2b848477fa2a4787ba9adf39a41?s=96&d=mm&r=g\",\"url\":\"https:\\\/\\\/secure.gravatar.com\\\/avatar\\\/c7164ed6fdec453195284ad24a5ae5b6e1eed2b848477fa2a4787ba9adf39a41?s=96&d=mm&r=g\",\"contentUrl\":\"https:\\\/\\\/secure.gravatar.com\\\/avatar\\\/c7164ed6fdec453195284ad24a5ae5b6e1eed2b848477fa2a4787ba9adf39a41?s=96&d=mm&r=g\",\"caption\":\"Redacci\u00f3n QP\"},\"url\":\"https:\\\/\\\/quehacerpolitico.mx\\\/?author=2\"}]}<\/script>\n<!-- \/ Yoast SEO plugin. -->","yoast_head_json":{"title":"Internacionales\/\/\/Carolina Alonso Romei\/\/\/La OMS comienza a revisar su respuesta a la pandemia de COVID-19 -","robots":{"index":"index","follow":"follow","max-snippet":"max-snippet:-1","max-image-preview":"max-image-preview:large","max-video-preview":"max-video-preview:-1"},"canonical":"https:\/\/quehacerpolitico.mx\/?p=64527","og_locale":"es_MX","og_type":"article","og_title":"Internacionales\/\/\/Carolina Alonso Romei\/\/\/La OMS comienza a revisar su respuesta a la pandemia de COVID-19 -","og_description":"La OMS comienza a revisar su respuesta a la pandemia de COVID-19 Por Carolina Alonso...","og_url":"https:\/\/quehacerpolitico.mx\/?p=64527","article_published_time":"2020-09-08T03:04:20+00:00","og_image":[{"width":739,"height":415,"url":"https:\/\/quehacerpolitico.mx\/wp-content\/uploads\/2020\/09\/CC387C21-6DC5-4B01-83A6-3A3B865849E3.jpeg","type":"image\/jpeg"}],"author":"Redacci\u00f3n QP","twitter_card":"summary_large_image","twitter_misc":{"Escrito por":"Redacci\u00f3n QP","Tiempo de lectura":"2 minutos"},"schema":{"@context":"https:\/\/schema.org","@graph":[{"@type":"Article","@id":"https:\/\/quehacerpolitico.mx\/?p=64527#article","isPartOf":{"@id":"https:\/\/quehacerpolitico.mx\/?p=64527"},"author":{"name":"Redacci\u00f3n QP","@id":"https:\/\/quehacerpolitico.mx\/#\/schema\/person\/496d8ad2d1d3f8036101dca7ee39e585"},"headline":"Internacionales\/\/\/Carolina Alonso Romei\/\/\/La OMS comienza a revisar su respuesta a la pandemia de COVID-19","datePublished":"2020-09-08T03:04:20+00:00","mainEntityOfPage":{"@id":"https:\/\/quehacerpolitico.mx\/?p=64527"},"wordCount":326,"commentCount":0,"image":{"@id":"https:\/\/quehacerpolitico.mx\/?p=64527#primaryimage"},"thumbnailUrl":"https:\/\/quehacerpolitico.mx\/wp-content\/uploads\/2020\/09\/CC387C21-6DC5-4B01-83A6-3A3B865849E3.jpeg","articleSection":["Internacionales"],"inLanguage":"es","potentialAction":[{"@type":"CommentAction","name":"Comment","target":["https:\/\/quehacerpolitico.mx\/?p=64527#respond"]}]},{"@type":"WebPage","@id":"https:\/\/quehacerpolitico.mx\/?p=64527","url":"https:\/\/quehacerpolitico.mx\/?p=64527","name":"Internacionales\/\/\/Carolina Alonso Romei\/\/\/La OMS comienza a revisar su respuesta a la pandemia de COVID-19 -","isPartOf":{"@id":"https:\/\/quehacerpolitico.mx\/#website"},"primaryImageOfPage":{"@id":"https:\/\/quehacerpolitico.mx\/?p=64527#primaryimage"},"image":{"@id":"https:\/\/quehacerpolitico.mx\/?p=64527#primaryimage"},"thumbnailUrl":"https:\/\/quehacerpolitico.mx\/wp-content\/uploads\/2020\/09\/CC387C21-6DC5-4B01-83A6-3A3B865849E3.jpeg","datePublished":"2020-09-08T03:04:20+00:00","author":{"@id":"https:\/\/quehacerpolitico.mx\/#\/schema\/person\/496d8ad2d1d3f8036101dca7ee39e585"},"breadcrumb":{"@id":"https:\/\/quehacerpolitico.mx\/?p=64527#breadcrumb"},"inLanguage":"es","potentialAction":[{"@type":"ReadAction","target":["https:\/\/quehacerpolitico.mx\/?p=64527"]}]},{"@type":"ImageObject","inLanguage":"es","@id":"https:\/\/quehacerpolitico.mx\/?p=64527#primaryimage","url":"https:\/\/quehacerpolitico.mx\/wp-content\/uploads\/2020\/09\/CC387C21-6DC5-4B01-83A6-3A3B865849E3.jpeg","contentUrl":"https:\/\/quehacerpolitico.mx\/wp-content\/uploads\/2020\/09\/CC387C21-6DC5-4B01-83A6-3A3B865849E3.jpeg","width":739,"height":415},{"@type":"BreadcrumbList","@id":"https:\/\/quehacerpolitico.mx\/?p=64527#breadcrumb","itemListElement":[{"@type":"ListItem","position":1,"name":"Inicio","item":"https:\/\/quehacerpolitico.mx\/"},{"@type":"ListItem","position":2,"name":"Internacionales\/\/\/Carolina Alonso Romei\/\/\/La OMS comienza a revisar su respuesta a la pandemia de COVID-19"}]},{"@type":"WebSite","@id":"https:\/\/quehacerpolitico.mx\/#website","url":"https:\/\/quehacerpolitico.mx\/","name":"","description":"","potentialAction":[{"@type":"SearchAction","target":{"@type":"EntryPoint","urlTemplate":"https:\/\/quehacerpolitico.mx\/?s={search_term_string}"},"query-input":{"@type":"PropertyValueSpecification","valueRequired":true,"valueName":"search_term_string"}}],"inLanguage":"es"},{"@type":"Person","@id":"https:\/\/quehacerpolitico.mx\/#\/schema\/person\/496d8ad2d1d3f8036101dca7ee39e585","name":"Redacci\u00f3n QP","image":{"@type":"ImageObject","inLanguage":"es","@id":"https:\/\/secure.gravatar.com\/avatar\/c7164ed6fdec453195284ad24a5ae5b6e1eed2b848477fa2a4787ba9adf39a41?s=96&d=mm&r=g","url":"https:\/\/secure.gravatar.com\/avatar\/c7164ed6fdec453195284ad24a5ae5b6e1eed2b848477fa2a4787ba9adf39a41?s=96&d=mm&r=g","contentUrl":"https:\/\/secure.gravatar.com\/avatar\/c7164ed6fdec453195284ad24a5ae5b6e1eed2b848477fa2a4787ba9adf39a41?s=96&d=mm&r=g","caption":"Redacci\u00f3n QP"},"url":"https:\/\/quehacerpolitico.mx\/?author=2"}]}},"featured_image_urls":{"full":["https:\/\/quehacerpolitico.mx\/wp-content\/uploads\/2020\/09\/CC387C21-6DC5-4B01-83A6-3A3B865849E3.jpeg",739,415,false],"thumbnail":["https:\/\/quehacerpolitico.mx\/wp-content\/uploads\/2020\/09\/CC387C21-6DC5-4B01-83A6-3A3B865849E3-150x150.jpeg",150,150,true],"medium":["https:\/\/quehacerpolitico.mx\/wp-content\/uploads\/2020\/09\/CC387C21-6DC5-4B01-83A6-3A3B865849E3-300x168.jpeg",300,168,true],"medium_large":["https:\/\/quehacerpolitico.mx\/wp-content\/uploads\/2020\/09\/CC387C21-6DC5-4B01-83A6-3A3B865849E3.jpeg",640,359,false],"large":["https:\/\/quehacerpolitico.mx\/wp-content\/uploads\/2020\/09\/CC387C21-6DC5-4B01-83A6-3A3B865849E3.jpeg",640,359,false],"1536x1536":["https:\/\/quehacerpolitico.mx\/wp-content\/uploads\/2020\/09\/CC387C21-6DC5-4B01-83A6-3A3B865849E3.jpeg",739,415,false],"2048x2048":["https:\/\/quehacerpolitico.mx\/wp-content\/uploads\/2020\/09\/CC387C21-6DC5-4B01-83A6-3A3B865849E3.jpeg",739,415,false],"covernews-featured":["https:\/\/quehacerpolitico.mx\/wp-content\/uploads\/2020\/09\/CC387C21-6DC5-4B01-83A6-3A3B865849E3.jpeg",739,415,false],"covernews-medium":["https:\/\/quehacerpolitico.mx\/wp-content\/uploads\/2020\/09\/CC387C21-6DC5-4B01-83A6-3A3B865849E3.jpeg",540,303,false]},"author_info":{"display_name":"Redacci\u00f3n QP","author_link":"https:\/\/quehacerpolitico.mx\/?author=2"},"category_info":"<a href=\"https:\/\/quehacerpolitico.mx\/?cat=1\" rel=\"category\">Internacionales<\/a>","tag_info":"Internacionales","comment_count":"0","_links":{"self":[{"href":"https:\/\/quehacerpolitico.mx\/index.php?rest_route=\/wp\/v2\/posts\/64527","targetHints":{"allow":["GET"]}}],"collection":[{"href":"https:\/\/quehacerpolitico.mx\/index.php?rest_route=\/wp\/v2\/posts"}],"about":[{"href":"https:\/\/quehacerpolitico.mx\/index.php?rest_route=\/wp\/v2\/types\/post"}],"author":[{"embeddable":true,"href":"https:\/\/quehacerpolitico.mx\/index.php?rest_route=\/wp\/v2\/users\/2"}],"replies":[{"embeddable":true,"href":"https:\/\/quehacerpolitico.mx\/index.php?rest_route=%2Fwp%2Fv2%2Fcomments&post=64527"}],"version-history":[{"count":0,"href":"https:\/\/quehacerpolitico.mx\/index.php?rest_route=\/wp\/v2\/posts\/64527\/revisions"}],"wp:featuredmedia":[{"embeddable":true,"href":"https:\/\/quehacerpolitico.mx\/index.php?rest_route=\/wp\/v2\/media\/64528"}],"wp:attachment":[{"href":"https:\/\/quehacerpolitico.mx\/index.php?rest_route=%2Fwp%2Fv2%2Fmedia&parent=64527"}],"wp:term":[{"taxonomy":"category","embeddable":true,"href":"https:\/\/quehacerpolitico.mx\/index.php?rest_route=%2Fwp%2Fv2%2Fcategories&post=64527"},{"taxonomy":"post_tag","embeddable":true,"href":"https:\/\/quehacerpolitico.mx\/index.php?rest_route=%2Fwp%2Fv2%2Ftags&post=64527"}],"curies":[{"name":"wp","href":"https:\/\/api.w.org\/{rel}","templated":true}]}}