{"id":64509,"date":"2020-09-07T19:08:24","date_gmt":"2020-09-08T00:08:24","guid":{"rendered":"http:\/\/quehacerpolitico.mx\/?p=64509"},"modified":"2020-09-07T19:08:24","modified_gmt":"2020-09-08T00:08:24","slug":"a-nueve-dias-de-que-desaparecieron-karla-elena-y-cristopher-en-un-bar-de-la-alcaldia-azcapotzalco-la-fgjcdmx-da-avances","status":"publish","type":"post","link":"https:\/\/quehacerpolitico.mx\/?p=64509","title":{"rendered":"A nueve d\u00edas de que desaparecieron Karla Elena y Cristopher en Un bar de la Alcald\u00eda Azcapotzalco la FGJCDMX da avances"},"content":{"rendered":"<p>A nueve d\u00edas de que desaparecieron <strong>Karla Elena<\/strong> y <strong>Cristopher en Un bar de la Alcald\u00eda Azcapotzalco la FGJCDMX da avances<\/strong><\/p>\n<p>Por Redacci\u00f3n QP<\/p>\n<p>Ulises Lara L\u00f3pez dijo que se inici\u00f3 una indagatoria en torno a la ausencia de los dos j\u00f3venes.<\/p>\n<section class=\"elementor-element elementor-element-e41c866 elementor-section-boxed elementor-section-height-default elementor-section-height-default elementor-section elementor-inner-section\" data-id=\"e41c866\" data-element_type=\"section\">\n<div class=\"elementor-container elementor-column-gap-default\">\n<div class=\"elementor-row\">\n<div class=\"elementor-element elementor-element-089c635 elementor-column elementor-col-50 elementor-inner-column\" data-id=\"089c635\" data-element_type=\"column\">\n<div class=\"elementor-column-wrap elementor-element-populated\">\n<div class=\"elementor-widget-wrap\">\n<div class=\"elementor-element elementor-element-7935c27 elementor-widget elementor-widget-text-editor\" data-id=\"7935c27\" data-element_type=\"widget\" data-widget_type=\"text-editor.default\">\n<div class=\"elementor-widget-container\">\n<div class=\"elementor-text-editor elementor-clearfix\">La Fiscal\u00eda adem\u00e1s cuenta con material gr\u00e1fico, tanto fotograf\u00edas y videos, de un amigo de Cristopher, que fueron captados en el bar, previo al tiroteo<\/div>\n<div>\n<p>A nueve d\u00edas de que desaparecieron <strong>Karla Elena<\/strong> y <strong>Cristopher<\/strong>, dos j\u00f3venes de 20 a\u00f1os de edad tras un tiroteo en un bar ubicado avenida Tezozomoc, en la colonia <strong>San Miguel Amantla<\/strong>, alcald\u00eda<strong>Azcapotzalco,<\/strong> la Fiscal\u00eda General de Justicia Capitalina (<strong>FGJCDMX<\/strong>), asegura que se proceder\u00e1 conforme a la ley hasta esclarecer los hechos.<\/p>\n<p>En la conferencia matutina del<strong> presidente de la Rep\u00fablica, Andr\u00e9s Manuel L\u00f3pez Obrador,<\/strong> se\u00f1al\u00f3 que la jefa de Gobierno Claudia Sheinbaum Pardo abord\u00f3 el caso en la reuni\u00f3n con el Gabinete de Seguridad, por lo que se tratar\u00e1 con transparencia la indagatoria. Al respecto, en un mensaje del vocero de la dependencia, Ulises Lara L\u00f3pez, emitido la tarde de este lunes, el funcionario dijo que se inici\u00f3 una indagatoria en torno a la ausencia de los dos j\u00f3venes.<\/p>\n<blockquote class=\"twitter-tweet\" data-width=\"550\" data-dnt=\"true\">\n<p lang=\"zxx\" dir=\"ltr\"><a href=\"https:\/\/t.co\/qvxSS0UL06\">https:\/\/t.co\/qvxSS0UL06<\/a><\/p>\n<p>&mdash; Fiscal\u00eda CDMX (@FiscaliaCDMX) <a href=\"https:\/\/twitter.com\/FiscaliaCDMX\/status\/1303044943758282752?ref_src=twsrc%5Etfw\">September 7, 2020<\/a><\/p><\/blockquote>\n<p><script async src=\"https:\/\/platform.twitter.com\/widgets.js\" charset=\"utf-8\"><\/script><\/p>\n<p>\u201cContamos con diversas l\u00edneas de investigaci\u00f3n, a una de ellas, particularmente ya se le da el seguimiento pertinente, pero a fin de no afectar la indagatoria, en este momento no es prudente revelar mayores datos\u201d, explic\u00f3. \u201cLos peritos de la fiscal\u00eda recolectaron al interior del establecimiento, al menos 15 elementos bal\u00edsticos, de por lo menos tres distintos calibres; tomaron conocimiento de algunos cables cortados, aparentemente de las c\u00e1maras de seguridad, as\u00ed como diferentes indicios de huellas hem\u00e1ticas\u201d, agreg\u00f3.<\/p>\n<p>Indic\u00f3 que los agentes de la PDI recabaron entrevistas, entre ellas, una que refiere que algunos de los heridos los retiraron del sitio a bordo de una motoneta.<\/p>\n<p>La Fiscal\u00eda adem\u00e1s cuenta con material gr\u00e1fico, tanto fotograf\u00edas y videos, de un amigo de Cristopher, que fueron captados en el bar, previo al tiroteo.<\/p>\n<\/div>\n<\/div>\n<\/div>\n<\/div>\n<\/div>\n<\/div>\n<\/div>\n<\/div>\n<\/section>\n","protected":false},"excerpt":{"rendered":"<p>A nueve d\u00edas de que desaparecieron Karla Elena y Cristopher en Un bar de la&#8230;<\/p>\n","protected":false},"author":2,"featured_media":64510,"comment_status":"open","ping_status":"open","sticky":false,"template":"","format":"standard","meta":{"_monsterinsights_skip_tracking":false,"_monsterinsights_sitenote_active":false,"_monsterinsights_sitenote_note":"","_monsterinsights_sitenote_category":0,"footnotes":""},"categories":[55],"tags":[],"class_list":["post-64509","post","type-post","status-publish","format-standard","has-post-thumbnail","hentry","category-cdmx"],"yoast_head":"<!-- This site is optimized with the Yoast SEO plugin v27.3 - https:\/\/yoast.com\/product\/yoast-seo-wordpress\/ -->\n<title>A nueve d\u00edas de que desaparecieron Karla Elena y Cristopher en Un bar de la Alcald\u00eda Azcapotzalco la FGJCDMX da avances -<\/title>\n<meta name=\"robots\" content=\"index, follow, max-snippet:-1, max-image-preview:large, max-video-preview:-1\" \/>\n<link rel=\"canonical\" href=\"https:\/\/quehacerpolitico.mx\/?p=64509\" \/>\n<meta property=\"og:locale\" content=\"es_MX\" \/>\n<meta property=\"og:type\" content=\"article\" \/>\n<meta property=\"og:title\" content=\"A nueve d\u00edas de que desaparecieron Karla Elena y Cristopher en Un bar de la Alcald\u00eda Azcapotzalco la FGJCDMX da avances -\" \/>\n<meta property=\"og:description\" content=\"A nueve d\u00edas de que desaparecieron Karla Elena y Cristopher en Un bar de la...\" \/>\n<meta property=\"og:url\" content=\"https:\/\/quehacerpolitico.mx\/?p=64509\" \/>\n<meta property=\"article:published_time\" content=\"2020-09-08T00:08:24+00:00\" \/>\n<meta property=\"og:image\" content=\"https:\/\/quehacerpolitico.mx\/wp-content\/uploads\/2020\/09\/0D97E555-727C-4D42-8C16-58CF75F12C4D.jpeg\" \/>\n\t<meta property=\"og:image:width\" content=\"1242\" \/>\n\t<meta property=\"og:image:height\" content=\"669\" \/>\n\t<meta property=\"og:image:type\" content=\"image\/jpeg\" \/>\n<meta name=\"author\" content=\"Redacci\u00f3n QP\" \/>\n<meta name=\"twitter:card\" content=\"summary_large_image\" \/>\n<meta name=\"twitter:label1\" content=\"Escrito por\" \/>\n\t<meta name=\"twitter:data1\" content=\"Redacci\u00f3n QP\" \/>\n\t<meta name=\"twitter:label2\" content=\"Tiempo de lectura\" \/>\n\t<meta name=\"twitter:data2\" content=\"2 minutos\" \/>\n<script type=\"application\/ld+json\" class=\"yoast-schema-graph\">{\"@context\":\"https:\\\/\\\/schema.org\",\"@graph\":[{\"@type\":\"Article\",\"@id\":\"https:\\\/\\\/quehacerpolitico.mx\\\/?p=64509#article\",\"isPartOf\":{\"@id\":\"https:\\\/\\\/quehacerpolitico.mx\\\/?p=64509\"},\"author\":{\"name\":\"Redacci\u00f3n QP\",\"@id\":\"https:\\\/\\\/quehacerpolitico.mx\\\/#\\\/schema\\\/person\\\/496d8ad2d1d3f8036101dca7ee39e585\"},\"headline\":\"A nueve d\u00edas de que desaparecieron Karla Elena y Cristopher en Un bar de la Alcald\u00eda Azcapotzalco la FGJCDMX da avances\",\"datePublished\":\"2020-09-08T00:08:24+00:00\",\"mainEntityOfPage\":{\"@id\":\"https:\\\/\\\/quehacerpolitico.mx\\\/?p=64509\"},\"wordCount\":386,\"commentCount\":0,\"image\":{\"@id\":\"https:\\\/\\\/quehacerpolitico.mx\\\/?p=64509#primaryimage\"},\"thumbnailUrl\":\"https:\\\/\\\/quehacerpolitico.mx\\\/wp-content\\\/uploads\\\/2020\\\/09\\\/0D97E555-727C-4D42-8C16-58CF75F12C4D.jpeg\",\"articleSection\":[\"CDMX\"],\"inLanguage\":\"es\",\"potentialAction\":[{\"@type\":\"CommentAction\",\"name\":\"Comment\",\"target\":[\"https:\\\/\\\/quehacerpolitico.mx\\\/?p=64509#respond\"]}]},{\"@type\":\"WebPage\",\"@id\":\"https:\\\/\\\/quehacerpolitico.mx\\\/?p=64509\",\"url\":\"https:\\\/\\\/quehacerpolitico.mx\\\/?p=64509\",\"name\":\"A nueve d\u00edas de que desaparecieron Karla Elena y Cristopher en Un bar de la Alcald\u00eda Azcapotzalco la FGJCDMX da avances -\",\"isPartOf\":{\"@id\":\"https:\\\/\\\/quehacerpolitico.mx\\\/#website\"},\"primaryImageOfPage\":{\"@id\":\"https:\\\/\\\/quehacerpolitico.mx\\\/?p=64509#primaryimage\"},\"image\":{\"@id\":\"https:\\\/\\\/quehacerpolitico.mx\\\/?p=64509#primaryimage\"},\"thumbnailUrl\":\"https:\\\/\\\/quehacerpolitico.mx\\\/wp-content\\\/uploads\\\/2020\\\/09\\\/0D97E555-727C-4D42-8C16-58CF75F12C4D.jpeg\",\"datePublished\":\"2020-09-08T00:08:24+00:00\",\"author\":{\"@id\":\"https:\\\/\\\/quehacerpolitico.mx\\\/#\\\/schema\\\/person\\\/496d8ad2d1d3f8036101dca7ee39e585\"},\"breadcrumb\":{\"@id\":\"https:\\\/\\\/quehacerpolitico.mx\\\/?p=64509#breadcrumb\"},\"inLanguage\":\"es\",\"potentialAction\":[{\"@type\":\"ReadAction\",\"target\":[\"https:\\\/\\\/quehacerpolitico.mx\\\/?p=64509\"]}]},{\"@type\":\"ImageObject\",\"inLanguage\":\"es\",\"@id\":\"https:\\\/\\\/quehacerpolitico.mx\\\/?p=64509#primaryimage\",\"url\":\"https:\\\/\\\/quehacerpolitico.mx\\\/wp-content\\\/uploads\\\/2020\\\/09\\\/0D97E555-727C-4D42-8C16-58CF75F12C4D.jpeg\",\"contentUrl\":\"https:\\\/\\\/quehacerpolitico.mx\\\/wp-content\\\/uploads\\\/2020\\\/09\\\/0D97E555-727C-4D42-8C16-58CF75F12C4D.jpeg\",\"width\":1242,\"height\":669},{\"@type\":\"BreadcrumbList\",\"@id\":\"https:\\\/\\\/quehacerpolitico.mx\\\/?p=64509#breadcrumb\",\"itemListElement\":[{\"@type\":\"ListItem\",\"position\":1,\"name\":\"Inicio\",\"item\":\"https:\\\/\\\/quehacerpolitico.mx\\\/\"},{\"@type\":\"ListItem\",\"position\":2,\"name\":\"A nueve d\u00edas de que desaparecieron Karla Elena y Cristopher en Un bar de la Alcald\u00eda Azcapotzalco la FGJCDMX da avances\"}]},{\"@type\":\"WebSite\",\"@id\":\"https:\\\/\\\/quehacerpolitico.mx\\\/#website\",\"url\":\"https:\\\/\\\/quehacerpolitico.mx\\\/\",\"name\":\"\",\"description\":\"\",\"potentialAction\":[{\"@type\":\"SearchAction\",\"target\":{\"@type\":\"EntryPoint\",\"urlTemplate\":\"https:\\\/\\\/quehacerpolitico.mx\\\/?s={search_term_string}\"},\"query-input\":{\"@type\":\"PropertyValueSpecification\",\"valueRequired\":true,\"valueName\":\"search_term_string\"}}],\"inLanguage\":\"es\"},{\"@type\":\"Person\",\"@id\":\"https:\\\/\\\/quehacerpolitico.mx\\\/#\\\/schema\\\/person\\\/496d8ad2d1d3f8036101dca7ee39e585\",\"name\":\"Redacci\u00f3n QP\",\"image\":{\"@type\":\"ImageObject\",\"inLanguage\":\"es\",\"@id\":\"https:\\\/\\\/secure.gravatar.com\\\/avatar\\\/c7164ed6fdec453195284ad24a5ae5b6e1eed2b848477fa2a4787ba9adf39a41?s=96&d=mm&r=g\",\"url\":\"https:\\\/\\\/secure.gravatar.com\\\/avatar\\\/c7164ed6fdec453195284ad24a5ae5b6e1eed2b848477fa2a4787ba9adf39a41?s=96&d=mm&r=g\",\"contentUrl\":\"https:\\\/\\\/secure.gravatar.com\\\/avatar\\\/c7164ed6fdec453195284ad24a5ae5b6e1eed2b848477fa2a4787ba9adf39a41?s=96&d=mm&r=g\",\"caption\":\"Redacci\u00f3n QP\"},\"url\":\"https:\\\/\\\/quehacerpolitico.mx\\\/?author=2\"}]}<\/script>\n<!-- \/ Yoast SEO plugin. -->","yoast_head_json":{"title":"A nueve d\u00edas de que desaparecieron Karla Elena y Cristopher en Un bar de la Alcald\u00eda Azcapotzalco la FGJCDMX da avances -","robots":{"index":"index","follow":"follow","max-snippet":"max-snippet:-1","max-image-preview":"max-image-preview:large","max-video-preview":"max-video-preview:-1"},"canonical":"https:\/\/quehacerpolitico.mx\/?p=64509","og_locale":"es_MX","og_type":"article","og_title":"A nueve d\u00edas de que desaparecieron Karla Elena y Cristopher en Un bar de la Alcald\u00eda Azcapotzalco la FGJCDMX da avances -","og_description":"A nueve d\u00edas de que desaparecieron Karla Elena y Cristopher en Un bar de la...","og_url":"https:\/\/quehacerpolitico.mx\/?p=64509","article_published_time":"2020-09-08T00:08:24+00:00","og_image":[{"width":1242,"height":669,"url":"https:\/\/quehacerpolitico.mx\/wp-content\/uploads\/2020\/09\/0D97E555-727C-4D42-8C16-58CF75F12C4D.jpeg","type":"image\/jpeg"}],"author":"Redacci\u00f3n QP","twitter_card":"summary_large_image","twitter_misc":{"Escrito por":"Redacci\u00f3n QP","Tiempo de lectura":"2 minutos"},"schema":{"@context":"https:\/\/schema.org","@graph":[{"@type":"Article","@id":"https:\/\/quehacerpolitico.mx\/?p=64509#article","isPartOf":{"@id":"https:\/\/quehacerpolitico.mx\/?p=64509"},"author":{"name":"Redacci\u00f3n QP","@id":"https:\/\/quehacerpolitico.mx\/#\/schema\/person\/496d8ad2d1d3f8036101dca7ee39e585"},"headline":"A nueve d\u00edas de que desaparecieron Karla Elena y Cristopher en Un bar de la Alcald\u00eda Azcapotzalco la FGJCDMX da avances","datePublished":"2020-09-08T00:08:24+00:00","mainEntityOfPage":{"@id":"https:\/\/quehacerpolitico.mx\/?p=64509"},"wordCount":386,"commentCount":0,"image":{"@id":"https:\/\/quehacerpolitico.mx\/?p=64509#primaryimage"},"thumbnailUrl":"https:\/\/quehacerpolitico.mx\/wp-content\/uploads\/2020\/09\/0D97E555-727C-4D42-8C16-58CF75F12C4D.jpeg","articleSection":["CDMX"],"inLanguage":"es","potentialAction":[{"@type":"CommentAction","name":"Comment","target":["https:\/\/quehacerpolitico.mx\/?p=64509#respond"]}]},{"@type":"WebPage","@id":"https:\/\/quehacerpolitico.mx\/?p=64509","url":"https:\/\/quehacerpolitico.mx\/?p=64509","name":"A nueve d\u00edas de que desaparecieron Karla Elena y Cristopher en Un bar de la Alcald\u00eda Azcapotzalco la FGJCDMX da avances -","isPartOf":{"@id":"https:\/\/quehacerpolitico.mx\/#website"},"primaryImageOfPage":{"@id":"https:\/\/quehacerpolitico.mx\/?p=64509#primaryimage"},"image":{"@id":"https:\/\/quehacerpolitico.mx\/?p=64509#primaryimage"},"thumbnailUrl":"https:\/\/quehacerpolitico.mx\/wp-content\/uploads\/2020\/09\/0D97E555-727C-4D42-8C16-58CF75F12C4D.jpeg","datePublished":"2020-09-08T00:08:24+00:00","author":{"@id":"https:\/\/quehacerpolitico.mx\/#\/schema\/person\/496d8ad2d1d3f8036101dca7ee39e585"},"breadcrumb":{"@id":"https:\/\/quehacerpolitico.mx\/?p=64509#breadcrumb"},"inLanguage":"es","potentialAction":[{"@type":"ReadAction","target":["https:\/\/quehacerpolitico.mx\/?p=64509"]}]},{"@type":"ImageObject","inLanguage":"es","@id":"https:\/\/quehacerpolitico.mx\/?p=64509#primaryimage","url":"https:\/\/quehacerpolitico.mx\/wp-content\/uploads\/2020\/09\/0D97E555-727C-4D42-8C16-58CF75F12C4D.jpeg","contentUrl":"https:\/\/quehacerpolitico.mx\/wp-content\/uploads\/2020\/09\/0D97E555-727C-4D42-8C16-58CF75F12C4D.jpeg","width":1242,"height":669},{"@type":"BreadcrumbList","@id":"https:\/\/quehacerpolitico.mx\/?p=64509#breadcrumb","itemListElement":[{"@type":"ListItem","position":1,"name":"Inicio","item":"https:\/\/quehacerpolitico.mx\/"},{"@type":"ListItem","position":2,"name":"A nueve d\u00edas de que desaparecieron Karla Elena y Cristopher en Un bar de la Alcald\u00eda Azcapotzalco la FGJCDMX da avances"}]},{"@type":"WebSite","@id":"https:\/\/quehacerpolitico.mx\/#website","url":"https:\/\/quehacerpolitico.mx\/","name":"","description":"","potentialAction":[{"@type":"SearchAction","target":{"@type":"EntryPoint","urlTemplate":"https:\/\/quehacerpolitico.mx\/?s={search_term_string}"},"query-input":{"@type":"PropertyValueSpecification","valueRequired":true,"valueName":"search_term_string"}}],"inLanguage":"es"},{"@type":"Person","@id":"https:\/\/quehacerpolitico.mx\/#\/schema\/person\/496d8ad2d1d3f8036101dca7ee39e585","name":"Redacci\u00f3n QP","image":{"@type":"ImageObject","inLanguage":"es","@id":"https:\/\/secure.gravatar.com\/avatar\/c7164ed6fdec453195284ad24a5ae5b6e1eed2b848477fa2a4787ba9adf39a41?s=96&d=mm&r=g","url":"https:\/\/secure.gravatar.com\/avatar\/c7164ed6fdec453195284ad24a5ae5b6e1eed2b848477fa2a4787ba9adf39a41?s=96&d=mm&r=g","contentUrl":"https:\/\/secure.gravatar.com\/avatar\/c7164ed6fdec453195284ad24a5ae5b6e1eed2b848477fa2a4787ba9adf39a41?s=96&d=mm&r=g","caption":"Redacci\u00f3n QP"},"url":"https:\/\/quehacerpolitico.mx\/?author=2"}]}},"featured_image_urls":{"full":["https:\/\/quehacerpolitico.mx\/wp-content\/uploads\/2020\/09\/0D97E555-727C-4D42-8C16-58CF75F12C4D.jpeg",1242,669,false],"thumbnail":["https:\/\/quehacerpolitico.mx\/wp-content\/uploads\/2020\/09\/0D97E555-727C-4D42-8C16-58CF75F12C4D-150x150.jpeg",150,150,true],"medium":["https:\/\/quehacerpolitico.mx\/wp-content\/uploads\/2020\/09\/0D97E555-727C-4D42-8C16-58CF75F12C4D-300x162.jpeg",300,162,true],"medium_large":["https:\/\/quehacerpolitico.mx\/wp-content\/uploads\/2020\/09\/0D97E555-727C-4D42-8C16-58CF75F12C4D-768x414.jpeg",640,345,true],"large":["https:\/\/quehacerpolitico.mx\/wp-content\/uploads\/2020\/09\/0D97E555-727C-4D42-8C16-58CF75F12C4D-1024x552.jpeg",640,345,true],"1536x1536":["https:\/\/quehacerpolitico.mx\/wp-content\/uploads\/2020\/09\/0D97E555-727C-4D42-8C16-58CF75F12C4D.jpeg",1242,669,false],"2048x2048":["https:\/\/quehacerpolitico.mx\/wp-content\/uploads\/2020\/09\/0D97E555-727C-4D42-8C16-58CF75F12C4D.jpeg",1242,669,false],"covernews-featured":["https:\/\/quehacerpolitico.mx\/wp-content\/uploads\/2020\/09\/0D97E555-727C-4D42-8C16-58CF75F12C4D.jpeg",1024,552,false],"covernews-medium":["https:\/\/quehacerpolitico.mx\/wp-content\/uploads\/2020\/09\/0D97E555-727C-4D42-8C16-58CF75F12C4D.jpeg",540,291,false]},"author_info":{"display_name":"Redacci\u00f3n QP","author_link":"https:\/\/quehacerpolitico.mx\/?author=2"},"category_info":"<a href=\"https:\/\/quehacerpolitico.mx\/?cat=55\" rel=\"category\">CDMX<\/a>","tag_info":"CDMX","comment_count":"0","_links":{"self":[{"href":"https:\/\/quehacerpolitico.mx\/index.php?rest_route=\/wp\/v2\/posts\/64509","targetHints":{"allow":["GET"]}}],"collection":[{"href":"https:\/\/quehacerpolitico.mx\/index.php?rest_route=\/wp\/v2\/posts"}],"about":[{"href":"https:\/\/quehacerpolitico.mx\/index.php?rest_route=\/wp\/v2\/types\/post"}],"author":[{"embeddable":true,"href":"https:\/\/quehacerpolitico.mx\/index.php?rest_route=\/wp\/v2\/users\/2"}],"replies":[{"embeddable":true,"href":"https:\/\/quehacerpolitico.mx\/index.php?rest_route=%2Fwp%2Fv2%2Fcomments&post=64509"}],"version-history":[{"count":0,"href":"https:\/\/quehacerpolitico.mx\/index.php?rest_route=\/wp\/v2\/posts\/64509\/revisions"}],"wp:featuredmedia":[{"embeddable":true,"href":"https:\/\/quehacerpolitico.mx\/index.php?rest_route=\/wp\/v2\/media\/64510"}],"wp:attachment":[{"href":"https:\/\/quehacerpolitico.mx\/index.php?rest_route=%2Fwp%2Fv2%2Fmedia&parent=64509"}],"wp:term":[{"taxonomy":"category","embeddable":true,"href":"https:\/\/quehacerpolitico.mx\/index.php?rest_route=%2Fwp%2Fv2%2Fcategories&post=64509"},{"taxonomy":"post_tag","embeddable":true,"href":"https:\/\/quehacerpolitico.mx\/index.php?rest_route=%2Fwp%2Fv2%2Ftags&post=64509"}],"curies":[{"name":"wp","href":"https:\/\/api.w.org\/{rel}","templated":true}]}}