{"id":64407,"date":"2020-09-05T15:16:39","date_gmt":"2020-09-05T20:16:39","guid":{"rendered":"http:\/\/quehacerpolitico.mx\/?p=64407"},"modified":"2020-09-05T15:16:39","modified_gmt":"2020-09-05T20:16:39","slug":"tradicionales-carritos-patrios-se-instalan-con-medidas-sanitarias-en-calles-de-la-cdmx","status":"publish","type":"post","link":"https:\/\/quehacerpolitico.mx\/?p=64407","title":{"rendered":"Tradicionales carritos patrios se instalan, con medidas sanitarias, en calles de la CDMX"},"content":{"rendered":"<h1>Tradicionales carritos patrios se instalan, con medidas sanitarias, en calles de la CDMX<br \/>\nPor Redacci\u00f3n QP<\/h1>\n<p>M\u00e1s de una docena de los tradicionales carritos con banderas y otros objetos tricolores se instalaron ya en Avenida Ju\u00e1rez y en el Eje Central L\u00e1zaro C\u00e1rdenas<\/p>\n<p>La Secretar\u00eda de Gobierno de la Ciudad de M\u00e9xico inform\u00f3 que <strong>en toda la capital se desplazar\u00e1n por las principales avenidas 500 vendedores.<\/strong><\/p>\n<p>De ellos, s\u00f3lo 15 podr\u00e1n estar en el primer cuadro de la Ciudad, que va del Eje Central a Circunvalaci\u00f3n, y del Eje 1 Norte a Izazaga, a partir de la pr\u00f3xima semana.<\/p>\n<p>Por ello, m<strong>\u00e1s de una docena de los tradicionales carritos con banderas y otros objetos<\/strong> tricolores se instalaron ya en Avenida Ju\u00e1rez y en el Eje Central L\u00e1zaro C\u00e1rdenas.<\/p>\n<blockquote><p>\u201cEsta vez no nos dejaron poner en el Z\u00f3calo, que s\u00f3lo permiso para 30 personas, fuimos sorteados para ver qui\u00e9n podr\u00eda trabajar. Abarca de lo que es el Eje Central para ac\u00e1 hasta antes de llegar a Reforma, en Eje Central no un carrito grande sino chicos, \u00a0adentro del Z\u00f3calo nos dijeron que no estaba permitido ingresar\u201d, afirm\u00f3 la comerciante Anid.<\/p><\/blockquote>\n<p>Estos artesanos, cada a\u00f1o vienen a vender a la Ciudad de M\u00e9xico, provenientes principalmente de Toluca, traen adem\u00e1s de banderas, ropa, bisuter\u00eda tricolor y este a\u00f1o traen cubre boca tricolor.<\/p>\n<blockquote><p>\u201cEstas blusas vienen por tama\u00f1os, cuestan 150 y 130, las playeras est\u00e1n en 120\u201d, dijo Anid.<\/p><\/blockquote>\n<p>Se les pidi\u00f3 que se mantuvieran separados para evitar aglomeraciones.<\/p>\n<p>Deben usar cubre boca y gel antibacterial.<\/p>\n<div id=\"attachment_2655560\" class=\"wp-caption alignnone amp-wp-783f6d8\" data-amp-original-style=\"width: 1090px\"><img decoding=\"async\" class=\"i-amphtml-fill-content i-amphtml-replaced-content\" src=\"https:\/\/i1.wp.com\/noticieros.televisa.com\/wp-content\/uploads\/2020\/09\/artesanos-y-tradicionales-carritos-con-banderas-de-mexico-se-instalan-en-cdmx-foto-cuartoscuro.jpg?resize=1080%2C609&amp;ssl=1\" sizes=\"(max-width: 414px) 414px, 100vw\" srcset=\"https:\/\/i1.wp.com\/noticieros.televisa.com\/wp-content\/uploads\/2020\/09\/artesanos-y-tradicionales-carritos-con-banderas-de-mexico-se-instalan-en-cdmx-foto-cuartoscuro.jpg?w=1080&amp;ssl=1 1080w, https:\/\/i1.wp.com\/noticieros.televisa.com\/wp-content\/uploads\/2020\/09\/artesanos-y-tradicionales-carritos-con-banderas-de-mexico-se-instalan-en-cdmx-foto-cuartoscuro.jpg?resize=300%2C169&amp;ssl=1 300w, https:\/\/i1.wp.com\/noticieros.televisa.com\/wp-content\/uploads\/2020\/09\/artesanos-y-tradicionales-carritos-con-banderas-de-mexico-se-instalan-en-cdmx-foto-cuartoscuro.jpg?resize=640%2C360&amp;ssl=1 640w\" alt=\"Tradicionales carritos patrios se instalan, con medidas sanitarias, en calles de la CDMX\" aria-describedby=\"caption-attachment-2655560\" \/><\/p>\n<p id=\"caption-attachment-2655560\" class=\"wp-caption-text\">Artesanos y tradicionales carritos con banderas de M\u00e9xico se instalan en CDMX. FOTO Cuartoscuro<\/p>\n<\/div>\n<p>Abel Contreras, decidi\u00f3 intercambiar los art\u00edculos que vende por comida.<\/p>\n<blockquote><p>\u201cSi nos pueden ayudar con una despensa, con un frijol con un arroz, se lo agradecer\u00edamos bastante. Tengo un ni\u00f1o de 2 de dos a\u00f1os\u00a0 y un beb\u00e9 de 8 meses, as\u00ed que ocupo para comer, ya ahorita realmente ya son varios meses que no hay trabajo y ahorita aunque sea mercanc\u00eda, ropita de beb\u00e9, zapatos, lo que tenga. Aqu\u00ed los espero en Avenida Ju\u00e1rez y Revillagigedo\u201d, agreg\u00f3.<\/p><\/blockquote>\n<p>El permiso que tienen para vender inici\u00f3 el 2 y termina el 17 de septiembre, de las 10 de la ma\u00f1ana a las 10 de la noche.<\/p>\n<p>Los comerciantes de estos art\u00edculos reportan que las ventas no han sido buenas, y esperan que mejoren en los siguientes d\u00edas, cuando se acerque el 15 de septiembre.<\/p>\n<p><iframe loading=\"lazy\" title=\"Pese a pandemia, en CdMx comerciantes salen a vender art\u00edculos para fiestas patrias\" width=\"640\" height=\"360\" src=\"https:\/\/www.youtube.com\/embed\/_mShrXyY--8?feature=oembed\" frameborder=\"0\" allow=\"accelerometer; autoplay; clipboard-write; encrypted-media; gyroscope; picture-in-picture; web-share\" referrerpolicy=\"strict-origin-when-cross-origin\" allowfullscreen><\/iframe><\/p>\n<p>La mayor\u00eda busca banderas, como Sergio, que compr\u00f3 una monumental.<\/p>\n<blockquote><p>\u201cAs\u00ed es como debe de ser, totalmente patriota, al final de cuentas somos mexicanos y debemos sentirnos orgullos de serlo y esto es un s\u00edmbolo adem\u00e1s\u201d. Sergio Rocha, consumidor:<\/p><\/blockquote>\n<p>Por otro lado, el secretario de Gobierno de la ciudad adelant\u00f3 que los alcaldes de la capital ya acordaron que las ceremonias del grito del 15 de septiembre, ser\u00e1n virtuales.<\/p>\n<blockquote><p>\u201cYa los alcaldes y alcaldesas de la Ciudad de M\u00e9xico han informado que tendr\u00e1n gritos virtuales, que se van a lanzar a trav\u00e9s de sus plataformas y que no van a usar las plazas de sus alcald\u00edas para celebrar ning\u00fan tipo de evento, ning\u00fan tipo de aglomeraci\u00f3n\u201d, insisti\u00f3 Jos\u00e9 Alfonso Su\u00e1rez del Real, secretario de Gobierno CDMX.<\/p><\/blockquote>\n<p>Se ha pedido a la gente que acude al Centro Hist\u00f3rico, el uso de cubre boca y mantener la sana distancia.<\/p>\n<p>Con informaci\u00f3n de ForoTV<\/p>\n","protected":false},"excerpt":{"rendered":"<p>Tradicionales carritos patrios se instalan, con medidas sanitarias, en calles de la CDMX Por Redacci\u00f3n&#8230;<\/p>\n","protected":false},"author":2,"featured_media":64408,"comment_status":"open","ping_status":"open","sticky":false,"template":"","format":"standard","meta":{"_monsterinsights_skip_tracking":false,"_monsterinsights_sitenote_active":false,"_monsterinsights_sitenote_note":"","_monsterinsights_sitenote_category":0,"footnotes":""},"categories":[55],"tags":[],"class_list":["post-64407","post","type-post","status-publish","format-standard","has-post-thumbnail","hentry","category-cdmx"],"yoast_head":"<!-- This site is optimized with the Yoast SEO plugin v27.3 - https:\/\/yoast.com\/product\/yoast-seo-wordpress\/ -->\n<title>Tradicionales carritos patrios se instalan, con medidas sanitarias, en calles de la CDMX -<\/title>\n<meta name=\"robots\" content=\"index, follow, max-snippet:-1, max-image-preview:large, max-video-preview:-1\" \/>\n<link rel=\"canonical\" href=\"https:\/\/quehacerpolitico.mx\/?p=64407\" \/>\n<meta property=\"og:locale\" content=\"es_MX\" \/>\n<meta property=\"og:type\" content=\"article\" \/>\n<meta property=\"og:title\" content=\"Tradicionales carritos patrios se instalan, con medidas sanitarias, en calles de la CDMX -\" \/>\n<meta property=\"og:description\" content=\"Tradicionales carritos patrios se instalan, con medidas sanitarias, en calles de la CDMX Por Redacci\u00f3n...\" \/>\n<meta property=\"og:url\" content=\"https:\/\/quehacerpolitico.mx\/?p=64407\" \/>\n<meta property=\"article:published_time\" content=\"2020-09-05T20:16:39+00:00\" \/>\n<meta property=\"og:image\" content=\"https:\/\/quehacerpolitico.mx\/wp-content\/uploads\/2020\/09\/8F733741-B65A-4DDC-96B1-17844FF5A9A1.jpeg\" \/>\n\t<meta property=\"og:image:width\" content=\"1080\" \/>\n\t<meta property=\"og:image:height\" content=\"609\" \/>\n\t<meta property=\"og:image:type\" content=\"image\/jpeg\" \/>\n<meta name=\"author\" content=\"Redacci\u00f3n QP\" \/>\n<meta name=\"twitter:card\" content=\"summary_large_image\" \/>\n<meta name=\"twitter:label1\" content=\"Escrito por\" \/>\n\t<meta name=\"twitter:data1\" content=\"Redacci\u00f3n QP\" \/>\n\t<meta name=\"twitter:label2\" content=\"Tiempo de lectura\" \/>\n\t<meta name=\"twitter:data2\" content=\"3 minutos\" \/>\n<script type=\"application\/ld+json\" class=\"yoast-schema-graph\">{\"@context\":\"https:\\\/\\\/schema.org\",\"@graph\":[{\"@type\":\"Article\",\"@id\":\"https:\\\/\\\/quehacerpolitico.mx\\\/?p=64407#article\",\"isPartOf\":{\"@id\":\"https:\\\/\\\/quehacerpolitico.mx\\\/?p=64407\"},\"author\":{\"name\":\"Redacci\u00f3n QP\",\"@id\":\"https:\\\/\\\/quehacerpolitico.mx\\\/#\\\/schema\\\/person\\\/496d8ad2d1d3f8036101dca7ee39e585\"},\"headline\":\"Tradicionales carritos patrios se instalan, con medidas sanitarias, en calles de la CDMX\",\"datePublished\":\"2020-09-05T20:16:39+00:00\",\"mainEntityOfPage\":{\"@id\":\"https:\\\/\\\/quehacerpolitico.mx\\\/?p=64407\"},\"wordCount\":604,\"commentCount\":0,\"image\":{\"@id\":\"https:\\\/\\\/quehacerpolitico.mx\\\/?p=64407#primaryimage\"},\"thumbnailUrl\":\"https:\\\/\\\/quehacerpolitico.mx\\\/wp-content\\\/uploads\\\/2020\\\/09\\\/8F733741-B65A-4DDC-96B1-17844FF5A9A1.jpeg\",\"articleSection\":[\"CDMX\"],\"inLanguage\":\"es\",\"potentialAction\":[{\"@type\":\"CommentAction\",\"name\":\"Comment\",\"target\":[\"https:\\\/\\\/quehacerpolitico.mx\\\/?p=64407#respond\"]}]},{\"@type\":\"WebPage\",\"@id\":\"https:\\\/\\\/quehacerpolitico.mx\\\/?p=64407\",\"url\":\"https:\\\/\\\/quehacerpolitico.mx\\\/?p=64407\",\"name\":\"Tradicionales carritos patrios se instalan, con medidas sanitarias, en calles de la CDMX -\",\"isPartOf\":{\"@id\":\"https:\\\/\\\/quehacerpolitico.mx\\\/#website\"},\"primaryImageOfPage\":{\"@id\":\"https:\\\/\\\/quehacerpolitico.mx\\\/?p=64407#primaryimage\"},\"image\":{\"@id\":\"https:\\\/\\\/quehacerpolitico.mx\\\/?p=64407#primaryimage\"},\"thumbnailUrl\":\"https:\\\/\\\/quehacerpolitico.mx\\\/wp-content\\\/uploads\\\/2020\\\/09\\\/8F733741-B65A-4DDC-96B1-17844FF5A9A1.jpeg\",\"datePublished\":\"2020-09-05T20:16:39+00:00\",\"author\":{\"@id\":\"https:\\\/\\\/quehacerpolitico.mx\\\/#\\\/schema\\\/person\\\/496d8ad2d1d3f8036101dca7ee39e585\"},\"breadcrumb\":{\"@id\":\"https:\\\/\\\/quehacerpolitico.mx\\\/?p=64407#breadcrumb\"},\"inLanguage\":\"es\",\"potentialAction\":[{\"@type\":\"ReadAction\",\"target\":[\"https:\\\/\\\/quehacerpolitico.mx\\\/?p=64407\"]}]},{\"@type\":\"ImageObject\",\"inLanguage\":\"es\",\"@id\":\"https:\\\/\\\/quehacerpolitico.mx\\\/?p=64407#primaryimage\",\"url\":\"https:\\\/\\\/quehacerpolitico.mx\\\/wp-content\\\/uploads\\\/2020\\\/09\\\/8F733741-B65A-4DDC-96B1-17844FF5A9A1.jpeg\",\"contentUrl\":\"https:\\\/\\\/quehacerpolitico.mx\\\/wp-content\\\/uploads\\\/2020\\\/09\\\/8F733741-B65A-4DDC-96B1-17844FF5A9A1.jpeg\",\"width\":1080,\"height\":609},{\"@type\":\"BreadcrumbList\",\"@id\":\"https:\\\/\\\/quehacerpolitico.mx\\\/?p=64407#breadcrumb\",\"itemListElement\":[{\"@type\":\"ListItem\",\"position\":1,\"name\":\"Inicio\",\"item\":\"https:\\\/\\\/quehacerpolitico.mx\\\/\"},{\"@type\":\"ListItem\",\"position\":2,\"name\":\"Tradicionales carritos patrios se instalan, con medidas sanitarias, en calles de la CDMX\"}]},{\"@type\":\"WebSite\",\"@id\":\"https:\\\/\\\/quehacerpolitico.mx\\\/#website\",\"url\":\"https:\\\/\\\/quehacerpolitico.mx\\\/\",\"name\":\"\",\"description\":\"\",\"potentialAction\":[{\"@type\":\"SearchAction\",\"target\":{\"@type\":\"EntryPoint\",\"urlTemplate\":\"https:\\\/\\\/quehacerpolitico.mx\\\/?s={search_term_string}\"},\"query-input\":{\"@type\":\"PropertyValueSpecification\",\"valueRequired\":true,\"valueName\":\"search_term_string\"}}],\"inLanguage\":\"es\"},{\"@type\":\"Person\",\"@id\":\"https:\\\/\\\/quehacerpolitico.mx\\\/#\\\/schema\\\/person\\\/496d8ad2d1d3f8036101dca7ee39e585\",\"name\":\"Redacci\u00f3n QP\",\"image\":{\"@type\":\"ImageObject\",\"inLanguage\":\"es\",\"@id\":\"https:\\\/\\\/secure.gravatar.com\\\/avatar\\\/c7164ed6fdec453195284ad24a5ae5b6e1eed2b848477fa2a4787ba9adf39a41?s=96&d=mm&r=g\",\"url\":\"https:\\\/\\\/secure.gravatar.com\\\/avatar\\\/c7164ed6fdec453195284ad24a5ae5b6e1eed2b848477fa2a4787ba9adf39a41?s=96&d=mm&r=g\",\"contentUrl\":\"https:\\\/\\\/secure.gravatar.com\\\/avatar\\\/c7164ed6fdec453195284ad24a5ae5b6e1eed2b848477fa2a4787ba9adf39a41?s=96&d=mm&r=g\",\"caption\":\"Redacci\u00f3n QP\"},\"url\":\"https:\\\/\\\/quehacerpolitico.mx\\\/?author=2\"}]}<\/script>\n<!-- \/ Yoast SEO plugin. -->","yoast_head_json":{"title":"Tradicionales carritos patrios se instalan, con medidas sanitarias, en calles de la CDMX -","robots":{"index":"index","follow":"follow","max-snippet":"max-snippet:-1","max-image-preview":"max-image-preview:large","max-video-preview":"max-video-preview:-1"},"canonical":"https:\/\/quehacerpolitico.mx\/?p=64407","og_locale":"es_MX","og_type":"article","og_title":"Tradicionales carritos patrios se instalan, con medidas sanitarias, en calles de la CDMX -","og_description":"Tradicionales carritos patrios se instalan, con medidas sanitarias, en calles de la CDMX Por Redacci\u00f3n...","og_url":"https:\/\/quehacerpolitico.mx\/?p=64407","article_published_time":"2020-09-05T20:16:39+00:00","og_image":[{"width":1080,"height":609,"url":"https:\/\/quehacerpolitico.mx\/wp-content\/uploads\/2020\/09\/8F733741-B65A-4DDC-96B1-17844FF5A9A1.jpeg","type":"image\/jpeg"}],"author":"Redacci\u00f3n QP","twitter_card":"summary_large_image","twitter_misc":{"Escrito por":"Redacci\u00f3n QP","Tiempo de lectura":"3 minutos"},"schema":{"@context":"https:\/\/schema.org","@graph":[{"@type":"Article","@id":"https:\/\/quehacerpolitico.mx\/?p=64407#article","isPartOf":{"@id":"https:\/\/quehacerpolitico.mx\/?p=64407"},"author":{"name":"Redacci\u00f3n QP","@id":"https:\/\/quehacerpolitico.mx\/#\/schema\/person\/496d8ad2d1d3f8036101dca7ee39e585"},"headline":"Tradicionales carritos patrios se instalan, con medidas sanitarias, en calles de la CDMX","datePublished":"2020-09-05T20:16:39+00:00","mainEntityOfPage":{"@id":"https:\/\/quehacerpolitico.mx\/?p=64407"},"wordCount":604,"commentCount":0,"image":{"@id":"https:\/\/quehacerpolitico.mx\/?p=64407#primaryimage"},"thumbnailUrl":"https:\/\/quehacerpolitico.mx\/wp-content\/uploads\/2020\/09\/8F733741-B65A-4DDC-96B1-17844FF5A9A1.jpeg","articleSection":["CDMX"],"inLanguage":"es","potentialAction":[{"@type":"CommentAction","name":"Comment","target":["https:\/\/quehacerpolitico.mx\/?p=64407#respond"]}]},{"@type":"WebPage","@id":"https:\/\/quehacerpolitico.mx\/?p=64407","url":"https:\/\/quehacerpolitico.mx\/?p=64407","name":"Tradicionales carritos patrios se instalan, con medidas sanitarias, en calles de la CDMX -","isPartOf":{"@id":"https:\/\/quehacerpolitico.mx\/#website"},"primaryImageOfPage":{"@id":"https:\/\/quehacerpolitico.mx\/?p=64407#primaryimage"},"image":{"@id":"https:\/\/quehacerpolitico.mx\/?p=64407#primaryimage"},"thumbnailUrl":"https:\/\/quehacerpolitico.mx\/wp-content\/uploads\/2020\/09\/8F733741-B65A-4DDC-96B1-17844FF5A9A1.jpeg","datePublished":"2020-09-05T20:16:39+00:00","author":{"@id":"https:\/\/quehacerpolitico.mx\/#\/schema\/person\/496d8ad2d1d3f8036101dca7ee39e585"},"breadcrumb":{"@id":"https:\/\/quehacerpolitico.mx\/?p=64407#breadcrumb"},"inLanguage":"es","potentialAction":[{"@type":"ReadAction","target":["https:\/\/quehacerpolitico.mx\/?p=64407"]}]},{"@type":"ImageObject","inLanguage":"es","@id":"https:\/\/quehacerpolitico.mx\/?p=64407#primaryimage","url":"https:\/\/quehacerpolitico.mx\/wp-content\/uploads\/2020\/09\/8F733741-B65A-4DDC-96B1-17844FF5A9A1.jpeg","contentUrl":"https:\/\/quehacerpolitico.mx\/wp-content\/uploads\/2020\/09\/8F733741-B65A-4DDC-96B1-17844FF5A9A1.jpeg","width":1080,"height":609},{"@type":"BreadcrumbList","@id":"https:\/\/quehacerpolitico.mx\/?p=64407#breadcrumb","itemListElement":[{"@type":"ListItem","position":1,"name":"Inicio","item":"https:\/\/quehacerpolitico.mx\/"},{"@type":"ListItem","position":2,"name":"Tradicionales carritos patrios se instalan, con medidas sanitarias, en calles de la CDMX"}]},{"@type":"WebSite","@id":"https:\/\/quehacerpolitico.mx\/#website","url":"https:\/\/quehacerpolitico.mx\/","name":"","description":"","potentialAction":[{"@type":"SearchAction","target":{"@type":"EntryPoint","urlTemplate":"https:\/\/quehacerpolitico.mx\/?s={search_term_string}"},"query-input":{"@type":"PropertyValueSpecification","valueRequired":true,"valueName":"search_term_string"}}],"inLanguage":"es"},{"@type":"Person","@id":"https:\/\/quehacerpolitico.mx\/#\/schema\/person\/496d8ad2d1d3f8036101dca7ee39e585","name":"Redacci\u00f3n QP","image":{"@type":"ImageObject","inLanguage":"es","@id":"https:\/\/secure.gravatar.com\/avatar\/c7164ed6fdec453195284ad24a5ae5b6e1eed2b848477fa2a4787ba9adf39a41?s=96&d=mm&r=g","url":"https:\/\/secure.gravatar.com\/avatar\/c7164ed6fdec453195284ad24a5ae5b6e1eed2b848477fa2a4787ba9adf39a41?s=96&d=mm&r=g","contentUrl":"https:\/\/secure.gravatar.com\/avatar\/c7164ed6fdec453195284ad24a5ae5b6e1eed2b848477fa2a4787ba9adf39a41?s=96&d=mm&r=g","caption":"Redacci\u00f3n QP"},"url":"https:\/\/quehacerpolitico.mx\/?author=2"}]}},"featured_image_urls":{"full":["https:\/\/quehacerpolitico.mx\/wp-content\/uploads\/2020\/09\/8F733741-B65A-4DDC-96B1-17844FF5A9A1.jpeg",1080,609,false],"thumbnail":["https:\/\/quehacerpolitico.mx\/wp-content\/uploads\/2020\/09\/8F733741-B65A-4DDC-96B1-17844FF5A9A1-150x150.jpeg",150,150,true],"medium":["https:\/\/quehacerpolitico.mx\/wp-content\/uploads\/2020\/09\/8F733741-B65A-4DDC-96B1-17844FF5A9A1-300x169.jpeg",300,169,true],"medium_large":["https:\/\/quehacerpolitico.mx\/wp-content\/uploads\/2020\/09\/8F733741-B65A-4DDC-96B1-17844FF5A9A1-768x433.jpeg",640,361,true],"large":["https:\/\/quehacerpolitico.mx\/wp-content\/uploads\/2020\/09\/8F733741-B65A-4DDC-96B1-17844FF5A9A1-1024x577.jpeg",640,361,true],"1536x1536":["https:\/\/quehacerpolitico.mx\/wp-content\/uploads\/2020\/09\/8F733741-B65A-4DDC-96B1-17844FF5A9A1.jpeg",1080,609,false],"2048x2048":["https:\/\/quehacerpolitico.mx\/wp-content\/uploads\/2020\/09\/8F733741-B65A-4DDC-96B1-17844FF5A9A1.jpeg",1080,609,false],"covernews-featured":["https:\/\/quehacerpolitico.mx\/wp-content\/uploads\/2020\/09\/8F733741-B65A-4DDC-96B1-17844FF5A9A1.jpeg",1024,577,false],"covernews-medium":["https:\/\/quehacerpolitico.mx\/wp-content\/uploads\/2020\/09\/8F733741-B65A-4DDC-96B1-17844FF5A9A1.jpeg",540,305,false]},"author_info":{"display_name":"Redacci\u00f3n QP","author_link":"https:\/\/quehacerpolitico.mx\/?author=2"},"category_info":"<a href=\"https:\/\/quehacerpolitico.mx\/?cat=55\" rel=\"category\">CDMX<\/a>","tag_info":"CDMX","comment_count":"0","_links":{"self":[{"href":"https:\/\/quehacerpolitico.mx\/index.php?rest_route=\/wp\/v2\/posts\/64407","targetHints":{"allow":["GET"]}}],"collection":[{"href":"https:\/\/quehacerpolitico.mx\/index.php?rest_route=\/wp\/v2\/posts"}],"about":[{"href":"https:\/\/quehacerpolitico.mx\/index.php?rest_route=\/wp\/v2\/types\/post"}],"author":[{"embeddable":true,"href":"https:\/\/quehacerpolitico.mx\/index.php?rest_route=\/wp\/v2\/users\/2"}],"replies":[{"embeddable":true,"href":"https:\/\/quehacerpolitico.mx\/index.php?rest_route=%2Fwp%2Fv2%2Fcomments&post=64407"}],"version-history":[{"count":0,"href":"https:\/\/quehacerpolitico.mx\/index.php?rest_route=\/wp\/v2\/posts\/64407\/revisions"}],"wp:featuredmedia":[{"embeddable":true,"href":"https:\/\/quehacerpolitico.mx\/index.php?rest_route=\/wp\/v2\/media\/64408"}],"wp:attachment":[{"href":"https:\/\/quehacerpolitico.mx\/index.php?rest_route=%2Fwp%2Fv2%2Fmedia&parent=64407"}],"wp:term":[{"taxonomy":"category","embeddable":true,"href":"https:\/\/quehacerpolitico.mx\/index.php?rest_route=%2Fwp%2Fv2%2Fcategories&post=64407"},{"taxonomy":"post_tag","embeddable":true,"href":"https:\/\/quehacerpolitico.mx\/index.php?rest_route=%2Fwp%2Fv2%2Ftags&post=64407"}],"curies":[{"name":"wp","href":"https:\/\/api.w.org\/{rel}","templated":true}]}}