{"id":64376,"date":"2020-09-05T13:19:14","date_gmt":"2020-09-05T18:19:14","guid":{"rendered":"http:\/\/quehacerpolitico.mx\/?p=64376"},"modified":"2020-09-05T13:19:14","modified_gmt":"2020-09-05T18:19:14","slug":"mexicano-isaac-alarcon-liberado-por-los-cowboys-de-dallas","status":"publish","type":"post","link":"https:\/\/quehacerpolitico.mx\/?p=64376","title":{"rendered":"Mexicano Isaac Alarc\u00f3n, liberado por los Cowboys de Dallas"},"content":{"rendered":"<h1 class=\"news-title\">Mexicano Isaac Alarc\u00f3n, liberado por los Cowboys de Dallas<br \/>\nPor Redacci\u00f3n QP<\/h1>\n<p>El tackle regiomontano no logra colocarse entre el roster de 53 jugadores<\/p>\n<p>El mexicano <strong>Isaac Alarc\u00f3n<\/strong> fue liberado por los Cowboys de Dallas, pero podr\u00eda ser contratado este domingo para el equipo de pr\u00e1ctica.<\/p>\n<p>En el d\u00eda de cortes dentro de la NFL, el tackle regiomontano <strong>no logr\u00f3 colocarse entre el rosterde 53 jugadores en el conjunto de la estrella solitaria, comunic\u00f3 Michael Gehlken, de Dallas Morning News.<\/strong><\/p>\n<div id=\"teads_ad\">\n<div id=\"div-gpt-ad-1548262875188-0\" data-google-query-id=\"CJ3EmtfP0usCFQIpPwodDxwLMA\">Alarc\u00f3n <strong>hab\u00eda sido firmado este pretemporada por el programa internacional de la Liga,<\/strong>incluso, hizo buena relaci\u00f3n con Dak Prescott, quarterback titular de los Cowboys.<\/div>\n<div data-google-query-id=\"CJ3EmtfP0usCFQIpPwodDxwLMA\">\n<p>La competencia interna en Dallas, con una de las l\u00edneas ofensivas m\u00e1s dominantes en la NFL, evit\u00f3 que el tricolor se quedara en la lista final. Tyron Smith, Connor Williams, Joe Looney, Zack Martin y La\u2019el Collins ser\u00e1n los encargados en proteger al pasador.<\/p>\n<p>A pesar de ello, Alarc\u00f3n, de 22 a\u00f1os de edad, ser\u00eda firmado este domingo, para formar parte del equipo de pr\u00e1ctica de los Cowboys, que lo posicionar\u00eda como el jugador 17 del programa internacional dentro de la Liga, para continuar con su desarrollo y ser una opci\u00f3n para el 2021.<\/p>\n<div class=\"banner\">\n<div id=\"div-gpt-ad-1556909760762-0\" data-google-query-id=\"CJzEmtfP0usCFQIpPwodDxwLMA\">Con Informaci\u00f3n de SUN<\/div>\n<\/div>\n<\/div>\n<\/div>\n","protected":false},"excerpt":{"rendered":"<p>Mexicano Isaac Alarc\u00f3n, liberado por los Cowboys de Dallas Por Redacci\u00f3n QP El tackle regiomontano&#8230;<\/p>\n","protected":false},"author":2,"featured_media":64377,"comment_status":"open","ping_status":"open","sticky":false,"template":"","format":"standard","meta":{"_monsterinsights_skip_tracking":false,"_monsterinsights_sitenote_active":false,"_monsterinsights_sitenote_note":"","_monsterinsights_sitenote_category":0,"footnotes":""},"categories":[54],"tags":[],"class_list":["post-64376","post","type-post","status-publish","format-standard","has-post-thumbnail","hentry","category-deportes"],"yoast_head":"<!-- This site is optimized with the Yoast SEO plugin v27.3 - https:\/\/yoast.com\/product\/yoast-seo-wordpress\/ -->\n<title>Mexicano Isaac Alarc\u00f3n, liberado por los Cowboys de Dallas -<\/title>\n<meta name=\"robots\" content=\"index, follow, max-snippet:-1, max-image-preview:large, max-video-preview:-1\" \/>\n<link rel=\"canonical\" href=\"https:\/\/quehacerpolitico.mx\/?p=64376\" \/>\n<meta property=\"og:locale\" content=\"es_MX\" \/>\n<meta property=\"og:type\" content=\"article\" \/>\n<meta property=\"og:title\" content=\"Mexicano Isaac Alarc\u00f3n, liberado por los Cowboys de Dallas -\" \/>\n<meta property=\"og:description\" content=\"Mexicano Isaac Alarc\u00f3n, liberado por los Cowboys de Dallas Por Redacci\u00f3n QP El tackle regiomontano...\" \/>\n<meta property=\"og:url\" content=\"https:\/\/quehacerpolitico.mx\/?p=64376\" \/>\n<meta property=\"article:published_time\" content=\"2020-09-05T18:19:14+00:00\" \/>\n<meta property=\"og:image\" content=\"https:\/\/quehacerpolitico.mx\/wp-content\/uploads\/2020\/09\/6F0768D2-E833-44F8-B146-2AC50CFB13B7.jpeg\" \/>\n\t<meta property=\"og:image:width\" content=\"320\" \/>\n\t<meta property=\"og:image:height\" content=\"305\" \/>\n\t<meta property=\"og:image:type\" content=\"image\/jpeg\" \/>\n<meta name=\"author\" content=\"Redacci\u00f3n QP\" \/>\n<meta name=\"twitter:card\" content=\"summary_large_image\" \/>\n<meta name=\"twitter:label1\" content=\"Escrito por\" \/>\n\t<meta name=\"twitter:data1\" content=\"Redacci\u00f3n QP\" \/>\n\t<meta name=\"twitter:label2\" content=\"Tiempo de lectura\" \/>\n\t<meta name=\"twitter:data2\" content=\"1 minuto\" \/>\n<script type=\"application\/ld+json\" class=\"yoast-schema-graph\">{\"@context\":\"https:\\\/\\\/schema.org\",\"@graph\":[{\"@type\":\"Article\",\"@id\":\"https:\\\/\\\/quehacerpolitico.mx\\\/?p=64376#article\",\"isPartOf\":{\"@id\":\"https:\\\/\\\/quehacerpolitico.mx\\\/?p=64376\"},\"author\":{\"name\":\"Redacci\u00f3n QP\",\"@id\":\"https:\\\/\\\/quehacerpolitico.mx\\\/#\\\/schema\\\/person\\\/496d8ad2d1d3f8036101dca7ee39e585\"},\"headline\":\"Mexicano Isaac Alarc\u00f3n, liberado por los Cowboys de Dallas\",\"datePublished\":\"2020-09-05T18:19:14+00:00\",\"mainEntityOfPage\":{\"@id\":\"https:\\\/\\\/quehacerpolitico.mx\\\/?p=64376\"},\"wordCount\":228,\"commentCount\":0,\"image\":{\"@id\":\"https:\\\/\\\/quehacerpolitico.mx\\\/?p=64376#primaryimage\"},\"thumbnailUrl\":\"https:\\\/\\\/quehacerpolitico.mx\\\/wp-content\\\/uploads\\\/2020\\\/09\\\/6F0768D2-E833-44F8-B146-2AC50CFB13B7.jpeg\",\"articleSection\":[\"Deportes\"],\"inLanguage\":\"es\",\"potentialAction\":[{\"@type\":\"CommentAction\",\"name\":\"Comment\",\"target\":[\"https:\\\/\\\/quehacerpolitico.mx\\\/?p=64376#respond\"]}]},{\"@type\":\"WebPage\",\"@id\":\"https:\\\/\\\/quehacerpolitico.mx\\\/?p=64376\",\"url\":\"https:\\\/\\\/quehacerpolitico.mx\\\/?p=64376\",\"name\":\"Mexicano Isaac Alarc\u00f3n, liberado por los Cowboys de Dallas -\",\"isPartOf\":{\"@id\":\"https:\\\/\\\/quehacerpolitico.mx\\\/#website\"},\"primaryImageOfPage\":{\"@id\":\"https:\\\/\\\/quehacerpolitico.mx\\\/?p=64376#primaryimage\"},\"image\":{\"@id\":\"https:\\\/\\\/quehacerpolitico.mx\\\/?p=64376#primaryimage\"},\"thumbnailUrl\":\"https:\\\/\\\/quehacerpolitico.mx\\\/wp-content\\\/uploads\\\/2020\\\/09\\\/6F0768D2-E833-44F8-B146-2AC50CFB13B7.jpeg\",\"datePublished\":\"2020-09-05T18:19:14+00:00\",\"author\":{\"@id\":\"https:\\\/\\\/quehacerpolitico.mx\\\/#\\\/schema\\\/person\\\/496d8ad2d1d3f8036101dca7ee39e585\"},\"breadcrumb\":{\"@id\":\"https:\\\/\\\/quehacerpolitico.mx\\\/?p=64376#breadcrumb\"},\"inLanguage\":\"es\",\"potentialAction\":[{\"@type\":\"ReadAction\",\"target\":[\"https:\\\/\\\/quehacerpolitico.mx\\\/?p=64376\"]}]},{\"@type\":\"ImageObject\",\"inLanguage\":\"es\",\"@id\":\"https:\\\/\\\/quehacerpolitico.mx\\\/?p=64376#primaryimage\",\"url\":\"https:\\\/\\\/quehacerpolitico.mx\\\/wp-content\\\/uploads\\\/2020\\\/09\\\/6F0768D2-E833-44F8-B146-2AC50CFB13B7.jpeg\",\"contentUrl\":\"https:\\\/\\\/quehacerpolitico.mx\\\/wp-content\\\/uploads\\\/2020\\\/09\\\/6F0768D2-E833-44F8-B146-2AC50CFB13B7.jpeg\",\"width\":320,\"height\":305},{\"@type\":\"BreadcrumbList\",\"@id\":\"https:\\\/\\\/quehacerpolitico.mx\\\/?p=64376#breadcrumb\",\"itemListElement\":[{\"@type\":\"ListItem\",\"position\":1,\"name\":\"Inicio\",\"item\":\"https:\\\/\\\/quehacerpolitico.mx\\\/\"},{\"@type\":\"ListItem\",\"position\":2,\"name\":\"Mexicano Isaac Alarc\u00f3n, liberado por los Cowboys de Dallas\"}]},{\"@type\":\"WebSite\",\"@id\":\"https:\\\/\\\/quehacerpolitico.mx\\\/#website\",\"url\":\"https:\\\/\\\/quehacerpolitico.mx\\\/\",\"name\":\"\",\"description\":\"\",\"potentialAction\":[{\"@type\":\"SearchAction\",\"target\":{\"@type\":\"EntryPoint\",\"urlTemplate\":\"https:\\\/\\\/quehacerpolitico.mx\\\/?s={search_term_string}\"},\"query-input\":{\"@type\":\"PropertyValueSpecification\",\"valueRequired\":true,\"valueName\":\"search_term_string\"}}],\"inLanguage\":\"es\"},{\"@type\":\"Person\",\"@id\":\"https:\\\/\\\/quehacerpolitico.mx\\\/#\\\/schema\\\/person\\\/496d8ad2d1d3f8036101dca7ee39e585\",\"name\":\"Redacci\u00f3n QP\",\"image\":{\"@type\":\"ImageObject\",\"inLanguage\":\"es\",\"@id\":\"https:\\\/\\\/secure.gravatar.com\\\/avatar\\\/c7164ed6fdec453195284ad24a5ae5b6e1eed2b848477fa2a4787ba9adf39a41?s=96&d=mm&r=g\",\"url\":\"https:\\\/\\\/secure.gravatar.com\\\/avatar\\\/c7164ed6fdec453195284ad24a5ae5b6e1eed2b848477fa2a4787ba9adf39a41?s=96&d=mm&r=g\",\"contentUrl\":\"https:\\\/\\\/secure.gravatar.com\\\/avatar\\\/c7164ed6fdec453195284ad24a5ae5b6e1eed2b848477fa2a4787ba9adf39a41?s=96&d=mm&r=g\",\"caption\":\"Redacci\u00f3n QP\"},\"url\":\"https:\\\/\\\/quehacerpolitico.mx\\\/?author=2\"}]}<\/script>\n<!-- \/ Yoast SEO plugin. -->","yoast_head_json":{"title":"Mexicano Isaac Alarc\u00f3n, liberado por los Cowboys de Dallas -","robots":{"index":"index","follow":"follow","max-snippet":"max-snippet:-1","max-image-preview":"max-image-preview:large","max-video-preview":"max-video-preview:-1"},"canonical":"https:\/\/quehacerpolitico.mx\/?p=64376","og_locale":"es_MX","og_type":"article","og_title":"Mexicano Isaac Alarc\u00f3n, liberado por los Cowboys de Dallas -","og_description":"Mexicano Isaac Alarc\u00f3n, liberado por los Cowboys de Dallas Por Redacci\u00f3n QP El tackle regiomontano...","og_url":"https:\/\/quehacerpolitico.mx\/?p=64376","article_published_time":"2020-09-05T18:19:14+00:00","og_image":[{"width":320,"height":305,"url":"https:\/\/quehacerpolitico.mx\/wp-content\/uploads\/2020\/09\/6F0768D2-E833-44F8-B146-2AC50CFB13B7.jpeg","type":"image\/jpeg"}],"author":"Redacci\u00f3n QP","twitter_card":"summary_large_image","twitter_misc":{"Escrito por":"Redacci\u00f3n QP","Tiempo de lectura":"1 minuto"},"schema":{"@context":"https:\/\/schema.org","@graph":[{"@type":"Article","@id":"https:\/\/quehacerpolitico.mx\/?p=64376#article","isPartOf":{"@id":"https:\/\/quehacerpolitico.mx\/?p=64376"},"author":{"name":"Redacci\u00f3n QP","@id":"https:\/\/quehacerpolitico.mx\/#\/schema\/person\/496d8ad2d1d3f8036101dca7ee39e585"},"headline":"Mexicano Isaac Alarc\u00f3n, liberado por los Cowboys de Dallas","datePublished":"2020-09-05T18:19:14+00:00","mainEntityOfPage":{"@id":"https:\/\/quehacerpolitico.mx\/?p=64376"},"wordCount":228,"commentCount":0,"image":{"@id":"https:\/\/quehacerpolitico.mx\/?p=64376#primaryimage"},"thumbnailUrl":"https:\/\/quehacerpolitico.mx\/wp-content\/uploads\/2020\/09\/6F0768D2-E833-44F8-B146-2AC50CFB13B7.jpeg","articleSection":["Deportes"],"inLanguage":"es","potentialAction":[{"@type":"CommentAction","name":"Comment","target":["https:\/\/quehacerpolitico.mx\/?p=64376#respond"]}]},{"@type":"WebPage","@id":"https:\/\/quehacerpolitico.mx\/?p=64376","url":"https:\/\/quehacerpolitico.mx\/?p=64376","name":"Mexicano Isaac Alarc\u00f3n, liberado por los Cowboys de Dallas -","isPartOf":{"@id":"https:\/\/quehacerpolitico.mx\/#website"},"primaryImageOfPage":{"@id":"https:\/\/quehacerpolitico.mx\/?p=64376#primaryimage"},"image":{"@id":"https:\/\/quehacerpolitico.mx\/?p=64376#primaryimage"},"thumbnailUrl":"https:\/\/quehacerpolitico.mx\/wp-content\/uploads\/2020\/09\/6F0768D2-E833-44F8-B146-2AC50CFB13B7.jpeg","datePublished":"2020-09-05T18:19:14+00:00","author":{"@id":"https:\/\/quehacerpolitico.mx\/#\/schema\/person\/496d8ad2d1d3f8036101dca7ee39e585"},"breadcrumb":{"@id":"https:\/\/quehacerpolitico.mx\/?p=64376#breadcrumb"},"inLanguage":"es","potentialAction":[{"@type":"ReadAction","target":["https:\/\/quehacerpolitico.mx\/?p=64376"]}]},{"@type":"ImageObject","inLanguage":"es","@id":"https:\/\/quehacerpolitico.mx\/?p=64376#primaryimage","url":"https:\/\/quehacerpolitico.mx\/wp-content\/uploads\/2020\/09\/6F0768D2-E833-44F8-B146-2AC50CFB13B7.jpeg","contentUrl":"https:\/\/quehacerpolitico.mx\/wp-content\/uploads\/2020\/09\/6F0768D2-E833-44F8-B146-2AC50CFB13B7.jpeg","width":320,"height":305},{"@type":"BreadcrumbList","@id":"https:\/\/quehacerpolitico.mx\/?p=64376#breadcrumb","itemListElement":[{"@type":"ListItem","position":1,"name":"Inicio","item":"https:\/\/quehacerpolitico.mx\/"},{"@type":"ListItem","position":2,"name":"Mexicano Isaac Alarc\u00f3n, liberado por los Cowboys de Dallas"}]},{"@type":"WebSite","@id":"https:\/\/quehacerpolitico.mx\/#website","url":"https:\/\/quehacerpolitico.mx\/","name":"","description":"","potentialAction":[{"@type":"SearchAction","target":{"@type":"EntryPoint","urlTemplate":"https:\/\/quehacerpolitico.mx\/?s={search_term_string}"},"query-input":{"@type":"PropertyValueSpecification","valueRequired":true,"valueName":"search_term_string"}}],"inLanguage":"es"},{"@type":"Person","@id":"https:\/\/quehacerpolitico.mx\/#\/schema\/person\/496d8ad2d1d3f8036101dca7ee39e585","name":"Redacci\u00f3n QP","image":{"@type":"ImageObject","inLanguage":"es","@id":"https:\/\/secure.gravatar.com\/avatar\/c7164ed6fdec453195284ad24a5ae5b6e1eed2b848477fa2a4787ba9adf39a41?s=96&d=mm&r=g","url":"https:\/\/secure.gravatar.com\/avatar\/c7164ed6fdec453195284ad24a5ae5b6e1eed2b848477fa2a4787ba9adf39a41?s=96&d=mm&r=g","contentUrl":"https:\/\/secure.gravatar.com\/avatar\/c7164ed6fdec453195284ad24a5ae5b6e1eed2b848477fa2a4787ba9adf39a41?s=96&d=mm&r=g","caption":"Redacci\u00f3n QP"},"url":"https:\/\/quehacerpolitico.mx\/?author=2"}]}},"featured_image_urls":{"full":["https:\/\/quehacerpolitico.mx\/wp-content\/uploads\/2020\/09\/6F0768D2-E833-44F8-B146-2AC50CFB13B7.jpeg",320,305,false],"thumbnail":["https:\/\/quehacerpolitico.mx\/wp-content\/uploads\/2020\/09\/6F0768D2-E833-44F8-B146-2AC50CFB13B7-150x150.jpeg",150,150,true],"medium":["https:\/\/quehacerpolitico.mx\/wp-content\/uploads\/2020\/09\/6F0768D2-E833-44F8-B146-2AC50CFB13B7-300x286.jpeg",300,286,true],"medium_large":["https:\/\/quehacerpolitico.mx\/wp-content\/uploads\/2020\/09\/6F0768D2-E833-44F8-B146-2AC50CFB13B7.jpeg",320,305,false],"large":["https:\/\/quehacerpolitico.mx\/wp-content\/uploads\/2020\/09\/6F0768D2-E833-44F8-B146-2AC50CFB13B7.jpeg",320,305,false],"1536x1536":["https:\/\/quehacerpolitico.mx\/wp-content\/uploads\/2020\/09\/6F0768D2-E833-44F8-B146-2AC50CFB13B7.jpeg",320,305,false],"2048x2048":["https:\/\/quehacerpolitico.mx\/wp-content\/uploads\/2020\/09\/6F0768D2-E833-44F8-B146-2AC50CFB13B7.jpeg",320,305,false],"covernews-featured":["https:\/\/quehacerpolitico.mx\/wp-content\/uploads\/2020\/09\/6F0768D2-E833-44F8-B146-2AC50CFB13B7.jpeg",320,305,false],"covernews-medium":["https:\/\/quehacerpolitico.mx\/wp-content\/uploads\/2020\/09\/6F0768D2-E833-44F8-B146-2AC50CFB13B7.jpeg",320,305,false]},"author_info":{"display_name":"Redacci\u00f3n QP","author_link":"https:\/\/quehacerpolitico.mx\/?author=2"},"category_info":"<a href=\"https:\/\/quehacerpolitico.mx\/?cat=54\" rel=\"category\">Deportes<\/a>","tag_info":"Deportes","comment_count":"0","_links":{"self":[{"href":"https:\/\/quehacerpolitico.mx\/index.php?rest_route=\/wp\/v2\/posts\/64376","targetHints":{"allow":["GET"]}}],"collection":[{"href":"https:\/\/quehacerpolitico.mx\/index.php?rest_route=\/wp\/v2\/posts"}],"about":[{"href":"https:\/\/quehacerpolitico.mx\/index.php?rest_route=\/wp\/v2\/types\/post"}],"author":[{"embeddable":true,"href":"https:\/\/quehacerpolitico.mx\/index.php?rest_route=\/wp\/v2\/users\/2"}],"replies":[{"embeddable":true,"href":"https:\/\/quehacerpolitico.mx\/index.php?rest_route=%2Fwp%2Fv2%2Fcomments&post=64376"}],"version-history":[{"count":0,"href":"https:\/\/quehacerpolitico.mx\/index.php?rest_route=\/wp\/v2\/posts\/64376\/revisions"}],"wp:featuredmedia":[{"embeddable":true,"href":"https:\/\/quehacerpolitico.mx\/index.php?rest_route=\/wp\/v2\/media\/64377"}],"wp:attachment":[{"href":"https:\/\/quehacerpolitico.mx\/index.php?rest_route=%2Fwp%2Fv2%2Fmedia&parent=64376"}],"wp:term":[{"taxonomy":"category","embeddable":true,"href":"https:\/\/quehacerpolitico.mx\/index.php?rest_route=%2Fwp%2Fv2%2Fcategories&post=64376"},{"taxonomy":"post_tag","embeddable":true,"href":"https:\/\/quehacerpolitico.mx\/index.php?rest_route=%2Fwp%2Fv2%2Ftags&post=64376"}],"curies":[{"name":"wp","href":"https:\/\/api.w.org\/{rel}","templated":true}]}}