{"id":64373,"date":"2020-09-05T12:29:20","date_gmt":"2020-09-05T17:29:20","guid":{"rendered":"http:\/\/quehacerpolitico.mx\/?p=64373"},"modified":"2020-09-05T12:29:20","modified_gmt":"2020-09-05T17:29:20","slug":"internacionales-carolina-alonso-romei-abogados-del-chapo-apelan-su-sentencia-de-cadena-perpetua","status":"publish","type":"post","link":"https:\/\/quehacerpolitico.mx\/?p=64373","title":{"rendered":"Internacionales\/\/\/Carolina Alonso Romei\/\/\/Abogados del &#8221;Chapo&#8221; apelan su sentencia de cadena perpetua"},"content":{"rendered":"<div class=\"news-header-top\">\n<div class=\"news-data\">\n<h1 class=\"news-title\">Abogados del &#8221;Chapo&#8221; apelan su sentencia de cadena perpetua<\/h1>\n<\/div>\n<\/div>\n<div class=\"news-subtitle\">Por Carolina Alonso Romei<\/div>\n<div>\n<p>Los abogados de Joaquin \u201cChapo\u201d Guzm\u00e1n\u00a0quien fue uno de los hombres m\u00e1s buscados por el gobierno de Estados Unidos por narcotrafico, presentaron anoche, a falta de media hora para que se agotara el plazo, la apelaci\u00f3n contra la sentencia a cadena perpetua dictada contra el narco en julio de 2019.<\/p>\n<p>El documento de la apelaci\u00f3n, firmado por el abogado Marc Fernich y cuya mayor parte se mantendr\u00e1 sellada hasta que las autoridades decidan hacerlo p\u00fablico, <strong>asegura que durante el juicio conducido por el juez Brian Cogan se produjeron diez errores legales.<\/strong><\/p>\n<p>Su equipo legal sostiene que hubo irregularidades en su extradici\u00f3n desde M\u00e9xico; que las duras condiciones de confinamiento antes del juicio obstaculizaron la preparaci\u00f3n de su defensa y que se permiti\u00f3 a los fiscales presentar excesivas pruebas gr\u00e1ficas sobre los supuestos 26 asesinatos en los que estuvo involucrado el &#8221;Chapo&#8221; y por los que no estaba siendo juzgado, lo que, argumentan, predispuso a los miembros del jurado en su contra.<\/p>\n<div class=\"banner b2\">\n<div id=\"div-gpt-ad-1505954097040-2\" data-google-query-id=\"CJHaiqTE0usCFdBe1QodlvoGSw\">\n<p>Adem\u00e1s, entre otras alegaciones, aseguran que durante la investigaci\u00f3n se recolectaron pruebas, conversaciones telef\u00f3nicas y mensajes de texto del acusado de manera ilegal.<\/p>\n<h3>Argumentos sobre el jurado<\/h3>\n<p>Asimismo, la defensa del mexicano vuelve a insistir en que algunos miembros del jurado supuestamente no cumplieron su promesa de no seguir el juicio a trav\u00e9s de la cobertura medi\u00e1tica. Se basan para ello en una entrevista en el medio <em>Vice<\/em>, que concedi\u00f3 bajo anonimato uno de los miembros del jurado tras la conclusi\u00f3n del juicio<\/p>\n<p>Los abogados del narcotraficante ya intentaron sin \u00e9xito el a\u00f1o pasado que se repitiera el proceso enarbolando este \u00faltimo argumento.<\/p>\n<p>Finalmente, <strong>solicitan que otro juez investigue si los fiscales y el juez se involucraron en comunicaciones secretas indebidas.<\/strong><\/p>\n<p>La defensa del mexicano, ex l\u00edder del Cartel de Sinaloa, acudi\u00f3 a la Corte de Apelaciones del Segundo Circuito en Nueva York\u00a0al filo de la media noche y en el \u00faltimo d\u00eda que ten\u00eda para impugnar la condena que le impuso el juez Brian Cogan tras un juicio celebrado bajo estrictas medidas de seguridad en la corte federal del distrito Este de Nueva York.<\/p>\n<p>El pasado 13 de agosto, la defensa solicit\u00f3 ampliar el plazo para presentar los documentos de la apelaci\u00f3n contra lo que consideran un juicio injusto, despu\u00e9s de que el &#8221;Chapo&#8221; fuera <strong>encontrado culpable de enviar toneladas de drogas a EU, de mantener una empresa criminal continuada y cargos por armas de fuego.<\/strong><\/p>\n<p>El propio Guzm\u00e1n Loera, conocido como &#8221;el R\u00e1pido&#8221; por la forma en que distribu\u00eda la droga, denunci\u00f3 antes de conocer la sentencia malos tratos en la prisi\u00f3n federal de Manhattan, donde estuvo dos a\u00f1os.<\/p>\n<p>El mexicano afront\u00f3 un proceso judicial de tres meses en el que se escuch\u00f3 a 56 testigos, entre ellos antiguos socios y empleados, y tras seis d\u00edas de deliberaciones el jurado le hall\u00f3 culpable el 12 de febrero de 2019.<\/p>\n<p>Una vez que el juez dict\u00f3 la condena, el &#8221;Chapo&#8221; <strong>fue enviado a la prisi\u00f3n de alta seguridad en Colorado conocida como el Alcatraz de las Rocosas o &#8221;Supermax&#8221;, de donde nadie ha podido escapar,<\/strong> y durante el \u00faltimo a\u00f1o se ha dedicado a trabajar en su apelaci\u00f3n junto a sus abogados.<\/p>\n<p>Esta prisi\u00f3n, cuyo nombre oficial es Administrative Maximum Facility (ADX) y abri\u00f3 sus puertas en 1994, es considerada como una de las m\u00e1s seguras del mundo y est\u00e1 destinada a albergar a los reos m\u00e1s peligrosos y otros que representen una amenaza para la seguridad nacional.<\/p>\n<p>Sus celdas son paredes de cemento y a prueba de sonido para evitar la comunicaci\u00f3n con otros reos, algunas no tienen ventanas y los reclusos pasan 23 horas en solitario, con contacto m\u00ednimo con el personal de la prisi\u00f3n. Las tuber\u00edas de las unidades en que est\u00e1 dividida la prisi\u00f3n no transmiten sonidos.<\/p>\n<p>Con informaci\u00f3n de EFE<\/p>\n<\/div>\n<\/div>\n<\/div>\n","protected":false},"excerpt":{"rendered":"<p>Abogados del &#8221;Chapo&#8221; apelan su sentencia de cadena perpetua Por Carolina Alonso Romei Los abogados&#8230;<\/p>\n","protected":false},"author":2,"featured_media":64374,"comment_status":"open","ping_status":"open","sticky":false,"template":"","format":"standard","meta":{"_monsterinsights_skip_tracking":false,"_monsterinsights_sitenote_active":false,"_monsterinsights_sitenote_note":"","_monsterinsights_sitenote_category":0,"footnotes":""},"categories":[1],"tags":[],"class_list":["post-64373","post","type-post","status-publish","format-standard","has-post-thumbnail","hentry","category-sin-categoria"],"yoast_head":"<!-- This site is optimized with the Yoast SEO plugin v27.3 - https:\/\/yoast.com\/product\/yoast-seo-wordpress\/ -->\n<title>Internacionales\/\/\/Carolina Alonso Romei\/\/\/Abogados del &#039;&#039;Chapo&#039;&#039; apelan su sentencia de cadena perpetua -<\/title>\n<meta name=\"robots\" content=\"index, follow, max-snippet:-1, max-image-preview:large, max-video-preview:-1\" \/>\n<link rel=\"canonical\" href=\"https:\/\/quehacerpolitico.mx\/?p=64373\" \/>\n<meta property=\"og:locale\" content=\"es_MX\" \/>\n<meta property=\"og:type\" content=\"article\" \/>\n<meta property=\"og:title\" content=\"Internacionales\/\/\/Carolina Alonso Romei\/\/\/Abogados del &#039;&#039;Chapo&#039;&#039; apelan su sentencia de cadena perpetua -\" \/>\n<meta property=\"og:description\" content=\"Abogados del &#8221;Chapo&#8221; apelan su sentencia de cadena perpetua Por Carolina Alonso Romei Los abogados...\" \/>\n<meta property=\"og:url\" content=\"https:\/\/quehacerpolitico.mx\/?p=64373\" \/>\n<meta property=\"article:published_time\" content=\"2020-09-05T17:29:20+00:00\" \/>\n<meta property=\"og:image\" content=\"https:\/\/quehacerpolitico.mx\/wp-content\/uploads\/2020\/09\/66308AC0-3D5D-4609-8F9D-C54FE545B44D.jpeg\" \/>\n\t<meta property=\"og:image:width\" content=\"320\" \/>\n\t<meta property=\"og:image:height\" content=\"305\" \/>\n\t<meta property=\"og:image:type\" content=\"image\/jpeg\" \/>\n<meta name=\"author\" content=\"Redacci\u00f3n QP\" \/>\n<meta name=\"twitter:card\" content=\"summary_large_image\" \/>\n<meta name=\"twitter:label1\" content=\"Escrito por\" \/>\n\t<meta name=\"twitter:data1\" content=\"Redacci\u00f3n QP\" \/>\n\t<meta name=\"twitter:label2\" content=\"Tiempo de lectura\" \/>\n\t<meta name=\"twitter:data2\" content=\"3 minutos\" \/>\n<script type=\"application\/ld+json\" class=\"yoast-schema-graph\">{\"@context\":\"https:\\\/\\\/schema.org\",\"@graph\":[{\"@type\":\"Article\",\"@id\":\"https:\\\/\\\/quehacerpolitico.mx\\\/?p=64373#article\",\"isPartOf\":{\"@id\":\"https:\\\/\\\/quehacerpolitico.mx\\\/?p=64373\"},\"author\":{\"name\":\"Redacci\u00f3n QP\",\"@id\":\"https:\\\/\\\/quehacerpolitico.mx\\\/#\\\/schema\\\/person\\\/496d8ad2d1d3f8036101dca7ee39e585\"},\"headline\":\"Internacionales\\\/\\\/\\\/Carolina Alonso Romei\\\/\\\/\\\/Abogados del &#8221;Chapo&#8221; apelan su sentencia de cadena perpetua\",\"datePublished\":\"2020-09-05T17:29:20+00:00\",\"mainEntityOfPage\":{\"@id\":\"https:\\\/\\\/quehacerpolitico.mx\\\/?p=64373\"},\"wordCount\":686,\"commentCount\":0,\"image\":{\"@id\":\"https:\\\/\\\/quehacerpolitico.mx\\\/?p=64373#primaryimage\"},\"thumbnailUrl\":\"https:\\\/\\\/quehacerpolitico.mx\\\/wp-content\\\/uploads\\\/2020\\\/09\\\/66308AC0-3D5D-4609-8F9D-C54FE545B44D.jpeg\",\"articleSection\":[\"Internacionales\"],\"inLanguage\":\"es\",\"potentialAction\":[{\"@type\":\"CommentAction\",\"name\":\"Comment\",\"target\":[\"https:\\\/\\\/quehacerpolitico.mx\\\/?p=64373#respond\"]}]},{\"@type\":\"WebPage\",\"@id\":\"https:\\\/\\\/quehacerpolitico.mx\\\/?p=64373\",\"url\":\"https:\\\/\\\/quehacerpolitico.mx\\\/?p=64373\",\"name\":\"Internacionales\\\/\\\/\\\/Carolina Alonso Romei\\\/\\\/\\\/Abogados del ''Chapo'' apelan su sentencia de cadena perpetua -\",\"isPartOf\":{\"@id\":\"https:\\\/\\\/quehacerpolitico.mx\\\/#website\"},\"primaryImageOfPage\":{\"@id\":\"https:\\\/\\\/quehacerpolitico.mx\\\/?p=64373#primaryimage\"},\"image\":{\"@id\":\"https:\\\/\\\/quehacerpolitico.mx\\\/?p=64373#primaryimage\"},\"thumbnailUrl\":\"https:\\\/\\\/quehacerpolitico.mx\\\/wp-content\\\/uploads\\\/2020\\\/09\\\/66308AC0-3D5D-4609-8F9D-C54FE545B44D.jpeg\",\"datePublished\":\"2020-09-05T17:29:20+00:00\",\"author\":{\"@id\":\"https:\\\/\\\/quehacerpolitico.mx\\\/#\\\/schema\\\/person\\\/496d8ad2d1d3f8036101dca7ee39e585\"},\"breadcrumb\":{\"@id\":\"https:\\\/\\\/quehacerpolitico.mx\\\/?p=64373#breadcrumb\"},\"inLanguage\":\"es\",\"potentialAction\":[{\"@type\":\"ReadAction\",\"target\":[\"https:\\\/\\\/quehacerpolitico.mx\\\/?p=64373\"]}]},{\"@type\":\"ImageObject\",\"inLanguage\":\"es\",\"@id\":\"https:\\\/\\\/quehacerpolitico.mx\\\/?p=64373#primaryimage\",\"url\":\"https:\\\/\\\/quehacerpolitico.mx\\\/wp-content\\\/uploads\\\/2020\\\/09\\\/66308AC0-3D5D-4609-8F9D-C54FE545B44D.jpeg\",\"contentUrl\":\"https:\\\/\\\/quehacerpolitico.mx\\\/wp-content\\\/uploads\\\/2020\\\/09\\\/66308AC0-3D5D-4609-8F9D-C54FE545B44D.jpeg\",\"width\":320,\"height\":305},{\"@type\":\"BreadcrumbList\",\"@id\":\"https:\\\/\\\/quehacerpolitico.mx\\\/?p=64373#breadcrumb\",\"itemListElement\":[{\"@type\":\"ListItem\",\"position\":1,\"name\":\"Inicio\",\"item\":\"https:\\\/\\\/quehacerpolitico.mx\\\/\"},{\"@type\":\"ListItem\",\"position\":2,\"name\":\"Internacionales\\\/\\\/\\\/Carolina Alonso Romei\\\/\\\/\\\/Abogados del &#8221;Chapo&#8221; apelan su sentencia de cadena perpetua\"}]},{\"@type\":\"WebSite\",\"@id\":\"https:\\\/\\\/quehacerpolitico.mx\\\/#website\",\"url\":\"https:\\\/\\\/quehacerpolitico.mx\\\/\",\"name\":\"\",\"description\":\"\",\"potentialAction\":[{\"@type\":\"SearchAction\",\"target\":{\"@type\":\"EntryPoint\",\"urlTemplate\":\"https:\\\/\\\/quehacerpolitico.mx\\\/?s={search_term_string}\"},\"query-input\":{\"@type\":\"PropertyValueSpecification\",\"valueRequired\":true,\"valueName\":\"search_term_string\"}}],\"inLanguage\":\"es\"},{\"@type\":\"Person\",\"@id\":\"https:\\\/\\\/quehacerpolitico.mx\\\/#\\\/schema\\\/person\\\/496d8ad2d1d3f8036101dca7ee39e585\",\"name\":\"Redacci\u00f3n QP\",\"image\":{\"@type\":\"ImageObject\",\"inLanguage\":\"es\",\"@id\":\"https:\\\/\\\/secure.gravatar.com\\\/avatar\\\/c7164ed6fdec453195284ad24a5ae5b6e1eed2b848477fa2a4787ba9adf39a41?s=96&d=mm&r=g\",\"url\":\"https:\\\/\\\/secure.gravatar.com\\\/avatar\\\/c7164ed6fdec453195284ad24a5ae5b6e1eed2b848477fa2a4787ba9adf39a41?s=96&d=mm&r=g\",\"contentUrl\":\"https:\\\/\\\/secure.gravatar.com\\\/avatar\\\/c7164ed6fdec453195284ad24a5ae5b6e1eed2b848477fa2a4787ba9adf39a41?s=96&d=mm&r=g\",\"caption\":\"Redacci\u00f3n QP\"},\"url\":\"https:\\\/\\\/quehacerpolitico.mx\\\/?author=2\"}]}<\/script>\n<!-- \/ Yoast SEO plugin. -->","yoast_head_json":{"title":"Internacionales\/\/\/Carolina Alonso Romei\/\/\/Abogados del ''Chapo'' apelan su sentencia de cadena perpetua -","robots":{"index":"index","follow":"follow","max-snippet":"max-snippet:-1","max-image-preview":"max-image-preview:large","max-video-preview":"max-video-preview:-1"},"canonical":"https:\/\/quehacerpolitico.mx\/?p=64373","og_locale":"es_MX","og_type":"article","og_title":"Internacionales\/\/\/Carolina Alonso Romei\/\/\/Abogados del ''Chapo'' apelan su sentencia de cadena perpetua -","og_description":"Abogados del &#8221;Chapo&#8221; apelan su sentencia de cadena perpetua Por Carolina Alonso Romei Los abogados...","og_url":"https:\/\/quehacerpolitico.mx\/?p=64373","article_published_time":"2020-09-05T17:29:20+00:00","og_image":[{"width":320,"height":305,"url":"https:\/\/quehacerpolitico.mx\/wp-content\/uploads\/2020\/09\/66308AC0-3D5D-4609-8F9D-C54FE545B44D.jpeg","type":"image\/jpeg"}],"author":"Redacci\u00f3n QP","twitter_card":"summary_large_image","twitter_misc":{"Escrito por":"Redacci\u00f3n QP","Tiempo de lectura":"3 minutos"},"schema":{"@context":"https:\/\/schema.org","@graph":[{"@type":"Article","@id":"https:\/\/quehacerpolitico.mx\/?p=64373#article","isPartOf":{"@id":"https:\/\/quehacerpolitico.mx\/?p=64373"},"author":{"name":"Redacci\u00f3n QP","@id":"https:\/\/quehacerpolitico.mx\/#\/schema\/person\/496d8ad2d1d3f8036101dca7ee39e585"},"headline":"Internacionales\/\/\/Carolina Alonso Romei\/\/\/Abogados del &#8221;Chapo&#8221; apelan su sentencia de cadena perpetua","datePublished":"2020-09-05T17:29:20+00:00","mainEntityOfPage":{"@id":"https:\/\/quehacerpolitico.mx\/?p=64373"},"wordCount":686,"commentCount":0,"image":{"@id":"https:\/\/quehacerpolitico.mx\/?p=64373#primaryimage"},"thumbnailUrl":"https:\/\/quehacerpolitico.mx\/wp-content\/uploads\/2020\/09\/66308AC0-3D5D-4609-8F9D-C54FE545B44D.jpeg","articleSection":["Internacionales"],"inLanguage":"es","potentialAction":[{"@type":"CommentAction","name":"Comment","target":["https:\/\/quehacerpolitico.mx\/?p=64373#respond"]}]},{"@type":"WebPage","@id":"https:\/\/quehacerpolitico.mx\/?p=64373","url":"https:\/\/quehacerpolitico.mx\/?p=64373","name":"Internacionales\/\/\/Carolina Alonso Romei\/\/\/Abogados del ''Chapo'' apelan su sentencia de cadena perpetua -","isPartOf":{"@id":"https:\/\/quehacerpolitico.mx\/#website"},"primaryImageOfPage":{"@id":"https:\/\/quehacerpolitico.mx\/?p=64373#primaryimage"},"image":{"@id":"https:\/\/quehacerpolitico.mx\/?p=64373#primaryimage"},"thumbnailUrl":"https:\/\/quehacerpolitico.mx\/wp-content\/uploads\/2020\/09\/66308AC0-3D5D-4609-8F9D-C54FE545B44D.jpeg","datePublished":"2020-09-05T17:29:20+00:00","author":{"@id":"https:\/\/quehacerpolitico.mx\/#\/schema\/person\/496d8ad2d1d3f8036101dca7ee39e585"},"breadcrumb":{"@id":"https:\/\/quehacerpolitico.mx\/?p=64373#breadcrumb"},"inLanguage":"es","potentialAction":[{"@type":"ReadAction","target":["https:\/\/quehacerpolitico.mx\/?p=64373"]}]},{"@type":"ImageObject","inLanguage":"es","@id":"https:\/\/quehacerpolitico.mx\/?p=64373#primaryimage","url":"https:\/\/quehacerpolitico.mx\/wp-content\/uploads\/2020\/09\/66308AC0-3D5D-4609-8F9D-C54FE545B44D.jpeg","contentUrl":"https:\/\/quehacerpolitico.mx\/wp-content\/uploads\/2020\/09\/66308AC0-3D5D-4609-8F9D-C54FE545B44D.jpeg","width":320,"height":305},{"@type":"BreadcrumbList","@id":"https:\/\/quehacerpolitico.mx\/?p=64373#breadcrumb","itemListElement":[{"@type":"ListItem","position":1,"name":"Inicio","item":"https:\/\/quehacerpolitico.mx\/"},{"@type":"ListItem","position":2,"name":"Internacionales\/\/\/Carolina Alonso Romei\/\/\/Abogados del &#8221;Chapo&#8221; apelan su sentencia de cadena perpetua"}]},{"@type":"WebSite","@id":"https:\/\/quehacerpolitico.mx\/#website","url":"https:\/\/quehacerpolitico.mx\/","name":"","description":"","potentialAction":[{"@type":"SearchAction","target":{"@type":"EntryPoint","urlTemplate":"https:\/\/quehacerpolitico.mx\/?s={search_term_string}"},"query-input":{"@type":"PropertyValueSpecification","valueRequired":true,"valueName":"search_term_string"}}],"inLanguage":"es"},{"@type":"Person","@id":"https:\/\/quehacerpolitico.mx\/#\/schema\/person\/496d8ad2d1d3f8036101dca7ee39e585","name":"Redacci\u00f3n QP","image":{"@type":"ImageObject","inLanguage":"es","@id":"https:\/\/secure.gravatar.com\/avatar\/c7164ed6fdec453195284ad24a5ae5b6e1eed2b848477fa2a4787ba9adf39a41?s=96&d=mm&r=g","url":"https:\/\/secure.gravatar.com\/avatar\/c7164ed6fdec453195284ad24a5ae5b6e1eed2b848477fa2a4787ba9adf39a41?s=96&d=mm&r=g","contentUrl":"https:\/\/secure.gravatar.com\/avatar\/c7164ed6fdec453195284ad24a5ae5b6e1eed2b848477fa2a4787ba9adf39a41?s=96&d=mm&r=g","caption":"Redacci\u00f3n QP"},"url":"https:\/\/quehacerpolitico.mx\/?author=2"}]}},"featured_image_urls":{"full":["https:\/\/quehacerpolitico.mx\/wp-content\/uploads\/2020\/09\/66308AC0-3D5D-4609-8F9D-C54FE545B44D.jpeg",320,305,false],"thumbnail":["https:\/\/quehacerpolitico.mx\/wp-content\/uploads\/2020\/09\/66308AC0-3D5D-4609-8F9D-C54FE545B44D-150x150.jpeg",150,150,true],"medium":["https:\/\/quehacerpolitico.mx\/wp-content\/uploads\/2020\/09\/66308AC0-3D5D-4609-8F9D-C54FE545B44D-300x286.jpeg",300,286,true],"medium_large":["https:\/\/quehacerpolitico.mx\/wp-content\/uploads\/2020\/09\/66308AC0-3D5D-4609-8F9D-C54FE545B44D.jpeg",320,305,false],"large":["https:\/\/quehacerpolitico.mx\/wp-content\/uploads\/2020\/09\/66308AC0-3D5D-4609-8F9D-C54FE545B44D.jpeg",320,305,false],"1536x1536":["https:\/\/quehacerpolitico.mx\/wp-content\/uploads\/2020\/09\/66308AC0-3D5D-4609-8F9D-C54FE545B44D.jpeg",320,305,false],"2048x2048":["https:\/\/quehacerpolitico.mx\/wp-content\/uploads\/2020\/09\/66308AC0-3D5D-4609-8F9D-C54FE545B44D.jpeg",320,305,false],"covernews-featured":["https:\/\/quehacerpolitico.mx\/wp-content\/uploads\/2020\/09\/66308AC0-3D5D-4609-8F9D-C54FE545B44D.jpeg",320,305,false],"covernews-medium":["https:\/\/quehacerpolitico.mx\/wp-content\/uploads\/2020\/09\/66308AC0-3D5D-4609-8F9D-C54FE545B44D.jpeg",320,305,false]},"author_info":{"display_name":"Redacci\u00f3n QP","author_link":"https:\/\/quehacerpolitico.mx\/?author=2"},"category_info":"<a href=\"https:\/\/quehacerpolitico.mx\/?cat=1\" rel=\"category\">Internacionales<\/a>","tag_info":"Internacionales","comment_count":"0","_links":{"self":[{"href":"https:\/\/quehacerpolitico.mx\/index.php?rest_route=\/wp\/v2\/posts\/64373","targetHints":{"allow":["GET"]}}],"collection":[{"href":"https:\/\/quehacerpolitico.mx\/index.php?rest_route=\/wp\/v2\/posts"}],"about":[{"href":"https:\/\/quehacerpolitico.mx\/index.php?rest_route=\/wp\/v2\/types\/post"}],"author":[{"embeddable":true,"href":"https:\/\/quehacerpolitico.mx\/index.php?rest_route=\/wp\/v2\/users\/2"}],"replies":[{"embeddable":true,"href":"https:\/\/quehacerpolitico.mx\/index.php?rest_route=%2Fwp%2Fv2%2Fcomments&post=64373"}],"version-history":[{"count":0,"href":"https:\/\/quehacerpolitico.mx\/index.php?rest_route=\/wp\/v2\/posts\/64373\/revisions"}],"wp:featuredmedia":[{"embeddable":true,"href":"https:\/\/quehacerpolitico.mx\/index.php?rest_route=\/wp\/v2\/media\/64374"}],"wp:attachment":[{"href":"https:\/\/quehacerpolitico.mx\/index.php?rest_route=%2Fwp%2Fv2%2Fmedia&parent=64373"}],"wp:term":[{"taxonomy":"category","embeddable":true,"href":"https:\/\/quehacerpolitico.mx\/index.php?rest_route=%2Fwp%2Fv2%2Fcategories&post=64373"},{"taxonomy":"post_tag","embeddable":true,"href":"https:\/\/quehacerpolitico.mx\/index.php?rest_route=%2Fwp%2Fv2%2Ftags&post=64373"}],"curies":[{"name":"wp","href":"https:\/\/api.w.org\/{rel}","templated":true}]}}