{"id":64264,"date":"2020-09-02T14:41:49","date_gmt":"2020-09-02T19:41:49","guid":{"rendered":"http:\/\/quehacerpolitico.mx\/?p=64264"},"modified":"2020-09-02T14:41:49","modified_gmt":"2020-09-02T19:41:49","slug":"gobierno-de-la-cdmx-va-por-la-creacion-de-300-mil-empleos-para-reactivar-economia","status":"publish","type":"post","link":"https:\/\/quehacerpolitico.mx\/?p=64264","title":{"rendered":"Gobierno de la CDMX va por la creaci\u00f3n de 300 mil empleos para reactivar econom\u00eda"},"content":{"rendered":"<h1 class=\"elementor-heading-title elementor-size-large\">Gobierno de la CDMX va por la creaci\u00f3n de 300 mil empleos para reactivar econom\u00eda<\/h1>\n<p>Por Redacci\u00f3n QP<\/p>\n<p>Para ello en lo que resta de 2020 y a principios del pr\u00f3ximo a\u00f1o se invertir\u00e1n 75 mil millones de pesos en total, con el prop\u00f3sito de crear 300 mil empleos<\/p>\n<p>El gobierno de la <strong>Ciudad de M\u00e9xico<\/strong>pretende recuperar los 220 mil empleos que se perdieron durante la <strong>pandemia<\/strong> por <strong>Covid-19<\/strong>, con el <strong>Plan de Reactivaci\u00f3n Econ\u00f3mica.<\/strong><\/p>\n<p>Para ello en lo que resta de 2020 y a principios del pr\u00f3ximo a\u00f1o se invertir\u00e1n 75 mil millones de pesos en total, con el prop\u00f3sito de crear 300 mil empleos.<\/p>\n<p>Claudia Sheinbaum, jefa de Gobierno de la Ciudad de M\u00e9xico explic\u00f3 que durante este a\u00f1o se prev\u00e9 invertir 40 mil mdp, los cuales se destinar\u00e1n a microcr\u00e9ditos y apoyos directos a personas vulnerables y negocios.<\/p>\n<p>\u201cDesde el inicio de la pandemia, en la Ciudad de M\u00e9xico se perdieron\u00a0 cerca de 220 mil empleos, por lo que nuestro objetivo es a t\u00e9rminos de este a\u00f1o y principios del siguiente,\u00a0 resarcir la perdida de empleos\u201d, expres\u00f3.<\/p>\n<p>Por su parte Luz Elena Gonz\u00e1lez, titular de la Secretar\u00eda de Administraci\u00f3n y Finanzas detall\u00f3 que el Plan consiste en diez ejes.<\/p>\n<p>1) Derechos sociales y apoyo a la poblaci\u00f3n<\/p>\n<p>2) Plan de inversi\u00f3n p\u00fablica<\/p>\n<p>3) Proyectos de construcci\u00f3n de la iniciativa privada<\/p>\n<p>4) Revitalizaci\u00f3n integral del Centro Hist\u00f3rico<\/p>\n<p>5) Reindustrializaci\u00f3n limpia Vallejo I<\/p>\n<p>6) Turismo Seguro<\/p>\n<p>7) Digitalizaci\u00f3n, simplificaci\u00f3n de tr\u00e1mites y cr\u00e9ditos accesibles a MiPyMES<\/p>\n<p>8) Proyectos estrat\u00e9gicos con inversi\u00f3n privada<\/p>\n<p>9) Aprovechamiento de los residuos urbanos y de la construcci\u00f3n<\/p>\n<p>10) Empleo temporal \u2018Mejorando la Ciudad, nuestra casa\u2019<\/p>\n<p>Cabe recordar que el 31 de agosto la jefa de Gobierno inform\u00f3 que se preparaba un Plan de Recuperaci\u00f3n Econ\u00f3mica, en donde se alistaban apoyos en coordinaci\u00f3n con Nafin, para poder dar est\u00edmulos de una forma accesible, tanto a peque\u00f1os y medianos empresarios.<\/p>\n<blockquote class=\"twitter-tweet\" data-width=\"550\" data-dnt=\"true\">\n<p lang=\"es\" dir=\"ltr\"><a href=\"https:\/\/twitter.com\/hashtag\/EnVivo?src=hash&amp;ref_src=twsrc%5Etfw\">#EnVivo<\/a> \ud83d\udd34\ud83d\udcf9 Presentamos el Programa de Reactivaci\u00f3n Econ\u00f3mica para el Bienestar de la Ciudad de M\u00e9xico.<a href=\"https:\/\/t.co\/Tdv5MdlhJu\">https:\/\/t.co\/Tdv5MdlhJu<\/a><\/p>\n<p>&mdash; Claudia Sheinbaum Pardo (@Claudiashein) <a href=\"https:\/\/twitter.com\/Claudiashein\/status\/1301190667343982592?ref_src=twsrc%5Etfw\">September 2, 2020<\/a><\/p><\/blockquote>\n<p><script async src=\"https:\/\/platform.twitter.com\/widgets.js\" charset=\"utf-8\"><\/script><\/p>\n","protected":false},"excerpt":{"rendered":"<p>Gobierno de la CDMX va por la creaci\u00f3n de 300 mil empleos para reactivar econom\u00eda&#8230;<\/p>\n","protected":false},"author":2,"featured_media":64265,"comment_status":"open","ping_status":"open","sticky":false,"template":"","format":"standard","meta":{"_monsterinsights_skip_tracking":false,"_monsterinsights_sitenote_active":false,"_monsterinsights_sitenote_note":"","_monsterinsights_sitenote_category":0,"footnotes":""},"categories":[55],"tags":[],"class_list":["post-64264","post","type-post","status-publish","format-standard","has-post-thumbnail","hentry","category-cdmx"],"yoast_head":"<!-- This site is optimized with the Yoast SEO plugin v27.3 - https:\/\/yoast.com\/product\/yoast-seo-wordpress\/ -->\n<title>Gobierno de la CDMX va por la creaci\u00f3n de 300 mil empleos para reactivar econom\u00eda -<\/title>\n<meta name=\"robots\" content=\"index, follow, max-snippet:-1, max-image-preview:large, max-video-preview:-1\" \/>\n<link rel=\"canonical\" href=\"https:\/\/quehacerpolitico.mx\/?p=64264\" \/>\n<meta property=\"og:locale\" content=\"es_MX\" \/>\n<meta property=\"og:type\" content=\"article\" \/>\n<meta property=\"og:title\" content=\"Gobierno de la CDMX va por la creaci\u00f3n de 300 mil empleos para reactivar econom\u00eda -\" \/>\n<meta property=\"og:description\" content=\"Gobierno de la CDMX va por la creaci\u00f3n de 300 mil empleos para reactivar econom\u00eda...\" \/>\n<meta property=\"og:url\" content=\"https:\/\/quehacerpolitico.mx\/?p=64264\" \/>\n<meta property=\"article:published_time\" content=\"2020-09-02T19:41:49+00:00\" \/>\n<meta property=\"og:image\" content=\"https:\/\/quehacerpolitico.mx\/wp-content\/uploads\/2020\/09\/CA04CDE5-00B3-4044-BDB2-200050430210.jpeg\" \/>\n\t<meta property=\"og:image:width\" content=\"1024\" \/>\n\t<meta property=\"og:image:height\" content=\"683\" \/>\n\t<meta property=\"og:image:type\" content=\"image\/jpeg\" \/>\n<meta name=\"author\" content=\"Redacci\u00f3n QP\" \/>\n<meta name=\"twitter:card\" content=\"summary_large_image\" \/>\n<meta name=\"twitter:label1\" content=\"Escrito por\" \/>\n\t<meta name=\"twitter:data1\" content=\"Redacci\u00f3n QP\" \/>\n\t<meta name=\"twitter:label2\" content=\"Tiempo de lectura\" \/>\n\t<meta name=\"twitter:data2\" content=\"2 minutos\" \/>\n<script type=\"application\/ld+json\" class=\"yoast-schema-graph\">{\"@context\":\"https:\\\/\\\/schema.org\",\"@graph\":[{\"@type\":\"Article\",\"@id\":\"https:\\\/\\\/quehacerpolitico.mx\\\/?p=64264#article\",\"isPartOf\":{\"@id\":\"https:\\\/\\\/quehacerpolitico.mx\\\/?p=64264\"},\"author\":{\"name\":\"Redacci\u00f3n QP\",\"@id\":\"https:\\\/\\\/quehacerpolitico.mx\\\/#\\\/schema\\\/person\\\/496d8ad2d1d3f8036101dca7ee39e585\"},\"headline\":\"Gobierno de la CDMX va por la creaci\u00f3n de 300 mil empleos para reactivar econom\u00eda\",\"datePublished\":\"2020-09-02T19:41:49+00:00\",\"mainEntityOfPage\":{\"@id\":\"https:\\\/\\\/quehacerpolitico.mx\\\/?p=64264\"},\"wordCount\":358,\"commentCount\":0,\"image\":{\"@id\":\"https:\\\/\\\/quehacerpolitico.mx\\\/?p=64264#primaryimage\"},\"thumbnailUrl\":\"https:\\\/\\\/quehacerpolitico.mx\\\/wp-content\\\/uploads\\\/2020\\\/09\\\/CA04CDE5-00B3-4044-BDB2-200050430210.jpeg\",\"articleSection\":[\"CDMX\"],\"inLanguage\":\"es\",\"potentialAction\":[{\"@type\":\"CommentAction\",\"name\":\"Comment\",\"target\":[\"https:\\\/\\\/quehacerpolitico.mx\\\/?p=64264#respond\"]}]},{\"@type\":\"WebPage\",\"@id\":\"https:\\\/\\\/quehacerpolitico.mx\\\/?p=64264\",\"url\":\"https:\\\/\\\/quehacerpolitico.mx\\\/?p=64264\",\"name\":\"Gobierno de la CDMX va por la creaci\u00f3n de 300 mil empleos para reactivar econom\u00eda -\",\"isPartOf\":{\"@id\":\"https:\\\/\\\/quehacerpolitico.mx\\\/#website\"},\"primaryImageOfPage\":{\"@id\":\"https:\\\/\\\/quehacerpolitico.mx\\\/?p=64264#primaryimage\"},\"image\":{\"@id\":\"https:\\\/\\\/quehacerpolitico.mx\\\/?p=64264#primaryimage\"},\"thumbnailUrl\":\"https:\\\/\\\/quehacerpolitico.mx\\\/wp-content\\\/uploads\\\/2020\\\/09\\\/CA04CDE5-00B3-4044-BDB2-200050430210.jpeg\",\"datePublished\":\"2020-09-02T19:41:49+00:00\",\"author\":{\"@id\":\"https:\\\/\\\/quehacerpolitico.mx\\\/#\\\/schema\\\/person\\\/496d8ad2d1d3f8036101dca7ee39e585\"},\"breadcrumb\":{\"@id\":\"https:\\\/\\\/quehacerpolitico.mx\\\/?p=64264#breadcrumb\"},\"inLanguage\":\"es\",\"potentialAction\":[{\"@type\":\"ReadAction\",\"target\":[\"https:\\\/\\\/quehacerpolitico.mx\\\/?p=64264\"]}]},{\"@type\":\"ImageObject\",\"inLanguage\":\"es\",\"@id\":\"https:\\\/\\\/quehacerpolitico.mx\\\/?p=64264#primaryimage\",\"url\":\"https:\\\/\\\/quehacerpolitico.mx\\\/wp-content\\\/uploads\\\/2020\\\/09\\\/CA04CDE5-00B3-4044-BDB2-200050430210.jpeg\",\"contentUrl\":\"https:\\\/\\\/quehacerpolitico.mx\\\/wp-content\\\/uploads\\\/2020\\\/09\\\/CA04CDE5-00B3-4044-BDB2-200050430210.jpeg\",\"width\":1024,\"height\":683},{\"@type\":\"BreadcrumbList\",\"@id\":\"https:\\\/\\\/quehacerpolitico.mx\\\/?p=64264#breadcrumb\",\"itemListElement\":[{\"@type\":\"ListItem\",\"position\":1,\"name\":\"Inicio\",\"item\":\"https:\\\/\\\/quehacerpolitico.mx\\\/\"},{\"@type\":\"ListItem\",\"position\":2,\"name\":\"Gobierno de la CDMX va por la creaci\u00f3n de 300 mil empleos para reactivar econom\u00eda\"}]},{\"@type\":\"WebSite\",\"@id\":\"https:\\\/\\\/quehacerpolitico.mx\\\/#website\",\"url\":\"https:\\\/\\\/quehacerpolitico.mx\\\/\",\"name\":\"\",\"description\":\"\",\"potentialAction\":[{\"@type\":\"SearchAction\",\"target\":{\"@type\":\"EntryPoint\",\"urlTemplate\":\"https:\\\/\\\/quehacerpolitico.mx\\\/?s={search_term_string}\"},\"query-input\":{\"@type\":\"PropertyValueSpecification\",\"valueRequired\":true,\"valueName\":\"search_term_string\"}}],\"inLanguage\":\"es\"},{\"@type\":\"Person\",\"@id\":\"https:\\\/\\\/quehacerpolitico.mx\\\/#\\\/schema\\\/person\\\/496d8ad2d1d3f8036101dca7ee39e585\",\"name\":\"Redacci\u00f3n QP\",\"image\":{\"@type\":\"ImageObject\",\"inLanguage\":\"es\",\"@id\":\"https:\\\/\\\/secure.gravatar.com\\\/avatar\\\/c7164ed6fdec453195284ad24a5ae5b6e1eed2b848477fa2a4787ba9adf39a41?s=96&d=mm&r=g\",\"url\":\"https:\\\/\\\/secure.gravatar.com\\\/avatar\\\/c7164ed6fdec453195284ad24a5ae5b6e1eed2b848477fa2a4787ba9adf39a41?s=96&d=mm&r=g\",\"contentUrl\":\"https:\\\/\\\/secure.gravatar.com\\\/avatar\\\/c7164ed6fdec453195284ad24a5ae5b6e1eed2b848477fa2a4787ba9adf39a41?s=96&d=mm&r=g\",\"caption\":\"Redacci\u00f3n QP\"},\"url\":\"https:\\\/\\\/quehacerpolitico.mx\\\/?author=2\"}]}<\/script>\n<!-- \/ Yoast SEO plugin. -->","yoast_head_json":{"title":"Gobierno de la CDMX va por la creaci\u00f3n de 300 mil empleos para reactivar econom\u00eda -","robots":{"index":"index","follow":"follow","max-snippet":"max-snippet:-1","max-image-preview":"max-image-preview:large","max-video-preview":"max-video-preview:-1"},"canonical":"https:\/\/quehacerpolitico.mx\/?p=64264","og_locale":"es_MX","og_type":"article","og_title":"Gobierno de la CDMX va por la creaci\u00f3n de 300 mil empleos para reactivar econom\u00eda -","og_description":"Gobierno de la CDMX va por la creaci\u00f3n de 300 mil empleos para reactivar econom\u00eda...","og_url":"https:\/\/quehacerpolitico.mx\/?p=64264","article_published_time":"2020-09-02T19:41:49+00:00","og_image":[{"width":1024,"height":683,"url":"https:\/\/quehacerpolitico.mx\/wp-content\/uploads\/2020\/09\/CA04CDE5-00B3-4044-BDB2-200050430210.jpeg","type":"image\/jpeg"}],"author":"Redacci\u00f3n QP","twitter_card":"summary_large_image","twitter_misc":{"Escrito por":"Redacci\u00f3n QP","Tiempo de lectura":"2 minutos"},"schema":{"@context":"https:\/\/schema.org","@graph":[{"@type":"Article","@id":"https:\/\/quehacerpolitico.mx\/?p=64264#article","isPartOf":{"@id":"https:\/\/quehacerpolitico.mx\/?p=64264"},"author":{"name":"Redacci\u00f3n QP","@id":"https:\/\/quehacerpolitico.mx\/#\/schema\/person\/496d8ad2d1d3f8036101dca7ee39e585"},"headline":"Gobierno de la CDMX va por la creaci\u00f3n de 300 mil empleos para reactivar econom\u00eda","datePublished":"2020-09-02T19:41:49+00:00","mainEntityOfPage":{"@id":"https:\/\/quehacerpolitico.mx\/?p=64264"},"wordCount":358,"commentCount":0,"image":{"@id":"https:\/\/quehacerpolitico.mx\/?p=64264#primaryimage"},"thumbnailUrl":"https:\/\/quehacerpolitico.mx\/wp-content\/uploads\/2020\/09\/CA04CDE5-00B3-4044-BDB2-200050430210.jpeg","articleSection":["CDMX"],"inLanguage":"es","potentialAction":[{"@type":"CommentAction","name":"Comment","target":["https:\/\/quehacerpolitico.mx\/?p=64264#respond"]}]},{"@type":"WebPage","@id":"https:\/\/quehacerpolitico.mx\/?p=64264","url":"https:\/\/quehacerpolitico.mx\/?p=64264","name":"Gobierno de la CDMX va por la creaci\u00f3n de 300 mil empleos para reactivar econom\u00eda -","isPartOf":{"@id":"https:\/\/quehacerpolitico.mx\/#website"},"primaryImageOfPage":{"@id":"https:\/\/quehacerpolitico.mx\/?p=64264#primaryimage"},"image":{"@id":"https:\/\/quehacerpolitico.mx\/?p=64264#primaryimage"},"thumbnailUrl":"https:\/\/quehacerpolitico.mx\/wp-content\/uploads\/2020\/09\/CA04CDE5-00B3-4044-BDB2-200050430210.jpeg","datePublished":"2020-09-02T19:41:49+00:00","author":{"@id":"https:\/\/quehacerpolitico.mx\/#\/schema\/person\/496d8ad2d1d3f8036101dca7ee39e585"},"breadcrumb":{"@id":"https:\/\/quehacerpolitico.mx\/?p=64264#breadcrumb"},"inLanguage":"es","potentialAction":[{"@type":"ReadAction","target":["https:\/\/quehacerpolitico.mx\/?p=64264"]}]},{"@type":"ImageObject","inLanguage":"es","@id":"https:\/\/quehacerpolitico.mx\/?p=64264#primaryimage","url":"https:\/\/quehacerpolitico.mx\/wp-content\/uploads\/2020\/09\/CA04CDE5-00B3-4044-BDB2-200050430210.jpeg","contentUrl":"https:\/\/quehacerpolitico.mx\/wp-content\/uploads\/2020\/09\/CA04CDE5-00B3-4044-BDB2-200050430210.jpeg","width":1024,"height":683},{"@type":"BreadcrumbList","@id":"https:\/\/quehacerpolitico.mx\/?p=64264#breadcrumb","itemListElement":[{"@type":"ListItem","position":1,"name":"Inicio","item":"https:\/\/quehacerpolitico.mx\/"},{"@type":"ListItem","position":2,"name":"Gobierno de la CDMX va por la creaci\u00f3n de 300 mil empleos para reactivar econom\u00eda"}]},{"@type":"WebSite","@id":"https:\/\/quehacerpolitico.mx\/#website","url":"https:\/\/quehacerpolitico.mx\/","name":"","description":"","potentialAction":[{"@type":"SearchAction","target":{"@type":"EntryPoint","urlTemplate":"https:\/\/quehacerpolitico.mx\/?s={search_term_string}"},"query-input":{"@type":"PropertyValueSpecification","valueRequired":true,"valueName":"search_term_string"}}],"inLanguage":"es"},{"@type":"Person","@id":"https:\/\/quehacerpolitico.mx\/#\/schema\/person\/496d8ad2d1d3f8036101dca7ee39e585","name":"Redacci\u00f3n QP","image":{"@type":"ImageObject","inLanguage":"es","@id":"https:\/\/secure.gravatar.com\/avatar\/c7164ed6fdec453195284ad24a5ae5b6e1eed2b848477fa2a4787ba9adf39a41?s=96&d=mm&r=g","url":"https:\/\/secure.gravatar.com\/avatar\/c7164ed6fdec453195284ad24a5ae5b6e1eed2b848477fa2a4787ba9adf39a41?s=96&d=mm&r=g","contentUrl":"https:\/\/secure.gravatar.com\/avatar\/c7164ed6fdec453195284ad24a5ae5b6e1eed2b848477fa2a4787ba9adf39a41?s=96&d=mm&r=g","caption":"Redacci\u00f3n QP"},"url":"https:\/\/quehacerpolitico.mx\/?author=2"}]}},"featured_image_urls":{"full":["https:\/\/quehacerpolitico.mx\/wp-content\/uploads\/2020\/09\/CA04CDE5-00B3-4044-BDB2-200050430210.jpeg",1024,683,false],"thumbnail":["https:\/\/quehacerpolitico.mx\/wp-content\/uploads\/2020\/09\/CA04CDE5-00B3-4044-BDB2-200050430210-150x150.jpeg",150,150,true],"medium":["https:\/\/quehacerpolitico.mx\/wp-content\/uploads\/2020\/09\/CA04CDE5-00B3-4044-BDB2-200050430210-300x200.jpeg",300,200,true],"medium_large":["https:\/\/quehacerpolitico.mx\/wp-content\/uploads\/2020\/09\/CA04CDE5-00B3-4044-BDB2-200050430210-768x512.jpeg",640,427,true],"large":["https:\/\/quehacerpolitico.mx\/wp-content\/uploads\/2020\/09\/CA04CDE5-00B3-4044-BDB2-200050430210.jpeg",640,427,false],"1536x1536":["https:\/\/quehacerpolitico.mx\/wp-content\/uploads\/2020\/09\/CA04CDE5-00B3-4044-BDB2-200050430210.jpeg",1024,683,false],"2048x2048":["https:\/\/quehacerpolitico.mx\/wp-content\/uploads\/2020\/09\/CA04CDE5-00B3-4044-BDB2-200050430210.jpeg",1024,683,false],"covernews-featured":["https:\/\/quehacerpolitico.mx\/wp-content\/uploads\/2020\/09\/CA04CDE5-00B3-4044-BDB2-200050430210.jpeg",1024,683,false],"covernews-medium":["https:\/\/quehacerpolitico.mx\/wp-content\/uploads\/2020\/09\/CA04CDE5-00B3-4044-BDB2-200050430210.jpeg",510,340,false]},"author_info":{"display_name":"Redacci\u00f3n QP","author_link":"https:\/\/quehacerpolitico.mx\/?author=2"},"category_info":"<a href=\"https:\/\/quehacerpolitico.mx\/?cat=55\" rel=\"category\">CDMX<\/a>","tag_info":"CDMX","comment_count":"0","_links":{"self":[{"href":"https:\/\/quehacerpolitico.mx\/index.php?rest_route=\/wp\/v2\/posts\/64264","targetHints":{"allow":["GET"]}}],"collection":[{"href":"https:\/\/quehacerpolitico.mx\/index.php?rest_route=\/wp\/v2\/posts"}],"about":[{"href":"https:\/\/quehacerpolitico.mx\/index.php?rest_route=\/wp\/v2\/types\/post"}],"author":[{"embeddable":true,"href":"https:\/\/quehacerpolitico.mx\/index.php?rest_route=\/wp\/v2\/users\/2"}],"replies":[{"embeddable":true,"href":"https:\/\/quehacerpolitico.mx\/index.php?rest_route=%2Fwp%2Fv2%2Fcomments&post=64264"}],"version-history":[{"count":0,"href":"https:\/\/quehacerpolitico.mx\/index.php?rest_route=\/wp\/v2\/posts\/64264\/revisions"}],"wp:featuredmedia":[{"embeddable":true,"href":"https:\/\/quehacerpolitico.mx\/index.php?rest_route=\/wp\/v2\/media\/64265"}],"wp:attachment":[{"href":"https:\/\/quehacerpolitico.mx\/index.php?rest_route=%2Fwp%2Fv2%2Fmedia&parent=64264"}],"wp:term":[{"taxonomy":"category","embeddable":true,"href":"https:\/\/quehacerpolitico.mx\/index.php?rest_route=%2Fwp%2Fv2%2Fcategories&post=64264"},{"taxonomy":"post_tag","embeddable":true,"href":"https:\/\/quehacerpolitico.mx\/index.php?rest_route=%2Fwp%2Fv2%2Ftags&post=64264"}],"curies":[{"name":"wp","href":"https:\/\/api.w.org\/{rel}","templated":true}]}}