{"id":64177,"date":"2020-09-01T12:06:30","date_gmt":"2020-09-01T17:06:30","guid":{"rendered":"http:\/\/quehacerpolitico.mx\/?p=64177"},"modified":"2020-09-01T12:06:30","modified_gmt":"2020-09-01T17:06:30","slug":"lopez-obrador-dice-que-mexico-saldra-de-pandemia-con-sistema-de-salud-fuerte","status":"publish","type":"post","link":"https:\/\/quehacerpolitico.mx\/?p=64177","title":{"rendered":"L\u00f3pez Obrador dice que M\u00e9xico saldr\u00e1 de pandemia con sistema de salud fuerte"},"content":{"rendered":"<h1 class=\"news-title\">L\u00f3pez Obrador dice que M\u00e9xico saldr\u00e1 de pandemia con sistema de salud fuerte<br \/>\nPor Redacci\u00f3n QP<\/h1>\n<p>El Presidente reconoci\u00f3 que el COVID-19 ha dejado &#8220;dolor, tristeza y penurias, pero tambi\u00e9n ha fortalecido el amor de las familias&#8221;<\/p>\n<p>El Presidente de M\u00e9xico, Andr\u00e9s Manuel L\u00f3pez Obrador, dijo este martes que su pa\u00eds saldr\u00e1 de la pandemia del COVID-19 con un sistema de salud fortalecido y que la enfermedad ha dejado dolor y tristeza pero tambi\u00e9n ha reforzado el amor de las familias y el humanismo de los trabajadores de la salud.<\/p>\n<p>Al presentar su segundo informe de Gobierno, <strong>el Mandatario apunt\u00f3 que la pandemia &#8220;no es asunto pol\u00edtico sino de salud p\u00fablica&#8221; y por eso confi\u00f3 las decisiones en la materia a un equipo de profesionales con gran experiencia y capacidad con Hugo L\u00f3pez-Gatell, quien es el encargado de la estrategia contra la pandemia en este pa\u00eds<\/strong>.<\/p>\n<p>Hasta este lunes, M\u00e9xico registraba 599 mil 560 casos acumulados y 64 mil 414 muertes.<\/p>\n<p>&#8220;El coronavirus nos ha dejado dolor, tristeza y penurias pero tambi\u00e9n ha fortalecido el amor de las familias, ha demostrado el humanismo y la entrega de los trabajadores de salud y ha resaltado la conocida fraternidad de nuestro pueblo&#8221;, expres\u00f3 L\u00f3pez Obrador en en el acto celebrado en el patio central del Palacio Nacional en la Ciudad de M\u00e9xico.<\/p>\n<p>&#8220;Es indudable que saldremos de la pandemia con un mejor sistema de salud&#8221;, a\u00f1adi\u00f3.<\/p>\n<p><strong>L\u00f3pez Obrador se\u00f1al\u00f3 que recibi\u00f3 el Gobierno, el 1 de diciembre de 2018, con 401 hospitales abandonados, saqueados o a medio construir y con un d\u00e9ficit de m\u00e1s de 200 mil profesionales sanitarios<\/strong>.<\/p>\n<p>Dijo que en pocos meses, la pandemia inici\u00f3 en M\u00e9xico a finales de febrero, su Gobierno ha reconvertido, con el apoyo de los Gobiernos estatales y de las Secretar\u00edas de Marina y de la Defensa Nacional 969 hospitales para atender pacientes con COVID-19 y se han instalado 32 mil 203 camas generales y 10 mil 612 camas con ventilador.<\/p>\n<p>Adem\u00e1s de que se han contratado unos 47 mil m\u00e9dicos generales, especialistas y enfermeras y otros trabajadores de la salud.<\/p>\n<p>Record\u00f3 que M\u00e9xico propuso ante la ONU una iniciativa para que los medicamentos y vacunas tengan car\u00e1cter no lucrativo, adem\u00e1s de que M\u00e9xico participa en principales esfuerzos internacionales para desarrolla una vacuna contra el COVID-19.<\/p>\n<p>L\u00f3pez Obrador destac\u00f3 el compromiso que el Gobierno de M\u00e9xico concret\u00f3 con la Universidad Oxford, con la firma AstraZeneca, con la fundaci\u00f3n Carlos Slim y con el Gobierno de Argentina.<\/p>\n<p><strong>&#8220;Esperamos que ese acuerdo d\u00e9 resultados desde noviembre y que podamos empezar aplicar la vacuna, a m\u00e1s tardar, a principios del a\u00f1o pr\u00f3ximo de manera universal y gratuita&#8221;<\/strong>, apunt\u00f3.<\/p>\n<p>Dijo que la emergencia sanitaria mundial &#8220;ha planteado problemas muy graves para todos los pa\u00edses&#8221; y obliga a todos a repensar y a cambiar muchas cosas.<\/p>\n<p>Adem\u00e1s del tremendo dolor que ha causado la pandemia con casi 65 mil muertos en el pa\u00eds, el Mandatario dijo que se ha comprobado que sus efectos son m\u00e1s graves si se padecen enfermedades como hipertensi\u00f3n, obesidad o diabetes.<\/p>\n<p>&#8220;Por eso debemos cuidar nuestra alimentaci\u00f3n y no consumir productos chatarra. Y, por salud, debemos practicar ejercicio y deporte para fortalecer nuestros sistema inmune y bajar de peso&#8221;.<\/p>\n<p>Con informaci\u00f3n de EFE<\/p>\n","protected":false},"excerpt":{"rendered":"<p>L\u00f3pez Obrador dice que M\u00e9xico saldr\u00e1 de pandemia con sistema de salud fuerte Por Redacci\u00f3n&#8230;<\/p>\n","protected":false},"author":2,"featured_media":64178,"comment_status":"open","ping_status":"open","sticky":false,"template":"","format":"standard","meta":{"_monsterinsights_skip_tracking":false,"_monsterinsights_sitenote_active":false,"_monsterinsights_sitenote_note":"","_monsterinsights_sitenote_category":0,"footnotes":""},"categories":[2],"tags":[],"class_list":["post-64177","post","type-post","status-publish","format-standard","has-post-thumbnail","hentry","category-noticias"],"yoast_head":"<!-- This site is optimized with the Yoast SEO plugin v27.3 - https:\/\/yoast.com\/product\/yoast-seo-wordpress\/ -->\n<title>L\u00f3pez Obrador dice que M\u00e9xico saldr\u00e1 de pandemia con sistema de salud fuerte -<\/title>\n<meta name=\"robots\" content=\"index, follow, max-snippet:-1, max-image-preview:large, max-video-preview:-1\" \/>\n<link rel=\"canonical\" href=\"https:\/\/quehacerpolitico.mx\/?p=64177\" \/>\n<meta property=\"og:locale\" content=\"es_MX\" \/>\n<meta property=\"og:type\" content=\"article\" \/>\n<meta property=\"og:title\" content=\"L\u00f3pez Obrador dice que M\u00e9xico saldr\u00e1 de pandemia con sistema de salud fuerte -\" \/>\n<meta property=\"og:description\" content=\"L\u00f3pez Obrador dice que M\u00e9xico saldr\u00e1 de pandemia con sistema de salud fuerte Por Redacci\u00f3n...\" \/>\n<meta property=\"og:url\" content=\"https:\/\/quehacerpolitico.mx\/?p=64177\" \/>\n<meta property=\"article:published_time\" content=\"2020-09-01T17:06:30+00:00\" \/>\n<meta property=\"og:image\" content=\"https:\/\/quehacerpolitico.mx\/wp-content\/uploads\/2020\/09\/00859F0B-CC34-4A85-B919-EEBF171C49E9.jpeg\" \/>\n\t<meta property=\"og:image:width\" content=\"1225\" \/>\n\t<meta property=\"og:image:height\" content=\"684\" \/>\n\t<meta property=\"og:image:type\" content=\"image\/jpeg\" \/>\n<meta name=\"author\" content=\"Redacci\u00f3n QP\" \/>\n<meta name=\"twitter:card\" content=\"summary_large_image\" \/>\n<meta name=\"twitter:label1\" content=\"Escrito por\" \/>\n\t<meta name=\"twitter:data1\" content=\"Redacci\u00f3n QP\" \/>\n\t<meta name=\"twitter:label2\" content=\"Tiempo de lectura\" \/>\n\t<meta name=\"twitter:data2\" content=\"3 minutos\" \/>\n<script type=\"application\/ld+json\" class=\"yoast-schema-graph\">{\"@context\":\"https:\\\/\\\/schema.org\",\"@graph\":[{\"@type\":\"Article\",\"@id\":\"https:\\\/\\\/quehacerpolitico.mx\\\/?p=64177#article\",\"isPartOf\":{\"@id\":\"https:\\\/\\\/quehacerpolitico.mx\\\/?p=64177\"},\"author\":{\"name\":\"Redacci\u00f3n QP\",\"@id\":\"https:\\\/\\\/quehacerpolitico.mx\\\/#\\\/schema\\\/person\\\/496d8ad2d1d3f8036101dca7ee39e585\"},\"headline\":\"L\u00f3pez Obrador dice que M\u00e9xico saldr\u00e1 de pandemia con sistema de salud fuerte\",\"datePublished\":\"2020-09-01T17:06:30+00:00\",\"mainEntityOfPage\":{\"@id\":\"https:\\\/\\\/quehacerpolitico.mx\\\/?p=64177\"},\"wordCount\":580,\"commentCount\":0,\"image\":{\"@id\":\"https:\\\/\\\/quehacerpolitico.mx\\\/?p=64177#primaryimage\"},\"thumbnailUrl\":\"https:\\\/\\\/quehacerpolitico.mx\\\/wp-content\\\/uploads\\\/2020\\\/09\\\/00859F0B-CC34-4A85-B919-EEBF171C49E9.jpeg\",\"articleSection\":[\"Noticias\"],\"inLanguage\":\"es\",\"potentialAction\":[{\"@type\":\"CommentAction\",\"name\":\"Comment\",\"target\":[\"https:\\\/\\\/quehacerpolitico.mx\\\/?p=64177#respond\"]}]},{\"@type\":\"WebPage\",\"@id\":\"https:\\\/\\\/quehacerpolitico.mx\\\/?p=64177\",\"url\":\"https:\\\/\\\/quehacerpolitico.mx\\\/?p=64177\",\"name\":\"L\u00f3pez Obrador dice que M\u00e9xico saldr\u00e1 de pandemia con sistema de salud fuerte -\",\"isPartOf\":{\"@id\":\"https:\\\/\\\/quehacerpolitico.mx\\\/#website\"},\"primaryImageOfPage\":{\"@id\":\"https:\\\/\\\/quehacerpolitico.mx\\\/?p=64177#primaryimage\"},\"image\":{\"@id\":\"https:\\\/\\\/quehacerpolitico.mx\\\/?p=64177#primaryimage\"},\"thumbnailUrl\":\"https:\\\/\\\/quehacerpolitico.mx\\\/wp-content\\\/uploads\\\/2020\\\/09\\\/00859F0B-CC34-4A85-B919-EEBF171C49E9.jpeg\",\"datePublished\":\"2020-09-01T17:06:30+00:00\",\"author\":{\"@id\":\"https:\\\/\\\/quehacerpolitico.mx\\\/#\\\/schema\\\/person\\\/496d8ad2d1d3f8036101dca7ee39e585\"},\"breadcrumb\":{\"@id\":\"https:\\\/\\\/quehacerpolitico.mx\\\/?p=64177#breadcrumb\"},\"inLanguage\":\"es\",\"potentialAction\":[{\"@type\":\"ReadAction\",\"target\":[\"https:\\\/\\\/quehacerpolitico.mx\\\/?p=64177\"]}]},{\"@type\":\"ImageObject\",\"inLanguage\":\"es\",\"@id\":\"https:\\\/\\\/quehacerpolitico.mx\\\/?p=64177#primaryimage\",\"url\":\"https:\\\/\\\/quehacerpolitico.mx\\\/wp-content\\\/uploads\\\/2020\\\/09\\\/00859F0B-CC34-4A85-B919-EEBF171C49E9.jpeg\",\"contentUrl\":\"https:\\\/\\\/quehacerpolitico.mx\\\/wp-content\\\/uploads\\\/2020\\\/09\\\/00859F0B-CC34-4A85-B919-EEBF171C49E9.jpeg\",\"width\":1225,\"height\":684},{\"@type\":\"BreadcrumbList\",\"@id\":\"https:\\\/\\\/quehacerpolitico.mx\\\/?p=64177#breadcrumb\",\"itemListElement\":[{\"@type\":\"ListItem\",\"position\":1,\"name\":\"Inicio\",\"item\":\"https:\\\/\\\/quehacerpolitico.mx\\\/\"},{\"@type\":\"ListItem\",\"position\":2,\"name\":\"L\u00f3pez Obrador dice que M\u00e9xico saldr\u00e1 de pandemia con sistema de salud fuerte\"}]},{\"@type\":\"WebSite\",\"@id\":\"https:\\\/\\\/quehacerpolitico.mx\\\/#website\",\"url\":\"https:\\\/\\\/quehacerpolitico.mx\\\/\",\"name\":\"\",\"description\":\"\",\"potentialAction\":[{\"@type\":\"SearchAction\",\"target\":{\"@type\":\"EntryPoint\",\"urlTemplate\":\"https:\\\/\\\/quehacerpolitico.mx\\\/?s={search_term_string}\"},\"query-input\":{\"@type\":\"PropertyValueSpecification\",\"valueRequired\":true,\"valueName\":\"search_term_string\"}}],\"inLanguage\":\"es\"},{\"@type\":\"Person\",\"@id\":\"https:\\\/\\\/quehacerpolitico.mx\\\/#\\\/schema\\\/person\\\/496d8ad2d1d3f8036101dca7ee39e585\",\"name\":\"Redacci\u00f3n QP\",\"image\":{\"@type\":\"ImageObject\",\"inLanguage\":\"es\",\"@id\":\"https:\\\/\\\/secure.gravatar.com\\\/avatar\\\/c7164ed6fdec453195284ad24a5ae5b6e1eed2b848477fa2a4787ba9adf39a41?s=96&d=mm&r=g\",\"url\":\"https:\\\/\\\/secure.gravatar.com\\\/avatar\\\/c7164ed6fdec453195284ad24a5ae5b6e1eed2b848477fa2a4787ba9adf39a41?s=96&d=mm&r=g\",\"contentUrl\":\"https:\\\/\\\/secure.gravatar.com\\\/avatar\\\/c7164ed6fdec453195284ad24a5ae5b6e1eed2b848477fa2a4787ba9adf39a41?s=96&d=mm&r=g\",\"caption\":\"Redacci\u00f3n QP\"},\"url\":\"https:\\\/\\\/quehacerpolitico.mx\\\/?author=2\"}]}<\/script>\n<!-- \/ Yoast SEO plugin. -->","yoast_head_json":{"title":"L\u00f3pez Obrador dice que M\u00e9xico saldr\u00e1 de pandemia con sistema de salud fuerte -","robots":{"index":"index","follow":"follow","max-snippet":"max-snippet:-1","max-image-preview":"max-image-preview:large","max-video-preview":"max-video-preview:-1"},"canonical":"https:\/\/quehacerpolitico.mx\/?p=64177","og_locale":"es_MX","og_type":"article","og_title":"L\u00f3pez Obrador dice que M\u00e9xico saldr\u00e1 de pandemia con sistema de salud fuerte -","og_description":"L\u00f3pez Obrador dice que M\u00e9xico saldr\u00e1 de pandemia con sistema de salud fuerte Por Redacci\u00f3n...","og_url":"https:\/\/quehacerpolitico.mx\/?p=64177","article_published_time":"2020-09-01T17:06:30+00:00","og_image":[{"width":1225,"height":684,"url":"https:\/\/quehacerpolitico.mx\/wp-content\/uploads\/2020\/09\/00859F0B-CC34-4A85-B919-EEBF171C49E9.jpeg","type":"image\/jpeg"}],"author":"Redacci\u00f3n QP","twitter_card":"summary_large_image","twitter_misc":{"Escrito por":"Redacci\u00f3n QP","Tiempo de lectura":"3 minutos"},"schema":{"@context":"https:\/\/schema.org","@graph":[{"@type":"Article","@id":"https:\/\/quehacerpolitico.mx\/?p=64177#article","isPartOf":{"@id":"https:\/\/quehacerpolitico.mx\/?p=64177"},"author":{"name":"Redacci\u00f3n QP","@id":"https:\/\/quehacerpolitico.mx\/#\/schema\/person\/496d8ad2d1d3f8036101dca7ee39e585"},"headline":"L\u00f3pez Obrador dice que M\u00e9xico saldr\u00e1 de pandemia con sistema de salud fuerte","datePublished":"2020-09-01T17:06:30+00:00","mainEntityOfPage":{"@id":"https:\/\/quehacerpolitico.mx\/?p=64177"},"wordCount":580,"commentCount":0,"image":{"@id":"https:\/\/quehacerpolitico.mx\/?p=64177#primaryimage"},"thumbnailUrl":"https:\/\/quehacerpolitico.mx\/wp-content\/uploads\/2020\/09\/00859F0B-CC34-4A85-B919-EEBF171C49E9.jpeg","articleSection":["Noticias"],"inLanguage":"es","potentialAction":[{"@type":"CommentAction","name":"Comment","target":["https:\/\/quehacerpolitico.mx\/?p=64177#respond"]}]},{"@type":"WebPage","@id":"https:\/\/quehacerpolitico.mx\/?p=64177","url":"https:\/\/quehacerpolitico.mx\/?p=64177","name":"L\u00f3pez Obrador dice que M\u00e9xico saldr\u00e1 de pandemia con sistema de salud fuerte -","isPartOf":{"@id":"https:\/\/quehacerpolitico.mx\/#website"},"primaryImageOfPage":{"@id":"https:\/\/quehacerpolitico.mx\/?p=64177#primaryimage"},"image":{"@id":"https:\/\/quehacerpolitico.mx\/?p=64177#primaryimage"},"thumbnailUrl":"https:\/\/quehacerpolitico.mx\/wp-content\/uploads\/2020\/09\/00859F0B-CC34-4A85-B919-EEBF171C49E9.jpeg","datePublished":"2020-09-01T17:06:30+00:00","author":{"@id":"https:\/\/quehacerpolitico.mx\/#\/schema\/person\/496d8ad2d1d3f8036101dca7ee39e585"},"breadcrumb":{"@id":"https:\/\/quehacerpolitico.mx\/?p=64177#breadcrumb"},"inLanguage":"es","potentialAction":[{"@type":"ReadAction","target":["https:\/\/quehacerpolitico.mx\/?p=64177"]}]},{"@type":"ImageObject","inLanguage":"es","@id":"https:\/\/quehacerpolitico.mx\/?p=64177#primaryimage","url":"https:\/\/quehacerpolitico.mx\/wp-content\/uploads\/2020\/09\/00859F0B-CC34-4A85-B919-EEBF171C49E9.jpeg","contentUrl":"https:\/\/quehacerpolitico.mx\/wp-content\/uploads\/2020\/09\/00859F0B-CC34-4A85-B919-EEBF171C49E9.jpeg","width":1225,"height":684},{"@type":"BreadcrumbList","@id":"https:\/\/quehacerpolitico.mx\/?p=64177#breadcrumb","itemListElement":[{"@type":"ListItem","position":1,"name":"Inicio","item":"https:\/\/quehacerpolitico.mx\/"},{"@type":"ListItem","position":2,"name":"L\u00f3pez Obrador dice que M\u00e9xico saldr\u00e1 de pandemia con sistema de salud fuerte"}]},{"@type":"WebSite","@id":"https:\/\/quehacerpolitico.mx\/#website","url":"https:\/\/quehacerpolitico.mx\/","name":"","description":"","potentialAction":[{"@type":"SearchAction","target":{"@type":"EntryPoint","urlTemplate":"https:\/\/quehacerpolitico.mx\/?s={search_term_string}"},"query-input":{"@type":"PropertyValueSpecification","valueRequired":true,"valueName":"search_term_string"}}],"inLanguage":"es"},{"@type":"Person","@id":"https:\/\/quehacerpolitico.mx\/#\/schema\/person\/496d8ad2d1d3f8036101dca7ee39e585","name":"Redacci\u00f3n QP","image":{"@type":"ImageObject","inLanguage":"es","@id":"https:\/\/secure.gravatar.com\/avatar\/c7164ed6fdec453195284ad24a5ae5b6e1eed2b848477fa2a4787ba9adf39a41?s=96&d=mm&r=g","url":"https:\/\/secure.gravatar.com\/avatar\/c7164ed6fdec453195284ad24a5ae5b6e1eed2b848477fa2a4787ba9adf39a41?s=96&d=mm&r=g","contentUrl":"https:\/\/secure.gravatar.com\/avatar\/c7164ed6fdec453195284ad24a5ae5b6e1eed2b848477fa2a4787ba9adf39a41?s=96&d=mm&r=g","caption":"Redacci\u00f3n QP"},"url":"https:\/\/quehacerpolitico.mx\/?author=2"}]}},"featured_image_urls":{"full":["https:\/\/quehacerpolitico.mx\/wp-content\/uploads\/2020\/09\/00859F0B-CC34-4A85-B919-EEBF171C49E9.jpeg",1225,684,false],"thumbnail":["https:\/\/quehacerpolitico.mx\/wp-content\/uploads\/2020\/09\/00859F0B-CC34-4A85-B919-EEBF171C49E9-150x150.jpeg",150,150,true],"medium":["https:\/\/quehacerpolitico.mx\/wp-content\/uploads\/2020\/09\/00859F0B-CC34-4A85-B919-EEBF171C49E9-300x168.jpeg",300,168,true],"medium_large":["https:\/\/quehacerpolitico.mx\/wp-content\/uploads\/2020\/09\/00859F0B-CC34-4A85-B919-EEBF171C49E9-768x429.jpeg",640,358,true],"large":["https:\/\/quehacerpolitico.mx\/wp-content\/uploads\/2020\/09\/00859F0B-CC34-4A85-B919-EEBF171C49E9-1024x572.jpeg",640,358,true],"1536x1536":["https:\/\/quehacerpolitico.mx\/wp-content\/uploads\/2020\/09\/00859F0B-CC34-4A85-B919-EEBF171C49E9.jpeg",1225,684,false],"2048x2048":["https:\/\/quehacerpolitico.mx\/wp-content\/uploads\/2020\/09\/00859F0B-CC34-4A85-B919-EEBF171C49E9.jpeg",1225,684,false],"covernews-featured":["https:\/\/quehacerpolitico.mx\/wp-content\/uploads\/2020\/09\/00859F0B-CC34-4A85-B919-EEBF171C49E9.jpeg",1024,572,false],"covernews-medium":["https:\/\/quehacerpolitico.mx\/wp-content\/uploads\/2020\/09\/00859F0B-CC34-4A85-B919-EEBF171C49E9.jpeg",540,302,false]},"author_info":{"display_name":"Redacci\u00f3n QP","author_link":"https:\/\/quehacerpolitico.mx\/?author=2"},"category_info":"<a href=\"https:\/\/quehacerpolitico.mx\/?cat=2\" rel=\"category\">Noticias<\/a>","tag_info":"Noticias","comment_count":"0","_links":{"self":[{"href":"https:\/\/quehacerpolitico.mx\/index.php?rest_route=\/wp\/v2\/posts\/64177","targetHints":{"allow":["GET"]}}],"collection":[{"href":"https:\/\/quehacerpolitico.mx\/index.php?rest_route=\/wp\/v2\/posts"}],"about":[{"href":"https:\/\/quehacerpolitico.mx\/index.php?rest_route=\/wp\/v2\/types\/post"}],"author":[{"embeddable":true,"href":"https:\/\/quehacerpolitico.mx\/index.php?rest_route=\/wp\/v2\/users\/2"}],"replies":[{"embeddable":true,"href":"https:\/\/quehacerpolitico.mx\/index.php?rest_route=%2Fwp%2Fv2%2Fcomments&post=64177"}],"version-history":[{"count":0,"href":"https:\/\/quehacerpolitico.mx\/index.php?rest_route=\/wp\/v2\/posts\/64177\/revisions"}],"wp:featuredmedia":[{"embeddable":true,"href":"https:\/\/quehacerpolitico.mx\/index.php?rest_route=\/wp\/v2\/media\/64178"}],"wp:attachment":[{"href":"https:\/\/quehacerpolitico.mx\/index.php?rest_route=%2Fwp%2Fv2%2Fmedia&parent=64177"}],"wp:term":[{"taxonomy":"category","embeddable":true,"href":"https:\/\/quehacerpolitico.mx\/index.php?rest_route=%2Fwp%2Fv2%2Fcategories&post=64177"},{"taxonomy":"post_tag","embeddable":true,"href":"https:\/\/quehacerpolitico.mx\/index.php?rest_route=%2Fwp%2Fv2%2Ftags&post=64177"}],"curies":[{"name":"wp","href":"https:\/\/api.w.org\/{rel}","templated":true}]}}