{"id":64158,"date":"2020-08-31T13:11:10","date_gmt":"2020-08-31T18:11:10","guid":{"rendered":"http:\/\/quehacerpolitico.mx\/?p=64158"},"modified":"2020-08-31T13:11:10","modified_gmt":"2020-08-31T18:11:10","slug":"lopez-obrador-ya-decidio-que-pri-presida-camara-baja-fernandez-norona","status":"publish","type":"post","link":"https:\/\/quehacerpolitico.mx\/?p=64158","title":{"rendered":"L\u00f3pez Obrador ya decidi\u00f3 que PRI presida C\u00e1mara baja: Fern\u00e1ndez Noro\u00f1a"},"content":{"rendered":"<h1 class=\"news-title\">L\u00f3pez Obrador ya decidi\u00f3 que PRI presida C\u00e1mara baja: Fern\u00e1ndez Noro\u00f1a<br \/>\nPor Redacci\u00f3n QP<\/h1>\n<div class=\"news-subtitle\">\n<p>La Junta de Coordinaci\u00f3n Pol\u00edtica se reunir\u00e1 esta tarde\u00a0para definir a qui\u00e9n se\u00a0propondr\u00e1 para\u00a0sustituir a Laura Rojas<\/p>\n<\/div>\n<div class=\"social-share-box normal\">\n<p>El vicecoordinador del PT y aspirante a dirigir la Mesa Directiva de la C\u00e1mara de Diputados, Gerardo Fernandez Noro\u00f1a, &#8220;acus\u00f3 recibo&#8221; de la oposici\u00f3n que extern\u00f3 el titular del Ejecutivo, Andr\u00e9s Manuel L\u00f3pez Obrador, para que se hagan maniobras para que una bancada en San L\u00e1zaro cambie diputados solo por un cargo.<\/p>\n<p>Fern\u00e1ndez Noro\u00f1a, quien se ha opuesto rotundamente a que el PRI presida San L\u00e1zaro, dijo que <strong>L\u00f3pez Obrador decidi\u00f3 que el PRI encabece la C\u00e1mara de Diputados<\/strong> y que ver\u00e1n que deciden los legisladores de Morena esta tarde.<\/p>\n<p>Y reiter\u00f3 que es un error dejar que el PRI presida la C\u00e1mara de Diputados y este lunes esgrimir\u00e1 la raz\u00f3n central.<\/p>\n<div class=\"banner b2\">\n<div id=\"div-gpt-ad-1505954097040-2\" data-google-query-id=\"CNyT-7WCxusCFcZ1AQodhVAFzg\">\n<p>El coordinador de la bancada mayoritaria de Morena en la C\u00e1mara de Diputados, Mario Delgado, adelant\u00f3 que este lunes habr\u00e1 reuni\u00f3n de la Junta de Coordinaci\u00f3n Pol\u00edtica para <strong>definir qu\u00e9 bancada y qu\u00e9 propuesta <\/strong>se le har\u00eda al pleno para sustituir a Laura Rojas en la presidencia de la Mesa Directiva.<\/p>\n<p>En un mensaje a trav\u00e9s de su cuenta en la red social de Twitter, Mario Delgado dijo que la reuni\u00f3n ser\u00e1 para buscar con mucha responsabilidad, respeto a la ley, y compromiso con el pa\u00eds para la Mesa Directiva.<\/p>\n<div class=\"banner\">\n<div id=\"div-gpt-ad-1556909760762-0\" data-google-query-id=\"CLyV-7WCxusCFcZ1AQodhVAFzg\">\n<p>&#8220;Hoy a las 15 hrs nos reuniremos los integrantes de la Jucopo para buscar con mucha responsabilidad, respeto a la ley y compromiso con el pa\u00eds, los acuerdos para la mesa directiva de la @Mx_Diputados&#8221;, poste\u00f3 Mario Delgado.<\/p>\n<p>La disputa por la presidencia de la Mesa Directiva de la C\u00e1mara de Diputados se entramp\u00f3 luego de que las<strong> bancadas del PT y del PRI mantienen firme su decisi\u00f3n <\/strong>de encabezar\u00a0el cuerpo legislativo de San L\u00e1zaro.<\/p>\n<p>Ayer, el l\u00edder de los diputados de Morena, Mario Delgado, inform\u00f3 que el legislador sonorense Manuel L\u00f3pez Castillo recul\u00f3 en su decisi\u00f3n de sumarse al PT para permanecer en la bancada morenista: &#8220;Se queda en @DiputadosMorena el diputado Manuel L\u00f3pez Castillo. S\u00f3lida, nuestra mayor\u00eda con PT-PES-PVEM&#8221;.<\/p>\n<p>De esta manera, <strong>Morena retiene la mayor\u00eda absoluta<\/strong>, con 251 legisladores y con ello mantiene la presidencia de la Jucopo del \u00f3rgano legislativo, pero el PT y el PRI se quedan con 46, por lo que est\u00e1n empatados como la tercera fuerza pol\u00edtica en la C\u00e1mara.<\/p>\n<blockquote class=\"twitter-tweet\" data-width=\"550\" data-dnt=\"true\">\n<p lang=\"es\" dir=\"ltr\">\u00a1En Morena somos diferentes!<\/p>\n<p>Quien tenga que presidir la <a href=\"https:\/\/twitter.com\/Mx_Diputados?ref_src=twsrc%5Etfw\">@Mx_diputados<\/a>, lo debe hacer sin mayor\u00edas ficticias. Quien tiene autoridad moral, tiene autoridad pol\u00edtica.<\/p>\n<p>\u00a1Vinimos a <a href=\"https:\/\/twitter.com\/hashtag\/ReconstruyendoM%C3%A9xicoAMano?src=hash&amp;ref_src=twsrc%5Etfw\">#ReconstruyendoM\u00e9xicoAMano<\/a>!<\/p>\n<p>V\u00eddeo integro aqu\u00ed \u27a1\ufe0f<a href=\"https:\/\/t.co\/vFqT82vvkD\">https:\/\/t.co\/vFqT82vvkD<\/a> <a href=\"https:\/\/t.co\/pFuTzUGKne\">pic.twitter.com\/pFuTzUGKne<\/a><\/p>\n<p>&mdash; Alberto Villa (@BetoVillaMx) <a href=\"https:\/\/twitter.com\/BetoVillaMx\/status\/1300488958426652674?ref_src=twsrc%5Etfw\">August 31, 2020<\/a><\/p><\/blockquote>\n<p><script async src=\"https:\/\/platform.twitter.com\/widgets.js\" charset=\"utf-8\"><\/script><\/p>\n<p>Con informaci\u00f3n de SUN<\/p>\n<\/div>\n<\/div>\n<\/div>\n<\/div>\n<\/div>\n","protected":false},"excerpt":{"rendered":"<p>L\u00f3pez Obrador ya decidi\u00f3 que PRI presida C\u00e1mara baja: Fern\u00e1ndez Noro\u00f1a Por Redacci\u00f3n QP La&#8230;<\/p>\n","protected":false},"author":2,"featured_media":64160,"comment_status":"open","ping_status":"open","sticky":false,"template":"","format":"standard","meta":{"_monsterinsights_skip_tracking":false,"_monsterinsights_sitenote_active":false,"_monsterinsights_sitenote_note":"","_monsterinsights_sitenote_category":0,"footnotes":""},"categories":[2],"tags":[],"class_list":["post-64158","post","type-post","status-publish","format-standard","has-post-thumbnail","hentry","category-noticias"],"yoast_head":"<!-- This site is optimized with the Yoast SEO plugin v27.3 - https:\/\/yoast.com\/product\/yoast-seo-wordpress\/ -->\n<title>L\u00f3pez Obrador ya decidi\u00f3 que PRI presida C\u00e1mara baja: Fern\u00e1ndez Noro\u00f1a -<\/title>\n<meta name=\"robots\" content=\"index, follow, max-snippet:-1, max-image-preview:large, max-video-preview:-1\" \/>\n<link rel=\"canonical\" href=\"https:\/\/quehacerpolitico.mx\/?p=64158\" \/>\n<meta property=\"og:locale\" content=\"es_MX\" \/>\n<meta property=\"og:type\" content=\"article\" \/>\n<meta property=\"og:title\" content=\"L\u00f3pez Obrador ya decidi\u00f3 que PRI presida C\u00e1mara baja: Fern\u00e1ndez Noro\u00f1a -\" \/>\n<meta property=\"og:description\" content=\"L\u00f3pez Obrador ya decidi\u00f3 que PRI presida C\u00e1mara baja: Fern\u00e1ndez Noro\u00f1a Por Redacci\u00f3n QP La...\" \/>\n<meta property=\"og:url\" content=\"https:\/\/quehacerpolitico.mx\/?p=64158\" \/>\n<meta property=\"article:published_time\" content=\"2020-08-31T18:11:10+00:00\" \/>\n<meta property=\"og:image\" content=\"https:\/\/quehacerpolitico.mx\/wp-content\/uploads\/2020\/08\/60DB6517-25DE-49CD-8258-2CCFFEC06EBE.jpeg\" \/>\n\t<meta property=\"og:image:width\" content=\"512\" \/>\n\t<meta property=\"og:image:height\" content=\"288\" \/>\n\t<meta property=\"og:image:type\" content=\"image\/jpeg\" \/>\n<meta name=\"author\" content=\"Redacci\u00f3n QP\" \/>\n<meta name=\"twitter:card\" content=\"summary_large_image\" \/>\n<meta name=\"twitter:label1\" content=\"Escrito por\" \/>\n\t<meta name=\"twitter:data1\" content=\"Redacci\u00f3n QP\" \/>\n\t<meta name=\"twitter:label2\" content=\"Tiempo de lectura\" \/>\n\t<meta name=\"twitter:data2\" content=\"2 minutos\" \/>\n<script type=\"application\/ld+json\" class=\"yoast-schema-graph\">{\"@context\":\"https:\\\/\\\/schema.org\",\"@graph\":[{\"@type\":\"Article\",\"@id\":\"https:\\\/\\\/quehacerpolitico.mx\\\/?p=64158#article\",\"isPartOf\":{\"@id\":\"https:\\\/\\\/quehacerpolitico.mx\\\/?p=64158\"},\"author\":{\"name\":\"Redacci\u00f3n QP\",\"@id\":\"https:\\\/\\\/quehacerpolitico.mx\\\/#\\\/schema\\\/person\\\/496d8ad2d1d3f8036101dca7ee39e585\"},\"headline\":\"L\u00f3pez Obrador ya decidi\u00f3 que PRI presida C\u00e1mara baja: Fern\u00e1ndez Noro\u00f1a\",\"datePublished\":\"2020-08-31T18:11:10+00:00\",\"mainEntityOfPage\":{\"@id\":\"https:\\\/\\\/quehacerpolitico.mx\\\/?p=64158\"},\"wordCount\":472,\"commentCount\":0,\"image\":{\"@id\":\"https:\\\/\\\/quehacerpolitico.mx\\\/?p=64158#primaryimage\"},\"thumbnailUrl\":\"https:\\\/\\\/quehacerpolitico.mx\\\/wp-content\\\/uploads\\\/2020\\\/08\\\/60DB6517-25DE-49CD-8258-2CCFFEC06EBE.jpeg\",\"articleSection\":[\"Noticias\"],\"inLanguage\":\"es\",\"potentialAction\":[{\"@type\":\"CommentAction\",\"name\":\"Comment\",\"target\":[\"https:\\\/\\\/quehacerpolitico.mx\\\/?p=64158#respond\"]}]},{\"@type\":\"WebPage\",\"@id\":\"https:\\\/\\\/quehacerpolitico.mx\\\/?p=64158\",\"url\":\"https:\\\/\\\/quehacerpolitico.mx\\\/?p=64158\",\"name\":\"L\u00f3pez Obrador ya decidi\u00f3 que PRI presida C\u00e1mara baja: Fern\u00e1ndez Noro\u00f1a -\",\"isPartOf\":{\"@id\":\"https:\\\/\\\/quehacerpolitico.mx\\\/#website\"},\"primaryImageOfPage\":{\"@id\":\"https:\\\/\\\/quehacerpolitico.mx\\\/?p=64158#primaryimage\"},\"image\":{\"@id\":\"https:\\\/\\\/quehacerpolitico.mx\\\/?p=64158#primaryimage\"},\"thumbnailUrl\":\"https:\\\/\\\/quehacerpolitico.mx\\\/wp-content\\\/uploads\\\/2020\\\/08\\\/60DB6517-25DE-49CD-8258-2CCFFEC06EBE.jpeg\",\"datePublished\":\"2020-08-31T18:11:10+00:00\",\"author\":{\"@id\":\"https:\\\/\\\/quehacerpolitico.mx\\\/#\\\/schema\\\/person\\\/496d8ad2d1d3f8036101dca7ee39e585\"},\"breadcrumb\":{\"@id\":\"https:\\\/\\\/quehacerpolitico.mx\\\/?p=64158#breadcrumb\"},\"inLanguage\":\"es\",\"potentialAction\":[{\"@type\":\"ReadAction\",\"target\":[\"https:\\\/\\\/quehacerpolitico.mx\\\/?p=64158\"]}]},{\"@type\":\"ImageObject\",\"inLanguage\":\"es\",\"@id\":\"https:\\\/\\\/quehacerpolitico.mx\\\/?p=64158#primaryimage\",\"url\":\"https:\\\/\\\/quehacerpolitico.mx\\\/wp-content\\\/uploads\\\/2020\\\/08\\\/60DB6517-25DE-49CD-8258-2CCFFEC06EBE.jpeg\",\"contentUrl\":\"https:\\\/\\\/quehacerpolitico.mx\\\/wp-content\\\/uploads\\\/2020\\\/08\\\/60DB6517-25DE-49CD-8258-2CCFFEC06EBE.jpeg\",\"width\":512,\"height\":288},{\"@type\":\"BreadcrumbList\",\"@id\":\"https:\\\/\\\/quehacerpolitico.mx\\\/?p=64158#breadcrumb\",\"itemListElement\":[{\"@type\":\"ListItem\",\"position\":1,\"name\":\"Inicio\",\"item\":\"https:\\\/\\\/quehacerpolitico.mx\\\/\"},{\"@type\":\"ListItem\",\"position\":2,\"name\":\"L\u00f3pez Obrador ya decidi\u00f3 que PRI presida C\u00e1mara baja: Fern\u00e1ndez Noro\u00f1a\"}]},{\"@type\":\"WebSite\",\"@id\":\"https:\\\/\\\/quehacerpolitico.mx\\\/#website\",\"url\":\"https:\\\/\\\/quehacerpolitico.mx\\\/\",\"name\":\"\",\"description\":\"\",\"potentialAction\":[{\"@type\":\"SearchAction\",\"target\":{\"@type\":\"EntryPoint\",\"urlTemplate\":\"https:\\\/\\\/quehacerpolitico.mx\\\/?s={search_term_string}\"},\"query-input\":{\"@type\":\"PropertyValueSpecification\",\"valueRequired\":true,\"valueName\":\"search_term_string\"}}],\"inLanguage\":\"es\"},{\"@type\":\"Person\",\"@id\":\"https:\\\/\\\/quehacerpolitico.mx\\\/#\\\/schema\\\/person\\\/496d8ad2d1d3f8036101dca7ee39e585\",\"name\":\"Redacci\u00f3n QP\",\"image\":{\"@type\":\"ImageObject\",\"inLanguage\":\"es\",\"@id\":\"https:\\\/\\\/secure.gravatar.com\\\/avatar\\\/c7164ed6fdec453195284ad24a5ae5b6e1eed2b848477fa2a4787ba9adf39a41?s=96&d=mm&r=g\",\"url\":\"https:\\\/\\\/secure.gravatar.com\\\/avatar\\\/c7164ed6fdec453195284ad24a5ae5b6e1eed2b848477fa2a4787ba9adf39a41?s=96&d=mm&r=g\",\"contentUrl\":\"https:\\\/\\\/secure.gravatar.com\\\/avatar\\\/c7164ed6fdec453195284ad24a5ae5b6e1eed2b848477fa2a4787ba9adf39a41?s=96&d=mm&r=g\",\"caption\":\"Redacci\u00f3n QP\"},\"url\":\"https:\\\/\\\/quehacerpolitico.mx\\\/?author=2\"}]}<\/script>\n<!-- \/ Yoast SEO plugin. -->","yoast_head_json":{"title":"L\u00f3pez Obrador ya decidi\u00f3 que PRI presida C\u00e1mara baja: Fern\u00e1ndez Noro\u00f1a -","robots":{"index":"index","follow":"follow","max-snippet":"max-snippet:-1","max-image-preview":"max-image-preview:large","max-video-preview":"max-video-preview:-1"},"canonical":"https:\/\/quehacerpolitico.mx\/?p=64158","og_locale":"es_MX","og_type":"article","og_title":"L\u00f3pez Obrador ya decidi\u00f3 que PRI presida C\u00e1mara baja: Fern\u00e1ndez Noro\u00f1a -","og_description":"L\u00f3pez Obrador ya decidi\u00f3 que PRI presida C\u00e1mara baja: Fern\u00e1ndez Noro\u00f1a Por Redacci\u00f3n QP La...","og_url":"https:\/\/quehacerpolitico.mx\/?p=64158","article_published_time":"2020-08-31T18:11:10+00:00","og_image":[{"width":512,"height":288,"url":"https:\/\/quehacerpolitico.mx\/wp-content\/uploads\/2020\/08\/60DB6517-25DE-49CD-8258-2CCFFEC06EBE.jpeg","type":"image\/jpeg"}],"author":"Redacci\u00f3n QP","twitter_card":"summary_large_image","twitter_misc":{"Escrito por":"Redacci\u00f3n QP","Tiempo de lectura":"2 minutos"},"schema":{"@context":"https:\/\/schema.org","@graph":[{"@type":"Article","@id":"https:\/\/quehacerpolitico.mx\/?p=64158#article","isPartOf":{"@id":"https:\/\/quehacerpolitico.mx\/?p=64158"},"author":{"name":"Redacci\u00f3n QP","@id":"https:\/\/quehacerpolitico.mx\/#\/schema\/person\/496d8ad2d1d3f8036101dca7ee39e585"},"headline":"L\u00f3pez Obrador ya decidi\u00f3 que PRI presida C\u00e1mara baja: Fern\u00e1ndez Noro\u00f1a","datePublished":"2020-08-31T18:11:10+00:00","mainEntityOfPage":{"@id":"https:\/\/quehacerpolitico.mx\/?p=64158"},"wordCount":472,"commentCount":0,"image":{"@id":"https:\/\/quehacerpolitico.mx\/?p=64158#primaryimage"},"thumbnailUrl":"https:\/\/quehacerpolitico.mx\/wp-content\/uploads\/2020\/08\/60DB6517-25DE-49CD-8258-2CCFFEC06EBE.jpeg","articleSection":["Noticias"],"inLanguage":"es","potentialAction":[{"@type":"CommentAction","name":"Comment","target":["https:\/\/quehacerpolitico.mx\/?p=64158#respond"]}]},{"@type":"WebPage","@id":"https:\/\/quehacerpolitico.mx\/?p=64158","url":"https:\/\/quehacerpolitico.mx\/?p=64158","name":"L\u00f3pez Obrador ya decidi\u00f3 que PRI presida C\u00e1mara baja: Fern\u00e1ndez Noro\u00f1a -","isPartOf":{"@id":"https:\/\/quehacerpolitico.mx\/#website"},"primaryImageOfPage":{"@id":"https:\/\/quehacerpolitico.mx\/?p=64158#primaryimage"},"image":{"@id":"https:\/\/quehacerpolitico.mx\/?p=64158#primaryimage"},"thumbnailUrl":"https:\/\/quehacerpolitico.mx\/wp-content\/uploads\/2020\/08\/60DB6517-25DE-49CD-8258-2CCFFEC06EBE.jpeg","datePublished":"2020-08-31T18:11:10+00:00","author":{"@id":"https:\/\/quehacerpolitico.mx\/#\/schema\/person\/496d8ad2d1d3f8036101dca7ee39e585"},"breadcrumb":{"@id":"https:\/\/quehacerpolitico.mx\/?p=64158#breadcrumb"},"inLanguage":"es","potentialAction":[{"@type":"ReadAction","target":["https:\/\/quehacerpolitico.mx\/?p=64158"]}]},{"@type":"ImageObject","inLanguage":"es","@id":"https:\/\/quehacerpolitico.mx\/?p=64158#primaryimage","url":"https:\/\/quehacerpolitico.mx\/wp-content\/uploads\/2020\/08\/60DB6517-25DE-49CD-8258-2CCFFEC06EBE.jpeg","contentUrl":"https:\/\/quehacerpolitico.mx\/wp-content\/uploads\/2020\/08\/60DB6517-25DE-49CD-8258-2CCFFEC06EBE.jpeg","width":512,"height":288},{"@type":"BreadcrumbList","@id":"https:\/\/quehacerpolitico.mx\/?p=64158#breadcrumb","itemListElement":[{"@type":"ListItem","position":1,"name":"Inicio","item":"https:\/\/quehacerpolitico.mx\/"},{"@type":"ListItem","position":2,"name":"L\u00f3pez Obrador ya decidi\u00f3 que PRI presida C\u00e1mara baja: Fern\u00e1ndez Noro\u00f1a"}]},{"@type":"WebSite","@id":"https:\/\/quehacerpolitico.mx\/#website","url":"https:\/\/quehacerpolitico.mx\/","name":"","description":"","potentialAction":[{"@type":"SearchAction","target":{"@type":"EntryPoint","urlTemplate":"https:\/\/quehacerpolitico.mx\/?s={search_term_string}"},"query-input":{"@type":"PropertyValueSpecification","valueRequired":true,"valueName":"search_term_string"}}],"inLanguage":"es"},{"@type":"Person","@id":"https:\/\/quehacerpolitico.mx\/#\/schema\/person\/496d8ad2d1d3f8036101dca7ee39e585","name":"Redacci\u00f3n QP","image":{"@type":"ImageObject","inLanguage":"es","@id":"https:\/\/secure.gravatar.com\/avatar\/c7164ed6fdec453195284ad24a5ae5b6e1eed2b848477fa2a4787ba9adf39a41?s=96&d=mm&r=g","url":"https:\/\/secure.gravatar.com\/avatar\/c7164ed6fdec453195284ad24a5ae5b6e1eed2b848477fa2a4787ba9adf39a41?s=96&d=mm&r=g","contentUrl":"https:\/\/secure.gravatar.com\/avatar\/c7164ed6fdec453195284ad24a5ae5b6e1eed2b848477fa2a4787ba9adf39a41?s=96&d=mm&r=g","caption":"Redacci\u00f3n QP"},"url":"https:\/\/quehacerpolitico.mx\/?author=2"}]}},"featured_image_urls":{"full":["https:\/\/quehacerpolitico.mx\/wp-content\/uploads\/2020\/08\/60DB6517-25DE-49CD-8258-2CCFFEC06EBE.jpeg",512,288,false],"thumbnail":["https:\/\/quehacerpolitico.mx\/wp-content\/uploads\/2020\/08\/60DB6517-25DE-49CD-8258-2CCFFEC06EBE-150x150.jpeg",150,150,true],"medium":["https:\/\/quehacerpolitico.mx\/wp-content\/uploads\/2020\/08\/60DB6517-25DE-49CD-8258-2CCFFEC06EBE-300x169.jpeg",300,169,true],"medium_large":["https:\/\/quehacerpolitico.mx\/wp-content\/uploads\/2020\/08\/60DB6517-25DE-49CD-8258-2CCFFEC06EBE.jpeg",512,288,false],"large":["https:\/\/quehacerpolitico.mx\/wp-content\/uploads\/2020\/08\/60DB6517-25DE-49CD-8258-2CCFFEC06EBE.jpeg",512,288,false],"1536x1536":["https:\/\/quehacerpolitico.mx\/wp-content\/uploads\/2020\/08\/60DB6517-25DE-49CD-8258-2CCFFEC06EBE.jpeg",512,288,false],"2048x2048":["https:\/\/quehacerpolitico.mx\/wp-content\/uploads\/2020\/08\/60DB6517-25DE-49CD-8258-2CCFFEC06EBE.jpeg",512,288,false],"covernews-featured":["https:\/\/quehacerpolitico.mx\/wp-content\/uploads\/2020\/08\/60DB6517-25DE-49CD-8258-2CCFFEC06EBE.jpeg",512,288,false],"covernews-medium":["https:\/\/quehacerpolitico.mx\/wp-content\/uploads\/2020\/08\/60DB6517-25DE-49CD-8258-2CCFFEC06EBE.jpeg",512,288,false]},"author_info":{"display_name":"Redacci\u00f3n QP","author_link":"https:\/\/quehacerpolitico.mx\/?author=2"},"category_info":"<a href=\"https:\/\/quehacerpolitico.mx\/?cat=2\" rel=\"category\">Noticias<\/a>","tag_info":"Noticias","comment_count":"0","_links":{"self":[{"href":"https:\/\/quehacerpolitico.mx\/index.php?rest_route=\/wp\/v2\/posts\/64158","targetHints":{"allow":["GET"]}}],"collection":[{"href":"https:\/\/quehacerpolitico.mx\/index.php?rest_route=\/wp\/v2\/posts"}],"about":[{"href":"https:\/\/quehacerpolitico.mx\/index.php?rest_route=\/wp\/v2\/types\/post"}],"author":[{"embeddable":true,"href":"https:\/\/quehacerpolitico.mx\/index.php?rest_route=\/wp\/v2\/users\/2"}],"replies":[{"embeddable":true,"href":"https:\/\/quehacerpolitico.mx\/index.php?rest_route=%2Fwp%2Fv2%2Fcomments&post=64158"}],"version-history":[{"count":0,"href":"https:\/\/quehacerpolitico.mx\/index.php?rest_route=\/wp\/v2\/posts\/64158\/revisions"}],"wp:featuredmedia":[{"embeddable":true,"href":"https:\/\/quehacerpolitico.mx\/index.php?rest_route=\/wp\/v2\/media\/64160"}],"wp:attachment":[{"href":"https:\/\/quehacerpolitico.mx\/index.php?rest_route=%2Fwp%2Fv2%2Fmedia&parent=64158"}],"wp:term":[{"taxonomy":"category","embeddable":true,"href":"https:\/\/quehacerpolitico.mx\/index.php?rest_route=%2Fwp%2Fv2%2Fcategories&post=64158"},{"taxonomy":"post_tag","embeddable":true,"href":"https:\/\/quehacerpolitico.mx\/index.php?rest_route=%2Fwp%2Fv2%2Ftags&post=64158"}],"curies":[{"name":"wp","href":"https:\/\/api.w.org\/{rel}","templated":true}]}}