{"id":64155,"date":"2020-08-31T12:50:49","date_gmt":"2020-08-31T17:50:49","guid":{"rendered":"http:\/\/quehacerpolitico.mx\/?p=64155"},"modified":"2020-08-31T12:50:49","modified_gmt":"2020-08-31T17:50:49","slug":"frecuencia-vibratoria-oscar-manuel-rodriguez-una-mirada-al-espacio","status":"publish","type":"post","link":"https:\/\/quehacerpolitico.mx\/?p=64155","title":{"rendered":"Frecuencia Vibratoria\/\/\/Oscar Manuel Rodr\u00edguez\/\/\/Una mirada al espacio"},"content":{"rendered":"<p class=\"s3\"><span class=\"s2\"><span class=\"bumpedFont15\">F<\/span><\/span><span class=\"s2\"><span class=\"bumpedFont15\">recuencia vibratoria<\/span><\/span><\/p>\n<p class=\"s3\"><span class=\"s2\"><span class=\"bumpedFont15\">Por Oscar Manuel Rodr\u00ed<\/span><\/span><span class=\"s2\"><span class=\"bumpedFont15\">guez Ochoa<\/span><\/span><span class=\"s2\"><span class=\"bumpedFont15\"> \u201cLuy\u201d<\/span><\/span><\/p>\n<p class=\"s3\"><span class=\"s4\"><span class=\"bumpedFont15\">Una mirada al espacio<\/span><\/span><\/p>\n<p class=\"s3\"><span class=\"s2\"><span class=\"bumpedFont15\">Entender que lo que estamos viviendo es un escenario en el que\u00a0 <\/span><\/span><span class=\"s2\"><span class=\"bumpedFont15\">desarrollamos\u00a0 experiencias de\u00a0<\/span><\/span><span class=\"s2\"><span class=\"bumpedFont15\">un mundo que por libre albedr\u00edo elegimos, as\u00ed como comprender\u00a0<\/span><\/span><span class=\"s2\"><span class=\"bumpedFont15\">que estamos ocupando un equipo prestado llamado cuerpo en el que se refleja el p<\/span><\/span><span class=\"s2\"><span class=\"bumpedFont15\">ersonaje que somos externamente, es el punto de partida para\u00a0<\/span><\/span><span class=\"s2\"><span class=\"bumpedFont15\">ser con<\/span><\/span><span class=\"s2\"><span class=\"bumpedFont15\">s<\/span><\/span><span class=\"s2\"><span class=\"bumpedFont15\">cientes que somos en el interior un alma avan<\/span><\/span><span class=\"s2\"><span class=\"bumpedFont15\">zada de luz en una frecuencia m\u00e1s all\u00e1<\/span><\/span><span class=\"s2\"><span class=\"bumpedFont15\"> de lo que vibramos como seres humanos.<\/span><\/span><\/p>\n<p class=\"s3\"><span class=\"s2\"><span class=\"bumpedFont15\">Todos venimos de diversos or\u00edgenes c\u00f3<\/span><\/span><span class=\"s2\"><span class=\"bumpedFont15\">smicos y traemos un largo historial de vidas tanto en este planeta co<\/span><\/span><span class=\"s2\"><span class=\"bumpedFont15\">mo en diversas civilizaciones c\u00f3<\/span><\/span><span class=\"s2\"><span class=\"bumpedFont15\">smicas, estamos coexistiendo en diversas real<\/span><\/span><span class=\"s2\"><span class=\"bumpedFont15\">idades tanto a nivel dimensional<\/span><\/span><span class=\"s2\"><span class=\"bumpedFont15\">, tiempos paralelos y sectores de <\/span><\/span><span class=\"s2\"><span class=\"bumpedFont15\">existencia, los que aqu\u00ed<\/span><\/span><span class=\"s2\"><span class=\"bumpedFont15\"> llamamos p<\/span><\/span><span class=\"s2\"><span class=\"bumpedFont15\">resente, pasado y futuro. Es as\u00ed que acumulamos un importan<\/span><\/span><span class=\"s2\"><span class=\"bumpedFont15\">te segmento de pasajes en diversos escenarios y trabajamos con u<\/span><\/span><span class=\"s2\"><span class=\"bumpedFont15\">na importante cantidad de energ\u00ed<\/span><\/span><span class=\"s2\"><span class=\"bumpedFont15\">as ancest<\/span><\/span><span class=\"s2\"><span class=\"bumpedFont15\">r<\/span><\/span><span class=\"s2\"><span class=\"bumpedFont15\">ales.\u00a0<\/span><\/span><\/p>\n<p class=\"s3\"><span class=\"s2\"><span class=\"bumpedFont15\">Dentro de la quinta dimensi\u00f3<\/span><\/span><span class=\"s2\"><span class=\"bumpedFont15\">n por la que ahora comenzamos a transitar resulta indispensable hacer una limpieza permanente de nuestros cuerpos para lograr e<\/span><\/span><span class=\"s2\"><span class=\"bumpedFont15\">star a la par con el proceso cu\u00e1<\/span><\/span><span class=\"s2\"><span class=\"bumpedFont15\">ntico que nuestro planeta lleva<\/span><\/span><span class=\"s2\"><span class=\"bumpedFont15\">como ruta expansiva de ascenci\u00f3n universal, p<\/span><\/span><span class=\"s2\"><span class=\"bumpedFont15\">ara ello la tarea diaria en nuestra agen<\/span><\/span><span class=\"s2\"><span class=\"bumpedFont15\">da es ser co<\/span><\/span><span class=\"s2\"><span class=\"bumpedFont15\">herente con el<\/span><\/span> <span class=\"s2\"><span class=\"bumpedFont15\">pensamiento, sentimiento, acciones y lo que decimos para elevar nuestra frecuencia vibratoria, y\u00a0 por supuesto<\/span><\/span><span class=\"s2\"><span class=\"bumpedFont15\">,<\/span><\/span><span class=\"s2\"><span class=\"bumpedFont15\"> estar alineados con la luz y el amor que for<\/span><\/span><span class=\"s2\"><span class=\"bumpedFont15\">ma parte integral de nuestra es<\/span><\/span><span class=\"s2\"><span class=\"bumpedFont15\">encia interna<\/span><\/span><span class=\"s2\"><span class=\"bumpedFont15\">.<\/span><\/span><\/p>\n<p class=\"s3\"><span class=\"s2\"><span class=\"bumpedFont15\">Cada uno de los sucesos que<\/span><\/span><span class=\"s2\"><span class=\"bumpedFont15\"> nos acompa\u00f1an en el d\u00eda a d\u00ed<\/span><\/span><span class=\"s2\"><span class=\"bumpedFont15\">a arrojan una frecuencia distinta que asimilamos de ac<\/span><\/span><span class=\"s2\"><span class=\"bumpedFont15\">u<\/span><\/span><span class=\"s2\"><span class=\"bumpedFont15\">erdo a nuestra partic<\/span><\/span><span class=\"s2\"><span class=\"bumpedFont15\">ular forma de ver y sentir. As\u00ed<\/span><\/span><span class=\"s2\"><span class=\"bumpedFont15\"> el aco<\/span><\/span><span class=\"s2\"><span class=\"bumpedFont15\">ntecer diario va dando confecci\u00f3<\/span><\/span><span class=\"s2\"><span class=\"bumpedFont15\">n a nuestra manera de palpitar e irradiar en el entorno y con quienes nos acompa\u00f1an. En cada lu<\/span><\/span><span class=\"s2\"><span class=\"bumpedFont15\">gar donde nos situamos la energ\u00ed<\/span><\/span><span class=\"s2\"><span class=\"bumpedFont15\">a y su frecue<\/span><\/span><span class=\"s2\"><span class=\"bumpedFont15\">ncia var\u00ed<\/span><\/span><span class=\"s2\"><span class=\"bumpedFont15\">a y por consiguiente cada persona con la que <\/span><\/span><span class=\"s2\"><span class=\"bumpedFont15\">nos relacionamos proyecta energ\u00edas muchas veces en sinton\u00eda con<\/span><\/span><span class=\"s2\"><span class=\"bumpedFont15\"> las nuestras<\/span><\/span><span class=\"s2\"><span class=\"bumpedFont15\">.<\/span><\/span><span class=\"s2\"><span class=\"bumpedFont15\">\u00a0<\/span><\/span><\/p>\n<p class=\"s3\"><span class=\"s2\"><span class=\"bumpedFont15\">Somos un engranaje de una extensa maquinaria y lo que emitimos repercute en todos sus componentes. Todos formamos parte de una unidad por lo que todos somos reflejos de <\/span><\/span><span class=\"s2\"><span class=\"bumpedFont15\">todos. Lo que uno ve en los dem\u00e1s tambi\u00e9n forma parte de s\u00ed mismo, as\u00ed<\/span><\/span><span class=\"s2\"><span class=\"bumpedFont15\"> por <\/span><\/span><span class=\"s2\"><span class=\"bumpedFont15\">lo <\/span><\/span><span class=\"s2\"><span class=\"bumpedFont15\">tanto<\/span><\/span><span class=\"s2\"><span class=\"bumpedFont15\">,<\/span><\/span><span class=\"s2\"><span class=\"bumpedFont15\"> al establecer ju<\/span><\/span><span class=\"s2\"><span class=\"bumpedFont15\">i<\/span><\/span><span class=\"s2\"><span class=\"bumpedFont15\">cios hacia alguien <\/span><\/span><span class=\"s2\"><span class=\"bumpedFont15\">es una forma de autodescalifici\u00f3<\/span><\/span><span class=\"s2\"><span class=\"bumpedFont15\">n.\u00a0<\/span><\/span><\/p>\n<p class=\"s3\"><span class=\"s2\"><span class=\"bumpedFont15\">Construimos nuestras experiencias cada instante con lo que emanamos al universo. Para poder concretar nuestras metas y planes que<\/span><\/span><span class=\"s2\"><span class=\"bumpedFont15\"> trazamos a corto o largo plazo basta estar en alineaci\u00f3n con el cosmos y se logra mir\u00e1<\/span><\/span><span class=\"s2\"><span class=\"bumpedFont15\">ndolos como algo cristalizado\u00a0en e<\/span><\/span><span class=\"s2\"><span class=\"bumpedFont15\">l presente usando nuestra emoci\u00f3n, visualizaci\u00f3<\/span><\/span><span class=\"s2\"><span class=\"bumpedFont15\">n y pensamiento. Justo <\/span><\/span><span class=\"s2\"><span class=\"bumpedFont15\">en lo que estemos enfocados ser\u00e1 el factor que nos gu\u00ed<\/span><\/span><span class=\"s2\"><span class=\"bumpedFont15\">e pa<\/span><\/span><span class=\"s2\"><span class=\"bumpedFont15\">ra hacer realidad nuestros prop\u00f3<\/span><\/span><span class=\"s2\"><span class=\"bumpedFont15\">sitos.<\/span><\/span><\/p>\n<p class=\"s3\"><span class=\"s2\"><span class=\"bumpedFont15\">El alma se purifica en gra<\/span><\/span><span class=\"s2\"><span class=\"bumpedFont15\">n medida al no cargar con energ\u00ed<\/span><\/span><span class=\"s2\"><span class=\"bumpedFont15\">as densas que en su momento adop<\/span><\/span><span class=\"s2\"><span class=\"bumpedFont15\">tamos por situaciones adversas.<\/span><\/span><span class=\"s2\"><span class=\"bumpedFont15\"> Para ello es importante ver las c<\/span><\/span><span class=\"s2\"><span class=\"bumpedFont15\">osas en el contexto real conect\u00e1ndonos con la energ\u00eda de nuestro coraz\u00f3n<\/span><\/span><span class=\"s2\"><span class=\"bumpedFont15\">, primero para comprender y luego para trasmutar toda negatividad hacia la luz, es decir, liberarnos de aquello que nos es indeseado haciendo a<\/span><\/span><span class=\"s2\"><span class=\"bumpedFont15\"> un lado cualquier postura de v\u00edctima creada desde el ego\u00a0y vincul\u00e1<\/span><\/span><span class=\"s2\"><span class=\"bumpedFont15\">ndonos c<\/span><\/span><span class=\"s2\"><span class=\"bumpedFont15\">on el amor para entender el por qu\u00e9<\/span><\/span><span class=\"s2\"><span class=\"bumpedFont15\"> de cada instante.\u00a0<\/span><\/span><\/p>\n<p class=\"s3\"><span class=\"s2\"><span class=\"bumpedFont15\">Una manera muy eficien<\/span><\/span><span class=\"s2\"><span class=\"bumpedFont15\">te para acceder a la purificaci\u00f3n interna es el perd\u00f3<\/span><\/span><span class=\"s2\"><span class=\"bumpedFont15\">n, e inicia por perdona<\/span><\/span><span class=\"s2\"><span class=\"bumpedFont15\">rnos a nosotros mismos. El perd\u00f3n libera de res<\/span><\/span><span class=\"s2\"><span class=\"bumpedFont15\">entimientos enquistados en el alma<\/span><\/span><span class=\"s2\"><span class=\"bumpedFont15\"> y abre caminos de luz interior.<\/span><\/span><span class=\"s2\"><span class=\"bumpedFont15\"> Es i<\/span><\/span><span class=\"s2\"><span class=\"bumpedFont15\">ndispensable para la armonizaci\u00f3<\/span><\/span><span class=\"s2\"><span class=\"bumpedFont15\">n de<\/span><\/span><span class=\"s2\"><span class=\"bumpedFont15\">l individuo y para expandir su\u00a0campo electromagn\u00e9tico, ante todo reestablece la interconex<\/span><\/span><span class=\"s2\"><span class=\"bumpedFont15\">i<\/span><\/span><span class=\"s2\"><span class=\"bumpedFont15\">\u00f3n con s\u00ed<\/span><\/span><span class=\"s2\"><span class=\"bumpedFont15\"> mismo en todos sus sectores.\u00a0<\/span><\/span><\/p>\n<p class=\"s3\"><span class=\"s2\"><span class=\"bumpedFont15\">Muchas veces<\/span><\/span><span class=\"s2\"><span class=\"bumpedFont15\"> nuestro proceso de transmutaci\u00f3n crea la visi\u00f3<\/span><\/span><span class=\"s2\"><span class=\"bumpedFont15\">n de una vid<\/span><\/span><span class=\"s2\"><span class=\"bumpedFont15\">a que no responde a la realidad<\/span><\/span><span class=\"s2\"><span class=\"bumpedFont15\">.\u00a0 Para ello es importante romper con estructuras mentales y e<\/span><\/span><span class=\"s2\"><span class=\"bumpedFont15\">mocionales que hemos mantenido\u00a0desde el\u00a0<\/span><\/span><span class=\"s2\"><span class=\"bumpedFont15\">inicio de esta vida y vidas anteriores. Son momentos de apreciar las cosas desde nuevas perspectivas para potencializar lo que somos desde las facultades que por t<\/span><\/span><span class=\"s2\"><span class=\"bumpedFont15\">anto tiempo han permanecido inm\u00f3<\/span><\/span><span class=\"s2\"><span class=\"bumpedFont15\">viles. Todos tenemos las mismas posibilidades de desarrollar capacid<\/span><\/span><span class=\"s2\"><span class=\"bumpedFont15\">ades que muchas veces cre\u00ed<\/span><\/span><span class=\"s2\"><span class=\"bumpedFont15\">mos ajenas a lo que somos como seres.<\/span><\/span><\/p>\n<p class=\"s3\"><span class=\"s2\"><span class=\"bumpedFont15\">\u00a0Es momento de estar atentos a todo lo que el presente nos ofrece y dejar fluir l<\/span><\/span><span class=\"s2\"><span class=\"bumpedFont15\">as cosas desde nuestra aceptaci\u00f3n,\u00a0 sin oposiciones, v<\/span><\/span><span class=\"s2\"><span class=\"bumpedFont15\">ivir\u00a0 solo el presente mediante conductas fuera de la matr<\/span><\/span><span class=\"s2\"><span class=\"bumpedFont15\">ix y en amor desde la interacci\u00f3n con nuestras c\u00e9<\/span><\/span><span class=\"s2\"><span class=\"bumpedFont15\">lulas hasta el amo<\/span><\/span><span class=\"s2\"><span class=\"bumpedFont15\">r por lo que es para nosotros oscuro e involutivo. La oscuridad tambi\u00e9<\/span><\/span><span class=\"s2\"><span class=\"bumpedFont15\">n es parte de la luz y como seres de luz hay que aprender a ama<\/span><\/span><span class=\"s2\"><span class=\"bumpedFont15\">r<\/span><\/span><span class=\"s2\"><span class=\"bumpedFont15\">la. Cuando amamos nuestro lado obscuro lo trasmutamos a la luz<\/span><\/span><span class=\"s2\"><span class=\"bumpedFont15\">.<\/span><\/span><\/p>\n<p class=\"s3\"><span class=\"s2\"><span class=\"bumpedFont15\">Ser compasivos es una forma de crecer universalmente\u00a0 por lo que hay que tener en cuenta que estamos inmersos en un mundo mentalista apegado <\/span><\/span><span class=\"s2\"><span class=\"bumpedFont15\">a la rigidez del sistema, es as\u00ed que a todo el espec<\/span><\/span><span class=\"s2\"><span class=\"bumpedFont15\">t<\/span><\/span><span class=\"s2\"><span class=\"bumpedFont15\">r<\/span><\/span><span class=\"s2\"><span class=\"bumpedFont15\">o material que lo compone hay que saber conectar<\/span><\/span><span class=\"s2\"><span class=\"bumpedFont15\">nos con \u00e9l desde el amor ya que\u00a0tambi\u00e9<\/span><\/span><span class=\"s2\"><span class=\"bumpedFont15\">n es parte de nosotros. Romper con todo separatism<\/span><\/span><span class=\"s2\"><span class=\"bumpedFont15\">o y divisionismo para estar en\u00a0estrecha uni\u00f3<\/span><\/span><span class=\"s2\"><span class=\"bumpedFont15\">n con todo lo que nos acompa\u00f1a.<\/span><\/span><\/p>\n<p class=\"s3\"><span class=\"s2\"><span class=\"bumpedFont15\">El miedo es el origen de todos los conflictos existentes y aparta a toda persona de sus p<\/span><\/span><span class=\"s2\"><span class=\"bumpedFont15\">ropios or\u00edgenes y esencias. Dicha\u00a0 energ\u00eda bloquea el chacra ra\u00ed<\/span><\/span><span class=\"s2\"><span class=\"bumpedFont15\">z y no permite estar cone<\/span><\/span><span class=\"s2\"><span class=\"bumpedFont15\">ctados con nuestra madre tierra<\/span><\/span><span class=\"s2\"><span class=\"bumpedFont15\">. Si en lugar del miedo creado desd<\/span><\/span><span class=\"s2\"><span class=\"bumpedFont15\">e el pensamiento nos enlazamos\u00a0<\/span><\/span><span class=\"s2\"><span class=\"bumpedFont15\">a la frecuencia del amor<\/span><\/span><span class=\"s2\"><span class=\"bumpedFont15\">, la vibraci\u00f3n alcanza los niveles\u00a0<\/span><\/span><span class=\"s2\"><span class=\"bumpedFont15\">que requiere nu<\/span><\/span><span class=\"s2\"><span class=\"bumpedFont15\">estra realidad en el hoy y ello<\/span><\/span><span class=\"s2\"><span class=\"bumpedFont15\"> se logra reco<\/span><\/span><span class=\"s2\"><span class=\"bumpedFont15\">nociendo nuestras propias energ\u00ed<\/span><\/span><span class=\"s2\"><span class=\"bumpedFont15\">as<\/span><\/span><span class=\"s2\"><span class=\"bumpedFont15\">.<\/span><\/span><\/p>\n<p class=\"s3\"><span class=\"s2\"><span class=\"bumpedFont15\">Somos seres infinitos, es as\u00ed\u00a0<\/span><\/span><span class=\"s2\"><span class=\"bumpedFont15\">que en el universo todo se puede conquist<\/span><\/span><span class=\"s2\"><span class=\"bumpedFont15\">ar. Tan sencillo como saber qui\u00e9nes somos<\/span><\/span><span class=\"s2\"><span class=\"bumpedFont15\">. Ser felices es algo que nos pertenece y nos permite viajar<\/span><\/span><span class=\"s2\"><span class=\"bumpedFont15\"> a los lugares y experiencias m\u00e1<\/span><\/span><span class=\"s2\"><span class=\"bumpedFont15\">s maravillosas de nuestra vida. Dar rumbo encausado a nutrir nuestros pensamientos y emociones co<\/span><\/span><span class=\"s2\"><span class=\"bumpedFont15\">n elevada espiritualidad es raz\u00f3n<\/span><\/span><span class=\"s2\"><span class=\"bumpedFont15\">para abrazar permanentemente al universo del que somos parte y que a la v<\/span><\/span><span class=\"s2\"><span class=\"bumpedFont15\">ez formamos\u00a0<\/span><\/span><span class=\"s2\"><span class=\"bumpedFont15\">cada u<\/span><\/span><span class=\"s2\"><span class=\"bumpedFont15\">no de nosotros. Ya lo dice la m\u00e1xima universal &#8220;Como es <\/span><\/span><span class=\"s2\"><span class=\"bumpedFont15\">dentro es afuera. Como es arriba es abajo&#8221;<\/span><\/span><span class=\"s2\"><span class=\"bumpedFont15\">.<\/span><\/span><span class=\"s2\"><span class=\"bumpedFont15\">\u00a0<\/span><\/span><\/p>\n<p class=\"s3\"><span class=\"s2\"><span class=\"bumpedFont15\">La linealidad por la que hemos caminado ha dej<\/span><\/span><span class=\"s2\"><span class=\"bumpedFont15\">ado de ser una estructura consti<\/span><\/span><span class=\"s2\"><span class=\"bumpedFont15\">tutiva de nuestra actual\u00a0 existencia.<\/span><\/span> <span class=\"s2\"><span class=\"bumpedFont15\">La 5D <\/span><\/span><span class=\"s2\"><span class=\"bumpedFont15\">(quinta dimensi\u00f3n) <\/span><\/span><span class=\"s2\"><span class=\"bumpedFont15\">pone ante nosotros un sendero de nuevas expresiones que podemos incorporar a cada segmento de nues<\/span><\/span><span class=\"s2\"><span class=\"bumpedFont15\">tra vida. Basta saborear la atm\u00f3sfera en la que nos ubicamos,\u00a0s<\/span><\/span><span class=\"s2\"><span class=\"bumpedFont15\">aber vibrar en alto es saber captar lo que el universo nos comparte. Es hora de aprender a amar. Es instante de expandir nuestra luz.<\/span><\/span><\/p>\n<p class=\"s7\"><span class=\"s5\"><span class=\"bumpedFont15\">Recuerden que estamos en comunicaci\u00f3n a trav\u00e9s del correo <\/span><\/span><a href=\"mailto:luy6618@hotmail.com\"><span class=\"s6\"><span class=\"bumpedFont15\">luy6618@hotmail.com<\/span><\/span><\/a><span class=\"s5\"><span class=\"bumpedFont15\"> y en el celular 5527160297. Hasta la pr\u00f3xima entrega.<\/span><\/span><\/p>\n","protected":false},"excerpt":{"rendered":"<p>Frecuencia vibratoria Por Oscar Manuel Rodr\u00edguez Ochoa \u201cLuy\u201d Una mirada al espacio Entender que lo&#8230;<\/p>\n","protected":false},"author":2,"featured_media":64156,"comment_status":"open","ping_status":"open","sticky":false,"template":"","format":"standard","meta":{"_monsterinsights_skip_tracking":false,"_monsterinsights_sitenote_active":false,"_monsterinsights_sitenote_note":"","_monsterinsights_sitenote_category":0,"footnotes":""},"categories":[2],"tags":[],"class_list":["post-64155","post","type-post","status-publish","format-standard","has-post-thumbnail","hentry","category-noticias"],"yoast_head":"<!-- This site is optimized with the Yoast SEO plugin v27.3 - https:\/\/yoast.com\/product\/yoast-seo-wordpress\/ -->\n<title>Frecuencia Vibratoria\/\/\/Oscar Manuel Rodr\u00edguez\/\/\/Una mirada al espacio -<\/title>\n<meta name=\"robots\" content=\"index, follow, max-snippet:-1, max-image-preview:large, max-video-preview:-1\" \/>\n<link rel=\"canonical\" href=\"https:\/\/quehacerpolitico.mx\/?p=64155\" \/>\n<meta property=\"og:locale\" content=\"es_MX\" \/>\n<meta property=\"og:type\" content=\"article\" \/>\n<meta property=\"og:title\" content=\"Frecuencia Vibratoria\/\/\/Oscar Manuel Rodr\u00edguez\/\/\/Una mirada al espacio -\" \/>\n<meta property=\"og:description\" content=\"Frecuencia vibratoria Por Oscar Manuel Rodr\u00edguez Ochoa \u201cLuy\u201d Una mirada al espacio Entender que lo...\" \/>\n<meta property=\"og:url\" content=\"https:\/\/quehacerpolitico.mx\/?p=64155\" \/>\n<meta property=\"article:published_time\" content=\"2020-08-31T17:50:49+00:00\" \/>\n<meta property=\"og:image\" content=\"https:\/\/quehacerpolitico.mx\/wp-content\/uploads\/2020\/08\/7AD8B9C5-3193-4D45-8B2A-1770B3DD9968.jpeg\" \/>\n\t<meta property=\"og:image:width\" content=\"848\" \/>\n\t<meta property=\"og:image:height\" content=\"334\" \/>\n\t<meta property=\"og:image:type\" content=\"image\/jpeg\" \/>\n<meta name=\"author\" content=\"Redacci\u00f3n QP\" \/>\n<meta name=\"twitter:card\" content=\"summary_large_image\" \/>\n<meta name=\"twitter:label1\" content=\"Escrito por\" \/>\n\t<meta name=\"twitter:data1\" content=\"Redacci\u00f3n QP\" \/>\n\t<meta name=\"twitter:label2\" content=\"Tiempo de lectura\" \/>\n\t<meta name=\"twitter:data2\" content=\"6 minutos\" \/>\n<script type=\"application\/ld+json\" class=\"yoast-schema-graph\">{\"@context\":\"https:\\\/\\\/schema.org\",\"@graph\":[{\"@type\":\"Article\",\"@id\":\"https:\\\/\\\/quehacerpolitico.mx\\\/?p=64155#article\",\"isPartOf\":{\"@id\":\"https:\\\/\\\/quehacerpolitico.mx\\\/?p=64155\"},\"author\":{\"name\":\"Redacci\u00f3n QP\",\"@id\":\"https:\\\/\\\/quehacerpolitico.mx\\\/#\\\/schema\\\/person\\\/496d8ad2d1d3f8036101dca7ee39e585\"},\"headline\":\"Frecuencia Vibratoria\\\/\\\/\\\/Oscar Manuel Rodr\u00edguez\\\/\\\/\\\/Una mirada al espacio\",\"datePublished\":\"2020-08-31T17:50:49+00:00\",\"mainEntityOfPage\":{\"@id\":\"https:\\\/\\\/quehacerpolitico.mx\\\/?p=64155\"},\"wordCount\":1218,\"commentCount\":0,\"image\":{\"@id\":\"https:\\\/\\\/quehacerpolitico.mx\\\/?p=64155#primaryimage\"},\"thumbnailUrl\":\"https:\\\/\\\/quehacerpolitico.mx\\\/wp-content\\\/uploads\\\/2020\\\/08\\\/7AD8B9C5-3193-4D45-8B2A-1770B3DD9968.jpeg\",\"articleSection\":[\"Noticias\"],\"inLanguage\":\"es\",\"potentialAction\":[{\"@type\":\"CommentAction\",\"name\":\"Comment\",\"target\":[\"https:\\\/\\\/quehacerpolitico.mx\\\/?p=64155#respond\"]}]},{\"@type\":\"WebPage\",\"@id\":\"https:\\\/\\\/quehacerpolitico.mx\\\/?p=64155\",\"url\":\"https:\\\/\\\/quehacerpolitico.mx\\\/?p=64155\",\"name\":\"Frecuencia Vibratoria\\\/\\\/\\\/Oscar Manuel Rodr\u00edguez\\\/\\\/\\\/Una mirada al espacio -\",\"isPartOf\":{\"@id\":\"https:\\\/\\\/quehacerpolitico.mx\\\/#website\"},\"primaryImageOfPage\":{\"@id\":\"https:\\\/\\\/quehacerpolitico.mx\\\/?p=64155#primaryimage\"},\"image\":{\"@id\":\"https:\\\/\\\/quehacerpolitico.mx\\\/?p=64155#primaryimage\"},\"thumbnailUrl\":\"https:\\\/\\\/quehacerpolitico.mx\\\/wp-content\\\/uploads\\\/2020\\\/08\\\/7AD8B9C5-3193-4D45-8B2A-1770B3DD9968.jpeg\",\"datePublished\":\"2020-08-31T17:50:49+00:00\",\"author\":{\"@id\":\"https:\\\/\\\/quehacerpolitico.mx\\\/#\\\/schema\\\/person\\\/496d8ad2d1d3f8036101dca7ee39e585\"},\"breadcrumb\":{\"@id\":\"https:\\\/\\\/quehacerpolitico.mx\\\/?p=64155#breadcrumb\"},\"inLanguage\":\"es\",\"potentialAction\":[{\"@type\":\"ReadAction\",\"target\":[\"https:\\\/\\\/quehacerpolitico.mx\\\/?p=64155\"]}]},{\"@type\":\"ImageObject\",\"inLanguage\":\"es\",\"@id\":\"https:\\\/\\\/quehacerpolitico.mx\\\/?p=64155#primaryimage\",\"url\":\"https:\\\/\\\/quehacerpolitico.mx\\\/wp-content\\\/uploads\\\/2020\\\/08\\\/7AD8B9C5-3193-4D45-8B2A-1770B3DD9968.jpeg\",\"contentUrl\":\"https:\\\/\\\/quehacerpolitico.mx\\\/wp-content\\\/uploads\\\/2020\\\/08\\\/7AD8B9C5-3193-4D45-8B2A-1770B3DD9968.jpeg\",\"width\":848,\"height\":334},{\"@type\":\"BreadcrumbList\",\"@id\":\"https:\\\/\\\/quehacerpolitico.mx\\\/?p=64155#breadcrumb\",\"itemListElement\":[{\"@type\":\"ListItem\",\"position\":1,\"name\":\"Inicio\",\"item\":\"https:\\\/\\\/quehacerpolitico.mx\\\/\"},{\"@type\":\"ListItem\",\"position\":2,\"name\":\"Frecuencia Vibratoria\\\/\\\/\\\/Oscar Manuel Rodr\u00edguez\\\/\\\/\\\/Una mirada al espacio\"}]},{\"@type\":\"WebSite\",\"@id\":\"https:\\\/\\\/quehacerpolitico.mx\\\/#website\",\"url\":\"https:\\\/\\\/quehacerpolitico.mx\\\/\",\"name\":\"\",\"description\":\"\",\"potentialAction\":[{\"@type\":\"SearchAction\",\"target\":{\"@type\":\"EntryPoint\",\"urlTemplate\":\"https:\\\/\\\/quehacerpolitico.mx\\\/?s={search_term_string}\"},\"query-input\":{\"@type\":\"PropertyValueSpecification\",\"valueRequired\":true,\"valueName\":\"search_term_string\"}}],\"inLanguage\":\"es\"},{\"@type\":\"Person\",\"@id\":\"https:\\\/\\\/quehacerpolitico.mx\\\/#\\\/schema\\\/person\\\/496d8ad2d1d3f8036101dca7ee39e585\",\"name\":\"Redacci\u00f3n QP\",\"image\":{\"@type\":\"ImageObject\",\"inLanguage\":\"es\",\"@id\":\"https:\\\/\\\/secure.gravatar.com\\\/avatar\\\/c7164ed6fdec453195284ad24a5ae5b6e1eed2b848477fa2a4787ba9adf39a41?s=96&d=mm&r=g\",\"url\":\"https:\\\/\\\/secure.gravatar.com\\\/avatar\\\/c7164ed6fdec453195284ad24a5ae5b6e1eed2b848477fa2a4787ba9adf39a41?s=96&d=mm&r=g\",\"contentUrl\":\"https:\\\/\\\/secure.gravatar.com\\\/avatar\\\/c7164ed6fdec453195284ad24a5ae5b6e1eed2b848477fa2a4787ba9adf39a41?s=96&d=mm&r=g\",\"caption\":\"Redacci\u00f3n QP\"},\"url\":\"https:\\\/\\\/quehacerpolitico.mx\\\/?author=2\"}]}<\/script>\n<!-- \/ Yoast SEO plugin. -->","yoast_head_json":{"title":"Frecuencia Vibratoria\/\/\/Oscar Manuel Rodr\u00edguez\/\/\/Una mirada al espacio -","robots":{"index":"index","follow":"follow","max-snippet":"max-snippet:-1","max-image-preview":"max-image-preview:large","max-video-preview":"max-video-preview:-1"},"canonical":"https:\/\/quehacerpolitico.mx\/?p=64155","og_locale":"es_MX","og_type":"article","og_title":"Frecuencia Vibratoria\/\/\/Oscar Manuel Rodr\u00edguez\/\/\/Una mirada al espacio -","og_description":"Frecuencia vibratoria Por Oscar Manuel Rodr\u00edguez Ochoa \u201cLuy\u201d Una mirada al espacio Entender que lo...","og_url":"https:\/\/quehacerpolitico.mx\/?p=64155","article_published_time":"2020-08-31T17:50:49+00:00","og_image":[{"width":848,"height":334,"url":"https:\/\/quehacerpolitico.mx\/wp-content\/uploads\/2020\/08\/7AD8B9C5-3193-4D45-8B2A-1770B3DD9968.jpeg","type":"image\/jpeg"}],"author":"Redacci\u00f3n QP","twitter_card":"summary_large_image","twitter_misc":{"Escrito por":"Redacci\u00f3n QP","Tiempo de lectura":"6 minutos"},"schema":{"@context":"https:\/\/schema.org","@graph":[{"@type":"Article","@id":"https:\/\/quehacerpolitico.mx\/?p=64155#article","isPartOf":{"@id":"https:\/\/quehacerpolitico.mx\/?p=64155"},"author":{"name":"Redacci\u00f3n QP","@id":"https:\/\/quehacerpolitico.mx\/#\/schema\/person\/496d8ad2d1d3f8036101dca7ee39e585"},"headline":"Frecuencia Vibratoria\/\/\/Oscar Manuel Rodr\u00edguez\/\/\/Una mirada al espacio","datePublished":"2020-08-31T17:50:49+00:00","mainEntityOfPage":{"@id":"https:\/\/quehacerpolitico.mx\/?p=64155"},"wordCount":1218,"commentCount":0,"image":{"@id":"https:\/\/quehacerpolitico.mx\/?p=64155#primaryimage"},"thumbnailUrl":"https:\/\/quehacerpolitico.mx\/wp-content\/uploads\/2020\/08\/7AD8B9C5-3193-4D45-8B2A-1770B3DD9968.jpeg","articleSection":["Noticias"],"inLanguage":"es","potentialAction":[{"@type":"CommentAction","name":"Comment","target":["https:\/\/quehacerpolitico.mx\/?p=64155#respond"]}]},{"@type":"WebPage","@id":"https:\/\/quehacerpolitico.mx\/?p=64155","url":"https:\/\/quehacerpolitico.mx\/?p=64155","name":"Frecuencia Vibratoria\/\/\/Oscar Manuel Rodr\u00edguez\/\/\/Una mirada al espacio -","isPartOf":{"@id":"https:\/\/quehacerpolitico.mx\/#website"},"primaryImageOfPage":{"@id":"https:\/\/quehacerpolitico.mx\/?p=64155#primaryimage"},"image":{"@id":"https:\/\/quehacerpolitico.mx\/?p=64155#primaryimage"},"thumbnailUrl":"https:\/\/quehacerpolitico.mx\/wp-content\/uploads\/2020\/08\/7AD8B9C5-3193-4D45-8B2A-1770B3DD9968.jpeg","datePublished":"2020-08-31T17:50:49+00:00","author":{"@id":"https:\/\/quehacerpolitico.mx\/#\/schema\/person\/496d8ad2d1d3f8036101dca7ee39e585"},"breadcrumb":{"@id":"https:\/\/quehacerpolitico.mx\/?p=64155#breadcrumb"},"inLanguage":"es","potentialAction":[{"@type":"ReadAction","target":["https:\/\/quehacerpolitico.mx\/?p=64155"]}]},{"@type":"ImageObject","inLanguage":"es","@id":"https:\/\/quehacerpolitico.mx\/?p=64155#primaryimage","url":"https:\/\/quehacerpolitico.mx\/wp-content\/uploads\/2020\/08\/7AD8B9C5-3193-4D45-8B2A-1770B3DD9968.jpeg","contentUrl":"https:\/\/quehacerpolitico.mx\/wp-content\/uploads\/2020\/08\/7AD8B9C5-3193-4D45-8B2A-1770B3DD9968.jpeg","width":848,"height":334},{"@type":"BreadcrumbList","@id":"https:\/\/quehacerpolitico.mx\/?p=64155#breadcrumb","itemListElement":[{"@type":"ListItem","position":1,"name":"Inicio","item":"https:\/\/quehacerpolitico.mx\/"},{"@type":"ListItem","position":2,"name":"Frecuencia Vibratoria\/\/\/Oscar Manuel Rodr\u00edguez\/\/\/Una mirada al espacio"}]},{"@type":"WebSite","@id":"https:\/\/quehacerpolitico.mx\/#website","url":"https:\/\/quehacerpolitico.mx\/","name":"","description":"","potentialAction":[{"@type":"SearchAction","target":{"@type":"EntryPoint","urlTemplate":"https:\/\/quehacerpolitico.mx\/?s={search_term_string}"},"query-input":{"@type":"PropertyValueSpecification","valueRequired":true,"valueName":"search_term_string"}}],"inLanguage":"es"},{"@type":"Person","@id":"https:\/\/quehacerpolitico.mx\/#\/schema\/person\/496d8ad2d1d3f8036101dca7ee39e585","name":"Redacci\u00f3n QP","image":{"@type":"ImageObject","inLanguage":"es","@id":"https:\/\/secure.gravatar.com\/avatar\/c7164ed6fdec453195284ad24a5ae5b6e1eed2b848477fa2a4787ba9adf39a41?s=96&d=mm&r=g","url":"https:\/\/secure.gravatar.com\/avatar\/c7164ed6fdec453195284ad24a5ae5b6e1eed2b848477fa2a4787ba9adf39a41?s=96&d=mm&r=g","contentUrl":"https:\/\/secure.gravatar.com\/avatar\/c7164ed6fdec453195284ad24a5ae5b6e1eed2b848477fa2a4787ba9adf39a41?s=96&d=mm&r=g","caption":"Redacci\u00f3n QP"},"url":"https:\/\/quehacerpolitico.mx\/?author=2"}]}},"featured_image_urls":{"full":["https:\/\/quehacerpolitico.mx\/wp-content\/uploads\/2020\/08\/7AD8B9C5-3193-4D45-8B2A-1770B3DD9968.jpeg",848,334,false],"thumbnail":["https:\/\/quehacerpolitico.mx\/wp-content\/uploads\/2020\/08\/7AD8B9C5-3193-4D45-8B2A-1770B3DD9968-150x150.jpeg",150,150,true],"medium":["https:\/\/quehacerpolitico.mx\/wp-content\/uploads\/2020\/08\/7AD8B9C5-3193-4D45-8B2A-1770B3DD9968-300x118.jpeg",300,118,true],"medium_large":["https:\/\/quehacerpolitico.mx\/wp-content\/uploads\/2020\/08\/7AD8B9C5-3193-4D45-8B2A-1770B3DD9968-768x302.jpeg",640,252,true],"large":["https:\/\/quehacerpolitico.mx\/wp-content\/uploads\/2020\/08\/7AD8B9C5-3193-4D45-8B2A-1770B3DD9968.jpeg",640,252,false],"1536x1536":["https:\/\/quehacerpolitico.mx\/wp-content\/uploads\/2020\/08\/7AD8B9C5-3193-4D45-8B2A-1770B3DD9968.jpeg",848,334,false],"2048x2048":["https:\/\/quehacerpolitico.mx\/wp-content\/uploads\/2020\/08\/7AD8B9C5-3193-4D45-8B2A-1770B3DD9968.jpeg",848,334,false],"covernews-featured":["https:\/\/quehacerpolitico.mx\/wp-content\/uploads\/2020\/08\/7AD8B9C5-3193-4D45-8B2A-1770B3DD9968.jpeg",848,334,false],"covernews-medium":["https:\/\/quehacerpolitico.mx\/wp-content\/uploads\/2020\/08\/7AD8B9C5-3193-4D45-8B2A-1770B3DD9968.jpeg",540,213,false]},"author_info":{"display_name":"Redacci\u00f3n QP","author_link":"https:\/\/quehacerpolitico.mx\/?author=2"},"category_info":"<a href=\"https:\/\/quehacerpolitico.mx\/?cat=2\" rel=\"category\">Noticias<\/a>","tag_info":"Noticias","comment_count":"0","_links":{"self":[{"href":"https:\/\/quehacerpolitico.mx\/index.php?rest_route=\/wp\/v2\/posts\/64155","targetHints":{"allow":["GET"]}}],"collection":[{"href":"https:\/\/quehacerpolitico.mx\/index.php?rest_route=\/wp\/v2\/posts"}],"about":[{"href":"https:\/\/quehacerpolitico.mx\/index.php?rest_route=\/wp\/v2\/types\/post"}],"author":[{"embeddable":true,"href":"https:\/\/quehacerpolitico.mx\/index.php?rest_route=\/wp\/v2\/users\/2"}],"replies":[{"embeddable":true,"href":"https:\/\/quehacerpolitico.mx\/index.php?rest_route=%2Fwp%2Fv2%2Fcomments&post=64155"}],"version-history":[{"count":0,"href":"https:\/\/quehacerpolitico.mx\/index.php?rest_route=\/wp\/v2\/posts\/64155\/revisions"}],"wp:featuredmedia":[{"embeddable":true,"href":"https:\/\/quehacerpolitico.mx\/index.php?rest_route=\/wp\/v2\/media\/64156"}],"wp:attachment":[{"href":"https:\/\/quehacerpolitico.mx\/index.php?rest_route=%2Fwp%2Fv2%2Fmedia&parent=64155"}],"wp:term":[{"taxonomy":"category","embeddable":true,"href":"https:\/\/quehacerpolitico.mx\/index.php?rest_route=%2Fwp%2Fv2%2Fcategories&post=64155"},{"taxonomy":"post_tag","embeddable":true,"href":"https:\/\/quehacerpolitico.mx\/index.php?rest_route=%2Fwp%2Fv2%2Ftags&post=64155"}],"curies":[{"name":"wp","href":"https:\/\/api.w.org\/{rel}","templated":true}]}}