{"id":6356,"date":"2018-10-08T01:42:56","date_gmt":"2018-10-08T01:42:56","guid":{"rendered":"http:\/\/quehacerpolitico.mx\/ni-una-mas-vecinos-salen-de-blanco-a-las-calles-de-ecatepec-horrorizados-por-feminicidios\/"},"modified":"2018-10-08T01:42:56","modified_gmt":"2018-10-08T01:42:56","slug":"ni-una-mas-vecinos-salen-de-blanco-a-las-calles-de-ecatepec-horrorizados-por-feminicidios","status":"publish","type":"post","link":"https:\/\/quehacerpolitico.mx\/?p=6356","title":{"rendered":"\u201c\u00a1Ni una m\u00e1s!\u201d Vecinos salen de blanco a las calles de Ecatepec, horrorizados por feminicidios"},"content":{"rendered":"<h3>Varios de los manifestantes acudieron vestidos de blanco, portaron cartulinas con las leyendas: \u201cNi una m\u00e1s\u201d, \u201cfeminicidio emergencia nacional\u201d. Adem\u00e1s, llevaron flores y veladoras para recordar a las mujeres asesinadas y desaparecidas en el Estado de M\u00e9xico.<\/h3>\n<h3>La protesta fue convocada a d\u00edas de que se localizaran\u00a0restos de mujeres en un domicilio de Ecatepec. Autoridades mexiquenses informaron sobre la detenci\u00f3n de un\u00a0hombre y una mujer, quienes habr\u00edan asesinado a al menos una decena de mujeres.<\/h3>\n<div class=\"row\">\n<div class=\"col-xs-12\">\n<figure class=\"destacada\"><img decoding=\"async\" src=\"http:\/\/www.sinembargo.mx\/wp-content\/uploads\/2018\/10\/43331261_1372199296245944_2115292971195695104_n.jpg\" alt=\"\" \/><\/figure>\n<\/div>\n<\/div>\n<div class=\"row\">\n<div class=\"col-xs-12 col-md-8 col-sm-7\">\n<article class=\"single\">Decenas de personas protestaron hoy en Ecatepec para exigir a las autoridades del Estado de M\u00e9xico investigar y frenar los feminicidios y desapariciones de mujeres. Foto: Especial.<\/article>\n<\/div>\n<\/div>\n<p>Con la consigna\u00a0<strong>\u201c\u00a1Ni una m\u00e1s, ni una m\u00e1s!\u201d<\/strong>, decenas de <strong>mujeres<\/strong> y vecinos protestaron hoy de la explanada de <strong>Ecatepec<\/strong>, en el <strong>Estado de M\u00e9xico<\/strong>, para luego\u00a0<strong>marchar<\/strong> a las segundas v\u00edas de l<strong>a colonia Jardines de Morelos<\/strong>, en donde, en una casa, la Fiscal\u00eda mexiquense encontr\u00f3 los restos de al menos 10 mujeres que habr\u00edan sido asesinadas por una pareja. Hoy se sabe, por confesiones de los presuntos asesinos, que podr\u00edan ser hasta 20 los cuerpos.<\/p>\n<p>La manifestaci\u00f3n fue convocada por vecinas y vecinos de <strong>Ecatepec<\/strong> en protesta contra los\u00a0<strong>feminicidios y desapariciones<\/strong>\u00a0registrados en el municipio y en otros puntos de la entidad mexiquense. Llegaron horrorizados por lo que se est\u00e1 viviendo. \u201c\u00a1Ni una muerta m\u00e1s!\u201d, clamaron las manifestantes.<\/p>\n<p>https:\/\/twitter.com\/mreldiablo8\/status\/1049054309269172225?s=21<\/p>\n<p>El pasado\u00a05 de octubre la<strong> Fiscal\u00eda\u00a0General de Justicia del Estado de M\u00e9xico\u00a0(FGJEM)<\/strong>anunci\u00f3 la detenci\u00f3n de\u00a0 Juan Carlos \u201cN\u201d y Patricia \u201cN\u201d, quienes habr\u00edan asesinado hasta a 20 mujeres. La comunidad est\u00e1 horrorizada.<\/p>\n<p>En la manifestaci\u00f3n estuvo la presidenta de la 60 Legislatura del Estado de M\u00e9xico, la Diputada Azucena Cisneros Coss. De acuerdo con la legisladora de Morena, se vive un \u201cestado de emergencia\u201d. Hace d\u00edas, la legisladora recibi\u00f3 el Primer Informe del Gobernador Alfredo del Mazo Maza. Le dijo: \u201cno exagero al decir que encontramos una crisis de seguridad, social y econ\u00f3mica profunda\u201d. Poco despu\u00e9s se descubrir\u00eda el caso de las m\u00e1s de diez mujeres asesinadas.<\/p>\n<div id=\"attachment_3481522\" class=\"wp-caption alignnone\"><img loading=\"lazy\" decoding=\"async\" class=\"wp-image-3481522 size-full\" src=\"http:\/\/www.sinembargo.mx\/wp-content\/uploads\/2018\/10\/marcha-ecatepec-feminicidios-2-1.jpg\" sizes=\"auto, (max-width: 700px) 100vw, 700px\" srcset=\"http:\/\/www.sinembargo.mx\/wp-content\/uploads\/2018\/10\/marcha-ecatepec-feminicidios-2-1.jpg 700w, http:\/\/www.sinembargo.mx\/wp-content\/uploads\/2018\/10\/marcha-ecatepec-feminicidios-2-1-300x168.jpg 300w\" alt=\"\" width=\"700\" height=\"393\" \/><\/p>\n<p class=\"wp-caption-text\">Varios de los manifestantes acuden vestidos de blanco, portan \u00a0cartulinas con las leyendas: \u201cNi una m\u00e1s\u201d, \u201cfeminicidio emergencia nacional\u201d. Foto: Especial.<\/p>\n<\/div>\n<div id=\"attachment_3481525\" class=\"wp-caption alignnone\"><img loading=\"lazy\" decoding=\"async\" class=\"wp-image-3481525 size-full\" src=\"http:\/\/www.sinembargo.mx\/wp-content\/uploads\/2018\/10\/marcha-ecatepec-feminicidios.jpg\" sizes=\"auto, (max-width: 700px) 100vw, 700px\" srcset=\"http:\/\/www.sinembargo.mx\/wp-content\/uploads\/2018\/10\/marcha-ecatepec-feminicidios.jpg 700w, http:\/\/www.sinembargo.mx\/wp-content\/uploads\/2018\/10\/marcha-ecatepec-feminicidios-300x168.jpg 300w\" alt=\"\" width=\"700\" height=\"393\" \/><\/p>\n<p class=\"wp-caption-text\">Con la consigna: \u201c\u00a1Ni una m\u00e1s, ni una m\u00e1s!\u201d, decenas de mujeres y vecinos partieron de la explanada de Ecatepec, en el Estado de M\u00e9xico. Foto: Especial.<\/p>\n<\/div>\n<p><img loading=\"lazy\" decoding=\"async\" class=\"alignnone wp-image-3481531 size-full\" src=\"http:\/\/www.sinembargo.mx\/wp-content\/uploads\/2018\/10\/marcha-ecatepec-feminicidios-3-1.jpg\" sizes=\"auto, (max-width: 700px) 100vw, 700px\" srcset=\"http:\/\/www.sinembargo.mx\/wp-content\/uploads\/2018\/10\/marcha-ecatepec-feminicidios-3-1.jpg 700w, http:\/\/www.sinembargo.mx\/wp-content\/uploads\/2018\/10\/marcha-ecatepec-feminicidios-3-1-300x158.jpg 300w\" alt=\"\" width=\"700\" height=\"369\" \/><\/p>\n<p>Desde hace meses, familiares de cuatro mujeres,\u00a0 Arlet, Evelyn, Nancy y su beb\u00e9 de 2 meses, denunciaron su desaparici\u00f3n en la colonia Jardines de Morelos.<\/p>\n<p>Varios de los manifestantes acudieron vestidos de blanco. Portaron cartulinas con las leyendas: \u201cNi una m\u00e1s\u201d, \u201cfeminicidio emergencia nacional\u201d. Adem\u00e1s llevaron flores y veladoras para recordar que el Estado de M\u00e9xico vive un infierno y que ser mujer, en esas tierras, es ya un riesgo impl\u00edcito.<\/p>\n<p>La FGJEM inform\u00f3 hoy del hallazgo de ocho\u00a0cubetas\u00a0de pl\u00e1stico de 20 litros con\u00a0<strong>restos humanos<\/strong>, cubiertos con cemento, durante el cateo que realiz\u00f3 a dos inmuebles\u00a0ubicados en la colonia\u00a0donde operaba\u00a0Juan Carlos \u201cN\u201d y Patricia \u201cN\u201d.<\/p>\n<blockquote>\n<p>\u201cComo resultado de los cateos fueron localizadas ocho cubetas de pl\u00e1stico de 20 litros cada una, en cuyo interior fueron encontrados\u00a0<strong>restos humanos\u00a0<\/strong>cubiertos con cemento. De igual manera, en un refrigerador fueron ubicados m\u00e1s restos congelados, envueltos en bolsas pl\u00e1sticas\u201d, inform\u00f3 la dependencia en un comunicado.<\/p>\n<\/blockquote>\n<div id=\"attachment_3481533\" class=\"wp-caption alignnone\"><img loading=\"lazy\" decoding=\"async\" class=\"wp-image-3481533 size-full\" src=\"http:\/\/www.sinembargo.mx\/wp-content\/uploads\/2018\/10\/femincidio-ecatepec.jpg\" sizes=\"auto, (max-width: 700px) 100vw, 700px\" srcset=\"http:\/\/www.sinembargo.mx\/wp-content\/uploads\/2018\/10\/femincidio-ecatepec.jpg 700w, http:\/\/www.sinembargo.mx\/wp-content\/uploads\/2018\/10\/femincidio-ecatepec-300x168.jpg 300w\" alt=\"\" width=\"700\" height=\"393\" \/><\/p>\n<p class=\"wp-caption-text\">La FGJEM inform\u00f3 hoy del hallazgo de ocho\u00a0cubetas\u00a0de pl\u00e1stico de 20 litros con\u00a0restos humanos en la colonia Jardines de Morelos. Foto: Especial.<\/p>\n<\/div>\n<div id=\"attachment_3481535\" class=\"wp-caption alignnone\"><img loading=\"lazy\" decoding=\"async\" class=\"wp-image-3481535 size-full\" src=\"http:\/\/www.sinembargo.mx\/wp-content\/uploads\/2018\/10\/femincidio-jardines-de-morelos.jpg\" sizes=\"auto, (max-width: 700px) 100vw, 700px\" srcset=\"http:\/\/www.sinembargo.mx\/wp-content\/uploads\/2018\/10\/femincidio-jardines-de-morelos.jpg 700w, http:\/\/www.sinembargo.mx\/wp-content\/uploads\/2018\/10\/femincidio-jardines-de-morelos-300x168.jpg 300w\" alt=\"\" width=\"700\" height=\"393\" \/><\/p>\n<p class=\"wp-caption-text\">Varios de los manifestantes acuden vestidos de blanco, portan \u00a0cartulinas con las leyendas: \u201cNi una m\u00e1s\u201d. Foto: Especial.<\/p>\n<\/div>\n<p>Asimismo, detall\u00f3 que las diligencias se realizaron\u00a0la noche del viernes 5 de octubre con la participaci\u00f3n de peritos, Polic\u00edas de Investigaci\u00f3n y Ministerios P\u00fablicos, quienes trasladaron los\u00a0restos humanos\u00a0a las\u00a0instalaciones de la Coordinaci\u00f3n General de Servicios Periciales para llevar a cabo los an\u00e1lisis correspondientes en materia de gen\u00e9tica, qu\u00edmica, odontolog\u00eda y antropolog\u00eda, entre otros, con los cuales se buscara determinar si corresponden a hombres o mujeres, a cu\u00e1ntas personas, y posteriormente su identificaci\u00f3n.<\/p>\n<p>https:\/\/twitter.com\/mreldiablo8\/status\/1049085822438277120?s=21<\/p>\n<p>Dichos cateos\u00a0se realizaron luego de la detenci\u00f3n de la pareja en el municipio de Ecatepec, la cual transportaba en una carriola\u00a0<strong>restos humanos<\/strong>, motivo por el cual fueron detenidos y puestos a disposici\u00f3n del Ministerio P\u00fablico.<\/p>\n<p>https:\/\/twitter.com\/mreldiablo8\/status\/1049092435773743106?s=21<\/p>\n","protected":false},"excerpt":{"rendered":"<p>\u201c\u00a1Ni una m\u00e1s!\u201d Vecinos salen de blanco a las calles de Ecatepec, horrorizados por feminicidios<br \/>\nPor Redacci\u00f3n QP<\/p>\n","protected":false},"author":2,"featured_media":6355,"comment_status":"open","ping_status":"open","sticky":false,"template":"","format":"standard","meta":{"_monsterinsights_skip_tracking":false,"_monsterinsights_sitenote_active":false,"_monsterinsights_sitenote_note":"","_monsterinsights_sitenote_category":0,"footnotes":""},"categories":[2],"tags":[],"class_list":["post-6356","post","type-post","status-publish","format-standard","has-post-thumbnail","hentry","category-noticias"],"yoast_head":"<!-- This site is optimized with the Yoast SEO plugin v27.3 - https:\/\/yoast.com\/product\/yoast-seo-wordpress\/ -->\n<title>\u201c\u00a1Ni una m\u00e1s!\u201d Vecinos salen de blanco a las calles de Ecatepec, horrorizados por feminicidios -<\/title>\n<meta name=\"robots\" content=\"index, follow, max-snippet:-1, max-image-preview:large, max-video-preview:-1\" \/>\n<link rel=\"canonical\" href=\"https:\/\/quehacerpolitico.mx\/?p=6356\" \/>\n<meta property=\"og:locale\" content=\"es_MX\" \/>\n<meta property=\"og:type\" content=\"article\" \/>\n<meta property=\"og:title\" content=\"\u201c\u00a1Ni una m\u00e1s!\u201d Vecinos salen de blanco a las calles de Ecatepec, horrorizados por feminicidios -\" \/>\n<meta property=\"og:description\" content=\"\u201c\u00a1Ni una m\u00e1s!\u201d Vecinos salen de blanco a las calles de Ecatepec, horrorizados por feminicidios Por Redacci\u00f3n QP\" \/>\n<meta property=\"og:url\" content=\"https:\/\/quehacerpolitico.mx\/?p=6356\" \/>\n<meta property=\"article:published_time\" content=\"2018-10-08T01:42:56+00:00\" \/>\n<meta name=\"author\" content=\"Redacci\u00f3n QP\" \/>\n<meta name=\"twitter:card\" content=\"summary_large_image\" \/>\n<meta name=\"twitter:label1\" content=\"Escrito por\" \/>\n\t<meta name=\"twitter:data1\" content=\"Redacci\u00f3n QP\" \/>\n\t<meta name=\"twitter:label2\" content=\"Tiempo de lectura\" \/>\n\t<meta name=\"twitter:data2\" content=\"4 minutos\" \/>\n<script type=\"application\/ld+json\" class=\"yoast-schema-graph\">{\"@context\":\"https:\\\/\\\/schema.org\",\"@graph\":[{\"@type\":\"Article\",\"@id\":\"https:\\\/\\\/quehacerpolitico.mx\\\/?p=6356#article\",\"isPartOf\":{\"@id\":\"https:\\\/\\\/quehacerpolitico.mx\\\/?p=6356\"},\"author\":{\"name\":\"Redacci\u00f3n QP\",\"@id\":\"https:\\\/\\\/quehacerpolitico.mx\\\/#\\\/schema\\\/person\\\/496d8ad2d1d3f8036101dca7ee39e585\"},\"headline\":\"\u201c\u00a1Ni una m\u00e1s!\u201d Vecinos salen de blanco a las calles de Ecatepec, horrorizados por feminicidios\",\"datePublished\":\"2018-10-08T01:42:56+00:00\",\"mainEntityOfPage\":{\"@id\":\"https:\\\/\\\/quehacerpolitico.mx\\\/?p=6356\"},\"wordCount\":780,\"commentCount\":0,\"image\":{\"@id\":\"https:\\\/\\\/quehacerpolitico.mx\\\/?p=6356#primaryimage\"},\"thumbnailUrl\":\"\",\"articleSection\":[\"Noticias\"],\"inLanguage\":\"es\",\"potentialAction\":[{\"@type\":\"CommentAction\",\"name\":\"Comment\",\"target\":[\"https:\\\/\\\/quehacerpolitico.mx\\\/?p=6356#respond\"]}]},{\"@type\":\"WebPage\",\"@id\":\"https:\\\/\\\/quehacerpolitico.mx\\\/?p=6356\",\"url\":\"https:\\\/\\\/quehacerpolitico.mx\\\/?p=6356\",\"name\":\"\u201c\u00a1Ni una m\u00e1s!\u201d Vecinos salen de blanco a las calles de Ecatepec, horrorizados por feminicidios -\",\"isPartOf\":{\"@id\":\"https:\\\/\\\/quehacerpolitico.mx\\\/#website\"},\"primaryImageOfPage\":{\"@id\":\"https:\\\/\\\/quehacerpolitico.mx\\\/?p=6356#primaryimage\"},\"image\":{\"@id\":\"https:\\\/\\\/quehacerpolitico.mx\\\/?p=6356#primaryimage\"},\"thumbnailUrl\":\"\",\"datePublished\":\"2018-10-08T01:42:56+00:00\",\"author\":{\"@id\":\"https:\\\/\\\/quehacerpolitico.mx\\\/#\\\/schema\\\/person\\\/496d8ad2d1d3f8036101dca7ee39e585\"},\"breadcrumb\":{\"@id\":\"https:\\\/\\\/quehacerpolitico.mx\\\/?p=6356#breadcrumb\"},\"inLanguage\":\"es\",\"potentialAction\":[{\"@type\":\"ReadAction\",\"target\":[\"https:\\\/\\\/quehacerpolitico.mx\\\/?p=6356\"]}]},{\"@type\":\"ImageObject\",\"inLanguage\":\"es\",\"@id\":\"https:\\\/\\\/quehacerpolitico.mx\\\/?p=6356#primaryimage\",\"url\":\"\",\"contentUrl\":\"\"},{\"@type\":\"BreadcrumbList\",\"@id\":\"https:\\\/\\\/quehacerpolitico.mx\\\/?p=6356#breadcrumb\",\"itemListElement\":[{\"@type\":\"ListItem\",\"position\":1,\"name\":\"Inicio\",\"item\":\"https:\\\/\\\/quehacerpolitico.mx\\\/\"},{\"@type\":\"ListItem\",\"position\":2,\"name\":\"\u201c\u00a1Ni una m\u00e1s!\u201d Vecinos salen de blanco a las calles de Ecatepec, horrorizados por feminicidios\"}]},{\"@type\":\"WebSite\",\"@id\":\"https:\\\/\\\/quehacerpolitico.mx\\\/#website\",\"url\":\"https:\\\/\\\/quehacerpolitico.mx\\\/\",\"name\":\"\",\"description\":\"\",\"potentialAction\":[{\"@type\":\"SearchAction\",\"target\":{\"@type\":\"EntryPoint\",\"urlTemplate\":\"https:\\\/\\\/quehacerpolitico.mx\\\/?s={search_term_string}\"},\"query-input\":{\"@type\":\"PropertyValueSpecification\",\"valueRequired\":true,\"valueName\":\"search_term_string\"}}],\"inLanguage\":\"es\"},{\"@type\":\"Person\",\"@id\":\"https:\\\/\\\/quehacerpolitico.mx\\\/#\\\/schema\\\/person\\\/496d8ad2d1d3f8036101dca7ee39e585\",\"name\":\"Redacci\u00f3n QP\",\"image\":{\"@type\":\"ImageObject\",\"inLanguage\":\"es\",\"@id\":\"https:\\\/\\\/secure.gravatar.com\\\/avatar\\\/c7164ed6fdec453195284ad24a5ae5b6e1eed2b848477fa2a4787ba9adf39a41?s=96&d=mm&r=g\",\"url\":\"https:\\\/\\\/secure.gravatar.com\\\/avatar\\\/c7164ed6fdec453195284ad24a5ae5b6e1eed2b848477fa2a4787ba9adf39a41?s=96&d=mm&r=g\",\"contentUrl\":\"https:\\\/\\\/secure.gravatar.com\\\/avatar\\\/c7164ed6fdec453195284ad24a5ae5b6e1eed2b848477fa2a4787ba9adf39a41?s=96&d=mm&r=g\",\"caption\":\"Redacci\u00f3n QP\"},\"url\":\"https:\\\/\\\/quehacerpolitico.mx\\\/?author=2\"}]}<\/script>\n<!-- \/ Yoast SEO plugin. -->","yoast_head_json":{"title":"\u201c\u00a1Ni una m\u00e1s!\u201d Vecinos salen de blanco a las calles de Ecatepec, horrorizados por feminicidios -","robots":{"index":"index","follow":"follow","max-snippet":"max-snippet:-1","max-image-preview":"max-image-preview:large","max-video-preview":"max-video-preview:-1"},"canonical":"https:\/\/quehacerpolitico.mx\/?p=6356","og_locale":"es_MX","og_type":"article","og_title":"\u201c\u00a1Ni una m\u00e1s!\u201d Vecinos salen de blanco a las calles de Ecatepec, horrorizados por feminicidios -","og_description":"\u201c\u00a1Ni una m\u00e1s!\u201d Vecinos salen de blanco a las calles de Ecatepec, horrorizados por feminicidios Por Redacci\u00f3n QP","og_url":"https:\/\/quehacerpolitico.mx\/?p=6356","article_published_time":"2018-10-08T01:42:56+00:00","author":"Redacci\u00f3n QP","twitter_card":"summary_large_image","twitter_misc":{"Escrito por":"Redacci\u00f3n QP","Tiempo de lectura":"4 minutos"},"schema":{"@context":"https:\/\/schema.org","@graph":[{"@type":"Article","@id":"https:\/\/quehacerpolitico.mx\/?p=6356#article","isPartOf":{"@id":"https:\/\/quehacerpolitico.mx\/?p=6356"},"author":{"name":"Redacci\u00f3n QP","@id":"https:\/\/quehacerpolitico.mx\/#\/schema\/person\/496d8ad2d1d3f8036101dca7ee39e585"},"headline":"\u201c\u00a1Ni una m\u00e1s!\u201d Vecinos salen de blanco a las calles de Ecatepec, horrorizados por feminicidios","datePublished":"2018-10-08T01:42:56+00:00","mainEntityOfPage":{"@id":"https:\/\/quehacerpolitico.mx\/?p=6356"},"wordCount":780,"commentCount":0,"image":{"@id":"https:\/\/quehacerpolitico.mx\/?p=6356#primaryimage"},"thumbnailUrl":"","articleSection":["Noticias"],"inLanguage":"es","potentialAction":[{"@type":"CommentAction","name":"Comment","target":["https:\/\/quehacerpolitico.mx\/?p=6356#respond"]}]},{"@type":"WebPage","@id":"https:\/\/quehacerpolitico.mx\/?p=6356","url":"https:\/\/quehacerpolitico.mx\/?p=6356","name":"\u201c\u00a1Ni una m\u00e1s!\u201d Vecinos salen de blanco a las calles de Ecatepec, horrorizados por feminicidios -","isPartOf":{"@id":"https:\/\/quehacerpolitico.mx\/#website"},"primaryImageOfPage":{"@id":"https:\/\/quehacerpolitico.mx\/?p=6356#primaryimage"},"image":{"@id":"https:\/\/quehacerpolitico.mx\/?p=6356#primaryimage"},"thumbnailUrl":"","datePublished":"2018-10-08T01:42:56+00:00","author":{"@id":"https:\/\/quehacerpolitico.mx\/#\/schema\/person\/496d8ad2d1d3f8036101dca7ee39e585"},"breadcrumb":{"@id":"https:\/\/quehacerpolitico.mx\/?p=6356#breadcrumb"},"inLanguage":"es","potentialAction":[{"@type":"ReadAction","target":["https:\/\/quehacerpolitico.mx\/?p=6356"]}]},{"@type":"ImageObject","inLanguage":"es","@id":"https:\/\/quehacerpolitico.mx\/?p=6356#primaryimage","url":"","contentUrl":""},{"@type":"BreadcrumbList","@id":"https:\/\/quehacerpolitico.mx\/?p=6356#breadcrumb","itemListElement":[{"@type":"ListItem","position":1,"name":"Inicio","item":"https:\/\/quehacerpolitico.mx\/"},{"@type":"ListItem","position":2,"name":"\u201c\u00a1Ni una m\u00e1s!\u201d Vecinos salen de blanco a las calles de Ecatepec, horrorizados por feminicidios"}]},{"@type":"WebSite","@id":"https:\/\/quehacerpolitico.mx\/#website","url":"https:\/\/quehacerpolitico.mx\/","name":"","description":"","potentialAction":[{"@type":"SearchAction","target":{"@type":"EntryPoint","urlTemplate":"https:\/\/quehacerpolitico.mx\/?s={search_term_string}"},"query-input":{"@type":"PropertyValueSpecification","valueRequired":true,"valueName":"search_term_string"}}],"inLanguage":"es"},{"@type":"Person","@id":"https:\/\/quehacerpolitico.mx\/#\/schema\/person\/496d8ad2d1d3f8036101dca7ee39e585","name":"Redacci\u00f3n QP","image":{"@type":"ImageObject","inLanguage":"es","@id":"https:\/\/secure.gravatar.com\/avatar\/c7164ed6fdec453195284ad24a5ae5b6e1eed2b848477fa2a4787ba9adf39a41?s=96&d=mm&r=g","url":"https:\/\/secure.gravatar.com\/avatar\/c7164ed6fdec453195284ad24a5ae5b6e1eed2b848477fa2a4787ba9adf39a41?s=96&d=mm&r=g","contentUrl":"https:\/\/secure.gravatar.com\/avatar\/c7164ed6fdec453195284ad24a5ae5b6e1eed2b848477fa2a4787ba9adf39a41?s=96&d=mm&r=g","caption":"Redacci\u00f3n QP"},"url":"https:\/\/quehacerpolitico.mx\/?author=2"}]}},"featured_image_urls":{"full":"","thumbnail":"","medium":"","medium_large":"","large":"","1536x1536":"","2048x2048":"","covernews-featured":"","covernews-medium":""},"author_info":{"display_name":"Redacci\u00f3n QP","author_link":"https:\/\/quehacerpolitico.mx\/?author=2"},"category_info":"<a href=\"https:\/\/quehacerpolitico.mx\/?cat=2\" rel=\"category\">Noticias<\/a>","tag_info":"Noticias","comment_count":"0","_links":{"self":[{"href":"https:\/\/quehacerpolitico.mx\/index.php?rest_route=\/wp\/v2\/posts\/6356","targetHints":{"allow":["GET"]}}],"collection":[{"href":"https:\/\/quehacerpolitico.mx\/index.php?rest_route=\/wp\/v2\/posts"}],"about":[{"href":"https:\/\/quehacerpolitico.mx\/index.php?rest_route=\/wp\/v2\/types\/post"}],"author":[{"embeddable":true,"href":"https:\/\/quehacerpolitico.mx\/index.php?rest_route=\/wp\/v2\/users\/2"}],"replies":[{"embeddable":true,"href":"https:\/\/quehacerpolitico.mx\/index.php?rest_route=%2Fwp%2Fv2%2Fcomments&post=6356"}],"version-history":[{"count":0,"href":"https:\/\/quehacerpolitico.mx\/index.php?rest_route=\/wp\/v2\/posts\/6356\/revisions"}],"wp:featuredmedia":[{"embeddable":true,"href":"https:\/\/quehacerpolitico.mx\/index.php?rest_route=\/"}],"wp:attachment":[{"href":"https:\/\/quehacerpolitico.mx\/index.php?rest_route=%2Fwp%2Fv2%2Fmedia&parent=6356"}],"wp:term":[{"taxonomy":"category","embeddable":true,"href":"https:\/\/quehacerpolitico.mx\/index.php?rest_route=%2Fwp%2Fv2%2Fcategories&post=6356"},{"taxonomy":"post_tag","embeddable":true,"href":"https:\/\/quehacerpolitico.mx\/index.php?rest_route=%2Fwp%2Fv2%2Ftags&post=6356"}],"curies":[{"name":"wp","href":"https:\/\/api.w.org\/{rel}","templated":true}]}}