{"id":6352,"date":"2018-10-08T01:13:09","date_gmt":"2018-10-08T01:13:09","guid":{"rendered":"http:\/\/quehacerpolitico.mx\/morena-presenta-a-leonel-godoy-como-su-delegado-en-bc-no-descartan-candidaturas-ciudadanas-para-2019\/"},"modified":"2018-10-08T01:13:09","modified_gmt":"2018-10-08T01:13:09","slug":"morena-presenta-a-leonel-godoy-como-su-delegado-en-bc-no-descartan-candidaturas-ciudadanas-para-2019","status":"publish","type":"post","link":"https:\/\/quehacerpolitico.mx\/?p=6352","title":{"rendered":"Morena presenta a Leonel Godoy como su delegado en BC; no descartan candidaturas ciudadanas para 2019"},"content":{"rendered":"<h3>Leonel Godoy, ex Gobernador de Michoac\u00e1n, fue presentado hoy como Delegado del Comit\u00e9 Ejecutivo Nacional de Morena en Baja California, \u00e9l se encargar\u00e1 de\u00a0 trabajar con los candidatos del partido a las pr\u00f3ximas elecciones donde se elegir\u00e1 una gubernatura, los cargos de cinco ayuntamientos y 25 diputaciones del Congreso local.<\/h3>\n<p>Durante la presentaci\u00f3n d<strong>e Leonel Godoy Rangel<\/strong> como<strong>delegado<\/strong> de\u00a0<strong>Movimiento de Regeneraci\u00f3n Nacional (Morena)<\/strong>\u00a0en <strong>Baja California<\/strong> y coordinador estatal de las actividades proselitistas del partido, la dirigente naciona<strong>l Yeidckol Polevnsky<\/strong> no descart\u00f3 que el candidato o candidata a la gubernatura por ese instituto pol\u00edtico sea un <strong>aspirante ciudadano<\/strong>.<\/p>\n<p>Mencion\u00f3 que\u00a0<strong>Morena<\/strong> \u201cno est\u00e1 cerrado\u201d y que los estatutos partidistas permiten que el partido de izquierda reciba \u201cgente de afuera\u201d.<\/p>\n<p>Sobre la elecci\u00f3n de abanderado, dijo que ese trabajo le va a corresponder al ex gobernador de Michoac\u00e1n. El nuevo delegado habl\u00f3 de dos opciones para elegir al candidato de Morena, las cuales apuntan a la candidatura de unidad o las encuestas. Aclar\u00f3 que esas modalidades se contemplan a nivel interno en el partido. En caso de que \u00e9ste se abriera a una alianza con otros partidos, podr\u00edan analizarse m\u00e1s opciones, manifest\u00f3.<\/p>\n<p>Acerca del perfil de quienes aspiren a contender<strong>, Godoy Rangel s<\/strong>ostuvo que tendr\u00e1n que reunir cualidades \u201c\u00e9ticas, pol\u00edticas e ideol\u00f3gicas\u201d e igualmente sobresalir por \u201ctocar puertas\u201d diariamente y \u201crecorrer el estado\u201d, de manera que \u201clogren que sea la gente\u201d la que los perfile antes que el partido. \u201cTendr\u00e1n que talacharle todos los d\u00edas, en las colonias, en los barrios, en los ejidos, en los pueblos\u201d para cumplir con las expectativas en cuanto al \u201ctipo de candidato que va a querer Morena\u201d.<\/p>\n<blockquote>\n<p>En el tema de la gubernatura de dos a\u00f1os, contemplada para instaurarse con la elecci\u00f3n de 2019,<strong> Yeidckol Polevnsky<\/strong>dijo que no importa si es de seis meses o una semana, lo relevante es ganarla, expres\u00f3; aunque se pronunci\u00f3 a favor de que sea de cinco a\u00f1os. Manifest\u00f3 que ella apoyar\u00eda esa opci\u00f3n si el tema estuviera en el Congreso. \u201cEncantada de la vida de que as\u00ed fuera\u201d, se\u00f1al\u00f3.<\/p>\n<\/blockquote>\n<p>Ello, en vista de que el gobernante podr\u00eda ir de la mano del pr\u00f3ximo Presidente de la rep\u00fablica, Andr\u00e9s Manuel L\u00f3pez Obrador, quien entrar\u00e1 en funciones el 1 de diciembre. \u201cPor el bien de este estado, creo que ser\u00eda lo mejor que podr\u00eda suceder\u201d.<\/p>\n<p>Leonel Godoy tambi\u00e9n habl\u00f3 de paridad de g\u00e9nero y dijo que en el caso de las alcald\u00edas, como municipios tendr\u00e1 que haber tres mujeres y dos hombres y \u201cla mitad de los distritos m\u00e1s uno\u201d corresponder\u00e1n a morenistas del sexo femenino.<\/p>\n<p>El acto de presentaci\u00f3n de Godoy se llev\u00f3 a cabo en las oficinas del partido ubicadas en la zona R\u00edo, conde tambi\u00e9n estuvo presente el senador de Baja California Jaime Bonilla.<\/p>\n","protected":false},"excerpt":{"rendered":"<p>Morena presenta a Leonel Godoy como su delegado en BC; no descartan candidaturas ciudadanas para 2019<br \/>\nPor Redacci\u00f3n QP<\/p>\n","protected":false},"author":2,"featured_media":6351,"comment_status":"open","ping_status":"open","sticky":false,"template":"","format":"standard","meta":{"_monsterinsights_skip_tracking":false,"_monsterinsights_sitenote_active":false,"_monsterinsights_sitenote_note":"","_monsterinsights_sitenote_category":0,"footnotes":""},"categories":[2],"tags":[],"class_list":["post-6352","post","type-post","status-publish","format-standard","has-post-thumbnail","hentry","category-noticias"],"yoast_head":"<!-- This site is optimized with the Yoast SEO plugin v27.3 - https:\/\/yoast.com\/product\/yoast-seo-wordpress\/ -->\n<title>Morena presenta a Leonel Godoy como su delegado en BC; no descartan candidaturas ciudadanas para 2019 -<\/title>\n<meta name=\"robots\" content=\"index, follow, max-snippet:-1, max-image-preview:large, max-video-preview:-1\" \/>\n<link rel=\"canonical\" href=\"https:\/\/quehacerpolitico.mx\/?p=6352\" \/>\n<meta property=\"og:locale\" content=\"es_MX\" \/>\n<meta property=\"og:type\" content=\"article\" \/>\n<meta property=\"og:title\" content=\"Morena presenta a Leonel Godoy como su delegado en BC; no descartan candidaturas ciudadanas para 2019 -\" \/>\n<meta property=\"og:description\" content=\"Morena presenta a Leonel Godoy como su delegado en BC; no descartan candidaturas ciudadanas para 2019 Por Redacci\u00f3n QP\" \/>\n<meta property=\"og:url\" content=\"https:\/\/quehacerpolitico.mx\/?p=6352\" \/>\n<meta property=\"article:published_time\" content=\"2018-10-08T01:13:09+00:00\" \/>\n<meta name=\"author\" content=\"Redacci\u00f3n QP\" \/>\n<meta name=\"twitter:card\" content=\"summary_large_image\" \/>\n<meta name=\"twitter:label1\" content=\"Escrito por\" \/>\n\t<meta name=\"twitter:data1\" content=\"Redacci\u00f3n QP\" \/>\n\t<meta name=\"twitter:label2\" content=\"Tiempo de lectura\" \/>\n\t<meta name=\"twitter:data2\" content=\"2 minutos\" \/>\n<script type=\"application\/ld+json\" class=\"yoast-schema-graph\">{\"@context\":\"https:\\\/\\\/schema.org\",\"@graph\":[{\"@type\":\"Article\",\"@id\":\"https:\\\/\\\/quehacerpolitico.mx\\\/?p=6352#article\",\"isPartOf\":{\"@id\":\"https:\\\/\\\/quehacerpolitico.mx\\\/?p=6352\"},\"author\":{\"name\":\"Redacci\u00f3n QP\",\"@id\":\"https:\\\/\\\/quehacerpolitico.mx\\\/#\\\/schema\\\/person\\\/496d8ad2d1d3f8036101dca7ee39e585\"},\"headline\":\"Morena presenta a Leonel Godoy como su delegado en BC; no descartan candidaturas ciudadanas para 2019\",\"datePublished\":\"2018-10-08T01:13:09+00:00\",\"mainEntityOfPage\":{\"@id\":\"https:\\\/\\\/quehacerpolitico.mx\\\/?p=6352\"},\"wordCount\":504,\"commentCount\":0,\"image\":{\"@id\":\"https:\\\/\\\/quehacerpolitico.mx\\\/?p=6352#primaryimage\"},\"thumbnailUrl\":\"\",\"articleSection\":[\"Noticias\"],\"inLanguage\":\"es\",\"potentialAction\":[{\"@type\":\"CommentAction\",\"name\":\"Comment\",\"target\":[\"https:\\\/\\\/quehacerpolitico.mx\\\/?p=6352#respond\"]}]},{\"@type\":\"WebPage\",\"@id\":\"https:\\\/\\\/quehacerpolitico.mx\\\/?p=6352\",\"url\":\"https:\\\/\\\/quehacerpolitico.mx\\\/?p=6352\",\"name\":\"Morena presenta a Leonel Godoy como su delegado en BC; no descartan candidaturas ciudadanas para 2019 -\",\"isPartOf\":{\"@id\":\"https:\\\/\\\/quehacerpolitico.mx\\\/#website\"},\"primaryImageOfPage\":{\"@id\":\"https:\\\/\\\/quehacerpolitico.mx\\\/?p=6352#primaryimage\"},\"image\":{\"@id\":\"https:\\\/\\\/quehacerpolitico.mx\\\/?p=6352#primaryimage\"},\"thumbnailUrl\":\"\",\"datePublished\":\"2018-10-08T01:13:09+00:00\",\"author\":{\"@id\":\"https:\\\/\\\/quehacerpolitico.mx\\\/#\\\/schema\\\/person\\\/496d8ad2d1d3f8036101dca7ee39e585\"},\"breadcrumb\":{\"@id\":\"https:\\\/\\\/quehacerpolitico.mx\\\/?p=6352#breadcrumb\"},\"inLanguage\":\"es\",\"potentialAction\":[{\"@type\":\"ReadAction\",\"target\":[\"https:\\\/\\\/quehacerpolitico.mx\\\/?p=6352\"]}]},{\"@type\":\"ImageObject\",\"inLanguage\":\"es\",\"@id\":\"https:\\\/\\\/quehacerpolitico.mx\\\/?p=6352#primaryimage\",\"url\":\"\",\"contentUrl\":\"\"},{\"@type\":\"BreadcrumbList\",\"@id\":\"https:\\\/\\\/quehacerpolitico.mx\\\/?p=6352#breadcrumb\",\"itemListElement\":[{\"@type\":\"ListItem\",\"position\":1,\"name\":\"Inicio\",\"item\":\"https:\\\/\\\/quehacerpolitico.mx\\\/\"},{\"@type\":\"ListItem\",\"position\":2,\"name\":\"Morena presenta a Leonel Godoy como su delegado en BC; no descartan candidaturas ciudadanas para 2019\"}]},{\"@type\":\"WebSite\",\"@id\":\"https:\\\/\\\/quehacerpolitico.mx\\\/#website\",\"url\":\"https:\\\/\\\/quehacerpolitico.mx\\\/\",\"name\":\"\",\"description\":\"\",\"potentialAction\":[{\"@type\":\"SearchAction\",\"target\":{\"@type\":\"EntryPoint\",\"urlTemplate\":\"https:\\\/\\\/quehacerpolitico.mx\\\/?s={search_term_string}\"},\"query-input\":{\"@type\":\"PropertyValueSpecification\",\"valueRequired\":true,\"valueName\":\"search_term_string\"}}],\"inLanguage\":\"es\"},{\"@type\":\"Person\",\"@id\":\"https:\\\/\\\/quehacerpolitico.mx\\\/#\\\/schema\\\/person\\\/496d8ad2d1d3f8036101dca7ee39e585\",\"name\":\"Redacci\u00f3n QP\",\"image\":{\"@type\":\"ImageObject\",\"inLanguage\":\"es\",\"@id\":\"https:\\\/\\\/secure.gravatar.com\\\/avatar\\\/c7164ed6fdec453195284ad24a5ae5b6e1eed2b848477fa2a4787ba9adf39a41?s=96&d=mm&r=g\",\"url\":\"https:\\\/\\\/secure.gravatar.com\\\/avatar\\\/c7164ed6fdec453195284ad24a5ae5b6e1eed2b848477fa2a4787ba9adf39a41?s=96&d=mm&r=g\",\"contentUrl\":\"https:\\\/\\\/secure.gravatar.com\\\/avatar\\\/c7164ed6fdec453195284ad24a5ae5b6e1eed2b848477fa2a4787ba9adf39a41?s=96&d=mm&r=g\",\"caption\":\"Redacci\u00f3n QP\"},\"url\":\"https:\\\/\\\/quehacerpolitico.mx\\\/?author=2\"}]}<\/script>\n<!-- \/ Yoast SEO plugin. -->","yoast_head_json":{"title":"Morena presenta a Leonel Godoy como su delegado en BC; no descartan candidaturas ciudadanas para 2019 -","robots":{"index":"index","follow":"follow","max-snippet":"max-snippet:-1","max-image-preview":"max-image-preview:large","max-video-preview":"max-video-preview:-1"},"canonical":"https:\/\/quehacerpolitico.mx\/?p=6352","og_locale":"es_MX","og_type":"article","og_title":"Morena presenta a Leonel Godoy como su delegado en BC; no descartan candidaturas ciudadanas para 2019 -","og_description":"Morena presenta a Leonel Godoy como su delegado en BC; no descartan candidaturas ciudadanas para 2019 Por Redacci\u00f3n QP","og_url":"https:\/\/quehacerpolitico.mx\/?p=6352","article_published_time":"2018-10-08T01:13:09+00:00","author":"Redacci\u00f3n QP","twitter_card":"summary_large_image","twitter_misc":{"Escrito por":"Redacci\u00f3n QP","Tiempo de lectura":"2 minutos"},"schema":{"@context":"https:\/\/schema.org","@graph":[{"@type":"Article","@id":"https:\/\/quehacerpolitico.mx\/?p=6352#article","isPartOf":{"@id":"https:\/\/quehacerpolitico.mx\/?p=6352"},"author":{"name":"Redacci\u00f3n QP","@id":"https:\/\/quehacerpolitico.mx\/#\/schema\/person\/496d8ad2d1d3f8036101dca7ee39e585"},"headline":"Morena presenta a Leonel Godoy como su delegado en BC; no descartan candidaturas ciudadanas para 2019","datePublished":"2018-10-08T01:13:09+00:00","mainEntityOfPage":{"@id":"https:\/\/quehacerpolitico.mx\/?p=6352"},"wordCount":504,"commentCount":0,"image":{"@id":"https:\/\/quehacerpolitico.mx\/?p=6352#primaryimage"},"thumbnailUrl":"","articleSection":["Noticias"],"inLanguage":"es","potentialAction":[{"@type":"CommentAction","name":"Comment","target":["https:\/\/quehacerpolitico.mx\/?p=6352#respond"]}]},{"@type":"WebPage","@id":"https:\/\/quehacerpolitico.mx\/?p=6352","url":"https:\/\/quehacerpolitico.mx\/?p=6352","name":"Morena presenta a Leonel Godoy como su delegado en BC; no descartan candidaturas ciudadanas para 2019 -","isPartOf":{"@id":"https:\/\/quehacerpolitico.mx\/#website"},"primaryImageOfPage":{"@id":"https:\/\/quehacerpolitico.mx\/?p=6352#primaryimage"},"image":{"@id":"https:\/\/quehacerpolitico.mx\/?p=6352#primaryimage"},"thumbnailUrl":"","datePublished":"2018-10-08T01:13:09+00:00","author":{"@id":"https:\/\/quehacerpolitico.mx\/#\/schema\/person\/496d8ad2d1d3f8036101dca7ee39e585"},"breadcrumb":{"@id":"https:\/\/quehacerpolitico.mx\/?p=6352#breadcrumb"},"inLanguage":"es","potentialAction":[{"@type":"ReadAction","target":["https:\/\/quehacerpolitico.mx\/?p=6352"]}]},{"@type":"ImageObject","inLanguage":"es","@id":"https:\/\/quehacerpolitico.mx\/?p=6352#primaryimage","url":"","contentUrl":""},{"@type":"BreadcrumbList","@id":"https:\/\/quehacerpolitico.mx\/?p=6352#breadcrumb","itemListElement":[{"@type":"ListItem","position":1,"name":"Inicio","item":"https:\/\/quehacerpolitico.mx\/"},{"@type":"ListItem","position":2,"name":"Morena presenta a Leonel Godoy como su delegado en BC; no descartan candidaturas ciudadanas para 2019"}]},{"@type":"WebSite","@id":"https:\/\/quehacerpolitico.mx\/#website","url":"https:\/\/quehacerpolitico.mx\/","name":"","description":"","potentialAction":[{"@type":"SearchAction","target":{"@type":"EntryPoint","urlTemplate":"https:\/\/quehacerpolitico.mx\/?s={search_term_string}"},"query-input":{"@type":"PropertyValueSpecification","valueRequired":true,"valueName":"search_term_string"}}],"inLanguage":"es"},{"@type":"Person","@id":"https:\/\/quehacerpolitico.mx\/#\/schema\/person\/496d8ad2d1d3f8036101dca7ee39e585","name":"Redacci\u00f3n QP","image":{"@type":"ImageObject","inLanguage":"es","@id":"https:\/\/secure.gravatar.com\/avatar\/c7164ed6fdec453195284ad24a5ae5b6e1eed2b848477fa2a4787ba9adf39a41?s=96&d=mm&r=g","url":"https:\/\/secure.gravatar.com\/avatar\/c7164ed6fdec453195284ad24a5ae5b6e1eed2b848477fa2a4787ba9adf39a41?s=96&d=mm&r=g","contentUrl":"https:\/\/secure.gravatar.com\/avatar\/c7164ed6fdec453195284ad24a5ae5b6e1eed2b848477fa2a4787ba9adf39a41?s=96&d=mm&r=g","caption":"Redacci\u00f3n QP"},"url":"https:\/\/quehacerpolitico.mx\/?author=2"}]}},"featured_image_urls":{"full":"","thumbnail":"","medium":"","medium_large":"","large":"","1536x1536":"","2048x2048":"","covernews-featured":"","covernews-medium":""},"author_info":{"display_name":"Redacci\u00f3n QP","author_link":"https:\/\/quehacerpolitico.mx\/?author=2"},"category_info":"<a href=\"https:\/\/quehacerpolitico.mx\/?cat=2\" rel=\"category\">Noticias<\/a>","tag_info":"Noticias","comment_count":"0","_links":{"self":[{"href":"https:\/\/quehacerpolitico.mx\/index.php?rest_route=\/wp\/v2\/posts\/6352","targetHints":{"allow":["GET"]}}],"collection":[{"href":"https:\/\/quehacerpolitico.mx\/index.php?rest_route=\/wp\/v2\/posts"}],"about":[{"href":"https:\/\/quehacerpolitico.mx\/index.php?rest_route=\/wp\/v2\/types\/post"}],"author":[{"embeddable":true,"href":"https:\/\/quehacerpolitico.mx\/index.php?rest_route=\/wp\/v2\/users\/2"}],"replies":[{"embeddable":true,"href":"https:\/\/quehacerpolitico.mx\/index.php?rest_route=%2Fwp%2Fv2%2Fcomments&post=6352"}],"version-history":[{"count":0,"href":"https:\/\/quehacerpolitico.mx\/index.php?rest_route=\/wp\/v2\/posts\/6352\/revisions"}],"wp:featuredmedia":[{"embeddable":true,"href":"https:\/\/quehacerpolitico.mx\/index.php?rest_route=\/"}],"wp:attachment":[{"href":"https:\/\/quehacerpolitico.mx\/index.php?rest_route=%2Fwp%2Fv2%2Fmedia&parent=6352"}],"wp:term":[{"taxonomy":"category","embeddable":true,"href":"https:\/\/quehacerpolitico.mx\/index.php?rest_route=%2Fwp%2Fv2%2Fcategories&post=6352"},{"taxonomy":"post_tag","embeddable":true,"href":"https:\/\/quehacerpolitico.mx\/index.php?rest_route=%2Fwp%2Fv2%2Ftags&post=6352"}],"curies":[{"name":"wp","href":"https:\/\/api.w.org\/{rel}","templated":true}]}}