{"id":6346,"date":"2018-10-08T00:45:23","date_gmt":"2018-10-08T00:45:23","guid":{"rendered":"http:\/\/quehacerpolitico.mx\/video-vuelan-sillas-en-enfrentamiento-entre-maestros-del-ceteg-y-el-snte\/"},"modified":"2018-10-08T00:45:23","modified_gmt":"2018-10-08T00:45:23","slug":"video-vuelan-sillas-en-enfrentamiento-entre-maestros-del-ceteg-y-el-snte","status":"publish","type":"post","link":"https:\/\/quehacerpolitico.mx\/?p=6346","title":{"rendered":"[VIDEO] Vuelan sillas en enfrentamiento entre maestros del CETEG y el SNTE"},"content":{"rendered":"<p>Maestros de la Coordinadora Estatal de Trabajadores de la Educaci\u00f3n de Guerrero (<strong>CETEG<\/strong>) se enfrentaron a sillazos con integrantes del Sindicato Nacional de Trabajadores de la Educaci\u00f3n (<strong>SNTE<\/strong>), por lo que se cancel\u00f3 el foro educativo que promueve el presidente electo de la Rep\u00fablica, Andr\u00e9s Manuel L\u00f3pez Obrador.<\/p>\n<p>Previamente, los integrantes de la <strong>CETEG<\/strong>marcharon desde la delegaci\u00f3n del<strong> ISSSTE<\/strong>sobre la avenida Costera hacia el Centro de Convenciones, sede del evento, pues se\u00f1alaron que en el foro participar\u00eda el \u201ccharrismo sindical\u201d, en referencia al SNTE, y quienes aprobaron la Reforma Educativa, cuando ellos piden que se cancele.<\/p>\n<blockquote class=\"twitter-tweet\" data-width=\"550\" data-dnt=\"true\">\n<p lang=\"es\" dir=\"ltr\">Los duritos de la <a href=\"https:\/\/twitter.com\/hashtag\/CNTE?src=hash&amp;ref_src=twsrc%5Etfw\">#CNTE<\/a> en Acapulco salieron con su domingo 7 y le arruinaron el foro de consulta a la <a href=\"https:\/\/twitter.com\/hashtag\/4taTransformaci%C3%B3n?src=hash&amp;ref_src=twsrc%5Etfw\">#4taTransformaci\u00f3n<\/a><br \/>Que porque no quieren convivir con gente de @ElbaEstherGM<br \/>\u00bfAlguien busca arruinarle el despegue a Esteban Moctezuma o alguien quiere deshacerse de la Maestra? <a href=\"https:\/\/t.co\/m4XkDhGuxu\">pic.twitter.com\/m4XkDhGuxu<\/a><\/p>\n<p>&mdash; ivonne melgar (@ivonnemelgar) <a href=\"https:\/\/twitter.com\/ivonnemelgar\/status\/1049011045073924097?ref_src=twsrc%5Etfw\">October 7, 2018<\/a><\/p><\/blockquote>\n<p><script async src=\"https:\/\/platform.twitter.com\/widgets.js\" charset=\"utf-8\"><\/script><\/p>\n<p>Al llegar al<strong> Centro de Convenciones<\/strong>, los aproximadamente 300 docentes de las regiones<strong> Acapulco, Costa Grande y Centro<\/strong>, quitaron las vallas en el <strong>sal\u00f3n Teotihuac\u00e1n<\/strong>para subirse al templete y protestar en contra de la presencia de los maestros del SNTE.<\/p>\n<p>Ah\u00ed, tambi\u00e9n hicieron un pase de lista de los 43 normalistas desaparecidos de Ayotzinapa. En respuesta, los maestros que ya estaban en el lugar, comenzaron a corear el nombre del <strong>SNTE,<\/strong> lo que provoc\u00f3 la trifulca, pues los cetegistas hicieron comentarios negativos en contra de su ex l\u00edder Elba Esther Gordillo, y los llamaron \u201ccharros\u201d, lo que provoc\u00f3 el enojo ante el grupo contrario, por lo cual comenzaron a aventar botellas con agua y hasta las sillas.<\/p>\n<p>Este domingo se ten\u00eda prevista la realizaci\u00f3n del foro educativo, donde se convoc\u00f3 a todos los sectores, con el fin de que se diera un acuerdo nacional para entregar dichas propuestas al pr\u00f3ximo presidente de la Rep\u00fablica, <strong>Andr\u00e9s Manuel L\u00f3pez Obrador.<\/strong><\/p>\n","protected":false},"excerpt":{"rendered":"<p>[VIDEO] Vuelan sillas en enfrentamiento entre maestros del CETEG y el SNTE<br \/>\nPor Redacci\u00f3n QP<\/p>\n","protected":false},"author":2,"featured_media":6345,"comment_status":"open","ping_status":"open","sticky":false,"template":"","format":"standard","meta":{"_monsterinsights_skip_tracking":false,"_monsterinsights_sitenote_active":false,"_monsterinsights_sitenote_note":"","_monsterinsights_sitenote_category":0,"footnotes":""},"categories":[2],"tags":[],"class_list":["post-6346","post","type-post","status-publish","format-standard","has-post-thumbnail","hentry","category-noticias"],"yoast_head":"<!-- This site is optimized with the Yoast SEO plugin v27.3 - https:\/\/yoast.com\/product\/yoast-seo-wordpress\/ -->\n<title>[VIDEO] Vuelan sillas en enfrentamiento entre maestros del CETEG y el SNTE -<\/title>\n<meta name=\"robots\" content=\"index, follow, max-snippet:-1, max-image-preview:large, max-video-preview:-1\" \/>\n<link rel=\"canonical\" href=\"https:\/\/quehacerpolitico.mx\/?p=6346\" \/>\n<meta property=\"og:locale\" content=\"es_MX\" \/>\n<meta property=\"og:type\" content=\"article\" \/>\n<meta property=\"og:title\" content=\"[VIDEO] Vuelan sillas en enfrentamiento entre maestros del CETEG y el SNTE -\" \/>\n<meta property=\"og:description\" content=\"[VIDEO] Vuelan sillas en enfrentamiento entre maestros del CETEG y el SNTE Por Redacci\u00f3n QP\" \/>\n<meta property=\"og:url\" content=\"https:\/\/quehacerpolitico.mx\/?p=6346\" \/>\n<meta property=\"article:published_time\" content=\"2018-10-08T00:45:23+00:00\" \/>\n<meta name=\"author\" content=\"Redacci\u00f3n QP\" \/>\n<meta name=\"twitter:card\" content=\"summary_large_image\" \/>\n<meta name=\"twitter:label1\" content=\"Escrito por\" \/>\n\t<meta name=\"twitter:data1\" content=\"Redacci\u00f3n QP\" \/>\n\t<meta name=\"twitter:label2\" content=\"Tiempo de lectura\" \/>\n\t<meta name=\"twitter:data2\" content=\"1 minuto\" \/>\n<script type=\"application\/ld+json\" class=\"yoast-schema-graph\">{\"@context\":\"https:\\\/\\\/schema.org\",\"@graph\":[{\"@type\":\"Article\",\"@id\":\"https:\\\/\\\/quehacerpolitico.mx\\\/?p=6346#article\",\"isPartOf\":{\"@id\":\"https:\\\/\\\/quehacerpolitico.mx\\\/?p=6346\"},\"author\":{\"name\":\"Redacci\u00f3n QP\",\"@id\":\"https:\\\/\\\/quehacerpolitico.mx\\\/#\\\/schema\\\/person\\\/496d8ad2d1d3f8036101dca7ee39e585\"},\"headline\":\"[VIDEO] Vuelan sillas en enfrentamiento entre maestros del CETEG y el SNTE\",\"datePublished\":\"2018-10-08T00:45:23+00:00\",\"mainEntityOfPage\":{\"@id\":\"https:\\\/\\\/quehacerpolitico.mx\\\/?p=6346\"},\"wordCount\":288,\"commentCount\":0,\"image\":{\"@id\":\"https:\\\/\\\/quehacerpolitico.mx\\\/?p=6346#primaryimage\"},\"thumbnailUrl\":\"\",\"articleSection\":[\"Noticias\"],\"inLanguage\":\"es\",\"potentialAction\":[{\"@type\":\"CommentAction\",\"name\":\"Comment\",\"target\":[\"https:\\\/\\\/quehacerpolitico.mx\\\/?p=6346#respond\"]}]},{\"@type\":\"WebPage\",\"@id\":\"https:\\\/\\\/quehacerpolitico.mx\\\/?p=6346\",\"url\":\"https:\\\/\\\/quehacerpolitico.mx\\\/?p=6346\",\"name\":\"[VIDEO] Vuelan sillas en enfrentamiento entre maestros del CETEG y el SNTE -\",\"isPartOf\":{\"@id\":\"https:\\\/\\\/quehacerpolitico.mx\\\/#website\"},\"primaryImageOfPage\":{\"@id\":\"https:\\\/\\\/quehacerpolitico.mx\\\/?p=6346#primaryimage\"},\"image\":{\"@id\":\"https:\\\/\\\/quehacerpolitico.mx\\\/?p=6346#primaryimage\"},\"thumbnailUrl\":\"\",\"datePublished\":\"2018-10-08T00:45:23+00:00\",\"author\":{\"@id\":\"https:\\\/\\\/quehacerpolitico.mx\\\/#\\\/schema\\\/person\\\/496d8ad2d1d3f8036101dca7ee39e585\"},\"breadcrumb\":{\"@id\":\"https:\\\/\\\/quehacerpolitico.mx\\\/?p=6346#breadcrumb\"},\"inLanguage\":\"es\",\"potentialAction\":[{\"@type\":\"ReadAction\",\"target\":[\"https:\\\/\\\/quehacerpolitico.mx\\\/?p=6346\"]}]},{\"@type\":\"ImageObject\",\"inLanguage\":\"es\",\"@id\":\"https:\\\/\\\/quehacerpolitico.mx\\\/?p=6346#primaryimage\",\"url\":\"\",\"contentUrl\":\"\"},{\"@type\":\"BreadcrumbList\",\"@id\":\"https:\\\/\\\/quehacerpolitico.mx\\\/?p=6346#breadcrumb\",\"itemListElement\":[{\"@type\":\"ListItem\",\"position\":1,\"name\":\"Inicio\",\"item\":\"https:\\\/\\\/quehacerpolitico.mx\\\/\"},{\"@type\":\"ListItem\",\"position\":2,\"name\":\"[VIDEO] Vuelan sillas en enfrentamiento entre maestros del CETEG y el SNTE\"}]},{\"@type\":\"WebSite\",\"@id\":\"https:\\\/\\\/quehacerpolitico.mx\\\/#website\",\"url\":\"https:\\\/\\\/quehacerpolitico.mx\\\/\",\"name\":\"\",\"description\":\"\",\"potentialAction\":[{\"@type\":\"SearchAction\",\"target\":{\"@type\":\"EntryPoint\",\"urlTemplate\":\"https:\\\/\\\/quehacerpolitico.mx\\\/?s={search_term_string}\"},\"query-input\":{\"@type\":\"PropertyValueSpecification\",\"valueRequired\":true,\"valueName\":\"search_term_string\"}}],\"inLanguage\":\"es\"},{\"@type\":\"Person\",\"@id\":\"https:\\\/\\\/quehacerpolitico.mx\\\/#\\\/schema\\\/person\\\/496d8ad2d1d3f8036101dca7ee39e585\",\"name\":\"Redacci\u00f3n QP\",\"image\":{\"@type\":\"ImageObject\",\"inLanguage\":\"es\",\"@id\":\"https:\\\/\\\/secure.gravatar.com\\\/avatar\\\/c7164ed6fdec453195284ad24a5ae5b6e1eed2b848477fa2a4787ba9adf39a41?s=96&d=mm&r=g\",\"url\":\"https:\\\/\\\/secure.gravatar.com\\\/avatar\\\/c7164ed6fdec453195284ad24a5ae5b6e1eed2b848477fa2a4787ba9adf39a41?s=96&d=mm&r=g\",\"contentUrl\":\"https:\\\/\\\/secure.gravatar.com\\\/avatar\\\/c7164ed6fdec453195284ad24a5ae5b6e1eed2b848477fa2a4787ba9adf39a41?s=96&d=mm&r=g\",\"caption\":\"Redacci\u00f3n QP\"},\"url\":\"https:\\\/\\\/quehacerpolitico.mx\\\/?author=2\"}]}<\/script>\n<!-- \/ Yoast SEO plugin. -->","yoast_head_json":{"title":"[VIDEO] Vuelan sillas en enfrentamiento entre maestros del CETEG y el SNTE -","robots":{"index":"index","follow":"follow","max-snippet":"max-snippet:-1","max-image-preview":"max-image-preview:large","max-video-preview":"max-video-preview:-1"},"canonical":"https:\/\/quehacerpolitico.mx\/?p=6346","og_locale":"es_MX","og_type":"article","og_title":"[VIDEO] Vuelan sillas en enfrentamiento entre maestros del CETEG y el SNTE -","og_description":"[VIDEO] Vuelan sillas en enfrentamiento entre maestros del CETEG y el SNTE Por Redacci\u00f3n QP","og_url":"https:\/\/quehacerpolitico.mx\/?p=6346","article_published_time":"2018-10-08T00:45:23+00:00","author":"Redacci\u00f3n QP","twitter_card":"summary_large_image","twitter_misc":{"Escrito por":"Redacci\u00f3n QP","Tiempo de lectura":"1 minuto"},"schema":{"@context":"https:\/\/schema.org","@graph":[{"@type":"Article","@id":"https:\/\/quehacerpolitico.mx\/?p=6346#article","isPartOf":{"@id":"https:\/\/quehacerpolitico.mx\/?p=6346"},"author":{"name":"Redacci\u00f3n QP","@id":"https:\/\/quehacerpolitico.mx\/#\/schema\/person\/496d8ad2d1d3f8036101dca7ee39e585"},"headline":"[VIDEO] Vuelan sillas en enfrentamiento entre maestros del CETEG y el SNTE","datePublished":"2018-10-08T00:45:23+00:00","mainEntityOfPage":{"@id":"https:\/\/quehacerpolitico.mx\/?p=6346"},"wordCount":288,"commentCount":0,"image":{"@id":"https:\/\/quehacerpolitico.mx\/?p=6346#primaryimage"},"thumbnailUrl":"","articleSection":["Noticias"],"inLanguage":"es","potentialAction":[{"@type":"CommentAction","name":"Comment","target":["https:\/\/quehacerpolitico.mx\/?p=6346#respond"]}]},{"@type":"WebPage","@id":"https:\/\/quehacerpolitico.mx\/?p=6346","url":"https:\/\/quehacerpolitico.mx\/?p=6346","name":"[VIDEO] Vuelan sillas en enfrentamiento entre maestros del CETEG y el SNTE -","isPartOf":{"@id":"https:\/\/quehacerpolitico.mx\/#website"},"primaryImageOfPage":{"@id":"https:\/\/quehacerpolitico.mx\/?p=6346#primaryimage"},"image":{"@id":"https:\/\/quehacerpolitico.mx\/?p=6346#primaryimage"},"thumbnailUrl":"","datePublished":"2018-10-08T00:45:23+00:00","author":{"@id":"https:\/\/quehacerpolitico.mx\/#\/schema\/person\/496d8ad2d1d3f8036101dca7ee39e585"},"breadcrumb":{"@id":"https:\/\/quehacerpolitico.mx\/?p=6346#breadcrumb"},"inLanguage":"es","potentialAction":[{"@type":"ReadAction","target":["https:\/\/quehacerpolitico.mx\/?p=6346"]}]},{"@type":"ImageObject","inLanguage":"es","@id":"https:\/\/quehacerpolitico.mx\/?p=6346#primaryimage","url":"","contentUrl":""},{"@type":"BreadcrumbList","@id":"https:\/\/quehacerpolitico.mx\/?p=6346#breadcrumb","itemListElement":[{"@type":"ListItem","position":1,"name":"Inicio","item":"https:\/\/quehacerpolitico.mx\/"},{"@type":"ListItem","position":2,"name":"[VIDEO] Vuelan sillas en enfrentamiento entre maestros del CETEG y el SNTE"}]},{"@type":"WebSite","@id":"https:\/\/quehacerpolitico.mx\/#website","url":"https:\/\/quehacerpolitico.mx\/","name":"","description":"","potentialAction":[{"@type":"SearchAction","target":{"@type":"EntryPoint","urlTemplate":"https:\/\/quehacerpolitico.mx\/?s={search_term_string}"},"query-input":{"@type":"PropertyValueSpecification","valueRequired":true,"valueName":"search_term_string"}}],"inLanguage":"es"},{"@type":"Person","@id":"https:\/\/quehacerpolitico.mx\/#\/schema\/person\/496d8ad2d1d3f8036101dca7ee39e585","name":"Redacci\u00f3n QP","image":{"@type":"ImageObject","inLanguage":"es","@id":"https:\/\/secure.gravatar.com\/avatar\/c7164ed6fdec453195284ad24a5ae5b6e1eed2b848477fa2a4787ba9adf39a41?s=96&d=mm&r=g","url":"https:\/\/secure.gravatar.com\/avatar\/c7164ed6fdec453195284ad24a5ae5b6e1eed2b848477fa2a4787ba9adf39a41?s=96&d=mm&r=g","contentUrl":"https:\/\/secure.gravatar.com\/avatar\/c7164ed6fdec453195284ad24a5ae5b6e1eed2b848477fa2a4787ba9adf39a41?s=96&d=mm&r=g","caption":"Redacci\u00f3n QP"},"url":"https:\/\/quehacerpolitico.mx\/?author=2"}]}},"featured_image_urls":{"full":"","thumbnail":"","medium":"","medium_large":"","large":"","1536x1536":"","2048x2048":"","covernews-featured":"","covernews-medium":""},"author_info":{"display_name":"Redacci\u00f3n QP","author_link":"https:\/\/quehacerpolitico.mx\/?author=2"},"category_info":"<a href=\"https:\/\/quehacerpolitico.mx\/?cat=2\" rel=\"category\">Noticias<\/a>","tag_info":"Noticias","comment_count":"0","_links":{"self":[{"href":"https:\/\/quehacerpolitico.mx\/index.php?rest_route=\/wp\/v2\/posts\/6346","targetHints":{"allow":["GET"]}}],"collection":[{"href":"https:\/\/quehacerpolitico.mx\/index.php?rest_route=\/wp\/v2\/posts"}],"about":[{"href":"https:\/\/quehacerpolitico.mx\/index.php?rest_route=\/wp\/v2\/types\/post"}],"author":[{"embeddable":true,"href":"https:\/\/quehacerpolitico.mx\/index.php?rest_route=\/wp\/v2\/users\/2"}],"replies":[{"embeddable":true,"href":"https:\/\/quehacerpolitico.mx\/index.php?rest_route=%2Fwp%2Fv2%2Fcomments&post=6346"}],"version-history":[{"count":0,"href":"https:\/\/quehacerpolitico.mx\/index.php?rest_route=\/wp\/v2\/posts\/6346\/revisions"}],"wp:featuredmedia":[{"embeddable":true,"href":"https:\/\/quehacerpolitico.mx\/index.php?rest_route=\/"}],"wp:attachment":[{"href":"https:\/\/quehacerpolitico.mx\/index.php?rest_route=%2Fwp%2Fv2%2Fmedia&parent=6346"}],"wp:term":[{"taxonomy":"category","embeddable":true,"href":"https:\/\/quehacerpolitico.mx\/index.php?rest_route=%2Fwp%2Fv2%2Fcategories&post=6346"},{"taxonomy":"post_tag","embeddable":true,"href":"https:\/\/quehacerpolitico.mx\/index.php?rest_route=%2Fwp%2Fv2%2Ftags&post=6346"}],"curies":[{"name":"wp","href":"https:\/\/api.w.org\/{rel}","templated":true}]}}