{"id":6342,"date":"2018-10-08T00:17:55","date_gmt":"2018-10-08T00:17:55","guid":{"rendered":"http:\/\/quehacerpolitico.mx\/internacionales-carolina-alonso-romei-mundo-eu-y-corea-del-norte-acuerdan-segundo-encuentro\/"},"modified":"2018-10-08T00:17:55","modified_gmt":"2018-10-08T00:17:55","slug":"internacionales-carolina-alonso-romei-mundo-eu-y-corea-del-norte-acuerdan-segundo-encuentro","status":"publish","type":"post","link":"https:\/\/quehacerpolitico.mx\/?p=6342","title":{"rendered":"Internacionales\/\/\/Carolina Alonso Romei\/\/\/Mundo\/\/EU y Corea del Norte acuerdan segundo encuentro"},"content":{"rendered":"<p class=\"mobile-photo\"><a href=\"https:\/\/4.bp.blogspot.com\/-KidrsUa5_qE\/W7qGRA-DR2I\/AAAAAAAC5aw\/TNwIrelEg4QgMya2szoRzaVWTbcrnTmegCK4BGAYYCw\/s1600\/1079572889-722421.jpg\" data-src=\"https:\/\/4.bp.blogspot.com\/-KidrsUa5_qE\/W7qGRA-DR2I\/AAAAAAAC5aw\/TNwIrelEg4QgMya2szoRzaVWTbcrnTmegCK4BGAYYCw\/s1600\/1079572889-722421.jpg\" data-thumb=\"https:\/\/4.bp.blogspot.com\/-KidrsUa5_qE\/W7qGRA-DR2I\/AAAAAAAC5aw\/TNwIrelEg4QgMya2szoRzaVWTbcrnTmegCK4BGAYYCw\/s320\/1079572889-722421.jpg\" class=\"ml-lightbox-enabled\"><img decoding=\"async\" id=\"BLOGGER_PHOTO_ID_6609743029995784034\" src=\"https:\/\/4.bp.blogspot.com\/-KidrsUa5_qE\/W7qGRA-DR2I\/AAAAAAAC5aw\/TNwIrelEg4QgMya2szoRzaVWTbcrnTmegCK4BGAYYCw\/s320\/1079572889-722421.jpg\" alt=\"\" border=\"0\" \/><\/a><\/p>\n<div dir=\"ltr\">\n<div dir=\"ltr\">\n<div>EU y Corea del Norte\u00a0<\/div>\n<div>acuerdan segundo encuentro<\/div>\n<div>*El Gobierno surcoreano anunci\u00f3 que el mandatario de Norcorea, Kim Jong-un, y el secretario de Estado estadounidense, Mike Pompeo.<\/div>\n<div>\u00a0<\/div>\n<div>Washington.-El l\u00edder de Corea del Norte, Kim Jong-un, y el secretario de Estado de Estados Unidos, Mike Pompeo, acordaron organizar una segunda cumbre &#8220;lo m\u00e1s pronto posible&#8221; y discutieron posibles inspecciones de Washington a los sitios nucleares de Pyongyang, inform\u00f3\u00a0 el despacho presidencial de Corea del Sur.<\/div>\n<div>El presidente de Corea del Sur, Moon Jae-in, sostuvo conversaciones con Pompeo en Se\u00fal despu\u00e9s de que el m\u00e1ximo diplom\u00e1tico estadounidense se reuniera con Kim por m\u00e1s de tres horas durante un corto viaje a Pyongyang, que apuntaba a solucionar el estancamiento en sus conversaciones en torno al programa nuclear de Corea del Norte.<\/div>\n<div>Pompeo le dijo a Moon que \u00e9l y Kim discutieron medidas de desnuclearizaci\u00f3n a ser tomadas por Corea del Norte y el tema de la inspecci\u00f3n del gobierno estadounidense de dichas acciones, que Washington ha estado pidiendo, as\u00ed como los pasos que tomar\u00eda a cambio Estados Unidos, seg\u00fan el secretario de prensa de Moon, Yoon Young-chan.<\/div>\n<div>Yoon asegur\u00f3 tambi\u00e9n que Pompeo y Kim acordaron adem\u00e1s formar un grupo de trabajo en una pronta fecha para discutir el proceso de desnuclearizaci\u00f3n y la segunda cumbre, propuesta por Kim el mes pasado en una carta dirigida a Donald Trump.<\/div>\n<div>&#8220;El secretario Pompeo dijo que \u00e9l y el presidente Kim coincidieron en que se celebrar\u00e1 una segunda cumbre Estados Unidos-Corea del Norte lo m\u00e1s pronto posible&#8221;, agreg\u00f3 Yoon en un comunicado.<\/div>\n<div>&#8220;Ambas partes tambi\u00e9n acordaron continuar las discusiones para decidir el detallado cronograma y ubicaci\u00f3n de la segunda cumbre&#8221;, asegur\u00f3.<\/div>\n<div>Aunque Se\u00fal manifest\u00f3 un postura optimista, Pompeo marc\u00f3 un tono de mayor cautela. El diplom\u00e1tico estadounidense coment\u00f3 que su cuarto viaje a Corea del Norte fue &#8220;otro paso adelante&#8221; hacia la desnuclearizaci\u00f3n y que tuvo una &#8220;buena y productiva conversaci\u00f3n&#8221; con Kim, pero que a\u00fan hab\u00eda que hacer m\u00e1s.<\/div>\n<div>&#8220;Como el presidente Trump dijo, hay muchos pasos en el camino y dimos uno de ellos hoy&#8221;, afirm\u00f3 Pompeo a Moon. &#8220;Fue otro paso adelante. As\u00ed que, creo, es un buen resultado para todos nosotros&#8221;.<\/div>\n<div>Foto:Corea del Norte y EU han tenido acercamientos en los \u00faltimos meses.<\/div>\n<div>+++++++++++++++++<\/div>\n<div>\u00a0<\/div>\n<div>El pr\u00edncipe saud\u00ed pronostic\u00f3 la &#8220;desaparici\u00f3n&#8221;<\/div>\n<div>de Rusia del mercado petrolero<\/div>\n<div>Riad, Arabia Saudita.-En los pr\u00f3ximos 19 a\u00f1os, la producci\u00f3n de petr\u00f3leo en Rusia sufrir\u00e1 una dr\u00e1stica reducci\u00f3n, e incluso podr\u00eda desaparecer por completo del mercado global, afirm\u00f3 el pr\u00edncipe heredero saud\u00ed, Mohamed bin Salman Saud. Expertos rusos se\u00f1alaron que el heredero del trono saud\u00ed no tuvo en cuenta un importante detalle.<\/div>\n<div>El pr\u00f3ximo monarca pronostic\u00f3 que en el futuro la cantidad de productores de petr\u00f3leo se reducir\u00e1 dr\u00e1sticamente, en particular en Rusia y China.<\/div>\n<div>&#8220;La demanda de petr\u00f3leo seguir\u00e1 aumentando hasta 2030 por encima del 1%, entre el 1% y el 1,5%, quiz\u00e1 m\u00e1s. Y algunos creen que despu\u00e9s del 2030 declinar\u00e1. Pero creemos que en ese per\u00edodo desaparecer\u00e1n algunos productores. Por ejemplo, creemos que China disminuir\u00e1 bruscamente [la producci\u00f3n de petr\u00f3leo], sino desaparece despu\u00e9s en cinco a\u00f1os. (\u2026) Diecinueve a\u00f1os a partir de hoy, [la producci\u00f3n] de Rusia habr\u00e1 declinado mucho o incluso desaparecido&#8221;, afirm\u00f3 Salman.<\/div>\n<div>La extracci\u00f3n de petr\u00f3leo en Rusia ascender\u00e1 a 549 millones de toneladas en 2018<\/div>\n<div>De esta manera, el pr\u00edncipe heredero intent\u00f3 defender la necesidad de la industria petrolera de su pa\u00eds. El corresponsal de Bloomberg hab\u00eda cuestionado su magnitud, alegando que en el futuro el trasporte pasar\u00e1 a ser de tracci\u00f3n el\u00e9ctrica. &#8220;Hoy d\u00eda nadie habla de aviones el\u00e9ctricos ni de buques que naveguen los mares gracias a la electricidad&#8221;, contest\u00f3 el pr\u00edncipe heredero.<\/div>\n<div>El pron\u00f3stico del pr\u00edncipe saud\u00ed contrasta con el informe World Oil Outlook 2040 (&#8216;Perspectivas mundiales del petr\u00f3leo 2040&#8217;, en ingl\u00e9s), publicado por la Organizaci\u00f3n de Pa\u00edses Exportadores de Petr\u00f3leo (OPEP), de la cual el reino Saud\u00ed es miembro y la Federaci\u00f3n de Rusia no. Seg\u00fan el documento, los expertos de la OPEP calcularon la producci\u00f3n de Rusia para el a\u00f1o 2019 en 10,3 millones de barriles por d\u00eda (bpd). Para el 2035 esa cifra se ubicar\u00e1 en 10,2 millones de bdp y 10,1 millones de bdp para 2040. La brit\u00e1nica British Petroleum (BP) calcul\u00f3 la producci\u00f3n rusa para 2040 en 13 millones de bpd.<\/div>\n<div>La informaci\u00f3n del pr\u00edncipe no concuerda con las estimaciones de los expertos porque no tom\u00f3 en cuenta un importante factor, se\u00f1al\u00f3 a RBC el investigador principal de la Universidad Financiera (Rusia), Valeri Abr\u00e1mov.<\/div>\n<div>\u00a0 La industria petrolera de Rusia es mucho m\u00e1s viable de lo que creen en Occidente<\/div>\n<div>Si tomamos en cuenta solo los fosos explotados en la actualidad, estos son capaces de abastecer el mercado global de manera interrumpida por los pr\u00f3ximos 20 a\u00f1os, sostuvo el doctor en ciencias econ\u00f3micas. Pero si contamos las reservas encontradas, pero a\u00fan no explotadas, sobre todo las que se esconden en el lecho del oc\u00e9ano \u00c1rtico, no se puede hablar del fin de la producci\u00f3n rusa.<\/div>\n<div>&#8220;Todo debe verse en din\u00e1mica. Cada a\u00f1o las reservas solo crecen y de seguro que no terminar\u00e1n en 20 a\u00f1os (\u2026) La propia Arabia Saud\u00ed no deber\u00eda alardear de su posici\u00f3n en cuanto a reservas. Eso es una cuesti\u00f3n muy discutible&#8221;, advirti\u00f3 Abr\u00e1mov.<\/div>\n<div>Con el doctor concuerda el presidente del Comit\u00e9 de Energ\u00eda de la Duma rusa, \u00cdgor Ananskij, quien calific\u00f3 las declaraciones del heredero saud\u00ed de &#8220;un dulce sue\u00f1o&#8221;.<\/div>\n<div>&#8220;Las reservas [de petr\u00f3leo en Rusia] son suficientes como para permitirle a las compa\u00f1\u00edas invertir dinero en el desarrollo. As\u00ed que no se puede decir nada m\u00e1s, aparte de que [las declaraciones de Mohamed bin Salman Saud] no son nada m\u00e1s que un dulce sue\u00f1o&#8221;, sentenci\u00f3 el diputado.<\/div>\n<div>Foto: Rusia con industria petrolera limitada.\u00a0<\/div>\n<div>+++++++++++++++\u00a0<\/div>\n<div>\u00a0<\/div>\n<div>\u00a0<\/div>\n<div>Breve<\/div>\n<div>1.- Al menos 20 muertos tras accidente<\/div>\n<div>\u00a0 \u00a0 \u00a0de limusina en Nueva York<\/div>\n<div>Nueva York.-Una colisi\u00f3n entre dos veh\u00edculos, entre ellos una limusina que llevaba una fiesta de bodas, provoc\u00f3 la tarde del s\u00e1bado la muerte de 20 personas en una carretera del municipio de Schoharie, en el norte del estado de Nueva York, inform\u00f3 la polic\u00eda de este estado de EU<\/div>\n<div>La limusina implicada llevaba una fiesta de bodas cuando choc\u00f3 con otro veh\u00edculo cerca de una tienda de Apple en un centro comercial de la localidad neoyorquina, a 250 kil\u00f3metros al norte de la ciudad de Nueva York y cerca de Albany.<\/div>\n<div>La tienda public\u00f3 una nota en Facebook en la que asegur\u00f3: &#8220;Como saben, hubo un horrible accidente frente a nuestro negocio. Esperamos que compartan su amor, amistad y abrazos con nosotros&#8221;.<\/div>\n<div>La polic\u00eda del Estado dijo en un comunicado que &#8220;los nombres de las v\u00edctimas no se dar\u00e1n a conocer en este momento, ya que se est\u00e1 notificando a los familiares&#8221;, por lo que no se prev\u00e9 que ofrezca m\u00e1s informaci\u00f3n hasta dentro de unas horas.<\/div>\n<div>Numerosos miembros del personal de la polic\u00eda del Estado de Nueva York, la oficina del\u00a0<\/div>\n<div>Sheriff del Condado de Schoharie, as\u00ed como m\u00faltiples agencias de bomberos y servicios de emergencias m\u00e9dicas respondieron a la escena del suceso, explic\u00f3 en su nota la polic\u00eda estatal.<\/div>\n<div>\u00a0<\/div>\n<div>2.-Al menos 11 muertos y 100 heridos en\u00a0<\/div>\n<div>\u00a0 \u00a0 Hait\u00ed tras terremoto de 5.9 grados<\/div>\n<div>Puerto Principe.-Un terremoto de 5.9 grados de magnitud que se registr\u00f3 el domingo en la madrugada al norte de Port de Paix, al noroeste de Hait\u00ed, caus\u00f3 al menos 11 muertos y m\u00e1s de 100 heridos, seg\u00fan los datos preliminares facilitados por el Secretario de Estado de Comunicaci\u00f3n, Eddy Jackson Alexis.<\/div>\n<div>El epicentro del se\u00edsmo se registr\u00f3 a 20 kil\u00f3metros al norte de Port-de-Paix y a 175 kil\u00f3metros de la capital, Puerto Pr\u00edncipe, a una profundidad de 15,3 kil\u00f3metros, a las 20.11 hora local (00.11 GMT), seg\u00fan inform\u00f3 en su p\u00e1gina web el Servicio Geol\u00f3gico de Estados Unidos (USGS, siglas en ingl\u00e9s).<\/div>\n<div>El movimiento tel\u00farico se sinti\u00f3 en la capital haitiana y en otras ciudades del sur del pa\u00eds. En algunos lugares provoc\u00f3 el p\u00e1nico entre la poblaci\u00f3n.<\/div>\n<div>\u00a0<\/div>\n<div>3.-Confirma Senado de EU a Kavanaugh<\/div>\n<div>\u00a0 \u00a0 \u00a0como magistrado de Corte Suprema<\/div>\n<div>Washington.-El Senado estadunidense confirm\u00f3, en medio de protestas, a Brett Kavanaugh como nuevo magistrado de la Suprema Corte de Justicia, lo que fue visto con un triunfo pol\u00edtico del presidente Donald Trump a un mes de las elecciones legislativas del 6 de noviembre.<\/div>\n<div>Con 51 votos a favor y 48 en contra, Kavanaugh logr\u00f3 superar la oposici\u00f3n de los dem\u00f3cratas, tras un proceso dominado por acusaciones de conducta sexual inapropiada y de que el juez carec\u00eda del temperamento judicial para el m\u00e1s alto tribunal de la naci\u00f3n.<\/div>\n<div>El \u00fanico dem\u00f3crata que vot\u00f3 a favor de Kavanaugh fue el senador Joe Manchin, de Virginia Occidental, mientras que la republicana Lisa Murkowski, de Alaska, vot\u00f3 &#8220;presente&#8221; para compensar la ausencia de un colega, pero expres\u00f3 su rechazo oral al nominado.<\/div>\n<div>La votaci\u00f3n tuvo que ser suspendida temporalmente luego que un pu\u00f1ado de activistas logr\u00f3 colarse a las galer\u00edas y lanzar gritos en rechazo a Kavanaugh. &#8220;Vergonzoso, vergonzoso&#8221;, grito una joven antes de ser desalojada por agentes de la Polic\u00eda del Capitolio.<\/div>\n<\/div>\n<\/div>\n","protected":false},"excerpt":{"rendered":"<p>Mundo\/\/EU y Corea del Norte acuerdan segundo encuentro<br \/>\nPor Carolina Alonso Romei<br \/>\nInternacionalista<\/p>\n","protected":false},"author":2,"featured_media":6341,"comment_status":"open","ping_status":"open","sticky":false,"template":"","format":"standard","meta":{"_monsterinsights_skip_tracking":false,"_monsterinsights_sitenote_active":false,"_monsterinsights_sitenote_note":"","_monsterinsights_sitenote_category":0,"footnotes":""},"categories":[1],"tags":[],"class_list":["post-6342","post","type-post","status-publish","format-standard","has-post-thumbnail","hentry","category-sin-categoria"],"yoast_head":"<!-- This site is optimized with the Yoast SEO plugin v27.3 - https:\/\/yoast.com\/product\/yoast-seo-wordpress\/ -->\n<title>Internacionales\/\/\/Carolina Alonso Romei\/\/\/Mundo\/\/EU y Corea del Norte acuerdan segundo encuentro -<\/title>\n<meta name=\"robots\" content=\"index, follow, max-snippet:-1, max-image-preview:large, max-video-preview:-1\" \/>\n<link rel=\"canonical\" href=\"https:\/\/quehacerpolitico.mx\/?p=6342\" \/>\n<meta property=\"og:locale\" content=\"es_MX\" \/>\n<meta property=\"og:type\" content=\"article\" \/>\n<meta property=\"og:title\" content=\"Internacionales\/\/\/Carolina Alonso Romei\/\/\/Mundo\/\/EU y Corea del Norte acuerdan segundo encuentro -\" \/>\n<meta property=\"og:description\" content=\"Mundo\/\/EU y Corea del Norte acuerdan segundo encuentro Por Carolina Alonso Romei Internacionalista\" \/>\n<meta property=\"og:url\" content=\"https:\/\/quehacerpolitico.mx\/?p=6342\" \/>\n<meta property=\"article:published_time\" content=\"2018-10-08T00:17:55+00:00\" \/>\n<meta name=\"author\" content=\"Redacci\u00f3n QP\" \/>\n<meta name=\"twitter:card\" content=\"summary_large_image\" \/>\n<meta name=\"twitter:label1\" content=\"Escrito por\" \/>\n\t<meta name=\"twitter:data1\" content=\"Redacci\u00f3n QP\" \/>\n\t<meta name=\"twitter:label2\" content=\"Tiempo de lectura\" \/>\n\t<meta name=\"twitter:data2\" content=\"8 minutos\" \/>\n<script type=\"application\/ld+json\" class=\"yoast-schema-graph\">{\"@context\":\"https:\\\/\\\/schema.org\",\"@graph\":[{\"@type\":\"Article\",\"@id\":\"https:\\\/\\\/quehacerpolitico.mx\\\/?p=6342#article\",\"isPartOf\":{\"@id\":\"https:\\\/\\\/quehacerpolitico.mx\\\/?p=6342\"},\"author\":{\"name\":\"Redacci\u00f3n QP\",\"@id\":\"https:\\\/\\\/quehacerpolitico.mx\\\/#\\\/schema\\\/person\\\/496d8ad2d1d3f8036101dca7ee39e585\"},\"headline\":\"Internacionales\\\/\\\/\\\/Carolina Alonso Romei\\\/\\\/\\\/Mundo\\\/\\\/EU y Corea del Norte acuerdan segundo encuentro\",\"datePublished\":\"2018-10-08T00:17:55+00:00\",\"mainEntityOfPage\":{\"@id\":\"https:\\\/\\\/quehacerpolitico.mx\\\/?p=6342\"},\"wordCount\":1611,\"commentCount\":0,\"image\":{\"@id\":\"https:\\\/\\\/quehacerpolitico.mx\\\/?p=6342#primaryimage\"},\"thumbnailUrl\":\"\",\"articleSection\":[\"Internacionales\"],\"inLanguage\":\"es\",\"potentialAction\":[{\"@type\":\"CommentAction\",\"name\":\"Comment\",\"target\":[\"https:\\\/\\\/quehacerpolitico.mx\\\/?p=6342#respond\"]}]},{\"@type\":\"WebPage\",\"@id\":\"https:\\\/\\\/quehacerpolitico.mx\\\/?p=6342\",\"url\":\"https:\\\/\\\/quehacerpolitico.mx\\\/?p=6342\",\"name\":\"Internacionales\\\/\\\/\\\/Carolina Alonso Romei\\\/\\\/\\\/Mundo\\\/\\\/EU y Corea del Norte acuerdan segundo encuentro -\",\"isPartOf\":{\"@id\":\"https:\\\/\\\/quehacerpolitico.mx\\\/#website\"},\"primaryImageOfPage\":{\"@id\":\"https:\\\/\\\/quehacerpolitico.mx\\\/?p=6342#primaryimage\"},\"image\":{\"@id\":\"https:\\\/\\\/quehacerpolitico.mx\\\/?p=6342#primaryimage\"},\"thumbnailUrl\":\"\",\"datePublished\":\"2018-10-08T00:17:55+00:00\",\"author\":{\"@id\":\"https:\\\/\\\/quehacerpolitico.mx\\\/#\\\/schema\\\/person\\\/496d8ad2d1d3f8036101dca7ee39e585\"},\"breadcrumb\":{\"@id\":\"https:\\\/\\\/quehacerpolitico.mx\\\/?p=6342#breadcrumb\"},\"inLanguage\":\"es\",\"potentialAction\":[{\"@type\":\"ReadAction\",\"target\":[\"https:\\\/\\\/quehacerpolitico.mx\\\/?p=6342\"]}]},{\"@type\":\"ImageObject\",\"inLanguage\":\"es\",\"@id\":\"https:\\\/\\\/quehacerpolitico.mx\\\/?p=6342#primaryimage\",\"url\":\"\",\"contentUrl\":\"\"},{\"@type\":\"BreadcrumbList\",\"@id\":\"https:\\\/\\\/quehacerpolitico.mx\\\/?p=6342#breadcrumb\",\"itemListElement\":[{\"@type\":\"ListItem\",\"position\":1,\"name\":\"Inicio\",\"item\":\"https:\\\/\\\/quehacerpolitico.mx\\\/\"},{\"@type\":\"ListItem\",\"position\":2,\"name\":\"Internacionales\\\/\\\/\\\/Carolina Alonso Romei\\\/\\\/\\\/Mundo\\\/\\\/EU y Corea del Norte acuerdan segundo encuentro\"}]},{\"@type\":\"WebSite\",\"@id\":\"https:\\\/\\\/quehacerpolitico.mx\\\/#website\",\"url\":\"https:\\\/\\\/quehacerpolitico.mx\\\/\",\"name\":\"\",\"description\":\"\",\"potentialAction\":[{\"@type\":\"SearchAction\",\"target\":{\"@type\":\"EntryPoint\",\"urlTemplate\":\"https:\\\/\\\/quehacerpolitico.mx\\\/?s={search_term_string}\"},\"query-input\":{\"@type\":\"PropertyValueSpecification\",\"valueRequired\":true,\"valueName\":\"search_term_string\"}}],\"inLanguage\":\"es\"},{\"@type\":\"Person\",\"@id\":\"https:\\\/\\\/quehacerpolitico.mx\\\/#\\\/schema\\\/person\\\/496d8ad2d1d3f8036101dca7ee39e585\",\"name\":\"Redacci\u00f3n QP\",\"image\":{\"@type\":\"ImageObject\",\"inLanguage\":\"es\",\"@id\":\"https:\\\/\\\/secure.gravatar.com\\\/avatar\\\/c7164ed6fdec453195284ad24a5ae5b6e1eed2b848477fa2a4787ba9adf39a41?s=96&d=mm&r=g\",\"url\":\"https:\\\/\\\/secure.gravatar.com\\\/avatar\\\/c7164ed6fdec453195284ad24a5ae5b6e1eed2b848477fa2a4787ba9adf39a41?s=96&d=mm&r=g\",\"contentUrl\":\"https:\\\/\\\/secure.gravatar.com\\\/avatar\\\/c7164ed6fdec453195284ad24a5ae5b6e1eed2b848477fa2a4787ba9adf39a41?s=96&d=mm&r=g\",\"caption\":\"Redacci\u00f3n QP\"},\"url\":\"https:\\\/\\\/quehacerpolitico.mx\\\/?author=2\"}]}<\/script>\n<!-- \/ Yoast SEO plugin. -->","yoast_head_json":{"title":"Internacionales\/\/\/Carolina Alonso Romei\/\/\/Mundo\/\/EU y Corea del Norte acuerdan segundo encuentro -","robots":{"index":"index","follow":"follow","max-snippet":"max-snippet:-1","max-image-preview":"max-image-preview:large","max-video-preview":"max-video-preview:-1"},"canonical":"https:\/\/quehacerpolitico.mx\/?p=6342","og_locale":"es_MX","og_type":"article","og_title":"Internacionales\/\/\/Carolina Alonso Romei\/\/\/Mundo\/\/EU y Corea del Norte acuerdan segundo encuentro -","og_description":"Mundo\/\/EU y Corea del Norte acuerdan segundo encuentro Por Carolina Alonso Romei Internacionalista","og_url":"https:\/\/quehacerpolitico.mx\/?p=6342","article_published_time":"2018-10-08T00:17:55+00:00","author":"Redacci\u00f3n QP","twitter_card":"summary_large_image","twitter_misc":{"Escrito por":"Redacci\u00f3n QP","Tiempo de lectura":"8 minutos"},"schema":{"@context":"https:\/\/schema.org","@graph":[{"@type":"Article","@id":"https:\/\/quehacerpolitico.mx\/?p=6342#article","isPartOf":{"@id":"https:\/\/quehacerpolitico.mx\/?p=6342"},"author":{"name":"Redacci\u00f3n QP","@id":"https:\/\/quehacerpolitico.mx\/#\/schema\/person\/496d8ad2d1d3f8036101dca7ee39e585"},"headline":"Internacionales\/\/\/Carolina Alonso Romei\/\/\/Mundo\/\/EU y Corea del Norte acuerdan segundo encuentro","datePublished":"2018-10-08T00:17:55+00:00","mainEntityOfPage":{"@id":"https:\/\/quehacerpolitico.mx\/?p=6342"},"wordCount":1611,"commentCount":0,"image":{"@id":"https:\/\/quehacerpolitico.mx\/?p=6342#primaryimage"},"thumbnailUrl":"","articleSection":["Internacionales"],"inLanguage":"es","potentialAction":[{"@type":"CommentAction","name":"Comment","target":["https:\/\/quehacerpolitico.mx\/?p=6342#respond"]}]},{"@type":"WebPage","@id":"https:\/\/quehacerpolitico.mx\/?p=6342","url":"https:\/\/quehacerpolitico.mx\/?p=6342","name":"Internacionales\/\/\/Carolina Alonso Romei\/\/\/Mundo\/\/EU y Corea del Norte acuerdan segundo encuentro -","isPartOf":{"@id":"https:\/\/quehacerpolitico.mx\/#website"},"primaryImageOfPage":{"@id":"https:\/\/quehacerpolitico.mx\/?p=6342#primaryimage"},"image":{"@id":"https:\/\/quehacerpolitico.mx\/?p=6342#primaryimage"},"thumbnailUrl":"","datePublished":"2018-10-08T00:17:55+00:00","author":{"@id":"https:\/\/quehacerpolitico.mx\/#\/schema\/person\/496d8ad2d1d3f8036101dca7ee39e585"},"breadcrumb":{"@id":"https:\/\/quehacerpolitico.mx\/?p=6342#breadcrumb"},"inLanguage":"es","potentialAction":[{"@type":"ReadAction","target":["https:\/\/quehacerpolitico.mx\/?p=6342"]}]},{"@type":"ImageObject","inLanguage":"es","@id":"https:\/\/quehacerpolitico.mx\/?p=6342#primaryimage","url":"","contentUrl":""},{"@type":"BreadcrumbList","@id":"https:\/\/quehacerpolitico.mx\/?p=6342#breadcrumb","itemListElement":[{"@type":"ListItem","position":1,"name":"Inicio","item":"https:\/\/quehacerpolitico.mx\/"},{"@type":"ListItem","position":2,"name":"Internacionales\/\/\/Carolina Alonso Romei\/\/\/Mundo\/\/EU y Corea del Norte acuerdan segundo encuentro"}]},{"@type":"WebSite","@id":"https:\/\/quehacerpolitico.mx\/#website","url":"https:\/\/quehacerpolitico.mx\/","name":"","description":"","potentialAction":[{"@type":"SearchAction","target":{"@type":"EntryPoint","urlTemplate":"https:\/\/quehacerpolitico.mx\/?s={search_term_string}"},"query-input":{"@type":"PropertyValueSpecification","valueRequired":true,"valueName":"search_term_string"}}],"inLanguage":"es"},{"@type":"Person","@id":"https:\/\/quehacerpolitico.mx\/#\/schema\/person\/496d8ad2d1d3f8036101dca7ee39e585","name":"Redacci\u00f3n QP","image":{"@type":"ImageObject","inLanguage":"es","@id":"https:\/\/secure.gravatar.com\/avatar\/c7164ed6fdec453195284ad24a5ae5b6e1eed2b848477fa2a4787ba9adf39a41?s=96&d=mm&r=g","url":"https:\/\/secure.gravatar.com\/avatar\/c7164ed6fdec453195284ad24a5ae5b6e1eed2b848477fa2a4787ba9adf39a41?s=96&d=mm&r=g","contentUrl":"https:\/\/secure.gravatar.com\/avatar\/c7164ed6fdec453195284ad24a5ae5b6e1eed2b848477fa2a4787ba9adf39a41?s=96&d=mm&r=g","caption":"Redacci\u00f3n QP"},"url":"https:\/\/quehacerpolitico.mx\/?author=2"}]}},"featured_image_urls":{"full":"","thumbnail":"","medium":"","medium_large":"","large":"","1536x1536":"","2048x2048":"","covernews-featured":"","covernews-medium":""},"author_info":{"display_name":"Redacci\u00f3n QP","author_link":"https:\/\/quehacerpolitico.mx\/?author=2"},"category_info":"<a href=\"https:\/\/quehacerpolitico.mx\/?cat=1\" rel=\"category\">Internacionales<\/a>","tag_info":"Internacionales","comment_count":"0","_links":{"self":[{"href":"https:\/\/quehacerpolitico.mx\/index.php?rest_route=\/wp\/v2\/posts\/6342","targetHints":{"allow":["GET"]}}],"collection":[{"href":"https:\/\/quehacerpolitico.mx\/index.php?rest_route=\/wp\/v2\/posts"}],"about":[{"href":"https:\/\/quehacerpolitico.mx\/index.php?rest_route=\/wp\/v2\/types\/post"}],"author":[{"embeddable":true,"href":"https:\/\/quehacerpolitico.mx\/index.php?rest_route=\/wp\/v2\/users\/2"}],"replies":[{"embeddable":true,"href":"https:\/\/quehacerpolitico.mx\/index.php?rest_route=%2Fwp%2Fv2%2Fcomments&post=6342"}],"version-history":[{"count":0,"href":"https:\/\/quehacerpolitico.mx\/index.php?rest_route=\/wp\/v2\/posts\/6342\/revisions"}],"wp:featuredmedia":[{"embeddable":true,"href":"https:\/\/quehacerpolitico.mx\/index.php?rest_route=\/"}],"wp:attachment":[{"href":"https:\/\/quehacerpolitico.mx\/index.php?rest_route=%2Fwp%2Fv2%2Fmedia&parent=6342"}],"wp:term":[{"taxonomy":"category","embeddable":true,"href":"https:\/\/quehacerpolitico.mx\/index.php?rest_route=%2Fwp%2Fv2%2Fcategories&post=6342"},{"taxonomy":"post_tag","embeddable":true,"href":"https:\/\/quehacerpolitico.mx\/index.php?rest_route=%2Fwp%2Fv2%2Ftags&post=6342"}],"curies":[{"name":"wp","href":"https:\/\/api.w.org\/{rel}","templated":true}]}}