{"id":6328,"date":"2018-10-07T18:01:12","date_gmt":"2018-10-07T18:01:12","guid":{"rendered":"http:\/\/quehacerpolitico.mx\/amlo-respalda-la-idea-de-comprar-a-los-campesinos-de-guerrero-la-produccion-legal-de-amapola\/"},"modified":"2018-10-07T18:01:12","modified_gmt":"2018-10-07T18:01:12","slug":"amlo-respalda-la-idea-de-comprar-a-los-campesinos-de-guerrero-la-produccion-legal-de-amapola","status":"publish","type":"post","link":"https:\/\/quehacerpolitico.mx\/?p=6328","title":{"rendered":"AMLO respalda la idea de comprar a los campesinos de Guerrero la producci\u00f3n legal de amapola"},"content":{"rendered":"<h3>En su gira por Aguascalientes, L\u00f3pez Obrador fue cuestionado por la prensa sobre las recientes declaraciones del titular de la Secretar\u00eda de la Defensa Nacional (Sedena), Salvador Cienfuegos Zepeda, quien el pasado viernes destac\u00f3 que legalizar la amapola podr\u00eda ser una soluci\u00f3n para la violencia que vive M\u00e9xico.<\/h3>\n<p>El Presidente electo, Andr\u00e9s Manuel L\u00f3pez Obrador, dijo que entre las medidas que se analizar\u00e1n para combatir la violencia en M\u00e9xico est\u00e1 la de la legalizaci\u00f3n de las drogas, pero dijo que tambi\u00e9n se buscar\u00e1 hacer m\u00e1s competitivo al campo donde hay siembra de amapola, como Guerrero, para que los campesinos tengan otras opciones.<\/p>\n<p>En su gira por Aguascalientes, L\u00f3pez Obrador fue cuestionado por la prensa sobre las recientes declaraciones del titular de la Secretar\u00eda de la Defensa Nacional (Sedena), Salvador Cienfuegos Zepeda, quien el pasado viernes destac\u00f3 que legalizar la amapola podr\u00eda ser una soluci\u00f3n para la violencia que vive M\u00e9xico.<\/p>\n<blockquote>\n<p>\u201cYa est\u00e1 en la mesa. Creo que puede ser una salida al problema [el de la violencia]. Aqu\u00ed lo \u00fanico que se debe tratar es la seguridad de los campesinos que ya no van a vender a los delincuentes, sino al Gobierno, para hacer la morfina que se usa para atender el dolor en los pacientes\u201d, dijo Cienfuegos.<\/p>\n<p>Hoy, durante un mensaje conjunto con el Gobernador Alejandro Tello, el Presidente electo destac\u00f3 que se analizar\u00e1n todas las propuestas para combatir la violencia y ver cu\u00e1les son las que m\u00e1s convienen.<\/p>\n<blockquote class=\"twitter-tweet\" data-width=\"550\" data-dnt=\"true\">\n<p lang=\"es\" dir=\"ltr\">Hoy tenemos un compromiso compartido y <a href=\"https:\/\/twitter.com\/hashtag\/Zacatecas?src=hash&amp;ref_src=twsrc%5Etfw\">#Zacatecas<\/a> debe ser nuestra prioridad, le estar\u00e9 presentando las principales necesidades y proyectos para los pr\u00f3ximos a\u00f1os al Presidente Electo <a href=\"https:\/\/twitter.com\/lopezobrador_?ref_src=twsrc%5Etfw\">@lopezobrador_<\/a> <a href=\"https:\/\/t.co\/qUmm4gnPmu\">pic.twitter.com\/qUmm4gnPmu<\/a><\/p>\n<p>&mdash; Alejandro Tello (@ATelloC) <a href=\"https:\/\/twitter.com\/ATelloC\/status\/1048961285105373184?ref_src=twsrc%5Etfw\">October 7, 2018<\/a><\/p><\/blockquote>\n<p><script async src=\"https:\/\/platform.twitter.com\/widgets.js\" charset=\"utf-8\"><\/script><\/p>\n<blockquote>\n<p>\u201cNosotros estamos llevando a cabo una consulta en materia de seguridad, se est\u00e1 avanzando se est\u00e1n recogiendo todos los puntos de vista. Hay que analizarlas todas, ver qu\u00e9 es lo m\u00e1s conveniente. Se debe dar un tratamiento integral al problema de la violencia. Esto es combatir la pobreza, que haya empleos, que haya bienestar. Esa debe ser la base, y otras medidas, entre una serie de medidas, es la revisi\u00f3n sobre la legalizaci\u00f3n de las drogas\u201d, dijo.<\/p>\n<p>Detall\u00f3 que en casos como el de Guerrero donde en la monta\u00f1a los campesinos siembran amapola, se buscar\u00e1 que se les pague mejor por sus cosechas de ma\u00edz y as\u00ed ya no tengan que sembrar el otro cultivo.<\/p>\n<blockquote>\n<p>\u201cEn el caso de Guerrero, en la monta\u00f1a, donde se siembra amapola, pues tambi\u00e9n explorar la posibilidad de que se le pague mejor al campesino que siembra ma\u00edz, si en vez de pagarle 3,500 la tonelada, se les paga 10 mil pesos, porque adem\u00e1s se les pide que siembren ma\u00edz criollo, nativo, no transg\u00e9nico, ya tiene otro precio porque nosotros vamos a promover que se consuma ese ma\u00edz, no el transg\u00e9nico\u201d, destac\u00f3.<\/p>\n<p>\u201cGarantizar que se les va a comprar ese ma\u00edz a 10 a 15 pesos el kilo, tambi\u00e9n puede ser atractivo para ya no sembrar amapola\u201d, a\u00f1adi\u00f3.<\/p>\n<div class=\"ad_center ad-in-content\">\u00a0<\/div>\n<\/blockquote>\n<p>Sobre el encuentro con el Gobernador, L\u00f3pez Obrador destac\u00f3 que se llev\u00f3 a cabo en \u201cmuy buenos t\u00e9rminos\u201d y que hay compromiso de trabajar de forma conjunta.<\/p>\n<div id=\"attachment_3481441\" class=\"wp-caption alignnone\"><img loading=\"lazy\" decoding=\"async\" class=\"size-full wp-image-3481441\" src=\"http:\/\/www.sinembargo.mx\/wp-content\/uploads\/2018\/10\/img_20181007_111015.jpg\" sizes=\"auto, (max-width: 700px) 100vw, 700px\" srcset=\"http:\/\/www.sinembargo.mx\/wp-content\/uploads\/2018\/10\/img_20181007_111015.jpg 700w, http:\/\/www.sinembargo.mx\/wp-content\/uploads\/2018\/10\/img_20181007_111015-300x206.jpg 300w\" alt=\"\" width=\"700\" height=\"480\" \/><\/p>\n<p class=\"wp-caption-text\">AMLO durante su mensaje conjunto con Alejandro Tello, Gobernador de Zacatecas. Foto: Cuaroscuro<\/p>\n<\/div>\n<p><strong>GIRA POR ZACATECAS<\/strong><\/p>\n<p>L\u00f3pez Obrador, se se reuni\u00f3 esta ma\u00f1ana con el Gobernador de Zacatecas, Alejandro Tello.<\/p>\n<p>A trav\u00e9s de su cuenta de Twitter, Tello inform\u00f3 que durante el encuentro present\u00f3 a L\u00f3pez Obrador las principales necesidades y proyectos del estado.<\/p>\n<blockquote>\n<p>\u201cHoy tenemos un compromiso compartido y #Zacatecas debe ser nuestra prioridad, le estar\u00e9 presentando las principales necesidades y proyectos para los pr\u00f3ximos a\u00f1os al Presidente Electo @lopezobrador_\u201d, escribi\u00f3.<\/p>\n<\/blockquote>\n<p>Se prev\u00e9 que al finalizar el encuentro, L\u00f3pez Obrador encabece un mitin en Zacatecas y luego, por la tarde, se traslade a Aguascalientes.<\/p>\n<p>El Presidente electo viaj\u00f3 esta domingo a Zacatecas acompa\u00f1ado del coordinador de los Senadores de Morena y ex Gobernador de esa entidad, Ricardo Monreal; as\u00ed como del futuro Secretario de Comunicaciones y Transportes (SCT), Javier Jim\u00e9nez Spri\u00fa.<\/p>\n<p>Antes de su encuentro con el Gobernador Tello, L\u00f3pez Obrador y sus acompa\u00f1antes desayunaron gorditas en el restaurante Las Cazuelas en ese estado, de acuerdo con unas fotograf\u00edas que comparti\u00f3 el Senador Monreal.<\/p>\n<blockquote class=\"twitter-tweet\" data-width=\"550\" data-dnt=\"true\">\n<p lang=\"es\" dir=\"ltr\">Antes del evento de agradecimiento de <a href=\"https:\/\/twitter.com\/hashtag\/AMLO?src=hash&amp;ref_src=twsrc%5Etfw\">#AMLO<\/a>, desayunamos unas ricas gorditas en \u201cLas Cazuelas\u201d, visita que se ha vuelto obligada cada vez que acudimos a <a href=\"https:\/\/twitter.com\/hashtag\/Zacatecas?src=hash&amp;ref_src=twsrc%5Etfw\">#Zacatecas<\/a>. Gracias por sus atenciones, Ramona Ibarra y Juan Jos\u00e9 Mac\u00edas, due\u00f1os del lugar. <a href=\"https:\/\/t.co\/oKo6Qn1Tha\">pic.twitter.com\/oKo6Qn1Tha<\/a><\/p>\n<p>&mdash; Ricardo Monreal A. (@RicardoMonrealA) <a href=\"https:\/\/twitter.com\/RicardoMonrealA\/status\/1048930929555779584?ref_src=twsrc%5Etfw\">October 7, 2018<\/a><\/p><\/blockquote>\n<p><script async src=\"https:\/\/platform.twitter.com\/widgets.js\" charset=\"utf-8\"><\/script><\/p>\n<blockquote class=\"twitter-tweet\" data-width=\"550\" data-dnt=\"true\">\n<p lang=\"es\" dir=\"ltr\">Este domingo, acompa\u00f1amos desde temprano al presidente electo, <a href=\"https:\/\/twitter.com\/hashtag\/AMLO?src=hash&amp;ref_src=twsrc%5Etfw\">#AMLO<\/a> (<a href=\"https:\/\/twitter.com\/lopezobrador_?ref_src=twsrc%5Etfw\">@lopezobrador_<\/a>), en su gira de agradecimiento por los estados de Aguascalientes y Zacatecas. <a href=\"https:\/\/t.co\/iwOS3MUPO2\">pic.twitter.com\/iwOS3MUPO2<\/a><\/p>\n<p>&mdash; Ricardo Monreal A. (@RicardoMonrealA) <a href=\"https:\/\/twitter.com\/RicardoMonrealA\/status\/1048896259128528896?ref_src=twsrc%5Etfw\">October 7, 2018<\/a><\/p><\/blockquote>\n<p><script async src=\"https:\/\/platform.twitter.com\/widgets.js\" charset=\"utf-8\"><\/script><\/p>\n<p>\u00a0<\/p>\n<\/blockquote>\n<\/blockquote>\n","protected":false},"excerpt":{"rendered":"<p>AMLO respalda la idea de comprar a los campesinos de Guerrero la producci\u00f3n legal de amapola<br \/>\nPor Redacci\u00f3n QP<\/p>\n","protected":false},"author":2,"featured_media":6327,"comment_status":"open","ping_status":"open","sticky":false,"template":"","format":"standard","meta":{"_monsterinsights_skip_tracking":false,"_monsterinsights_sitenote_active":false,"_monsterinsights_sitenote_note":"","_monsterinsights_sitenote_category":0,"footnotes":""},"categories":[2],"tags":[],"class_list":["post-6328","post","type-post","status-publish","format-standard","has-post-thumbnail","hentry","category-noticias"],"yoast_head":"<!-- This site is optimized with the Yoast SEO plugin v27.3 - https:\/\/yoast.com\/product\/yoast-seo-wordpress\/ -->\n<title>AMLO respalda la idea de comprar a los campesinos de Guerrero la producci\u00f3n legal de amapola -<\/title>\n<meta name=\"robots\" content=\"index, follow, max-snippet:-1, max-image-preview:large, max-video-preview:-1\" \/>\n<link rel=\"canonical\" href=\"https:\/\/quehacerpolitico.mx\/?p=6328\" \/>\n<meta property=\"og:locale\" content=\"es_MX\" \/>\n<meta property=\"og:type\" content=\"article\" \/>\n<meta property=\"og:title\" content=\"AMLO respalda la idea de comprar a los campesinos de Guerrero la producci\u00f3n legal de amapola -\" \/>\n<meta property=\"og:description\" content=\"AMLO respalda la idea de comprar a los campesinos de Guerrero la producci\u00f3n legal de amapola Por Redacci\u00f3n QP\" \/>\n<meta property=\"og:url\" content=\"https:\/\/quehacerpolitico.mx\/?p=6328\" \/>\n<meta property=\"article:published_time\" content=\"2018-10-07T18:01:12+00:00\" \/>\n<meta name=\"author\" content=\"Redacci\u00f3n QP\" \/>\n<meta name=\"twitter:card\" content=\"summary_large_image\" \/>\n<meta name=\"twitter:label1\" content=\"Escrito por\" \/>\n\t<meta name=\"twitter:data1\" content=\"Redacci\u00f3n QP\" \/>\n\t<meta name=\"twitter:label2\" content=\"Tiempo de lectura\" \/>\n\t<meta name=\"twitter:data2\" content=\"4 minutos\" \/>\n<script type=\"application\/ld+json\" class=\"yoast-schema-graph\">{\"@context\":\"https:\\\/\\\/schema.org\",\"@graph\":[{\"@type\":\"Article\",\"@id\":\"https:\\\/\\\/quehacerpolitico.mx\\\/?p=6328#article\",\"isPartOf\":{\"@id\":\"https:\\\/\\\/quehacerpolitico.mx\\\/?p=6328\"},\"author\":{\"name\":\"Redacci\u00f3n QP\",\"@id\":\"https:\\\/\\\/quehacerpolitico.mx\\\/#\\\/schema\\\/person\\\/496d8ad2d1d3f8036101dca7ee39e585\"},\"headline\":\"AMLO respalda la idea de comprar a los campesinos de Guerrero la producci\u00f3n legal de amapola\",\"datePublished\":\"2018-10-07T18:01:12+00:00\",\"mainEntityOfPage\":{\"@id\":\"https:\\\/\\\/quehacerpolitico.mx\\\/?p=6328\"},\"wordCount\":737,\"commentCount\":0,\"image\":{\"@id\":\"https:\\\/\\\/quehacerpolitico.mx\\\/?p=6328#primaryimage\"},\"thumbnailUrl\":\"\",\"articleSection\":[\"Noticias\"],\"inLanguage\":\"es\",\"potentialAction\":[{\"@type\":\"CommentAction\",\"name\":\"Comment\",\"target\":[\"https:\\\/\\\/quehacerpolitico.mx\\\/?p=6328#respond\"]}]},{\"@type\":\"WebPage\",\"@id\":\"https:\\\/\\\/quehacerpolitico.mx\\\/?p=6328\",\"url\":\"https:\\\/\\\/quehacerpolitico.mx\\\/?p=6328\",\"name\":\"AMLO respalda la idea de comprar a los campesinos de Guerrero la producci\u00f3n legal de amapola -\",\"isPartOf\":{\"@id\":\"https:\\\/\\\/quehacerpolitico.mx\\\/#website\"},\"primaryImageOfPage\":{\"@id\":\"https:\\\/\\\/quehacerpolitico.mx\\\/?p=6328#primaryimage\"},\"image\":{\"@id\":\"https:\\\/\\\/quehacerpolitico.mx\\\/?p=6328#primaryimage\"},\"thumbnailUrl\":\"\",\"datePublished\":\"2018-10-07T18:01:12+00:00\",\"author\":{\"@id\":\"https:\\\/\\\/quehacerpolitico.mx\\\/#\\\/schema\\\/person\\\/496d8ad2d1d3f8036101dca7ee39e585\"},\"breadcrumb\":{\"@id\":\"https:\\\/\\\/quehacerpolitico.mx\\\/?p=6328#breadcrumb\"},\"inLanguage\":\"es\",\"potentialAction\":[{\"@type\":\"ReadAction\",\"target\":[\"https:\\\/\\\/quehacerpolitico.mx\\\/?p=6328\"]}]},{\"@type\":\"ImageObject\",\"inLanguage\":\"es\",\"@id\":\"https:\\\/\\\/quehacerpolitico.mx\\\/?p=6328#primaryimage\",\"url\":\"\",\"contentUrl\":\"\"},{\"@type\":\"BreadcrumbList\",\"@id\":\"https:\\\/\\\/quehacerpolitico.mx\\\/?p=6328#breadcrumb\",\"itemListElement\":[{\"@type\":\"ListItem\",\"position\":1,\"name\":\"Inicio\",\"item\":\"https:\\\/\\\/quehacerpolitico.mx\\\/\"},{\"@type\":\"ListItem\",\"position\":2,\"name\":\"AMLO respalda la idea de comprar a los campesinos de Guerrero la producci\u00f3n legal de amapola\"}]},{\"@type\":\"WebSite\",\"@id\":\"https:\\\/\\\/quehacerpolitico.mx\\\/#website\",\"url\":\"https:\\\/\\\/quehacerpolitico.mx\\\/\",\"name\":\"\",\"description\":\"\",\"potentialAction\":[{\"@type\":\"SearchAction\",\"target\":{\"@type\":\"EntryPoint\",\"urlTemplate\":\"https:\\\/\\\/quehacerpolitico.mx\\\/?s={search_term_string}\"},\"query-input\":{\"@type\":\"PropertyValueSpecification\",\"valueRequired\":true,\"valueName\":\"search_term_string\"}}],\"inLanguage\":\"es\"},{\"@type\":\"Person\",\"@id\":\"https:\\\/\\\/quehacerpolitico.mx\\\/#\\\/schema\\\/person\\\/496d8ad2d1d3f8036101dca7ee39e585\",\"name\":\"Redacci\u00f3n QP\",\"image\":{\"@type\":\"ImageObject\",\"inLanguage\":\"es\",\"@id\":\"https:\\\/\\\/secure.gravatar.com\\\/avatar\\\/c7164ed6fdec453195284ad24a5ae5b6e1eed2b848477fa2a4787ba9adf39a41?s=96&d=mm&r=g\",\"url\":\"https:\\\/\\\/secure.gravatar.com\\\/avatar\\\/c7164ed6fdec453195284ad24a5ae5b6e1eed2b848477fa2a4787ba9adf39a41?s=96&d=mm&r=g\",\"contentUrl\":\"https:\\\/\\\/secure.gravatar.com\\\/avatar\\\/c7164ed6fdec453195284ad24a5ae5b6e1eed2b848477fa2a4787ba9adf39a41?s=96&d=mm&r=g\",\"caption\":\"Redacci\u00f3n QP\"},\"url\":\"https:\\\/\\\/quehacerpolitico.mx\\\/?author=2\"}]}<\/script>\n<!-- \/ Yoast SEO plugin. -->","yoast_head_json":{"title":"AMLO respalda la idea de comprar a los campesinos de Guerrero la producci\u00f3n legal de amapola -","robots":{"index":"index","follow":"follow","max-snippet":"max-snippet:-1","max-image-preview":"max-image-preview:large","max-video-preview":"max-video-preview:-1"},"canonical":"https:\/\/quehacerpolitico.mx\/?p=6328","og_locale":"es_MX","og_type":"article","og_title":"AMLO respalda la idea de comprar a los campesinos de Guerrero la producci\u00f3n legal de amapola -","og_description":"AMLO respalda la idea de comprar a los campesinos de Guerrero la producci\u00f3n legal de amapola Por Redacci\u00f3n QP","og_url":"https:\/\/quehacerpolitico.mx\/?p=6328","article_published_time":"2018-10-07T18:01:12+00:00","author":"Redacci\u00f3n QP","twitter_card":"summary_large_image","twitter_misc":{"Escrito por":"Redacci\u00f3n QP","Tiempo de lectura":"4 minutos"},"schema":{"@context":"https:\/\/schema.org","@graph":[{"@type":"Article","@id":"https:\/\/quehacerpolitico.mx\/?p=6328#article","isPartOf":{"@id":"https:\/\/quehacerpolitico.mx\/?p=6328"},"author":{"name":"Redacci\u00f3n QP","@id":"https:\/\/quehacerpolitico.mx\/#\/schema\/person\/496d8ad2d1d3f8036101dca7ee39e585"},"headline":"AMLO respalda la idea de comprar a los campesinos de Guerrero la producci\u00f3n legal de amapola","datePublished":"2018-10-07T18:01:12+00:00","mainEntityOfPage":{"@id":"https:\/\/quehacerpolitico.mx\/?p=6328"},"wordCount":737,"commentCount":0,"image":{"@id":"https:\/\/quehacerpolitico.mx\/?p=6328#primaryimage"},"thumbnailUrl":"","articleSection":["Noticias"],"inLanguage":"es","potentialAction":[{"@type":"CommentAction","name":"Comment","target":["https:\/\/quehacerpolitico.mx\/?p=6328#respond"]}]},{"@type":"WebPage","@id":"https:\/\/quehacerpolitico.mx\/?p=6328","url":"https:\/\/quehacerpolitico.mx\/?p=6328","name":"AMLO respalda la idea de comprar a los campesinos de Guerrero la producci\u00f3n legal de amapola -","isPartOf":{"@id":"https:\/\/quehacerpolitico.mx\/#website"},"primaryImageOfPage":{"@id":"https:\/\/quehacerpolitico.mx\/?p=6328#primaryimage"},"image":{"@id":"https:\/\/quehacerpolitico.mx\/?p=6328#primaryimage"},"thumbnailUrl":"","datePublished":"2018-10-07T18:01:12+00:00","author":{"@id":"https:\/\/quehacerpolitico.mx\/#\/schema\/person\/496d8ad2d1d3f8036101dca7ee39e585"},"breadcrumb":{"@id":"https:\/\/quehacerpolitico.mx\/?p=6328#breadcrumb"},"inLanguage":"es","potentialAction":[{"@type":"ReadAction","target":["https:\/\/quehacerpolitico.mx\/?p=6328"]}]},{"@type":"ImageObject","inLanguage":"es","@id":"https:\/\/quehacerpolitico.mx\/?p=6328#primaryimage","url":"","contentUrl":""},{"@type":"BreadcrumbList","@id":"https:\/\/quehacerpolitico.mx\/?p=6328#breadcrumb","itemListElement":[{"@type":"ListItem","position":1,"name":"Inicio","item":"https:\/\/quehacerpolitico.mx\/"},{"@type":"ListItem","position":2,"name":"AMLO respalda la idea de comprar a los campesinos de Guerrero la producci\u00f3n legal de amapola"}]},{"@type":"WebSite","@id":"https:\/\/quehacerpolitico.mx\/#website","url":"https:\/\/quehacerpolitico.mx\/","name":"","description":"","potentialAction":[{"@type":"SearchAction","target":{"@type":"EntryPoint","urlTemplate":"https:\/\/quehacerpolitico.mx\/?s={search_term_string}"},"query-input":{"@type":"PropertyValueSpecification","valueRequired":true,"valueName":"search_term_string"}}],"inLanguage":"es"},{"@type":"Person","@id":"https:\/\/quehacerpolitico.mx\/#\/schema\/person\/496d8ad2d1d3f8036101dca7ee39e585","name":"Redacci\u00f3n QP","image":{"@type":"ImageObject","inLanguage":"es","@id":"https:\/\/secure.gravatar.com\/avatar\/c7164ed6fdec453195284ad24a5ae5b6e1eed2b848477fa2a4787ba9adf39a41?s=96&d=mm&r=g","url":"https:\/\/secure.gravatar.com\/avatar\/c7164ed6fdec453195284ad24a5ae5b6e1eed2b848477fa2a4787ba9adf39a41?s=96&d=mm&r=g","contentUrl":"https:\/\/secure.gravatar.com\/avatar\/c7164ed6fdec453195284ad24a5ae5b6e1eed2b848477fa2a4787ba9adf39a41?s=96&d=mm&r=g","caption":"Redacci\u00f3n QP"},"url":"https:\/\/quehacerpolitico.mx\/?author=2"}]}},"featured_image_urls":{"full":"","thumbnail":"","medium":"","medium_large":"","large":"","1536x1536":"","2048x2048":"","covernews-featured":"","covernews-medium":""},"author_info":{"display_name":"Redacci\u00f3n QP","author_link":"https:\/\/quehacerpolitico.mx\/?author=2"},"category_info":"<a href=\"https:\/\/quehacerpolitico.mx\/?cat=2\" rel=\"category\">Noticias<\/a>","tag_info":"Noticias","comment_count":"0","_links":{"self":[{"href":"https:\/\/quehacerpolitico.mx\/index.php?rest_route=\/wp\/v2\/posts\/6328","targetHints":{"allow":["GET"]}}],"collection":[{"href":"https:\/\/quehacerpolitico.mx\/index.php?rest_route=\/wp\/v2\/posts"}],"about":[{"href":"https:\/\/quehacerpolitico.mx\/index.php?rest_route=\/wp\/v2\/types\/post"}],"author":[{"embeddable":true,"href":"https:\/\/quehacerpolitico.mx\/index.php?rest_route=\/wp\/v2\/users\/2"}],"replies":[{"embeddable":true,"href":"https:\/\/quehacerpolitico.mx\/index.php?rest_route=%2Fwp%2Fv2%2Fcomments&post=6328"}],"version-history":[{"count":0,"href":"https:\/\/quehacerpolitico.mx\/index.php?rest_route=\/wp\/v2\/posts\/6328\/revisions"}],"wp:featuredmedia":[{"embeddable":true,"href":"https:\/\/quehacerpolitico.mx\/index.php?rest_route=\/"}],"wp:attachment":[{"href":"https:\/\/quehacerpolitico.mx\/index.php?rest_route=%2Fwp%2Fv2%2Fmedia&parent=6328"}],"wp:term":[{"taxonomy":"category","embeddable":true,"href":"https:\/\/quehacerpolitico.mx\/index.php?rest_route=%2Fwp%2Fv2%2Fcategories&post=6328"},{"taxonomy":"post_tag","embeddable":true,"href":"https:\/\/quehacerpolitico.mx\/index.php?rest_route=%2Fwp%2Fv2%2Ftags&post=6328"}],"curies":[{"name":"wp","href":"https:\/\/api.w.org\/{rel}","templated":true}]}}